{"id":14498,"date":"2024-07-19T19:46:03","date_gmt":"2024-07-19T22:46:03","guid":{"rendered":"https:\/\/animangeek.com\/jaime-lee-curtis-nao-participara-da-segunda-temporada-de-one-piece-live-action-como-doutora-kureha\/"},"modified":"2024-07-19T19:46:03","modified_gmt":"2024-07-19T22:46:03","slug":"jaime-lee-curtis-nao-participara-da-segunda-temporada-de-one-piece-live-action-como-doutora-kureha","status":"publish","type":"post","link":"https:\/\/animangeek.com\/ar\/jaime-lee-curtis-nao-participara-da-segunda-temporada-de-one-piece-live-action-como-doutora-kureha\/","title":{"rendered":"\u0644\u0646 \u064a\u0638\u0647\u0631 \u062c\u064a\u0645\u064a \u0644\u064a \u0643\u0648\u0631\u062a\u064a\u0633 \u0641\u064a \u0627\u0644\u0645\u0648\u0633\u0645 \u0627\u0644\u062b\u0627\u0646\u064a \u0645\u0646 \u0645\u0633\u0644\u0633\u0644 One Piece Live-Action \u0628\u062f\u0648\u0631 \u0627\u0644\u062f\u0643\u062a\u0648\u0631 \u0643\u0648\u0631\u064a\u0647\u0627."},"content":{"rendered":"<div class=\"mx-5 sm:mx-0 prose text-left mb-5\"><\/p>\n<div data-postid=\"85719\">\n<p>\u0641\u064a \u0645\u0642\u0627\u0628\u0644\u0629 \u0623\u062c\u0631\u064a\u062a \u0645\u0624\u062e\u0631\u064b\u0627 \u0645\u0639 Deadline\u060c \u0623\u0643\u062f \u0627\u0644\u0631\u0626\u064a\u0633 \u0627\u0644\u062a\u0646\u0641\u064a\u0630\u064a \u0644\u0634\u0631\u0643\u0629 Tomorrow Studios\u060c \u0645\u0627\u0631\u062a\u064a \u0623\u062f\u0644\u0634\u062a\u0627\u064a\u0646\u060c \u0648\u0631\u0626\u064a\u0633\u0629 \u0627\u0644\u0634\u0631\u0643\u0629\u060c \u0628\u064a\u0643\u064a \u0643\u0644\u064a\u0645\u0646\u062a\u0633\u060c \u0623\u0646 \u062c\u064a\u0645\u064a \u0644\u064a \u0643\u0648\u0631\u062a\u064a\u0633 \u0644\u0646 \u064a\u0646\u0636\u0645 \u0625\u0644\u0649 \u0641\u0631\u064a\u0642 \u0639\u0645\u0644 \u0627\u0644\u0645\u0633\u0644\u0633\u0644.<strong><em>  \u0648\u0646 \u0628\u064a\u0633 \u0644\u0627\u064a\u0641 \u0623\u0643\u0634\u0646<\/em><\/strong>  \u0627\u0644\u0645\u0648\u0633\u0645 \u0627\u0644\u062b\u0627\u0646\u064a.<\/p>\n<p>\u0648\u0639\u0644\u0649 \u0627\u0644\u0631\u063a\u0645 \u0645\u0646 \u0627\u0647\u062a\u0645\u0627\u0645 \u062c\u064a\u0645\u064a \u0627\u0644\u0642\u0648\u064a \u0628\u062a\u0648\u0644\u064a \u062f\u0648\u0631 \u0627\u0644\u062f\u0643\u062a\u0648\u0631\u0629 \u0643\u0648\u0631\u064a\u0647\u0627 \u0648\u062d\u0645\u0627\u0633 \u0627\u0644\u0645\u0639\u062c\u0628\u064a\u0646\u060c \u0625\u0644\u0627 \u0623\u0646 \u062a\u0639\u0627\u0631\u0636\u0627\u062a \u0627\u0644\u062c\u062f\u0648\u0644 \u0627\u0644\u0632\u0645\u0646\u064a \u0645\u0646\u0639\u062a\u0647\u0627 \u0645\u0646 \u0627\u0644\u0627\u0646\u0636\u0645\u0627\u0645 \u0625\u0644\u0649 \u0627\u0644\u0645\u0633\u0644\u0633\u0644.<\/p>\n<p>&quot;<em>\u0625\u0646\u0647\u0627 \u062a\u062d\u0628 \u0627\u0644\u0639\u0631\u0636<\/em>&quot;\u0642\u0627\u0644 \u0643\u0644\u064a\u0645\u0646\u062a\u0633.&quot;<em>\u0644\u062f\u064a\u0647\u0627 \u0627\u0644\u0639\u062f\u064a\u062f \u0645\u0646 \u0627\u0644\u0623\u0641\u0644\u0627\u0645 \u0648\u0627\u0644\u0645\u0633\u0644\u0633\u0644\u0627\u062a \u0627\u0644\u062a\u0644\u0641\u0632\u064a\u0648\u0646\u064a\u0629 \u0642\u064a\u062f \u0627\u0644\u0625\u0646\u062a\u0627\u062c\u060c \u0644\u0630\u0627 \u0644\u0646 \u062a\u0643\u0648\u0646 \u0645\u0648\u0627\u0639\u064a\u062f \u0627\u0644\u0625\u0646\u062a\u0627\u062c \u0645\u0646\u0627\u0633\u0628\u0629. \u0643\u0627\u0646\u062a \u062a\u0631\u063a\u0628 \u0641\u064a \u0630\u0644\u0643 \u0628\u0627\u0644\u062a\u0623\u0643\u064a\u062f\u060c \u0644\u0643\u0646 \u0644\u062f\u064a\u0647\u0627 \u0627\u062a\u0641\u0627\u0642\u064a\u0627\u062a \u062c\u0627\u0647\u0632\u0629\u060c \u0648\u0623\u0635\u0628\u062d \u0627\u0644\u0623\u0645\u0631 \u0645\u0639\u0642\u062f\u064b\u0627.<\/em>&quot;<\/p>\n<p>\u0648\u0645\u0639 \u0630\u0644\u0643\u060c \u0623\u0643\u062f \u0641\u0631\u064a\u0642 \u0627\u0644\u0625\u0646\u062a\u0627\u062c \u0644\u0644\u0645\u0639\u062c\u0628\u064a\u0646 \u0623\u0646 \u062f\u0648\u0631 \u0643\u0648\u0631\u064a\u0647\u0627 \u0633\u0648\u0641 \u064a\u0638\u0644 \u062d\u064a\u064b\u0627 \u0641\u064a \u0627\u0644\u0645\u0648\u0633\u0645 \u0627\u0644\u062b\u0627\u0646\u064a \u0648\u0623\u0646\u0647\u0645 \u0648\u062c\u062f\u0648\u0627 \u0628\u062f\u064a\u0644\u0627\u064b \u0645\u0646\u0627\u0633\u0628\u064b\u0627.<\/p>\n<p>&quot;<em>\u0644\u0642\u062f \u0648\u062c\u062f\u0646\u0627 \u0634\u062e\u0635\u064b\u0627 \u0631\u0627\u0626\u0639\u064b\u0627<\/em>\u0648\u0643\u0634\u0641 \u0643\u0644\u064a\u0645\u0646\u062a\u0633\u060c \u0631\u063a\u0645 \u0623\u0646\u0647 \u0644\u0645 \u064a\u0643\u0634\u0641 \u0639\u0646 \u0647\u0648\u064a\u0629 \u0627\u0644\u0634\u062e\u0635 \u0627\u0644\u0630\u064a \u0633\u064a\u062a\u0648\u0644\u0649 \u0627\u0644\u062f\u0648\u0631.<\/p>\n<p> <strong><em>\u0642\u0637\u0639\u0629 \u0648\u0627\u062d\u062f\u0629<\/em><\/strong> \u0648\u0645\u0646 \u0627\u0644\u0645\u0642\u0631\u0631 \u0623\u0646 \u064a\u0628\u062f\u0623 \u0639\u0631\u0636 \u0627\u0644\u0645\u0648\u0633\u0645 \u0627\u0644\u062b\u0627\u0646\u064a \u0645\u0646 \u0627\u0644\u0645\u0633\u0644\u0633\u0644 \u0641\u064a \u0639\u0627\u0645 2025\u060c \u0645\u0639 \u0627\u0646\u0636\u0645\u0627\u0645 \u062c\u0648 \u062a\u0631\u0627\u062a\u0634 \u0643\u0643\u0627\u062a\u0628 \u062c\u062f\u064a\u062f \u0648\u0645\u0646\u062a\u062c \u062a\u0646\u0641\u064a\u0630\u064a \u0648\u0645\u062f\u064a\u0631 \u0645\u0634\u0627\u0631\u0643 \u0644\u0644\u0639\u0631\u0636 \u0625\u0644\u0649 \u062c\u0627\u0646\u0628 \u0645\u0627\u062a \u0623\u0648\u064a\u0646\u0632.<\/p>\n<p> \u062a\u0634\u0645\u0644 \u0642\u0627\u0626\u0645\u0629 \u0627\u0644\u0645\u0645\u062b\u0644\u064a\u0646 \u0627\u0644\u0630\u064a\u0646 \u0633\u064a\u0646\u0636\u0645\u0648\u0646 \u0625\u0644\u0649 \u0627\u0644\u0645\u0648\u0633\u0645 \u0627\u0644\u062b\u0627\u0646\u064a:<\/p>\n<ul class=\"wp-block-list\">\n<li>\u062f\u064a\u0641\u064a\u062f \u062f\u0627\u0633\u062a\u0645\u0627\u0644\u0634\u064a\u0627\u0646 \u0641\u064a \u062f\u0648\u0631 \u0627\u0644\u0633\u064a\u062f 3<\/li>\n<li>\u062c\u0627\u0632\u0627\u0631\u0627 \u062c\u0627\u0633\u0644\u064a\u0646 \u0641\u064a \u062f\u0648\u0631 \u0627\u0644\u0622\u0646\u0633\u0629 \u0641\u0627\u0644\u0646\u062a\u0627\u064a\u0646<\/li>\n<li>\u0643\u0627\u0645\u0631\u0648\u0633 \u062c\u0648\u0646\u0633\u0648\u0646 \u0641\u064a \u062f\u0648\u0631 \u0627\u0644\u0633\u064a\u062f 5<\/li>\n<li>\u062f\u0627\u0646\u064a\u0627\u0644 \u0644\u0627\u0633\u0643\u0631 \u0641\u064a \u062f\u0648\u0631 \u0627\u0644\u0633\u064a\u062f 9<\/li>\n<li>\u0643\u0644\u0627\u064a\u0641 \u0631\u0627\u0633\u0644 \u0641\u064a \u062f\u0648\u0631 \u0643\u0631\u0648\u0643\u0648\u0633<\/li>\n<li>\u0641\u064a\u0631\u0646\u0631 \u0643\u0648\u062a\u0633\u0631 \u0641\u064a \u062f\u0648\u0631 \u062f\u0648\u0631\u064a<\/li>\n<li>\u0628\u0631\u064a\u0646\u062f\u0627\u0646 \u0645\u0648\u0631\u0627\u064a \u0641\u064a \u062f\u0648\u0631 \u0628\u0631\u0648\u062c\u064a<\/li>\n<li>\u0643\u0627\u0644\u0648\u0645 \u0643\u064a\u0631 \u0641\u064a \u062f\u0648\u0631 \u0633\u0645\u0648\u0643\u0631<\/li>\n<li>\u062c\u0648\u0644\u064a\u0627 \u0631\u064a\u0647\u0648\u0627\u0644\u062f \u0641\u064a \u062f\u0648\u0631 \u062a\u0627\u0634\u064a\u063a\u064a<\/li>\n<li>\u0631\u0648\u0628 \u0643\u0648\u0644\u064a\u062a\u064a \u0641\u064a \u062f\u0648\u0631 \u0648\u0627\u0628\u0648\u0644<\/li>\n<li>\u062a\u0627\u064a \u0643\u064a\u0648 \u0641\u064a \u062f\u0648\u0631 \u062f\u0627\u0644\u062a\u0648\u0646<\/li>\n<\/ul>\n<p>\u0627\u0644\u0645\u0648\u0633\u0645 \u0627\u0644\u0623\u0648\u0644 \u0645\u0646 <strong><em>\u0648\u0646 \u0628\u064a\u0633: \u0627\u0644\u062d\u0631\u0643\u0629 \u0627\u0644\u062d\u064a\u0629<\/em><\/strong>  \u062a\u0645 \u0639\u0631\u0636 \u0627\u0644\u0646\u0633\u062e\u0629 \u0627\u0644\u0623\u0648\u0644\u0649 \u0645\u0646 \u0627\u0644\u0645\u0633\u0644\u0633\u0644 \u0639\u0644\u0649 Netflix \u0641\u064a 31 \u0623\u063a\u0633\u0637\u0633 2023.<\/p>\n<p>\u062a\u0628\u062b Netflix \u0627\u0644\u0645\u0633\u0644\u0633\u0644 \u062d\u0635\u0631\u064a\u064b\u0627\u060c \u0648\u0627\u0644\u0630\u064a \u0623\u0646\u062a\u062c\u062a\u0647 Tomorrow Studios\u060c \u0648\u0647\u064a \u0634\u0631\u0627\u0643\u0629 \u0628\u064a\u0646 \u0627\u0644\u0645\u0646\u062a\u062c Marty Adelstein \u0648ITV Studios.<\/p>\n<p>\u0643\u0627\u0646 \u0627\u0644\u0645\u0648\u0633\u0645 \u0627\u0644\u0623\u0648\u0644 \u0645\u0646 \u0627\u0644\u0645\u0633\u0644\u0633\u0644 \u0647\u0648 \u0627\u0644\u0639\u0646\u0648\u0627\u0646 \u0627\u0644\u0623\u0643\u062b\u0631 \u0645\u0634\u0627\u0647\u062f\u0629 \u0639\u0644\u0649 Netflix \u0641\u064a \u0627\u0644\u0646\u0635\u0641 \u0627\u0644\u062b\u0627\u0646\u064a \u0645\u0646 \u0639\u0627\u0645 2023.<\/p>\n<p>\u0645\u0635\u062f\u0631: <a rel=\"nofollow noopener\" target=\"_blank\" href=\"https:\/\/deadline.com\/2024\/07\/marty-adelstein-becky-clements-snowpiercer-one-piece-season-2-1236008903\/\">\u0645\u0648\u0639\u062f \u0627\u0644\u062a\u0633\u0644\u064a\u0645<\/a><\/p>\n<\/p><\/div>\n<p><\/div>","protected":false},"excerpt":{"rendered":"<p>\u0641\u064a \u0645\u0642\u0627\u0628\u0644\u0629 \u062d\u062f\u064a\u062b\u0629 \u0645\u0639 Deadline\u060c \u0623\u0643\u062f \u0627\u0644\u0631\u0626\u064a\u0633 \u0627\u0644\u062a\u0646\u0641\u064a\u0630\u064a \u0644\u0634\u0631\u0643\u0629 Tomorrow Studios\u060c \u0645\u0627\u0631\u062a\u064a \u0623\u062f\u0644\u0634\u062a\u0627\u064a\u0646\u060c \u0648\u0631\u0626\u064a\u0633\u0629 \u0627\u0644\u0634\u0631\u0643\u0629\u060c \u0628\u064a\u0643\u064a \u0643\u0644\u064a\u0645\u0646\u062a\u0633\u060c \u0623\u0646 \u062c\u064a\u0645\u064a \u0644\u064a \u0643\u0648\u0631\u062a\u064a\u0633 \u0644\u0646 \u064a\u0646\u0636\u0645 \u0625\u0644\u0649 \u0637\u0627\u0642\u0645 \u0639\u0645\u0644 \u0627\u0644\u0645\u0648\u0633\u0645 \u0627\u0644\u062b\u0627\u0646\u064a \u0645\u0646 \u0645\u0633\u0644\u0633\u0644 One Piece Live Action. \u0648\u0631\u063a\u0645 \u0627\u0647\u062a\u0645\u0627\u0645 \u062c\u064a\u0645\u064a \u0627\u0644\u0643\u0628\u064a\u0631 \u0628\u062f\u0648\u0631 \u0627\u0644\u062f\u0643\u062a\u0648\u0631 \u0643\u0648\u0631\u064a\u0647\u0627 \u0648\u062d\u0645\u0627\u0633 \u0627\u0644\u0645\u0639\u062c\u0628\u064a\u0646\u060c \u0625\u0644\u0627 \u0623\u0646 \u0635\u0631\u0627\u0639\u0627\u062a... <a class=\"more-link\" href=\"https:\/\/animangeek.com\/ar\/jaime-lee-curtis-nao-participara-da-segunda-temporada-de-one-piece-live-action-como-doutora-kureha\/\">\u062a\u0627\u0628\u0639 \u0627\u0644\u0642\u0631\u0627\u0621\u0629 <span class=\"screen-reader-text\">\u0644\u0646 \u064a\u0638\u0647\u0631 \u062c\u064a\u0645\u064a \u0644\u064a \u0643\u0648\u0631\u062a\u064a\u0633 \u0641\u064a \u0627\u0644\u0645\u0648\u0633\u0645 \u0627\u0644\u062b\u0627\u0646\u064a \u0645\u0646 \u0645\u0633\u0644\u0633\u0644 One Piece Live-Action \u0628\u062f\u0648\u0631 \u0627\u0644\u062f\u0643\u062a\u0648\u0631 \u0643\u0648\u0631\u064a\u0647\u0627.<\/span><\/a><\/p>","protected":false},"author":0,"featured_media":14499,"comment_status":"open","ping_status":"open","sticky":false,"template":"","format":"standard","meta":{"footnotes":""},"categories":[3],"tags":[],"yoast_head":"<!-- This site is optimized with the Yoast SEO plugin v23.3 - https:\/\/yoast.com\/wordpress\/plugins\/seo\/ -->\n<title>Jaime Lee Curtis n\u00e3o participar\u00e1 da segunda temporada de One Piece Live-Action como Doutora Kureha - Animan Geek<\/title>\n<meta name=\"robots\" content=\"index, follow, max-snippet:-1, max-image-preview:large, max-video-preview:-1\" \/>\n<link rel=\"canonical\" href=\"https:\/\/animangeek.com\/ar\/jaime-lee-curtis-nao-participara-da-segunda-temporada-de-one-piece-live-action-como-doutora-kureha\/\" \/>\n<meta property=\"og:locale\" content=\"ar_AR\" \/>\n<meta property=\"og:type\" content=\"article\" \/>\n<meta property=\"og:title\" content=\"Jaime Lee Curtis n\u00e3o participar\u00e1 da segunda temporada de One Piece Live-Action como Doutora Kureha - Animan Geek\" \/>\n<meta property=\"og:description\" content=\"Em uma entrevista recente ao Deadline, Marty Adelstein, CEO da Tomorrow Studios, e Becky Clements, presidente da empresa, confirmaram que Jamie Lee Curtis n\u00e3o se juntar\u00e1 ao elenco de One Piece Live Action Temporada 2. Apesar do grande interesse de Jamie em assumir o papel da Doutora Kureha e da empolga\u00e7\u00e3o dos f\u00e3s, conflitos de&hellip; Continue reading Jaime Lee Curtis n\u00e3o participar\u00e1 da segunda temporada de One Piece Live-Action como Doutora Kureha\" \/>\n<meta property=\"og:url\" content=\"https:\/\/animangeek.com\/ar\/jaime-lee-curtis-nao-participara-da-segunda-temporada-de-one-piece-live-action-como-doutora-kureha\/\" \/>\n<meta property=\"og:site_name\" content=\"Animan Geek\" \/>\n<meta property=\"article:published_time\" content=\"2024-07-19T22:46:03+00:00\" \/>\n<meta property=\"og:image\" content=\"https:\/\/animangeek.com\/wp-content\/uploads\/sites\/106\/2024\/07\/Jaime-Lee-Curtis-nao-participara-da-segunda-temporada-de-One.jpg\" \/>\n\t<meta property=\"og:image:width\" content=\"980\" \/>\n\t<meta property=\"og:image:height\" content=\"550\" \/>\n\t<meta property=\"og:image:type\" content=\"image\/jpeg\" \/>\n<meta name=\"twitter:card\" content=\"summary_large_image\" \/>\n<meta name=\"twitter:label1\" content=\"Est. reading time\" \/>\n\t<meta name=\"twitter:data1\" content=\"\u062f\u0642\u064a\u0642\u062a\u0627\u0646\" \/>\n<script type=\"application\/ld+json\" class=\"yoast-schema-graph\">{\"@context\":\"https:\/\/schema.org\",\"@graph\":[{\"@type\":\"WebPage\",\"@id\":\"https:\/\/animangeek.com\/jaime-lee-curtis-nao-participara-da-segunda-temporada-de-one-piece-live-action-como-doutora-kureha\/\",\"url\":\"https:\/\/animangeek.com\/jaime-lee-curtis-nao-participara-da-segunda-temporada-de-one-piece-live-action-como-doutora-kureha\/\",\"name\":\"Jaime Lee Curtis n\u00e3o participar\u00e1 da segunda temporada de One Piece Live-Action como Doutora Kureha - Animan Geek\",\"isPartOf\":{\"@id\":\"https:\/\/animangeek.com\/#website\"},\"primaryImageOfPage\":{\"@id\":\"https:\/\/animangeek.com\/jaime-lee-curtis-nao-participara-da-segunda-temporada-de-one-piece-live-action-como-doutora-kureha\/#primaryimage\"},\"image\":{\"@id\":\"https:\/\/animangeek.com\/jaime-lee-curtis-nao-participara-da-segunda-temporada-de-one-piece-live-action-como-doutora-kureha\/#primaryimage\"},\"thumbnailUrl\":\"https:\/\/animangeek.com\/wp-content\/uploads\/sites\/106\/2024\/07\/Jaime-Lee-Curtis-nao-participara-da-segunda-temporada-de-One.jpg\",\"datePublished\":\"2024-07-19T22:46:03+00:00\",\"dateModified\":\"2024-07-19T22:46:03+00:00\",\"author\":{\"@id\":\"\"},\"breadcrumb\":{\"@id\":\"https:\/\/animangeek.com\/jaime-lee-curtis-nao-participara-da-segunda-temporada-de-one-piece-live-action-como-doutora-kureha\/#breadcrumb\"},\"inLanguage\":\"ar\",\"potentialAction\":[{\"@type\":\"ReadAction\",\"target\":[\"https:\/\/animangeek.com\/jaime-lee-curtis-nao-participara-da-segunda-temporada-de-one-piece-live-action-como-doutora-kureha\/\"]}]},{\"@type\":\"ImageObject\",\"inLanguage\":\"ar\",\"@id\":\"https:\/\/animangeek.com\/jaime-lee-curtis-nao-participara-da-segunda-temporada-de-one-piece-live-action-como-doutora-kureha\/#primaryimage\",\"url\":\"https:\/\/animangeek.com\/wp-content\/uploads\/sites\/106\/2024\/07\/Jaime-Lee-Curtis-nao-participara-da-segunda-temporada-de-One.jpg\",\"contentUrl\":\"https:\/\/animangeek.com\/wp-content\/uploads\/sites\/106\/2024\/07\/Jaime-Lee-Curtis-nao-participara-da-segunda-temporada-de-One.jpg\",\"width\":980,\"height\":550},{\"@type\":\"BreadcrumbList\",\"@id\":\"https:\/\/animangeek.com\/jaime-lee-curtis-nao-participara-da-segunda-temporada-de-one-piece-live-action-como-doutora-kureha\/#breadcrumb\",\"itemListElement\":[{\"@type\":\"ListItem\",\"position\":1,\"name\":\"Home\",\"item\":\"https:\/\/animangeek.com\/\"},{\"@type\":\"ListItem\",\"position\":2,\"name\":\"Jaime Lee Curtis n\u00e3o participar\u00e1 da segunda temporada de One Piece Live-Action como Doutora Kureha\"}]},{\"@type\":\"WebSite\",\"@id\":\"https:\/\/animangeek.com\/#website\",\"url\":\"https:\/\/animangeek.com\/\",\"name\":\"Animan Geek\",\"description\":\"\",\"potentialAction\":[{\"@type\":\"SearchAction\",\"target\":{\"@type\":\"EntryPoint\",\"urlTemplate\":\"https:\/\/animangeek.com\/?s={search_term_string}\"},\"query-input\":\"required name=search_term_string\"}],\"inLanguage\":\"ar\"}]}<\/script>\n<!-- \/ Yoast SEO plugin. -->","yoast_head_json":{"title":"Jaime Lee Curtis n\u00e3o participar\u00e1 da segunda temporada de One Piece Live-Action como Doutora Kureha - Animan Geek","robots":{"index":"index","follow":"follow","max-snippet":"max-snippet:-1","max-image-preview":"max-image-preview:large","max-video-preview":"max-video-preview:-1"},"canonical":"https:\/\/animangeek.com\/ar\/jaime-lee-curtis-nao-participara-da-segunda-temporada-de-one-piece-live-action-como-doutora-kureha\/","og_locale":"ar_AR","og_type":"article","og_title":"Jaime Lee Curtis n\u00e3o participar\u00e1 da segunda temporada de One Piece Live-Action como Doutora Kureha - Animan Geek","og_description":"Em uma entrevista recente ao Deadline, Marty Adelstein, CEO da Tomorrow Studios, e Becky Clements, presidente da empresa, confirmaram que Jamie Lee Curtis n\u00e3o se juntar\u00e1 ao elenco de One Piece Live Action Temporada 2. Apesar do grande interesse de Jamie em assumir o papel da Doutora Kureha e da empolga\u00e7\u00e3o dos f\u00e3s, conflitos de&hellip; Continue reading Jaime Lee Curtis n\u00e3o participar\u00e1 da segunda temporada de One Piece Live-Action como Doutora Kureha","og_url":"https:\/\/animangeek.com\/ar\/jaime-lee-curtis-nao-participara-da-segunda-temporada-de-one-piece-live-action-como-doutora-kureha\/","og_site_name":"Animan Geek","article_published_time":"2024-07-19T22:46:03+00:00","og_image":[{"width":980,"height":550,"url":"https:\/\/animangeek.com\/wp-content\/uploads\/sites\/106\/2024\/07\/Jaime-Lee-Curtis-nao-participara-da-segunda-temporada-de-One.jpg","type":"image\/jpeg"}],"twitter_card":"summary_large_image","twitter_misc":{"Est. reading time":"\u062f\u0642\u064a\u0642\u062a\u0627\u0646"},"schema":{"@context":"https:\/\/schema.org","@graph":[{"@type":"WebPage","@id":"https:\/\/animangeek.com\/jaime-lee-curtis-nao-participara-da-segunda-temporada-de-one-piece-live-action-como-doutora-kureha\/","url":"https:\/\/animangeek.com\/jaime-lee-curtis-nao-participara-da-segunda-temporada-de-one-piece-live-action-como-doutora-kureha\/","name":"Jaime Lee Curtis n\u00e3o participar\u00e1 da segunda temporada de One Piece Live-Action como Doutora Kureha - Animan Geek","isPartOf":{"@id":"https:\/\/animangeek.com\/#website"},"primaryImageOfPage":{"@id":"https:\/\/animangeek.com\/jaime-lee-curtis-nao-participara-da-segunda-temporada-de-one-piece-live-action-como-doutora-kureha\/#primaryimage"},"image":{"@id":"https:\/\/animangeek.com\/jaime-lee-curtis-nao-participara-da-segunda-temporada-de-one-piece-live-action-como-doutora-kureha\/#primaryimage"},"thumbnailUrl":"https:\/\/animangeek.com\/wp-content\/uploads\/sites\/106\/2024\/07\/Jaime-Lee-Curtis-nao-participara-da-segunda-temporada-de-One.jpg","datePublished":"2024-07-19T22:46:03+00:00","dateModified":"2024-07-19T22:46:03+00:00","author":{"@id":""},"breadcrumb":{"@id":"https:\/\/animangeek.com\/jaime-lee-curtis-nao-participara-da-segunda-temporada-de-one-piece-live-action-como-doutora-kureha\/#breadcrumb"},"inLanguage":"ar","potentialAction":[{"@type":"ReadAction","target":["https:\/\/animangeek.com\/jaime-lee-curtis-nao-participara-da-segunda-temporada-de-one-piece-live-action-como-doutora-kureha\/"]}]},{"@type":"ImageObject","inLanguage":"ar","@id":"https:\/\/animangeek.com\/jaime-lee-curtis-nao-participara-da-segunda-temporada-de-one-piece-live-action-como-doutora-kureha\/#primaryimage","url":"https:\/\/animangeek.com\/wp-content\/uploads\/sites\/106\/2024\/07\/Jaime-Lee-Curtis-nao-participara-da-segunda-temporada-de-One.jpg","contentUrl":"https:\/\/animangeek.com\/wp-content\/uploads\/sites\/106\/2024\/07\/Jaime-Lee-Curtis-nao-participara-da-segunda-temporada-de-One.jpg","width":980,"height":550},{"@type":"BreadcrumbList","@id":"https:\/\/animangeek.com\/jaime-lee-curtis-nao-participara-da-segunda-temporada-de-one-piece-live-action-como-doutora-kureha\/#breadcrumb","itemListElement":[{"@type":"ListItem","position":1,"name":"Home","item":"https:\/\/animangeek.com\/"},{"@type":"ListItem","position":2,"name":"Jaime Lee Curtis n\u00e3o participar\u00e1 da segunda temporada de One Piece Live-Action como Doutora Kureha"}]},{"@type":"WebSite","@id":"https:\/\/animangeek.com\/#website","url":"https:\/\/animangeek.com\/","name":"Animan Geek","description":"","potentialAction":[{"@type":"SearchAction","target":{"@type":"EntryPoint","urlTemplate":"https:\/\/animangeek.com\/?s={search_term_string}"},"query-input":"required name=search_term_string"}],"inLanguage":"ar"}]}},"_links":{"self":[{"href":"https:\/\/animangeek.com\/ar\/wp-json\/wp\/v2\/posts\/14498"}],"collection":[{"href":"https:\/\/animangeek.com\/ar\/wp-json\/wp\/v2\/posts"}],"about":[{"href":"https:\/\/animangeek.com\/ar\/wp-json\/wp\/v2\/types\/post"}],"replies":[{"embeddable":true,"href":"https:\/\/animangeek.com\/ar\/wp-json\/wp\/v2\/comments?post=14498"}],"version-history":[{"count":0,"href":"https:\/\/animangeek.com\/ar\/wp-json\/wp\/v2\/posts\/14498\/revisions"}],"wp:featuredmedia":[{"embeddable":true,"href":"https:\/\/animangeek.com\/ar\/wp-json\/wp\/v2\/media\/14499"}],"wp:attachment":[{"href":"https:\/\/animangeek.com\/ar\/wp-json\/wp\/v2\/media?parent=14498"}],"wp:term":[{"taxonomy":"category","embeddable":true,"href":"https:\/\/animangeek.com\/ar\/wp-json\/wp\/v2\/categories?post=14498"},{"taxonomy":"post_tag","embeddable":true,"href":"https:\/\/animangeek.com\/ar\/wp-json\/wp\/v2\/tags?post=14498"}],"curies":[{"name":"wp","href":"https:\/\/api.w.org\/{rel}","templated":true}]}}