{"id":10659,"date":"2024-05-12T20:09:22","date_gmt":"2024-05-12T23:09:22","guid":{"rendered":"https:\/\/animangeek.com\/?p=10659"},"modified":"2024-05-12T20:09:22","modified_gmt":"2024-05-12T23:09:22","slug":"mushoku-tensei-sera-suspenso-na-proxima-semana","status":"publish","type":"post","link":"https:\/\/animangeek.com\/de\/mushoku-tensei-sera-suspenso-na-proxima-semana\/","title":{"rendered":"Mushoku Tensei wird n\u00e4chste Woche suspendiert"},"content":{"rendered":"<div class=\"mx-5 sm:mx-0 prose text-left mb-5\"><\/p>\n<div>\n<p>Nach einem Medienfehler in Japan erscheint ein neues Werbevideo f\u00fcr die zweite Staffel von \u201e<strong>Mushoku Tensei: Arbeitslose Reinkarnation<\/strong>Das Video k\u00fcndigt an, dass <strong>Der \u201eLabyrinth Arc\u201c beginnt mit der Folge am 26. Mai<\/strong>Ab dem 19. Mai wird es keine neue Folge der Serie mehr geben.<\/p>\n<p><center><\/p>\n<blockquote class=\"twitter-tweet\" data-media-max-width=\"960\">\n<p lang=\"qme\" dir=\"ltr\"><a rel=\"nofollow noopener\" target=\"_blank\" href=\"https:\/\/twitter.com\/hashtag\/MushokuTensei?src=hash&amp;ref_src=twsrc%5Etfw\">#MushokuTensei<\/a> <a rel=\"nofollow noopener\" target=\"_blank\" href=\"https:\/\/t.co\/OczgfkQnWc\">pic.twitter.com\/OczgfkQnWc<\/a><\/p>\n<p>-Kudasai PT (@Kudasai_NEWS) <a rel=\"nofollow noopener\" target=\"_blank\" href=\"https:\/\/twitter.com\/Kudasai_NEWS\/status\/1789466769624584644?ref_src=twsrc%5Etfw\">12. Mai 2024<\/a><\/p><\/blockquote>\n<p> <\/center><\/p>\n<p>Dar\u00fcber hinaus wurde auch ein neues Werbebild enth\u00fcllt:<\/p>\n<div class=\"wp-block-image\">\n<figure class=\"aligncenter size-full\"><img loading=\"lazy\" decoding=\"async\" width=\"1700\" height=\"2400\" src=\"https:\/\/animangeek.com\/wp-content\/uploads\/2024\/05\/Mushoku-Tensei-sera-suspenso-na-proxima-semana.jpg\" alt=\"\" class=\"wp-image-329540\"  \/><\/figure>\n<\/div>\n<p>Diese zweite Staffel war in zwei Teile aufgeteilt, der erste wurde im Sommer 2023 (Juli-September) ausgestrahlt, der zweite l\u00e4uft seit dem 8. April. Insgesamt sind zw\u00f6lf Folgen best\u00e4tigt. Rifujin na Magonote begann im Januar 2014 mit der Ver\u00f6ffentlichung der Light Novels mit Illustrationen von Sirotaka \u00fcber Kadokawas Imprint MF Books und endete im November 2022. Die Manga-Adaption von Yuka Fujikawa wird seit Mai 2014 ver\u00f6ffentlicht.<\/p>\n<h3 class=\"wp-block-heading\"><strong>Produktionsteam<\/strong><\/h3>\n<ul>\n<li><strong>Hiroki Hirano<\/strong> (<em>Regieassistent der ersten Staffel<\/em>) ist f\u00fcr die Regie dieser zweiten Staffel verantwortlich <strong>Studioverkn\u00fcpfung<\/strong>Ersetzen <strong>Manabu Okamoto<\/strong>.<\/li>\n<li><strong>Toshiya Oono<\/strong> (<em>86: Eighty-Six, Yakusoku no Neverland, Houseki no Kuni<\/em>) ist verantwortlich f\u00fcr das Schreiben und die Betreuung der Drehb\u00fccher und ersetzt auch <strong>Manabu Okamoto<\/strong>.<\/li>\n<li><strong>Sanae Shimada<\/strong> (<em>Sekai Seifuku: Bouryaku no Zvezda<\/em>) ist f\u00fcr das Charakterdesign und die Animationsregie verantwortlich und ersetzt <strong>Kazutaka Sugiyama<\/strong> bereits <strong>Yoshiko Saitou<\/strong>.<\/li>\n<li><strong>Yoshiaki Fujisawa<\/strong> (<em>Houseki no Kuni, Isekai Trickster Magician, Love Live! Schul-Idol-Projekt<\/em>) ist f\u00fcr die Komposition des Soundtracks verantwortlich.<\/li>\n<\/ul>\n<h3 class=\"wp-block-heading\" id=\"sinopsis-de-mushoku-tensei-jobless-reincarnation\"><strong>Inhaltsangabe von Mushoku Tensei: Jobless Reincarnation<\/strong><\/h3>\n<p><em>Als seine Beziehung zu Eris Boreas Greyrat neue H\u00f6hen erreicht, ist Rudeus Greyrat au\u00dfer sich vor Freude. Doch seine Freude w\u00e4hrt nur kurz, denn Eris verl\u00e4sst ihn pl\u00f6tzlich, um ihre eigene Reise anzutreten. Im Glauben, Eris habe jegliches Interesse an ihm verloren, macht sich Rudeus untr\u00f6stlich und deprimiert auf den Weg in die N\u00f6rdlichen Territorien. Mit dem einzigen Ziel, seine Mutter am anderen Ende des riesigen Kontinents zu finden, hinterfragt Rudeus den Sinn seines Alltagslebens, verf\u00e4llt in eine roboterhafte Routine und gr\u00fcbelt endlos \u00fcber seine verlorene Liebe nach.<\/em><\/p>\n<p><em>Doch die Gefahren des Nordens beweisen bald, dass \u00dcberleben mit einem abgestumpften Verstand unm\u00f6glich ist. Bei einer Suche mit der Counter Arrow-Gruppe, die er k\u00fcrzlich kennengelernt hat, begegnet Rudeus dem Tod \u2013 eine Erfahrung, die ihn aus seiner Verzweiflung rei\u00dft. Mit seinen neuen Teamkollegen entdeckt Rudeus die Freude am t\u00e4glichen Abenteuer wieder und verfolgt sein urspr\u00fcngliches Ziel, sein zweites Leben in vollen Z\u00fcgen zu genie\u00dfen.<\/em><\/p>\n<p>Quelle: <strong><a rel=\"nofollow noopener\" target=\"_blank\" href=\"https:\/\/twitter.com\/d0nut2x\/status\/1789367608233300284\">@d0nut2x auf Twitter<\/a><\/strong><\/p>\n<p>(c) Irrational Grandson&#039;s Hand\/MF Books\/Produktionskomitee \u201eMushoku Tensei\u201c.<\/p>\n<\/div>\n<p><script async src=\"\/\/platform.twitter.com\/widgets.js\" charset=\"utf-8\"><\/script><br \/>\n<\/div>","protected":false},"excerpt":{"rendered":"<p>Nach einem Medien-Pannen in Japan wurde ein neues Promovideo zur zweiten Staffel von \u201eMushoku Tensei: Jobless Reincarnation\u201c ver\u00f6ffentlicht. Das Video k\u00fcndigt an, dass der \u201eLabyrinth Arc\u201c mit der Folge vom 26. Mai beginnt. Ab dem 19. Mai wird es keine neue Folge der Serie mehr geben. #MushokuTensei pic.twitter.com\/OczgfkQnWc - Kudasai PT (@Kudasai_NEWS) 12. von\u2026 <a class=\"more-link\" href=\"https:\/\/animangeek.com\/de\/mushoku-tensei-sera-suspenso-na-proxima-semana\/\">Weiterlesen <span class=\"screen-reader-text\">Mushoku Tensei wird n\u00e4chste Woche suspendiert<\/span><\/a><\/p>","protected":false},"author":0,"featured_media":10660,"comment_status":"open","ping_status":"open","sticky":false,"template":"","format":"standard","meta":{"footnotes":""},"categories":[3],"tags":[793,1066,1484],"yoast_head":"<!-- This site is optimized with the Yoast SEO plugin v23.3 - https:\/\/yoast.com\/wordpress\/plugins\/seo\/ -->\n<title>Mushoku Tensei ser\u00e1 suspenso na pr\u00f3xima semana - Animan Geek<\/title>\n<meta name=\"robots\" content=\"index, follow, max-snippet:-1, max-image-preview:large, max-video-preview:-1\" \/>\n<link rel=\"canonical\" href=\"https:\/\/animangeek.com\/de\/mushoku-tensei-sera-suspenso-na-proxima-semana\/\" \/>\n<meta property=\"og:locale\" content=\"de_DE\" \/>\n<meta property=\"og:type\" content=\"article\" \/>\n<meta property=\"og:title\" content=\"Mushoku Tensei ser\u00e1 suspenso na pr\u00f3xima semana - Animan Geek\" \/>\n<meta property=\"og:description\" content=\"Ap\u00f3s um erro de m\u00eddia no Jap\u00e3o, um novo v\u00eddeo promocional da segunda temporada de \u201cMushoku Tensei: reencarna\u00e7\u00e3o sem emprego\u201c. O v\u00eddeo anuncia que O \u201cArco do Labirinto\u201d come\u00e7ar\u00e1 com o epis\u00f3dio em 26 de maiodesde o pr\u00f3ximo dia 19 de maio n\u00e3o haver\u00e1 novo epis\u00f3dio da s\u00e9rie. #MushokuTensei pic.twitter.com\/OczgfkQnWc -Kudasai PT (@Kudasai_NEWS) 12 de&hellip; Continue reading Mushoku Tensei ser\u00e1 suspenso na pr\u00f3xima semana\" \/>\n<meta property=\"og:url\" content=\"https:\/\/animangeek.com\/de\/mushoku-tensei-sera-suspenso-na-proxima-semana\/\" \/>\n<meta property=\"og:site_name\" content=\"Animan Geek\" \/>\n<meta property=\"article:published_time\" content=\"2024-05-12T23:09:22+00:00\" \/>\n<meta property=\"og:image\" content=\"https:\/\/animangeek.com\/wp-content\/uploads\/sites\/106\/2024\/05\/1715553253_Mushoku-Tensei-sera-suspenso-na-proxima-semana.jpg\" \/>\n\t<meta property=\"og:image:width\" content=\"1920\" \/>\n\t<meta property=\"og:image:height\" content=\"1080\" \/>\n\t<meta property=\"og:image:type\" content=\"image\/jpeg\" \/>\n<meta name=\"twitter:card\" content=\"summary_large_image\" \/>\n<meta name=\"twitter:label1\" content=\"Est. reading time\" \/>\n\t<meta name=\"twitter:data1\" content=\"2 Minuten\" \/>\n<script type=\"application\/ld+json\" class=\"yoast-schema-graph\">{\"@context\":\"https:\/\/schema.org\",\"@graph\":[{\"@type\":\"WebPage\",\"@id\":\"https:\/\/animangeek.com\/mushoku-tensei-sera-suspenso-na-proxima-semana\/\",\"url\":\"https:\/\/animangeek.com\/mushoku-tensei-sera-suspenso-na-proxima-semana\/\",\"name\":\"Mushoku Tensei ser\u00e1 suspenso na pr\u00f3xima semana - Animan Geek\",\"isPartOf\":{\"@id\":\"https:\/\/animangeek.com\/#website\"},\"primaryImageOfPage\":{\"@id\":\"https:\/\/animangeek.com\/mushoku-tensei-sera-suspenso-na-proxima-semana\/#primaryimage\"},\"image\":{\"@id\":\"https:\/\/animangeek.com\/mushoku-tensei-sera-suspenso-na-proxima-semana\/#primaryimage\"},\"thumbnailUrl\":\"https:\/\/animangeek.com\/wp-content\/uploads\/sites\/106\/2024\/05\/1715553253_Mushoku-Tensei-sera-suspenso-na-proxima-semana.jpg\",\"datePublished\":\"2024-05-12T23:09:22+00:00\",\"dateModified\":\"2024-05-12T23:09:22+00:00\",\"author\":{\"@id\":\"\"},\"breadcrumb\":{\"@id\":\"https:\/\/animangeek.com\/mushoku-tensei-sera-suspenso-na-proxima-semana\/#breadcrumb\"},\"inLanguage\":\"de-DE\",\"potentialAction\":[{\"@type\":\"ReadAction\",\"target\":[\"https:\/\/animangeek.com\/mushoku-tensei-sera-suspenso-na-proxima-semana\/\"]}]},{\"@type\":\"ImageObject\",\"inLanguage\":\"de-DE\",\"@id\":\"https:\/\/animangeek.com\/mushoku-tensei-sera-suspenso-na-proxima-semana\/#primaryimage\",\"url\":\"https:\/\/animangeek.com\/wp-content\/uploads\/sites\/106\/2024\/05\/1715553253_Mushoku-Tensei-sera-suspenso-na-proxima-semana.jpg\",\"contentUrl\":\"https:\/\/animangeek.com\/wp-content\/uploads\/sites\/106\/2024\/05\/1715553253_Mushoku-Tensei-sera-suspenso-na-proxima-semana.jpg\",\"width\":1920,\"height\":1080},{\"@type\":\"BreadcrumbList\",\"@id\":\"https:\/\/animangeek.com\/mushoku-tensei-sera-suspenso-na-proxima-semana\/#breadcrumb\",\"itemListElement\":[{\"@type\":\"ListItem\",\"position\":1,\"name\":\"Home\",\"item\":\"https:\/\/animangeek.com\/\"},{\"@type\":\"ListItem\",\"position\":2,\"name\":\"Mushoku Tensei ser\u00e1 suspenso na pr\u00f3xima semana\"}]},{\"@type\":\"WebSite\",\"@id\":\"https:\/\/animangeek.com\/#website\",\"url\":\"https:\/\/animangeek.com\/\",\"name\":\"Animan Geek\",\"description\":\"\",\"potentialAction\":[{\"@type\":\"SearchAction\",\"target\":{\"@type\":\"EntryPoint\",\"urlTemplate\":\"https:\/\/animangeek.com\/?s={search_term_string}\"},\"query-input\":\"required name=search_term_string\"}],\"inLanguage\":\"de-DE\"}]}<\/script>\n<!-- \/ Yoast SEO plugin. -->","yoast_head_json":{"title":"Mushoku Tensei ser\u00e1 suspenso na pr\u00f3xima semana - Animan Geek","robots":{"index":"index","follow":"follow","max-snippet":"max-snippet:-1","max-image-preview":"max-image-preview:large","max-video-preview":"max-video-preview:-1"},"canonical":"https:\/\/animangeek.com\/de\/mushoku-tensei-sera-suspenso-na-proxima-semana\/","og_locale":"de_DE","og_type":"article","og_title":"Mushoku Tensei ser\u00e1 suspenso na pr\u00f3xima semana - Animan Geek","og_description":"Ap\u00f3s um erro de m\u00eddia no Jap\u00e3o, um novo v\u00eddeo promocional da segunda temporada de \u201cMushoku Tensei: reencarna\u00e7\u00e3o sem emprego\u201c. O v\u00eddeo anuncia que O \u201cArco do Labirinto\u201d come\u00e7ar\u00e1 com o epis\u00f3dio em 26 de maiodesde o pr\u00f3ximo dia 19 de maio n\u00e3o haver\u00e1 novo epis\u00f3dio da s\u00e9rie. #MushokuTensei pic.twitter.com\/OczgfkQnWc -Kudasai PT (@Kudasai_NEWS) 12 de&hellip; Continue reading Mushoku Tensei ser\u00e1 suspenso na pr\u00f3xima semana","og_url":"https:\/\/animangeek.com\/de\/mushoku-tensei-sera-suspenso-na-proxima-semana\/","og_site_name":"Animan Geek","article_published_time":"2024-05-12T23:09:22+00:00","og_image":[{"width":1920,"height":1080,"url":"https:\/\/animangeek.com\/wp-content\/uploads\/sites\/106\/2024\/05\/1715553253_Mushoku-Tensei-sera-suspenso-na-proxima-semana.jpg","type":"image\/jpeg"}],"twitter_card":"summary_large_image","twitter_misc":{"Est. reading time":"2 Minuten"},"schema":{"@context":"https:\/\/schema.org","@graph":[{"@type":"WebPage","@id":"https:\/\/animangeek.com\/mushoku-tensei-sera-suspenso-na-proxima-semana\/","url":"https:\/\/animangeek.com\/mushoku-tensei-sera-suspenso-na-proxima-semana\/","name":"Mushoku Tensei ser\u00e1 suspenso na pr\u00f3xima semana - Animan Geek","isPartOf":{"@id":"https:\/\/animangeek.com\/#website"},"primaryImageOfPage":{"@id":"https:\/\/animangeek.com\/mushoku-tensei-sera-suspenso-na-proxima-semana\/#primaryimage"},"image":{"@id":"https:\/\/animangeek.com\/mushoku-tensei-sera-suspenso-na-proxima-semana\/#primaryimage"},"thumbnailUrl":"https:\/\/animangeek.com\/wp-content\/uploads\/sites\/106\/2024\/05\/1715553253_Mushoku-Tensei-sera-suspenso-na-proxima-semana.jpg","datePublished":"2024-05-12T23:09:22+00:00","dateModified":"2024-05-12T23:09:22+00:00","author":{"@id":""},"breadcrumb":{"@id":"https:\/\/animangeek.com\/mushoku-tensei-sera-suspenso-na-proxima-semana\/#breadcrumb"},"inLanguage":"de-DE","potentialAction":[{"@type":"ReadAction","target":["https:\/\/animangeek.com\/mushoku-tensei-sera-suspenso-na-proxima-semana\/"]}]},{"@type":"ImageObject","inLanguage":"de-DE","@id":"https:\/\/animangeek.com\/mushoku-tensei-sera-suspenso-na-proxima-semana\/#primaryimage","url":"https:\/\/animangeek.com\/wp-content\/uploads\/sites\/106\/2024\/05\/1715553253_Mushoku-Tensei-sera-suspenso-na-proxima-semana.jpg","contentUrl":"https:\/\/animangeek.com\/wp-content\/uploads\/sites\/106\/2024\/05\/1715553253_Mushoku-Tensei-sera-suspenso-na-proxima-semana.jpg","width":1920,"height":1080},{"@type":"BreadcrumbList","@id":"https:\/\/animangeek.com\/mushoku-tensei-sera-suspenso-na-proxima-semana\/#breadcrumb","itemListElement":[{"@type":"ListItem","position":1,"name":"Home","item":"https:\/\/animangeek.com\/"},{"@type":"ListItem","position":2,"name":"Mushoku Tensei ser\u00e1 suspenso na pr\u00f3xima semana"}]},{"@type":"WebSite","@id":"https:\/\/animangeek.com\/#website","url":"https:\/\/animangeek.com\/","name":"Animan Geek","description":"","potentialAction":[{"@type":"SearchAction","target":{"@type":"EntryPoint","urlTemplate":"https:\/\/animangeek.com\/?s={search_term_string}"},"query-input":"required name=search_term_string"}],"inLanguage":"de-DE"}]}},"_links":{"self":[{"href":"https:\/\/animangeek.com\/de\/wp-json\/wp\/v2\/posts\/10659"}],"collection":[{"href":"https:\/\/animangeek.com\/de\/wp-json\/wp\/v2\/posts"}],"about":[{"href":"https:\/\/animangeek.com\/de\/wp-json\/wp\/v2\/types\/post"}],"replies":[{"embeddable":true,"href":"https:\/\/animangeek.com\/de\/wp-json\/wp\/v2\/comments?post=10659"}],"version-history":[{"count":0,"href":"https:\/\/animangeek.com\/de\/wp-json\/wp\/v2\/posts\/10659\/revisions"}],"wp:featuredmedia":[{"embeddable":true,"href":"https:\/\/animangeek.com\/de\/wp-json\/wp\/v2\/media\/10660"}],"wp:attachment":[{"href":"https:\/\/animangeek.com\/de\/wp-json\/wp\/v2\/media?parent=10659"}],"wp:term":[{"taxonomy":"category","embeddable":true,"href":"https:\/\/animangeek.com\/de\/wp-json\/wp\/v2\/categories?post=10659"},{"taxonomy":"post_tag","embeddable":true,"href":"https:\/\/animangeek.com\/de\/wp-json\/wp\/v2\/tags?post=10659"}],"curies":[{"name":"wp","href":"https:\/\/api.w.org\/{rel}","templated":true}]}}