{"id":11323,"date":"2024-05-17T10:57:43","date_gmt":"2024-05-17T13:57:43","guid":{"rendered":"https:\/\/animangeek.com\/albedo-vai-deixar-voce-sem-folego-em-uma-figura-atraente\/"},"modified":"2024-05-17T10:57:43","modified_gmt":"2024-05-17T13:57:43","slug":"albedo-vai-deixar-voce-sem-folego-em-uma-figura-atraente","status":"publish","type":"post","link":"https:\/\/animangeek.com\/de\/albedo-vai-deixar-voce-sem-folego-em-uma-figura-atraente\/","title":{"rendered":"Albedo wird Ihnen mit einer attraktiven Figur den Atem rauben"},"content":{"rendered":"<div class=\"mx-5 sm:mx-0 prose text-left mb-5\"><\/p>\n<div itemprop=\"articleBody\">\n<p>Warten auf neue Details zum neuen Anime-Film <strong>souver\u00e4n<\/strong>berechtigt <strong>Overlord: Das heilige K\u00f6nigreich<\/strong>das renommierte japanische Unternehmen \u00ab<strong><a rel=\"nofollow noopener\" target=\"_blank\" href=\"https:\/\/www.freeing.co.jp\/products\/post-13880?ver=1#\">BEFREIUNG<\/a><\/strong>\u00bb pr\u00e4sentierte der \u00d6ffentlichkeit eine neue Zusammenarbeit mit diesem Franchise, die die unwiderstehliche <strong>Aufseher der W\u00e4chterebene im Gro\u00dfen Grab von Nazarick<\/strong>, <strong>Albedo<\/strong>.<\/p>\n<p>Diese Zusammenarbeit wird aus der Schaffung einer faszinierenden Figur im Ma\u00dfstab 1\/4 bestehen. <strong>Albedo<\/strong> und \u00fcber die offiziellen Medien des japanischen Unternehmens \u00ab<strong>BEFREIUNG<\/strong>\u00bb Es wurde festgelegt, dass das Produkt im Oktober dieses Jahres in den japanischen L\u00e4den erh\u00e4ltlich sein wird. Dar\u00fcber hinaus wurden den Fans des beliebten Franchise die ersten Bilder dieses fesselnden Produkts enth\u00fcllt. <strong>souver\u00e4n<\/strong>.<\/p>\n<h3 class=\"wp-block-heading has-text-align-center\">Overlords fesselnde Albedo wird Ihnen in einer unwiderstehlichen Figur den Atem rauben<\/h3>\n<div class=\"wp-block-image\">\n<figure class=\"aligncenter size-full\"><img loading=\"lazy\" decoding=\"async\" width=\"1200\" height=\"1600\" src=\"https:\/\/animangeek.com\/wp-content\/uploads\/2024\/05\/Albedo-vai-deixar-voce-sem-folego-em-uma-figura-atraente.webp.webp\" alt=\"Overlord Albedo Libertando\" class=\"wp-image-410605\" title=\"Overlord: Albedo wird Ihnen in der verf\u00fchrerischen Figur 2 den Atem rauben\"  \/><img loading=\"lazy\" decoding=\"async\" width=\"1200\" height=\"1600\" src=\"https:\/\/animangeek.com\/wp-content\/uploads\/2024\/05\/Albedo-vai-deixar-voce-sem-folego-em-uma-figura-atraente.webp.webp\" alt=\"Overlord Albedo Libertando\" class=\"lazyload wp-image-410605\" title=\"Overlord: Albedo wird Ihnen in der verf\u00fchrerischen Figur 2 den Atem rauben\"  data-><\/figure>\n<\/div>\n<p>Es ist erw\u00e4hnenswert, dass diese unglaubliche Figur im Ma\u00dfstab 1\/4 <strong>Albedo<\/strong> geh\u00f6rt zur Abteilung der Figuren von <strong>BEFREIUNG <\/strong>bekannt als \u201e<strong>Kaninchen sehen.<\/strong>Dieser Abschnitt zeichnet sich dadurch aus, dass er mehrere beliebte Waifus aus der Anime-Branche in verf\u00fchrerischen Hasenkost\u00fcmen zeigt, die sich an die nat\u00fcrlichen Farben jedes Waifus anpassen, um ihre k\u00f6rperliche Attraktivit\u00e4t und Sch\u00f6nheit zu unterstreichen.<\/p>\n<p>Zu diesem Anlass k\u00f6nnen wir die fesselnde <strong>Aufseher der W\u00e4chterebene im Gro\u00dfen Grab von Nazarick<\/strong> Tragen Sie ein Bunny-Outfit in dunklen T\u00f6nen. Wenn wir auf die Details des Outfits achten, k\u00f6nnen wir erkennen, wie die Netzstr\u00fcmpfe mit Spitze die Herzen derjenigen verzaubern sollen, die diese Art von Kleidung lieben. Dies sind die F\u00e4den, aus denen das Netz hergestellt wurde, zusammen mit dem gl\u00e4nzenden Korsett, das die Figur betont. <strong>Albedo<\/strong> Sie erzielen eine Kombination, die f\u00fcr den Betrachter unwiderstehlich wird und bei den Fans dieser Waifu den Wunsch weckt, dieses Produkt ihrer Sammlung hinzuzuf\u00fcgen.<\/p>\n<p>Nach den Informationen auf der offiziellen Website des japanischen Unternehmens \u00ab<strong>BEFREIUNG<\/strong>\u201eDieses Produkt wird akzeptable Abmessungen haben und es wurde angegeben, dass es eine Gesamth\u00f6he von 30 cm und eine Gesamtl\u00e4nge von 44 cm haben wird. F\u00fcr diejenigen, die am Kauf dieses Produkts interessiert sind, sei darauf hingewiesen, dass es zu einem Preis von 44.000 Yen erh\u00e4ltlich sein wird, was ungef\u00e4hr $282,51 US-Dollar entspricht.<\/p>\n<figure class=\"wp-block-image size-large\"><img loading=\"lazy\" decoding=\"async\" width=\"1200\" height=\"857\" src=\"http:\/\/animangeek.com\/wp-content\/uploads\/sites\/106\/2024\/05\/1715954263_305_Albedo-vai-deixar-voce-sem-folego-em-uma-figura-atraente.webp.webp\" alt=\"Overlord Albedo Libertando 1\" class=\"wp-image-410606\" title=\"Overlord: Albedo wird Ihnen in der verf\u00fchrerischen Figur 3 den Atem rauben\"  \/><img loading=\"lazy\" decoding=\"async\" width=\"1200\" height=\"857\" src=\"http:\/\/animangeek.com\/wp-content\/uploads\/sites\/106\/2024\/05\/1715954263_305_Albedo-vai-deixar-voce-sem-folego-em-uma-figura-atraente.webp.webp\" alt=\"Overlord Albedo Libertando 1\" class=\"lazyload wp-image-410606\" title=\"Overlord: Albedo wird Sie in der fesselnden Abbildung 3 atemlos machen\"  data-><\/figure>\n<figure class=\"wp-block-image size-large\"><img loading=\"lazy\" decoding=\"async\" width=\"1200\" height=\"900\" src=\"http:\/\/animangeek.com\/wp-content\/uploads\/sites\/106\/2024\/05\/1715954263_377_Albedo-vai-deixar-voce-sem-folego-em-uma-figura-atraente.webp.webp\" alt=\"Overlord Albedo Libertando 3\" class=\"wp-image-410607\" title=\"Overlord: Albedo wird Ihnen mit der fesselnden Figure 4 den Atem rauben\"  \/><img loading=\"lazy\" decoding=\"async\" width=\"1200\" height=\"900\" src=\"http:\/\/animangeek.com\/wp-content\/uploads\/sites\/106\/2024\/05\/1715954263_377_Albedo-vai-deixar-voce-sem-folego-em-uma-figura-atraente.webp.webp\" alt=\"Overlord Albedo Libertando 3\" class=\"lazyload wp-image-410607\" title=\"Overlord: Albedo wird Ihnen mit der fesselnden Figure 4 den Atem rauben\"  data-><\/figure>\n<figure class=\"wp-block-image size-large\"><img loading=\"lazy\" decoding=\"async\" width=\"1200\" height=\"900\" src=\"http:\/\/animangeek.com\/wp-content\/uploads\/sites\/106\/2024\/05\/1715954263_368_Albedo-vai-deixar-voce-sem-folego-em-uma-figura-atraente.webp.webp\" alt=\"Overlord Albedo Libertando 2\" class=\"wp-image-410608\" title=\"Overlord: Albedo wird Ihnen in der verf\u00fchrerischen Figur 5 den Atem rauben\"  \/><img loading=\"lazy\" decoding=\"async\" width=\"1200\" height=\"900\" src=\"http:\/\/animangeek.com\/wp-content\/uploads\/sites\/106\/2024\/05\/1715954263_368_Albedo-vai-deixar-voce-sem-folego-em-uma-figura-atraente.webp.webp\" alt=\"Overlord Albedo Libertando 2\" class=\"lazyload wp-image-410608\" title=\"Overlord: Albedo wird Ihnen in der verf\u00fchrerischen Figur 5 den Atem rauben\"  data-><\/figure>\n<p>\u00ab<strong>souver\u00e4n<\/strong>\u00bbist eine Isekai-Light-Novel, geschrieben von <strong>Kugane Maruyama<\/strong> und illustriert von <strong>dann-M\u00fcll<\/strong>. Das Werk begann seine Ver\u00f6ffentlichung beim renommierten japanischen Verlag <strong>Enterbrain<\/strong> am 30. Juli 2012 und umfasst bisher insgesamt 16 B\u00e4nde.<\/p>\n<p>Dieses Werk wurde auch als Manga adaptiert von <strong>Hugin Miyama<\/strong>Deb\u00fct im Magazin \u00ab<strong>Ass der Comp.<\/strong>\u00bb vom Verlag <strong>Kadokawa Shoten<\/strong> im November 2014. Tats\u00e4chlich wurde vor einigen Monaten berichtet, dass das Literatur-Franchise die bemerkenswerte Zahl von 11 Millionen Exemplaren im Umlauf erreicht hatte.<\/p>\n<p>Am 7. Juli 2015 \u00ab<strong>souver\u00e4n<\/strong>\u00bb erblickte in seiner animierten Version das Licht der Welt, bestehend aus vier Staffeln mit insgesamt 52 Episoden, begleitet von zwei Filmen und mehreren Specials. Das Animationsstudio <strong>Hospiz<\/strong> war verantwortlich f\u00fcr die Produktion unter der Leitung von <strong>Naoyuki Itou<\/strong>. Alle Lieferungen sind \u00fcber die Plattform legal verf\u00fcgbar. <strong>Knusprige Rolle<\/strong> und hat eine Synchronisation in lateinamerikanischem Spanisch.<\/p>\n<div class=\"wp-block-image\">\n<figure class=\"aligncenter size-full\"><img loading=\"lazy\" decoding=\"async\" width=\"960\" height=\"1360\" src=\"http:\/\/animangeek.com\/wp-content\/uploads\/sites\/106\/2024\/05\/1715555264_124_Albedo-esta-pronto-para-aproveitar-a-primavera-em-uma-figura.webp.webp\" alt=\"Overlord The Sacred Kingdom anuncia sua chegada aos cinemas latino-americanos\" class=\"wp-image-402782\" title=\"Overlord: Albedo wird Sie mit der fesselnden Figure 6 atemlos machen\"  \/><img loading=\"lazy\" decoding=\"async\" width=\"960\" height=\"1360\" src=\"http:\/\/animangeek.com\/wp-content\/uploads\/sites\/106\/2024\/05\/1715555264_124_Albedo-esta-pronto-para-aproveitar-a-primavera-em-uma-figura.webp.webp\" alt=\"Overlord The Sacred Kingdom anuncia sua chegada aos cinemas latino-americanos\" class=\"lazyload wp-image-402782\" title=\"Overlord: Albedo wird Sie mit der fesselnden Figure 6 atemlos machen\"  data-><\/figure>\n<\/div>\n<p>\u00ab<strong>souver\u00e4n<\/strong>\u00ab<strong> <\/strong>entf\u00fchrt uns in ein episches Universum und begibt sich auf eine einzigartige Fantasy-Reise. Bereiten Sie sich auf das virtuelle Rollenspiel Yggdrasil vor, in dem der Protagonist Momonga zum m\u00e4chtigen und geheimnisvollen Anf\u00fchrer der Ainz Ooal Gown-Gilde wird. Doch was ein einfaches Spiel h\u00e4tte sein sollen, wird zur \u00fcberraschenden Realit\u00e4t, als Momonga nach einem Serverabsturz entdeckt, dass seine Figur zum Leben erwacht ist und die Welt von Yggdrasil nun seine wahre Heimat ist.<\/p>\n<p>Begleiten Sie Momonga, der sich jetzt Ainz Ooal Gown nennt, auf seiner au\u00dfergew\u00f6hnlichen Reise als selbsternannter Oberherr des Gro\u00dfen Untergrundgrabs von Nazarick. Mit unvorstellbaren Kr\u00e4ften und einer treuen Armee von NPCs (Nicht-Spieler-Charakteren) unter seinem Kommando begibt er sich auf die Suche nach der Wahrheit hinter dieser neuen Realit\u00e4t und findet heraus, ob es andere Spieler gibt, die sein Schicksal teilen.<\/p>\n<p>In <strong>souver\u00e4n<\/strong>Der Kampf zwischen Gut und B\u00f6se erh\u00e4lt neue Nuancen und die Grenze zwischen Helden und Schurken verschwimmt. W\u00e4hrend Ainz diese riesige Welt voller Gefahren und Geheimnisse erkundet, begegnet er verschiedenen Rassen, faszinierenden Charakteren und Herausforderungen, die seine List und Macht auf die Probe stellen.<\/p>\n<p>\u00a9\u4e38\u5c71\u304f\u304c\u306d\u30fbKADOKAWA\u520a\uff0f\u30aa\u30fc\u30d0\u30fc\u30ed\u30fc\u30c94\u88fd\u4f5c\u59d4\u54e1\u4f1a<\/p>\n<\/div>\n<p><\/div>","protected":false},"excerpt":{"rendered":"<p>In Erwartung weiterer Details zum neuen Anime-Film \u201eOverlord: The Sacred Kingdom\u201c hat das renommierte japanische Unternehmen \u201eLIBERTANDO\u201c eine neue Zusammenarbeit mit diesem Franchise bekannt gegeben. Im Mittelpunkt steht der unwiderstehliche Aufseher der W\u00e4chterebene im Gro\u00dfen Grab von Nazarick, Albedo. Im Rahmen dieser Zusammenarbeit entsteht eine faszinierende Figur im Ma\u00dfstab 1:4. <a class=\"more-link\" href=\"https:\/\/animangeek.com\/de\/albedo-vai-deixar-voce-sem-folego-em-uma-figura-atraente\/\">Weiterlesen <span class=\"screen-reader-text\">Albedo wird Ihnen mit einer attraktiven Figur den Atem rauben<\/span><\/a><\/p>","protected":false},"author":0,"featured_media":11324,"comment_status":"open","ping_status":"open","sticky":false,"template":"","format":"standard","meta":{"footnotes":""},"categories":[3],"tags":[],"yoast_head":"<!-- This site is optimized with the Yoast SEO plugin v23.3 - https:\/\/yoast.com\/wordpress\/plugins\/seo\/ -->\n<title>Albedo vai deixar voc\u00ea sem f\u00f4lego em uma figura atraente - Animan Geek<\/title>\n<meta name=\"robots\" content=\"index, follow, max-snippet:-1, max-image-preview:large, max-video-preview:-1\" \/>\n<link rel=\"canonical\" href=\"https:\/\/animangeek.com\/de\/albedo-vai-deixar-voce-sem-folego-em-uma-figura-atraente\/\" \/>\n<meta property=\"og:locale\" content=\"de_DE\" \/>\n<meta property=\"og:type\" content=\"article\" \/>\n<meta property=\"og:title\" content=\"Albedo vai deixar voc\u00ea sem f\u00f4lego em uma figura atraente - Animan Geek\" \/>\n<meta property=\"og:description\" content=\"Aguardando novos detalhes sobre o novo filme de anime soberanointitulado Overlord: O Reino Sagradoa renomada empresa japonesa \u00abLIBERTANDO\u00bb apresentou ao p\u00fablico uma nova colabora\u00e7\u00e3o com esta franquia, que contar\u00e1 com o irresist\u00edvel Supervisor do andar dos Guardi\u00f5es na Grande Tumba de Nazarick, Albedo. Esta colabora\u00e7\u00e3o consistir\u00e1 na cria\u00e7\u00e3o de uma fascinante figura \u00e0 escala 1\/4.&hellip; Continue reading Albedo vai deixar voc\u00ea sem f\u00f4lego em uma figura atraente\" \/>\n<meta property=\"og:url\" content=\"https:\/\/animangeek.com\/de\/albedo-vai-deixar-voce-sem-folego-em-uma-figura-atraente\/\" \/>\n<meta property=\"og:site_name\" content=\"Animan Geek\" \/>\n<meta property=\"article:published_time\" content=\"2024-05-17T13:57:43+00:00\" \/>\n<meta property=\"og:image\" content=\"https:\/\/animangeek.com\/wp-content\/uploads\/sites\/106\/2024\/05\/1715954264_Albedo-vai-deixar-voce-sem-folego-em-uma-figura-atraente.webp.webp\" \/>\n\t<meta property=\"og:image:width\" content=\"1280\" \/>\n\t<meta property=\"og:image:height\" content=\"720\" \/>\n\t<meta property=\"og:image:type\" content=\"image\/webp\" \/>\n<meta name=\"twitter:card\" content=\"summary_large_image\" \/>\n<meta name=\"twitter:label1\" content=\"Est. reading time\" \/>\n\t<meta name=\"twitter:data1\" content=\"4 Minuten\" \/>\n<script type=\"application\/ld+json\" class=\"yoast-schema-graph\">{\"@context\":\"https:\/\/schema.org\",\"@graph\":[{\"@type\":\"WebPage\",\"@id\":\"https:\/\/animangeek.com\/albedo-vai-deixar-voce-sem-folego-em-uma-figura-atraente\/\",\"url\":\"https:\/\/animangeek.com\/albedo-vai-deixar-voce-sem-folego-em-uma-figura-atraente\/\",\"name\":\"Albedo vai deixar voc\u00ea sem f\u00f4lego em uma figura atraente - Animan Geek\",\"isPartOf\":{\"@id\":\"https:\/\/animangeek.com\/#website\"},\"primaryImageOfPage\":{\"@id\":\"https:\/\/animangeek.com\/albedo-vai-deixar-voce-sem-folego-em-uma-figura-atraente\/#primaryimage\"},\"image\":{\"@id\":\"https:\/\/animangeek.com\/albedo-vai-deixar-voce-sem-folego-em-uma-figura-atraente\/#primaryimage\"},\"thumbnailUrl\":\"https:\/\/animangeek.com\/wp-content\/uploads\/sites\/106\/2024\/05\/1715954264_Albedo-vai-deixar-voce-sem-folego-em-uma-figura-atraente.webp.webp\",\"datePublished\":\"2024-05-17T13:57:43+00:00\",\"dateModified\":\"2024-05-17T13:57:43+00:00\",\"author\":{\"@id\":\"\"},\"breadcrumb\":{\"@id\":\"https:\/\/animangeek.com\/albedo-vai-deixar-voce-sem-folego-em-uma-figura-atraente\/#breadcrumb\"},\"inLanguage\":\"de-DE\",\"potentialAction\":[{\"@type\":\"ReadAction\",\"target\":[\"https:\/\/animangeek.com\/albedo-vai-deixar-voce-sem-folego-em-uma-figura-atraente\/\"]}]},{\"@type\":\"ImageObject\",\"inLanguage\":\"de-DE\",\"@id\":\"https:\/\/animangeek.com\/albedo-vai-deixar-voce-sem-folego-em-uma-figura-atraente\/#primaryimage\",\"url\":\"https:\/\/animangeek.com\/wp-content\/uploads\/sites\/106\/2024\/05\/1715954264_Albedo-vai-deixar-voce-sem-folego-em-uma-figura-atraente.webp.webp\",\"contentUrl\":\"https:\/\/animangeek.com\/wp-content\/uploads\/sites\/106\/2024\/05\/1715954264_Albedo-vai-deixar-voce-sem-folego-em-uma-figura-atraente.webp.webp\",\"width\":1280,\"height\":720},{\"@type\":\"BreadcrumbList\",\"@id\":\"https:\/\/animangeek.com\/albedo-vai-deixar-voce-sem-folego-em-uma-figura-atraente\/#breadcrumb\",\"itemListElement\":[{\"@type\":\"ListItem\",\"position\":1,\"name\":\"Home\",\"item\":\"https:\/\/animangeek.com\/\"},{\"@type\":\"ListItem\",\"position\":2,\"name\":\"Albedo vai deixar voc\u00ea sem f\u00f4lego em uma figura atraente\"}]},{\"@type\":\"WebSite\",\"@id\":\"https:\/\/animangeek.com\/#website\",\"url\":\"https:\/\/animangeek.com\/\",\"name\":\"Animan Geek\",\"description\":\"\",\"potentialAction\":[{\"@type\":\"SearchAction\",\"target\":{\"@type\":\"EntryPoint\",\"urlTemplate\":\"https:\/\/animangeek.com\/?s={search_term_string}\"},\"query-input\":\"required name=search_term_string\"}],\"inLanguage\":\"de-DE\"}]}<\/script>\n<!-- \/ Yoast SEO plugin. -->","yoast_head_json":{"title":"Albedo vai deixar voc\u00ea sem f\u00f4lego em uma figura atraente - Animan Geek","robots":{"index":"index","follow":"follow","max-snippet":"max-snippet:-1","max-image-preview":"max-image-preview:large","max-video-preview":"max-video-preview:-1"},"canonical":"https:\/\/animangeek.com\/de\/albedo-vai-deixar-voce-sem-folego-em-uma-figura-atraente\/","og_locale":"de_DE","og_type":"article","og_title":"Albedo vai deixar voc\u00ea sem f\u00f4lego em uma figura atraente - Animan Geek","og_description":"Aguardando novos detalhes sobre o novo filme de anime soberanointitulado Overlord: O Reino Sagradoa renomada empresa japonesa \u00abLIBERTANDO\u00bb apresentou ao p\u00fablico uma nova colabora\u00e7\u00e3o com esta franquia, que contar\u00e1 com o irresist\u00edvel Supervisor do andar dos Guardi\u00f5es na Grande Tumba de Nazarick, Albedo. Esta colabora\u00e7\u00e3o consistir\u00e1 na cria\u00e7\u00e3o de uma fascinante figura \u00e0 escala 1\/4.&hellip; Continue reading Albedo vai deixar voc\u00ea sem f\u00f4lego em uma figura atraente","og_url":"https:\/\/animangeek.com\/de\/albedo-vai-deixar-voce-sem-folego-em-uma-figura-atraente\/","og_site_name":"Animan Geek","article_published_time":"2024-05-17T13:57:43+00:00","og_image":[{"width":1280,"height":720,"url":"https:\/\/animangeek.com\/wp-content\/uploads\/sites\/106\/2024\/05\/1715954264_Albedo-vai-deixar-voce-sem-folego-em-uma-figura-atraente.webp.webp","type":"image\/webp"}],"twitter_card":"summary_large_image","twitter_misc":{"Est. reading time":"4 Minuten"},"schema":{"@context":"https:\/\/schema.org","@graph":[{"@type":"WebPage","@id":"https:\/\/animangeek.com\/albedo-vai-deixar-voce-sem-folego-em-uma-figura-atraente\/","url":"https:\/\/animangeek.com\/albedo-vai-deixar-voce-sem-folego-em-uma-figura-atraente\/","name":"Albedo vai deixar voc\u00ea sem f\u00f4lego em uma figura atraente - Animan Geek","isPartOf":{"@id":"https:\/\/animangeek.com\/#website"},"primaryImageOfPage":{"@id":"https:\/\/animangeek.com\/albedo-vai-deixar-voce-sem-folego-em-uma-figura-atraente\/#primaryimage"},"image":{"@id":"https:\/\/animangeek.com\/albedo-vai-deixar-voce-sem-folego-em-uma-figura-atraente\/#primaryimage"},"thumbnailUrl":"https:\/\/animangeek.com\/wp-content\/uploads\/sites\/106\/2024\/05\/1715954264_Albedo-vai-deixar-voce-sem-folego-em-uma-figura-atraente.webp.webp","datePublished":"2024-05-17T13:57:43+00:00","dateModified":"2024-05-17T13:57:43+00:00","author":{"@id":""},"breadcrumb":{"@id":"https:\/\/animangeek.com\/albedo-vai-deixar-voce-sem-folego-em-uma-figura-atraente\/#breadcrumb"},"inLanguage":"de-DE","potentialAction":[{"@type":"ReadAction","target":["https:\/\/animangeek.com\/albedo-vai-deixar-voce-sem-folego-em-uma-figura-atraente\/"]}]},{"@type":"ImageObject","inLanguage":"de-DE","@id":"https:\/\/animangeek.com\/albedo-vai-deixar-voce-sem-folego-em-uma-figura-atraente\/#primaryimage","url":"https:\/\/animangeek.com\/wp-content\/uploads\/sites\/106\/2024\/05\/1715954264_Albedo-vai-deixar-voce-sem-folego-em-uma-figura-atraente.webp.webp","contentUrl":"https:\/\/animangeek.com\/wp-content\/uploads\/sites\/106\/2024\/05\/1715954264_Albedo-vai-deixar-voce-sem-folego-em-uma-figura-atraente.webp.webp","width":1280,"height":720},{"@type":"BreadcrumbList","@id":"https:\/\/animangeek.com\/albedo-vai-deixar-voce-sem-folego-em-uma-figura-atraente\/#breadcrumb","itemListElement":[{"@type":"ListItem","position":1,"name":"Home","item":"https:\/\/animangeek.com\/"},{"@type":"ListItem","position":2,"name":"Albedo vai deixar voc\u00ea sem f\u00f4lego em uma figura atraente"}]},{"@type":"WebSite","@id":"https:\/\/animangeek.com\/#website","url":"https:\/\/animangeek.com\/","name":"Animan Geek","description":"","potentialAction":[{"@type":"SearchAction","target":{"@type":"EntryPoint","urlTemplate":"https:\/\/animangeek.com\/?s={search_term_string}"},"query-input":"required name=search_term_string"}],"inLanguage":"de-DE"}]}},"_links":{"self":[{"href":"https:\/\/animangeek.com\/de\/wp-json\/wp\/v2\/posts\/11323"}],"collection":[{"href":"https:\/\/animangeek.com\/de\/wp-json\/wp\/v2\/posts"}],"about":[{"href":"https:\/\/animangeek.com\/de\/wp-json\/wp\/v2\/types\/post"}],"replies":[{"embeddable":true,"href":"https:\/\/animangeek.com\/de\/wp-json\/wp\/v2\/comments?post=11323"}],"version-history":[{"count":0,"href":"https:\/\/animangeek.com\/de\/wp-json\/wp\/v2\/posts\/11323\/revisions"}],"wp:featuredmedia":[{"embeddable":true,"href":"https:\/\/animangeek.com\/de\/wp-json\/wp\/v2\/media\/11324"}],"wp:attachment":[{"href":"https:\/\/animangeek.com\/de\/wp-json\/wp\/v2\/media?parent=11323"}],"wp:term":[{"taxonomy":"category","embeddable":true,"href":"https:\/\/animangeek.com\/de\/wp-json\/wp\/v2\/categories?post=11323"},{"taxonomy":"post_tag","embeddable":true,"href":"https:\/\/animangeek.com\/de\/wp-json\/wp\/v2\/tags?post=11323"}],"curies":[{"name":"wp","href":"https:\/\/api.w.org\/{rel}","templated":true}]}}