{"id":11407,"date":"2024-05-17T20:16:41","date_gmt":"2024-05-17T23:16:41","guid":{"rendered":"https:\/\/animangeek.com\/jujutsu-kaisen-terminara-em-2024\/"},"modified":"2024-05-17T20:16:41","modified_gmt":"2024-05-17T23:16:41","slug":"jujutsu-kaisen-terminara-em-2024","status":"publish","type":"post","link":"https:\/\/animangeek.com\/de\/jujutsu-kaisen-terminara-em-2024\/","title":{"rendered":"Jujutsu Kaisen endet im Jahr 2024"},"content":{"rendered":"<div class=\"mx-5 sm:mx-0 prose text-left mb-5\"><\/p>\n<div>\n<p>W\u00e4hrend der Veranstaltung <strong>JUMP PARTY 2024<\/strong> eine Nachricht geschrieben von <strong>Gege Akutami<\/strong>der bemerkte, dass \u201edies das letzte Jump Festa sein w\u00fcrde, bei dem <strong>Jujutsu Kaisen<\/strong> serialisiert werden. Damit <strong>Der Autor best\u00e4tigte, dass die Arbeit irgendwann vor Dezember 2024 abgeschlossen sein wird<\/strong>wann findet die n\u00e4chste Ausgabe des Jump Festa statt.<\/p>\n<p><strong>Dies ist nicht das erste Mal, dass Gege Akutami eine solche Aussage gemacht hat.<\/strong>denn w\u00e4hrend der Veranstaltung Jump Festa 2023 im Dezember letzten Jahres hatte der Autor bereits seine Pl\u00e4ne angedeutet, das Werk \u201eein Jahr nach dem betreffenden Datum\u201c fertigzustellen. <strong>Dar\u00fcber hinaus hatte er im Februar 2021 gesagt, dass \u201edie Arbeiten in zwei Jahren abgeschlossen sein w\u00fcrden\u201c, und keines dieser Versprechen wurde letztendlich erf\u00fcllt.<\/strong><\/p>\n<p>In der Nachricht stand:<\/p>\n<ul>\n<li>\u00ab<em><strong>Dies ist wahrscheinlich das letzte Jump Festa, bei dem \u201eJujutsu Kaisen\u201c ver\u00f6ffentlicht wird.<\/strong> N\u00e4chsten Sommer findet eine Ausstellung mit Originalillustrationen statt. Obwohl es sich um eine solche Ausstellung handelt, basiert \u201eJujutsu Kaisen\u201c auf digitalen Manuskripten. Wie soll ich so etwas machen? Nach R\u00fccksprache mit der Gesch\u00e4ftsleitung haben wir beschlossen, einige Materialien, die ich herumliegen habe, wie Namen und Skizzen, zu verwenden, um eine Ausstellung zu gestalten, die die Leute sehen und denken: \u201eIch m\u00f6chte auch Manga zeichnen!\u201c Im Moment probieren wir gemeinsam das Material aus. Probiert es weiter! Und kommt alle zur Er\u00f6ffnung der Ausstellung!<\/em>\u00bb.<\/li>\n<\/ul>\n<div class=\"wp-block-image\">\n<figure class=\"aligncenter size-full\"><img loading=\"lazy\" decoding=\"async\" width=\"728\" height=\"1031\" src=\"https:\/\/animangeek.com\/wp-content\/uploads\/2024\/05\/Jujutsu-Kaisen-terminara-em-2024.jpg\" alt=\"Jujutsu Kaisen\" class=\"wp-image-321905\"  \/><\/figure>\n<\/div>\n<p>W\u00e4hrend der Veranstaltung wurde auch das Cover des f\u00fcnfundzwanzigsten Sammelbandes des Werks enth\u00fcllt, der am 4. Januar 2024 in Japan erscheinen wird. <strong>Die Auflage der literarischen Reihe \u00fcberschritt zudem die Marke von 90 Millionen Exemplaren.<\/strong><\/p>\n<figure class=\"wp-block-gallery aligncenter has-nested-images columns-1 is-cropped wp-block-gallery-1 is-layout-flex wp-block-gallery-is-layout-flex\">\n<figure class=\"wp-block-image size-full\"><img loading=\"lazy\" decoding=\"async\" width=\"1280\" height=\"660\" data-id=\"321903\" src=\"http:\/\/animangeek.com\/wp-content\/uploads\/sites\/106\/2024\/05\/1715987801_513_Jujutsu-Kaisen-terminara-em-2024.jpg\" alt=\"Jujutsu Kaisen\" class=\"wp-image-321903\"  \/><\/figure>\n<figure class=\"wp-block-image size-full\"><img loading=\"lazy\" decoding=\"async\" width=\"1280\" height=\"2013\" data-id=\"321904\" src=\"http:\/\/animangeek.com\/wp-content\/uploads\/sites\/106\/2024\/05\/1715987801_65_Jujutsu-Kaisen-terminara-em-2024.jpg\" alt=\"\" class=\"wp-image-321904\"  \/><\/figure>\n<\/figure>\n<p><strong>Gege Akutami<\/strong> Die Ver\u00f6ffentlichung des Mangas im Magazin begann <strong>W\u00f6chentlicher Shonen-Sprung<\/strong> vom Verlag <strong>Shueisha<\/strong> im M\u00e4rz 2018. Die erste Staffel der Anime-Adaption hatte insgesamt vierundzwanzig Episoden und feierte Premiere w\u00e4hrend der <strong>Herbst 2022 (Oktober bis Dezember)<\/strong>. Ein Animationsfilm mit dem Titel <strong>Jujutsu Kaisen 0<\/strong> und im Dezember 2021 in die japanischen Kinos kommen. Eine zweite Staffel ist derzeit in Arbeit.<\/p>\n<h3 class=\"wp-block-heading\" id=\"sinopsis-de-jujutsu-kaisen\"><strong>Zusammenfassung von Jujutsu Kaisen<\/strong><\/h3>\n<p><em>Der Highschool-Sch\u00fcler Yuuji Itadori, der sich im Okkultismus-Club in grundlose paranormale Aktivit\u00e4ten verwickelt, verbringt seine Tage im Clubraum oder im Krankenhaus, wo er seinen bettl\u00e4gerigen Gro\u00dfvater besucht. Doch dieser friedliche Lebensstil nimmt bald eine seltsame Wendung, als er unwissentlich auf einen verfluchten Gegenstand st\u00f6\u00dft. Eine Kette \u00fcbernat\u00fcrlicher Ereignisse wird ausgel\u00f6st, und Yuuji findet sich pl\u00f6tzlich in der Welt der Fl\u00fcche wieder \u2013 furchterregende Wesen, die aus menschlicher Bosheit und Negativit\u00e4t geformt sind \u2013 nachdem er den besagten Gegenstand verschluckt hat. Es stellt sich heraus, dass es sich um einen Finger des D\u00e4mons Sukuna Ryoumen, des \u201eK\u00f6nigs der Fl\u00fcche\u201c, handelt.<\/em><\/p>\n<p><em>Yuuji erlebt die Bedrohung, die diese Fl\u00fcche f\u00fcr die Gesellschaft darstellen, am eigenen Leib und entdeckt dabei seine eigenen neuen Kr\u00e4fte. An der Tokyo Metropolitan Jujutsu Technical School angekommen, beschreitet er einen Weg, von dem es kein Zur\u00fcck mehr gibt: den eines Jujutsu-Zauberers.<\/em><\/p>\n<p>Quelle: <strong><a rel=\"nofollow noopener\" target=\"_blank\" href=\"https:\/\/www.oricon.co.jp\/news\/2306807\/full\/\">Neuigkeiten von Oricon<\/a><\/strong><\/p>\n<p>(c) Akutami Gege\/SHUEISHA Shueisha<\/p>\n<\/div>\n<p><\/div>","protected":false},"excerpt":{"rendered":"<p>W\u00e4hrend der JUMP FESTA 2024 schrieb Gege Akutamique in einer Nachricht, dass \u201edies die letzte Jump Festa sein wird, bei der Jujutsu Kaisen als Fortsetzungsgeschichte erscheint\u201c. Damit best\u00e4tigte der Autor, dass die Arbeit irgendwann vor Dezember 2024, dem n\u00e4chsten Jump Fest, abgeschlossen sein wird. Es ist nicht \u2026 <a class=\"more-link\" href=\"https:\/\/animangeek.com\/de\/jujutsu-kaisen-terminara-em-2024\/\">Weiterlesen <span class=\"screen-reader-text\">Jujutsu Kaisen endet im Jahr 2024<\/span><\/a><\/p>","protected":false},"author":0,"featured_media":11408,"comment_status":"open","ping_status":"open","sticky":false,"template":"","format":"standard","meta":{"footnotes":""},"categories":[8],"tags":[789,1441,1449],"yoast_head":"<!-- This site is optimized with the Yoast SEO plugin v23.3 - https:\/\/yoast.com\/wordpress\/plugins\/seo\/ -->\n<title>Jujutsu Kaisen terminar\u00e1 em 2024 - Animan Geek<\/title>\n<meta name=\"robots\" content=\"index, follow, max-snippet:-1, max-image-preview:large, max-video-preview:-1\" \/>\n<link rel=\"canonical\" href=\"https:\/\/animangeek.com\/de\/jujutsu-kaisen-terminara-em-2024\/\" \/>\n<meta property=\"og:locale\" content=\"de_DE\" \/>\n<meta property=\"og:type\" content=\"article\" \/>\n<meta property=\"og:title\" content=\"Jujutsu Kaisen terminar\u00e1 em 2024 - Animan Geek\" \/>\n<meta property=\"og:description\" content=\"Durante o evento JUMP FESTA 2024 uma mensagem escrita por Gege Akutamique observou que \u201cesta seria a \u00faltima Jump Festa durante a qual Jujutsu Kaisen estaria sendo serializado. Com isto, O autor confirmou que a obra ser\u00e1 conclu\u00edda em algum momento antes de dezembro de 2024quando acontecer\u00e1 a pr\u00f3xima edi\u00e7\u00e3o da Jump Festa. N\u00e3o \u00e9&hellip; Continue reading Jujutsu Kaisen terminar\u00e1 em 2024\" \/>\n<meta property=\"og:url\" content=\"https:\/\/animangeek.com\/de\/jujutsu-kaisen-terminara-em-2024\/\" \/>\n<meta property=\"og:site_name\" content=\"Animan Geek\" \/>\n<meta property=\"article:published_time\" content=\"2024-05-17T23:16:41+00:00\" \/>\n<meta property=\"og:image\" content=\"https:\/\/animangeek.com\/wp-content\/uploads\/sites\/106\/2024\/05\/1715987802_Jujutsu-Kaisen-terminara-em-2024.jpg\" \/>\n\t<meta property=\"og:image:width\" content=\"1920\" \/>\n\t<meta property=\"og:image:height\" content=\"1080\" \/>\n\t<meta property=\"og:image:type\" content=\"image\/jpeg\" \/>\n<meta name=\"twitter:card\" content=\"summary_large_image\" \/>\n<meta name=\"twitter:label1\" content=\"Est. reading time\" \/>\n\t<meta name=\"twitter:data1\" content=\"3 Minuten\" \/>\n<script type=\"application\/ld+json\" class=\"yoast-schema-graph\">{\"@context\":\"https:\/\/schema.org\",\"@graph\":[{\"@type\":\"WebPage\",\"@id\":\"https:\/\/animangeek.com\/jujutsu-kaisen-terminara-em-2024\/\",\"url\":\"https:\/\/animangeek.com\/jujutsu-kaisen-terminara-em-2024\/\",\"name\":\"Jujutsu Kaisen terminar\u00e1 em 2024 - Animan Geek\",\"isPartOf\":{\"@id\":\"https:\/\/animangeek.com\/#website\"},\"primaryImageOfPage\":{\"@id\":\"https:\/\/animangeek.com\/jujutsu-kaisen-terminara-em-2024\/#primaryimage\"},\"image\":{\"@id\":\"https:\/\/animangeek.com\/jujutsu-kaisen-terminara-em-2024\/#primaryimage\"},\"thumbnailUrl\":\"https:\/\/animangeek.com\/wp-content\/uploads\/sites\/106\/2024\/05\/1715987802_Jujutsu-Kaisen-terminara-em-2024.jpg\",\"datePublished\":\"2024-05-17T23:16:41+00:00\",\"dateModified\":\"2024-05-17T23:16:41+00:00\",\"author\":{\"@id\":\"\"},\"breadcrumb\":{\"@id\":\"https:\/\/animangeek.com\/jujutsu-kaisen-terminara-em-2024\/#breadcrumb\"},\"inLanguage\":\"de-DE\",\"potentialAction\":[{\"@type\":\"ReadAction\",\"target\":[\"https:\/\/animangeek.com\/jujutsu-kaisen-terminara-em-2024\/\"]}]},{\"@type\":\"ImageObject\",\"inLanguage\":\"de-DE\",\"@id\":\"https:\/\/animangeek.com\/jujutsu-kaisen-terminara-em-2024\/#primaryimage\",\"url\":\"https:\/\/animangeek.com\/wp-content\/uploads\/sites\/106\/2024\/05\/1715987802_Jujutsu-Kaisen-terminara-em-2024.jpg\",\"contentUrl\":\"https:\/\/animangeek.com\/wp-content\/uploads\/sites\/106\/2024\/05\/1715987802_Jujutsu-Kaisen-terminara-em-2024.jpg\",\"width\":1920,\"height\":1080},{\"@type\":\"BreadcrumbList\",\"@id\":\"https:\/\/animangeek.com\/jujutsu-kaisen-terminara-em-2024\/#breadcrumb\",\"itemListElement\":[{\"@type\":\"ListItem\",\"position\":1,\"name\":\"Home\",\"item\":\"https:\/\/animangeek.com\/\"},{\"@type\":\"ListItem\",\"position\":2,\"name\":\"Jujutsu Kaisen terminar\u00e1 em 2024\"}]},{\"@type\":\"WebSite\",\"@id\":\"https:\/\/animangeek.com\/#website\",\"url\":\"https:\/\/animangeek.com\/\",\"name\":\"Animan Geek\",\"description\":\"\",\"potentialAction\":[{\"@type\":\"SearchAction\",\"target\":{\"@type\":\"EntryPoint\",\"urlTemplate\":\"https:\/\/animangeek.com\/?s={search_term_string}\"},\"query-input\":\"required name=search_term_string\"}],\"inLanguage\":\"de-DE\"}]}<\/script>\n<!-- \/ Yoast SEO plugin. -->","yoast_head_json":{"title":"Jujutsu Kaisen terminar\u00e1 em 2024 - Animan Geek","robots":{"index":"index","follow":"follow","max-snippet":"max-snippet:-1","max-image-preview":"max-image-preview:large","max-video-preview":"max-video-preview:-1"},"canonical":"https:\/\/animangeek.com\/de\/jujutsu-kaisen-terminara-em-2024\/","og_locale":"de_DE","og_type":"article","og_title":"Jujutsu Kaisen terminar\u00e1 em 2024 - Animan Geek","og_description":"Durante o evento JUMP FESTA 2024 uma mensagem escrita por Gege Akutamique observou que \u201cesta seria a \u00faltima Jump Festa durante a qual Jujutsu Kaisen estaria sendo serializado. Com isto, O autor confirmou que a obra ser\u00e1 conclu\u00edda em algum momento antes de dezembro de 2024quando acontecer\u00e1 a pr\u00f3xima edi\u00e7\u00e3o da Jump Festa. N\u00e3o \u00e9&hellip; Continue reading Jujutsu Kaisen terminar\u00e1 em 2024","og_url":"https:\/\/animangeek.com\/de\/jujutsu-kaisen-terminara-em-2024\/","og_site_name":"Animan Geek","article_published_time":"2024-05-17T23:16:41+00:00","og_image":[{"width":1920,"height":1080,"url":"https:\/\/animangeek.com\/wp-content\/uploads\/sites\/106\/2024\/05\/1715987802_Jujutsu-Kaisen-terminara-em-2024.jpg","type":"image\/jpeg"}],"twitter_card":"summary_large_image","twitter_misc":{"Est. reading time":"3 Minuten"},"schema":{"@context":"https:\/\/schema.org","@graph":[{"@type":"WebPage","@id":"https:\/\/animangeek.com\/jujutsu-kaisen-terminara-em-2024\/","url":"https:\/\/animangeek.com\/jujutsu-kaisen-terminara-em-2024\/","name":"Jujutsu Kaisen terminar\u00e1 em 2024 - Animan Geek","isPartOf":{"@id":"https:\/\/animangeek.com\/#website"},"primaryImageOfPage":{"@id":"https:\/\/animangeek.com\/jujutsu-kaisen-terminara-em-2024\/#primaryimage"},"image":{"@id":"https:\/\/animangeek.com\/jujutsu-kaisen-terminara-em-2024\/#primaryimage"},"thumbnailUrl":"https:\/\/animangeek.com\/wp-content\/uploads\/sites\/106\/2024\/05\/1715987802_Jujutsu-Kaisen-terminara-em-2024.jpg","datePublished":"2024-05-17T23:16:41+00:00","dateModified":"2024-05-17T23:16:41+00:00","author":{"@id":""},"breadcrumb":{"@id":"https:\/\/animangeek.com\/jujutsu-kaisen-terminara-em-2024\/#breadcrumb"},"inLanguage":"de-DE","potentialAction":[{"@type":"ReadAction","target":["https:\/\/animangeek.com\/jujutsu-kaisen-terminara-em-2024\/"]}]},{"@type":"ImageObject","inLanguage":"de-DE","@id":"https:\/\/animangeek.com\/jujutsu-kaisen-terminara-em-2024\/#primaryimage","url":"https:\/\/animangeek.com\/wp-content\/uploads\/sites\/106\/2024\/05\/1715987802_Jujutsu-Kaisen-terminara-em-2024.jpg","contentUrl":"https:\/\/animangeek.com\/wp-content\/uploads\/sites\/106\/2024\/05\/1715987802_Jujutsu-Kaisen-terminara-em-2024.jpg","width":1920,"height":1080},{"@type":"BreadcrumbList","@id":"https:\/\/animangeek.com\/jujutsu-kaisen-terminara-em-2024\/#breadcrumb","itemListElement":[{"@type":"ListItem","position":1,"name":"Home","item":"https:\/\/animangeek.com\/"},{"@type":"ListItem","position":2,"name":"Jujutsu Kaisen terminar\u00e1 em 2024"}]},{"@type":"WebSite","@id":"https:\/\/animangeek.com\/#website","url":"https:\/\/animangeek.com\/","name":"Animan Geek","description":"","potentialAction":[{"@type":"SearchAction","target":{"@type":"EntryPoint","urlTemplate":"https:\/\/animangeek.com\/?s={search_term_string}"},"query-input":"required name=search_term_string"}],"inLanguage":"de-DE"}]}},"_links":{"self":[{"href":"https:\/\/animangeek.com\/de\/wp-json\/wp\/v2\/posts\/11407"}],"collection":[{"href":"https:\/\/animangeek.com\/de\/wp-json\/wp\/v2\/posts"}],"about":[{"href":"https:\/\/animangeek.com\/de\/wp-json\/wp\/v2\/types\/post"}],"replies":[{"embeddable":true,"href":"https:\/\/animangeek.com\/de\/wp-json\/wp\/v2\/comments?post=11407"}],"version-history":[{"count":0,"href":"https:\/\/animangeek.com\/de\/wp-json\/wp\/v2\/posts\/11407\/revisions"}],"wp:featuredmedia":[{"embeddable":true,"href":"https:\/\/animangeek.com\/de\/wp-json\/wp\/v2\/media\/11408"}],"wp:attachment":[{"href":"https:\/\/animangeek.com\/de\/wp-json\/wp\/v2\/media?parent=11407"}],"wp:term":[{"taxonomy":"category","embeddable":true,"href":"https:\/\/animangeek.com\/de\/wp-json\/wp\/v2\/categories?post=11407"},{"taxonomy":"post_tag","embeddable":true,"href":"https:\/\/animangeek.com\/de\/wp-json\/wp\/v2\/tags?post=11407"}],"curies":[{"name":"wp","href":"https:\/\/api.w.org\/{rel}","templated":true}]}}