{"id":11447,"date":"2024-05-18T06:23:00","date_gmt":"2024-05-18T09:23:00","guid":{"rendered":"https:\/\/animangeek.com\/idade-altura-e-aniversario-de-cada-personagem-principal\/"},"modified":"2024-05-18T06:23:00","modified_gmt":"2024-05-18T09:23:00","slug":"idade-altura-e-aniversario-de-cada-personagem-principal","status":"publish","type":"post","link":"https:\/\/animangeek.com\/de\/idade-altura-e-aniversario-de-cada-personagem-principal\/","title":{"rendered":"Alter, Gr\u00f6\u00dfe und Geburtstag jeder Hauptfigur"},"content":{"rendered":"<div class=\"mx-5 sm:mx-0 prose text-left mb-5\"><\/p>\n<div>\n<section class=\"emaki-custom-block emaki-custom-key-points\">\n<div class=\"emaki-custom key-points\" id=\"custom_block_0\">\n<h3 class=\"title icon i-list\">Highlights<\/h3>\n<div class=\"custom_block-content key-points\">\n<ul>\n<li>  In \u201eWind Breaker\u201c geht es um den Kampf der Protagonistin Haruka Sakura mit gesellschaftlichen Normen und ihrer Selbstakzeptanz in der Dynamik der High School. <\/li>\n<li>  Charaktere wie Sugishita, Togame, Tomiyama, Nirei, Suo, Hiragi, Tachibana und Umemiya spielen eine grundlegende Rolle bei der Gestaltung der Handlung. <\/li>\n<li>  Sakuras Reise der Selbstfindung und moralischen Ausrichtung vor dem Hintergrund von Bofurin offenbart unerwartete Ebenen der St\u00e4rke und Verletzlichkeit. <\/li>\n<\/ul>\n<\/div><\/div>\n<p><!-- Repeatable debug data: {\"injection\":\"before\",\"adPosition\":0,\"startingPoint\":0,\"skipEvery\":null,\"nbrPlacementFilledEachSkip\":0,\"nbrPlacementsScanned\":0,\"ruleCount\":200,\"degradationStartingPoint\":1,\"stopAds\":null,\"isEarlyInjection\":false,\"actualCount\":240} --><!-- Zone: character count repeatable. --><!-- Repeatable debug data: {\"injection\":\"after\",\"adPosition\":1,\"startingPoint\":0,\"skipEvery\":null,\"nbrPlacementFilledEachSkip\":1,\"nbrPlacementsScanned\":0,\"ruleCount\":200,\"degradationStartingPoint\":1,\"stopAds\":null,\"isEarlyInjection\":false,\"actualCount\":0} --><br \/>\n<!-- Repeatable debug data: {\"isEarlyInjection\":false,\"currentRuleCount\":200,\"actualCount\":0,\"hasActualCountMetThreshold\":null,\"countRemainingForInjection\":null,\"nextBlockCount\":null,\"hasCountRemainingForInjectionMetThreshold\":null} --><\/section>\n<p><!-- No repeatable ad for zone: character count repeatable. --><!-- Repeatable debug data: {\"injection\":\"none\",\"adPosition\":1,\"startingPoint\":0,\"skipEvery\":null,\"nbrPlacementFilledEachSkip\":1,\"nbrPlacementsScanned\":1,\"ruleCount\":900,\"degradationStartingPoint\":1,\"stopAds\":null,\"actualCount\":0} --><br \/>\n<!-- No winning ad found for zone: below first paragraph! --><\/p>\n<p>  Die Anime-Saison im Fr\u00fchjahr 2024 wird nicht besser als diese neue Highschool-Serie. <strong><em>Windschutz<\/em><\/strong>Die Serie verfolgt einen simplen Ansatz und konzentriert sich auf ihre Protagonistin Haruka Sakura, die schon in jungen Jahren schmerzlich erkennt, was es bedeutet, nicht dazuzugeh\u00f6ren. Aufgrund ihres unkonventionellen Aussehens wird Sakura zu einer Au\u00dfenseiterin mit tiefen Minderwertigkeitsgef\u00fchlen gegen\u00fcber ihren Altersgenossen. <\/p>\n<p><!-- No repeatable ad for zone: character count repeatable. --><!-- Repeatable debug data: {\"injection\":\"none\",\"adPosition\":1,\"startingPoint\":0,\"skipEvery\":null,\"nbrPlacementFilledEachSkip\":1,\"nbrPlacementsScanned\":1,\"ruleCount\":900,\"degradationStartingPoint\":1,\"stopAds\":null,\"actualCount\":403} --><\/p>\n<div class=\"display-card article article-card small no-badge active-content\">\n<div class=\"w-img\">\n<div class=\"body-img landscape\">\n<div class=\"responsive-img img-featured-4-pin-single-size-featured-secondary\" style=\":50%\" data-img-url=\"https:\/\/animangeek.com\/wp-content\/uploads\/2024\/05\/Idade-altura-e-aniversario-de-cada-personagem-principal.jpg\" data-modal-id=\"single-image-modal\" data-modal-container-id=\"single-image-modal-container\" data-img-caption=\"&quot;&quot;\">\n<figure><picture><source media=\"(min-width: 1024px)\" data- \/><source media=\"(min-width: 768px)\" data- \/><source media=\"(min-width: 481px)\" data- \/><source media=\"(min-width: 0px)\" data- \/><img width=\"1800\" height=\"900\" loading=\"lazy\" decoding=\"async\" alt=\"corta-vento-anime-haruka-sakura\" src=\"https:\/\/animangeek.com\/wp-content\/uploads\/2024\/05\/Idade-altura-e-aniversario-de-cada-personagem-principal.jpg\" style=\"display:block;height:auto;max-width:100%;\"\/> <\/picture> <\/figure>\n<\/p><\/div>\n<\/p><\/div>\n<\/p><\/div>\n<p> <span data-field=\"label\" class=\"article-card-label\">Verwandt<\/span><\/p>\n<div class=\"w-display-card-content regular article-block\">\n<h5 class=\"display-card-title\">  Die 10 besten Action-Animes wie Wind Breaker  <\/h5>\n<p class=\"display-card-excerpt\">F\u00fcr Fans des neuen Action-Animes Wind Breaker, die die Ver\u00f6ffentlichung der n\u00e4chsten Folge kaum erwarten k\u00f6nnen, k\u00f6nnten diese anderen Action-Animes die L\u00fccke f\u00fcllen.<\/p>\n<\/p><\/div>\n<\/p><\/div>\n<p>  Sakura ist jedoch entschlossen, ihre Schw\u00e4chen in St\u00e4rken umzuwandeln, und ihr Ausgangspunkt ist die Furin High School. Die Serie bietet eine recht skurrile Besetzung, \u00e4hnlich wie die ber\u00fcchtigte High-School-Anime-Serie, wobei jeder Charakter unterschiedlich und anders ist. Da die meisten Darsteller nur minimal in Erscheinung treten, hier einige wichtige Details zu dem, was wir bisher gesehen haben. <\/p>\n<p><!-- No repeatable ad for zone: character count repeatable. --><!-- Repeatable debug data: {\"injection\":\"none\",\"adPosition\":1,\"startingPoint\":0,\"skipEvery\":null,\"nbrPlacementFilledEachSkip\":1,\"nbrPlacementsScanned\":1,\"ruleCount\":900,\"degradationStartingPoint\":1,\"stopAds\":null,\"actualCount\":794} --><\/p>\n<h3 id=\"character-chart\">  Charakterdiagramm <\/h3>\n<div>\n<table cellspacing=\"0\" style=\"border-collapse:collapse; width:624px\">\n<tbody>\n<tr>\n<td style=\"border-bottom:1px solid #000000; border-left:1px solid #000000; border-right:1px solid #000000; border-top:1px solid #000000; vertical-align:top; width:210px\">Name<\/td>\n<td style=\"border-bottom:1px solid #000000; border-left:1px solid #000000; border-right:1px solid #000000; border-top:1px solid #000000; vertical-align:top; width:130px\">Alter<\/td>\n<td style=\"border-bottom:1px solid #000000; border-left:1px solid #000000; border-right:1px solid #000000; border-top:1px solid #000000; vertical-align:top; width:143px\">H\u00f6he<\/td>\n<td style=\"border-bottom:1px solid #000000; border-left:1px solid #000000; border-right:1px solid #000000; border-top:1px solid #000000; vertical-align:top; width:141px\">Geburtstag<\/td>\n<\/tr>\n<tr>\n<td style=\"border-bottom:1px solid #000000; border-left:1px solid #000000; border-right:1px solid #000000; border-top:1px solid #000000; vertical-align:top; width:210px\">Kyotaro Sugishita<\/td>\n<td style=\"border-bottom:1px solid #000000; border-left:1px solid #000000; border-right:1px solid #000000; border-top:1px solid #000000; vertical-align:top; width:130px\">15<\/td>\n<td style=\"border-bottom:1px solid #000000; border-left:1px solid #000000; border-right:1px solid #000000; border-top:1px solid #000000; vertical-align:top; width:143px\">192 cm<\/td>\n<td style=\"border-bottom:1px solid #000000; border-left:1px solid #000000; border-right:1px solid #000000; border-top:1px solid #000000; vertical-align:top; width:141px\">3. November<\/td>\n<\/tr>\n<tr>\n<td style=\"border-bottom:1px solid #000000; border-left:1px solid #000000; border-right:1px solid #000000; border-top:1px solid #000000; vertical-align:top; width:210px\">Jo Togame<\/td>\n<td style=\"border-bottom:1px solid #000000; border-left:1px solid #000000; border-right:1px solid #000000; border-top:1px solid #000000; vertical-align:top; width:130px\">17<\/td>\n<td style=\"border-bottom:1px solid #000000; border-left:1px solid #000000; border-right:1px solid #000000; border-top:1px solid #000000; vertical-align:top; width:143px\">187 cm\/6&#039;1<\/td>\n<td style=\"border-bottom:1px solid #000000; border-left:1px solid #000000; border-right:1px solid #000000; border-top:1px solid #000000; vertical-align:top; width:141px\">13. April<\/td>\n<\/tr>\n<tr>\n<td style=\"border-bottom:1px solid #000000; border-left:1px solid #000000; border-right:1px solid #000000; border-top:1px solid #000000; vertical-align:top; width:210px\">Choji Tomiyama<\/td>\n<td style=\"border-bottom:1px solid #000000; border-left:1px solid #000000; border-right:1px solid #000000; border-top:1px solid #000000; vertical-align:top; width:130px\">17<\/td>\n<td style=\"border-bottom:1px solid #000000; border-left:1px solid #000000; border-right:1px solid #000000; border-top:1px solid #000000; vertical-align:top; width:143px\">158 cm<\/td>\n<td style=\"border-bottom:1px solid #000000; border-left:1px solid #000000; border-right:1px solid #000000; border-top:1px solid #000000; vertical-align:top; width:141px\">7. M\u00e4rz<\/td>\n<\/tr>\n<tr>\n<td style=\"border-bottom:1px solid #000000; border-left:1px solid #000000; border-right:1px solid #000000; border-top:1px solid #000000; vertical-align:top; width:210px\">Akihiko Nirei<\/td>\n<td style=\"border-bottom:1px solid #000000; border-left:1px solid #000000; border-right:1px solid #000000; border-top:1px solid #000000; vertical-align:top; width:130px\">15<\/td>\n<td style=\"border-bottom:1px solid #000000; border-left:1px solid #000000; border-right:1px solid #000000; border-top:1px solid #000000; vertical-align:top; width:143px\">163 cm\/5&#039;4<\/td>\n<td style=\"border-bottom:1px solid #000000; border-left:1px solid #000000; border-right:1px solid #000000; border-top:1px solid #000000; vertical-align:top; width:141px\">21. September<\/td>\n<\/tr>\n<tr>\n<td style=\"border-bottom:1px solid #000000; border-left:1px solid #000000; border-right:1px solid #000000; border-top:1px solid #000000; vertical-align:top; width:210px\">Hayato Suo<\/td>\n<td style=\"border-bottom:1px solid #000000; border-left:1px solid #000000; border-right:1px solid #000000; border-top:1px solid #000000; vertical-align:top; width:130px\">15<\/td>\n<td style=\"border-bottom:1px solid #000000; border-left:1px solid #000000; border-right:1px solid #000000; border-top:1px solid #000000; vertical-align:top; width:143px\">174 cm<\/td>\n<td style=\"border-bottom:1px solid #000000; border-left:1px solid #000000; border-right:1px solid #000000; border-top:1px solid #000000; vertical-align:top; width:141px\">28. M\u00e4rz<\/td>\n<\/tr>\n<tr>\n<td style=\"border-bottom:1px solid #000000; border-left:1px solid #000000; border-right:1px solid #000000; border-top:1px solid #000000; vertical-align:top; width:210px\">Nimm Hiragi<\/td>\n<td style=\"border-bottom:1px solid #000000; border-left:1px solid #000000; border-right:1px solid #000000; border-top:1px solid #000000; vertical-align:top; width:130px\">N \/ A<\/td>\n<td style=\"border-bottom:1px solid #000000; border-left:1px solid #000000; border-right:1px solid #000000; border-top:1px solid #000000; vertical-align:top; width:143px\">187 cm\/6&#039;1<\/td>\n<td style=\"border-bottom:1px solid #000000; border-left:1px solid #000000; border-right:1px solid #000000; border-top:1px solid #000000; vertical-align:top; width:141px\">7. Dezember<\/td>\n<\/tr>\n<tr>\n<td style=\"border-bottom:1px solid #000000; border-left:1px solid #000000; border-right:1px solid #000000; border-top:1px solid #000000; vertical-align:top; width:210px\">Kotoha Tachibana<\/td>\n<td style=\"border-bottom:1px solid #000000; border-left:1px solid #000000; border-right:1px solid #000000; border-top:1px solid #000000; vertical-align:top; width:130px\">16<\/td>\n<td style=\"border-bottom:1px solid #000000; border-left:1px solid #000000; border-right:1px solid #000000; border-top:1px solid #000000; vertical-align:top; width:143px\">158 cm<\/td>\n<td style=\"border-bottom:1px solid #000000; border-left:1px solid #000000; border-right:1px solid #000000; border-top:1px solid #000000; vertical-align:top; width:141px\">5. April<\/td>\n<\/tr>\n<tr>\n<td style=\"border-bottom:1px solid #000000; border-left:1px solid #000000; border-right:1px solid #000000; border-top:1px solid #000000; vertical-align:top; width:210px\">Hajime Umemiya<\/td>\n<td style=\"border-bottom:1px solid #000000; border-left:1px solid #000000; border-right:1px solid #000000; border-top:1px solid #000000; vertical-align:top; width:130px\">N \/ A<\/td>\n<td style=\"border-bottom:1px solid #000000; border-left:1px solid #000000; border-right:1px solid #000000; border-top:1px solid #000000; vertical-align:top; width:143px\">188 cm<\/td>\n<td style=\"border-bottom:1px solid #000000; border-left:1px solid #000000; border-right:1px solid #000000; border-top:1px solid #000000; vertical-align:top; width:141px\">1. Februar<\/td>\n<\/tr>\n<tr>\n<td style=\"border-bottom:1px solid #000000; border-left:1px solid #000000; border-right:1px solid #000000; border-top:1px solid #000000; vertical-align:top; width:210px\">Haruka Sakura<\/td>\n<td style=\"border-bottom:1px solid #000000; border-left:1px solid #000000; border-right:1px solid #000000; border-top:1px solid #000000; vertical-align:top; width:130px\">15<\/td>\n<td style=\"border-bottom:1px solid #000000; border-left:1px solid #000000; border-right:1px solid #000000; border-top:1px solid #000000; vertical-align:top; width:143px\">169 cm<\/td>\n<td style=\"border-bottom:1px solid #000000; border-left:1px solid #000000; border-right:1px solid #000000; border-top:1px solid #000000; vertical-align:top; width:141px\">1. April<\/td>\n<\/tr>\n<\/tbody>\n<\/table>\n<p><!-- Repeatable debug data: {\"injection\":\"before\",\"adPosition\":1,\"startingPoint\":0,\"skipEvery\":null,\"nbrPlacementFilledEachSkip\":1,\"nbrPlacementsScanned\":1,\"ruleCount\":900,\"degradationStartingPoint\":1,\"stopAds\":null,\"isEarlyInjection\":false,\"actualCount\":1594} --><!-- Zone: character count repeatable. --><!-- Repeatable debug data: {\"injection\":\"after\",\"adPosition\":2,\"startingPoint\":0,\"skipEvery\":null,\"nbrPlacementFilledEachSkip\":2,\"nbrPlacementsScanned\":1,\"ruleCount\":900,\"degradationStartingPoint\":1,\"stopAds\":null,\"isEarlyInjection\":false,\"actualCount\":0} --><br \/>\n<!-- Repeatable debug data: {\"isEarlyInjection\":false,\"currentRuleCount\":900,\"actualCount\":0,\"hasActualCountMetThreshold\":null,\"countRemainingForInjection\":null,\"nextBlockCount\":null,\"hasCountRemainingForInjectionMetThreshold\":null} --><\/div>\n<p><!-- No repeatable ad for zone: character count repeatable. --><!-- Repeatable debug data: {\"injection\":\"none\",\"adPosition\":2,\"startingPoint\":0,\"skipEvery\":null,\"nbrPlacementFilledEachSkip\":2,\"nbrPlacementsScanned\":2,\"ruleCount\":900,\"degradationStartingPoint\":1,\"stopAds\":null,\"actualCount\":0} --><br \/>\n<!-- No winning ad found for zone: native in content! --><\/p>\n<h2 id=\"kyotaro-sugishita\">  Kyotaro Sugishita <\/h2>\n<h3 id=\"vaisravana-unit-member\">  Mitglied der Vaisravana-Einheit <\/h3>\n<div class=\"body-img landscape mobile-optimized\">\n<div class=\"responsive-img image-expandable img-article-item\" style=\":50%\" data-img-url=\"http:\/\/animangeek.com\/wp-content\/uploads\/sites\/106\/2024\/05\/1716024180_32_Idade-altura-e-aniversario-de-cada-personagem-principal.jpg\" data-modal-id=\"single-image-modal\" data-modal-container-id=\"single-image-modal-container\" data-img-caption=\"&quot;&quot;\">\n<figure><picture><source media=\"(min-width: 1024px)\" data- \/><source media=\"(min-width: 768px)\" data- \/><source media=\"(min-width: 481px)\" data- \/><source media=\"(min-width: 0px)\" data- \/><img width=\"2000\" height=\"1000\" loading=\"lazy\" decoding=\"async\" alt=\"Kyotaro Sugishita\" src=\"http:\/\/animangeek.com\/wp-content\/uploads\/sites\/106\/2024\/05\/1716024180_32_Idade-altura-e-aniversario-de-cada-personagem-principal.jpg\" style=\"display:block;height:auto;max-width:100%;\"\/> <\/picture> <\/figure>\n<\/p><\/div>\n<\/p><\/div>\n<p><!-- No repeatable ad for zone: character count repeatable. --><!-- Repeatable debug data: {\"injection\":\"none\",\"adPosition\":2,\"startingPoint\":0,\"skipEvery\":null,\"nbrPlacementFilledEachSkip\":2,\"nbrPlacementsScanned\":2,\"ruleCount\":900,\"degradationStartingPoint\":1,\"stopAds\":null,\"actualCount\":240} --><\/p>\n<p><!-- No repeatable ad for zone: character count repeatable. --><!-- Repeatable debug data: {\"injection\":\"none\",\"adPosition\":2,\"startingPoint\":0,\"skipEvery\":null,\"nbrPlacementFilledEachSkip\":2,\"nbrPlacementsScanned\":2,\"ruleCount\":900,\"degradationStartingPoint\":1,\"stopAds\":null,\"actualCount\":259} --><\/p>\n<p>  Sugishita, Mitglied der Bofurin und Erstkl\u00e4ssler an der Furin High School, wirkt zun\u00e4chst relativ langsam und distanziert. Er zeigt selten Interesse an anderen, abgesehen von gelegentlichen Andeutungen von Respektlosigkeit gegen\u00fcber Hajime Umemiya. <\/p>\n<p><!-- No repeatable ad for zone: character count repeatable. --><!-- Repeatable debug data: {\"injection\":\"none\",\"adPosition\":2,\"startingPoint\":0,\"skipEvery\":null,\"nbrPlacementFilledEachSkip\":2,\"nbrPlacementsScanned\":2,\"ruleCount\":900,\"degradationStartingPoint\":1,\"stopAds\":null,\"actualCount\":472} --><\/p>\n<p>  Aus unbekannten Gr\u00fcnden ist Sugishita dem derzeitigen Anf\u00fchrer von Bofurin fast religi\u00f6s ergeben, was ihn als Fanatiker erscheinen l\u00e4sst. Sugishita ist f\u00fcr sein Alter au\u00dfergew\u00f6hnlich gro\u00df und wenig interaktiv, da er kaum spricht und sich nicht besonders ausdrucksstark zeigt. Er dr\u00fcckt sich haupts\u00e4chlich mit seinen F\u00e4usten aus. Trotz seiner aggressiven Tendenzen ist er sanft, wenn die Situation es erfordert. <\/p>\n<p><!-- No repeatable ad for zone: character count repeatable. --><!-- Repeatable debug data: {\"injection\":\"none\",\"adPosition\":2,\"startingPoint\":0,\"skipEvery\":null,\"nbrPlacementFilledEachSkip\":2,\"nbrPlacementsScanned\":2,\"ruleCount\":900,\"degradationStartingPoint\":1,\"stopAds\":null,\"actualCount\":864} --><\/p>\n<p><!-- No repeatable ad for zone: character count repeatable. --><!-- Repeatable debug data: {\"injection\":\"none\",\"adPosition\":2,\"startingPoint\":0,\"skipEvery\":null,\"nbrPlacementFilledEachSkip\":2,\"nbrPlacementsScanned\":2,\"ruleCount\":900,\"degradationStartingPoint\":1,\"stopAds\":null,\"actualCount\":864} --><br \/>\n<!-- Repeatable debug data: {\"isEarlyInjection\":true,\"currentRuleCount\":900,\"actualCount\":864,\"hasActualCountMetThreshold\":true,\"countRemainingForInjection\":36,\"nextBlockCount\":240,\"hasCountRemainingForInjectionMetThreshold\":true,\"nextCount\":1104} --><\/p>\n<p><!-- Repeatable debug data: {\"injection\":\"before\",\"adPosition\":2,\"startingPoint\":0,\"skipEvery\":null,\"nbrPlacementFilledEachSkip\":2,\"nbrPlacementsScanned\":2,\"ruleCount\":900,\"degradationStartingPoint\":1,\"stopAds\":null,\"isEarlyInjection\":true,\"actualCount\":900} --><!-- Zone: character count repeatable. --><!-- Repeatable debug data: {\"injection\":\"after\",\"adPosition\":3,\"startingPoint\":0,\"skipEvery\":null,\"nbrPlacementFilledEachSkip\":3,\"nbrPlacementsScanned\":2,\"ruleCount\":900,\"degradationStartingPoint\":1,\"stopAds\":null,\"isEarlyInjection\":true,\"actualCount\":0} --><\/p>\n<h2 id=\"jo-togame\">  Jo Togame <\/h2>\n<h3 id=\"shishitoren-vice-leader\">  Stellvertretender Leiter <\/h3>\n<div class=\"body-img landscape mobile-optimized\">\n<div class=\"responsive-img image-expandable img-article-item\" style=\":50%\" data-img-url=\"http:\/\/animangeek.com\/wp-content\/uploads\/sites\/106\/2024\/05\/1716024180_137_Idade-altura-e-aniversario-de-cada-personagem-principal.jpg\" data-modal-id=\"single-image-modal\" data-modal-container-id=\"single-image-modal-container\" data-img-caption=\"&quot;&quot;\">\n<figure><picture><source media=\"(min-width: 1024px)\" data- \/><source media=\"(min-width: 768px)\" data- \/><source media=\"(min-width: 481px)\" data- \/><source media=\"(min-width: 0px)\" data- \/><img width=\"2000\" height=\"1000\" loading=\"lazy\" decoding=\"async\" alt=\"blus\u00e3o jo togame\" src=\"http:\/\/animangeek.com\/wp-content\/uploads\/sites\/106\/2024\/05\/1716024180_137_Idade-altura-e-aniversario-de-cada-personagem-principal.jpg\" style=\"display:block;height:auto;max-width:100%;\"\/> <\/picture> <\/figure>\n<\/p><\/div>\n<\/p><\/div>\n<p><!-- No repeatable ad for zone: character count repeatable. --><!-- Repeatable debug data: {\"injection\":\"none\",\"adPosition\":3,\"startingPoint\":0,\"skipEvery\":null,\"nbrPlacementFilledEachSkip\":3,\"nbrPlacementsScanned\":3,\"ruleCount\":900,\"degradationStartingPoint\":1,\"stopAds\":null,\"actualCount\":204} --><\/p>\n<p><!-- No repeatable ad for zone: character count repeatable. --><!-- Repeatable debug data: {\"injection\":\"none\",\"adPosition\":3,\"startingPoint\":0,\"skipEvery\":null,\"nbrPlacementFilledEachSkip\":3,\"nbrPlacementsScanned\":3,\"ruleCount\":900,\"degradationStartingPoint\":1,\"stopAds\":null,\"actualCount\":223} --><\/p>\n<p>  Der stellvertretende Leiter der rivalisierenden Schule, Shishitoren, Jo Togame, wirkt zun\u00e4chst entspannt und ruhig. Sein Verhalten entwickelt sich jedoch zu einem etwas unberechenbaren und unvorhersehbaren. Togame verachtet schwache Menschen und ist arrogant und r\u00fccksichtslos im Umgang mit seinen Untergebenen, die den Standards, die er als St\u00e4rke betrachtet, nicht entsprechen. <\/p>\n<p><!-- No repeatable ad for zone: character count repeatable. --><!-- Repeatable debug data: {\"injection\":\"none\",\"adPosition\":3,\"startingPoint\":0,\"skipEvery\":null,\"nbrPlacementFilledEachSkip\":3,\"nbrPlacementsScanned\":3,\"ruleCount\":900,\"degradationStartingPoint\":1,\"stopAds\":null,\"actualCount\":576} --><\/p>\n<p>  Seine Arroganz r\u00fchrt jedoch von seiner eigenen St\u00e4rke her. Obwohl er nur ein Highschool-Sch\u00fcler ist, ist er ein furchterregender Mensch, gesegnet mit \u00fcberdurchschnittlicher k\u00f6rperlicher St\u00e4rke, was ihn deutlich st\u00e4rker macht als die meisten Sch\u00fcler seines Alters. <\/p>\n<p><!-- No repeatable ad for zone: character count repeatable. --><!-- Repeatable debug data: {\"injection\":\"none\",\"adPosition\":3,\"startingPoint\":0,\"skipEvery\":null,\"nbrPlacementFilledEachSkip\":3,\"nbrPlacementsScanned\":3,\"ruleCount\":900,\"degradationStartingPoint\":1,\"stopAds\":null,\"actualCount\":810} --><\/p>\n<p><!-- No repeatable ad for zone: character count repeatable. --><!-- Repeatable debug data: {\"injection\":\"none\",\"adPosition\":3,\"startingPoint\":0,\"skipEvery\":null,\"nbrPlacementFilledEachSkip\":3,\"nbrPlacementsScanned\":3,\"ruleCount\":900,\"degradationStartingPoint\":1,\"stopAds\":null,\"actualCount\":810} --><br \/>\n<!-- Repeatable debug data: {\"isEarlyInjection\":true,\"currentRuleCount\":900,\"actualCount\":810,\"hasActualCountMetThreshold\":true,\"countRemainingForInjection\":90,\"nextBlockCount\":240,\"hasCountRemainingForInjectionMetThreshold\":true,\"nextCount\":1050} --><\/p>\n<p><!-- Repeatable debug data: {\"injection\":\"before\",\"adPosition\":3,\"startingPoint\":0,\"skipEvery\":null,\"nbrPlacementFilledEachSkip\":3,\"nbrPlacementsScanned\":3,\"ruleCount\":900,\"degradationStartingPoint\":1,\"stopAds\":null,\"isEarlyInjection\":true,\"actualCount\":900} --><!-- Zone: character count repeatable. --><!-- Repeatable debug data: {\"injection\":\"after\",\"adPosition\":4,\"startingPoint\":0,\"skipEvery\":null,\"nbrPlacementFilledEachSkip\":4,\"nbrPlacementsScanned\":3,\"ruleCount\":900,\"degradationStartingPoint\":1,\"stopAds\":null,\"isEarlyInjection\":true,\"actualCount\":0} --><\/p>\n<h2 id=\"choji-tomiyama\">  Choji Tomiyama <\/h2>\n<h3 id=\"shishitoren-leader\">  Shishitoren-Anf\u00fchrer <\/h3>\n<div class=\"body-img landscape mobile-optimized\">\n<div class=\"responsive-img image-expandable img-article-item\" style=\":50%\" data-img-url=\"http:\/\/animangeek.com\/wp-content\/uploads\/sites\/106\/2024\/05\/1716024180_900_Idade-altura-e-aniversario-de-cada-personagem-principal.jpg\" data-modal-id=\"single-image-modal\" data-modal-container-id=\"single-image-modal-container\" data-img-caption=\"&quot;&quot;\">\n<figure><picture><source media=\"(min-width: 1024px)\" data- \/><source media=\"(min-width: 768px)\" data- \/><source media=\"(min-width: 481px)\" data- \/><source media=\"(min-width: 0px)\" data- \/><img width=\"2000\" height=\"1000\" loading=\"lazy\" decoding=\"async\" alt=\"blus\u00e3o choji tomiyama\" src=\"http:\/\/animangeek.com\/wp-content\/uploads\/sites\/106\/2024\/05\/1716024180_900_Idade-altura-e-aniversario-de-cada-personagem-principal.jpg\" style=\"display:block;height:auto;max-width:100%;\"\/> <\/picture> <\/figure>\n<\/p><\/div>\n<\/p><\/div>\n<p><!-- No repeatable ad for zone: character count repeatable. --><!-- Repeatable debug data: {\"injection\":\"none\",\"adPosition\":4,\"startingPoint\":0,\"skipEvery\":null,\"nbrPlacementFilledEachSkip\":4,\"nbrPlacementsScanned\":4,\"ruleCount\":900,\"degradationStartingPoint\":1,\"stopAds\":null,\"actualCount\":150} --><\/p>\n<p><!-- No repeatable ad for zone: character count repeatable. --><!-- Repeatable debug data: {\"injection\":\"none\",\"adPosition\":4,\"startingPoint\":0,\"skipEvery\":null,\"nbrPlacementFilledEachSkip\":4,\"nbrPlacementsScanned\":4,\"ruleCount\":900,\"degradationStartingPoint\":1,\"stopAds\":null,\"actualCount\":169} --><\/p>\n<p>  Der Anf\u00fchrer der rivalisierenden Schule, Shishitoren, Choji Tomiyama, \u00e4hnelt aufgrund seiner geringen Gr\u00f6\u00dfe einem Kind. Hinter seiner kleinen Erscheinung verbirgt sich jedoch ein verdrehtes Individuum mit einer Neigung zu Gewalt und K\u00e4mpfen, wie sich zeigt, als er Umemiya zu einem Kampf herausfordert und einen Wutanfall bekommt, bis dieser schlie\u00dflich einwilligt. <\/p>\n<p><!-- No repeatable ad for zone: character count repeatable. --><!-- Repeatable debug data: {\"injection\":\"none\",\"adPosition\":4,\"startingPoint\":0,\"skipEvery\":null,\"nbrPlacementFilledEachSkip\":4,\"nbrPlacementsScanned\":4,\"ruleCount\":900,\"degradationStartingPoint\":1,\"stopAds\":null,\"actualCount\":488} --><\/p>\n<div class=\"display-card article article-card small no-badge active-content\">\n<div class=\"w-img\">\n<div class=\"body-img landscape\">\n<div class=\"responsive-img img-featured-4-pin-single-size-featured-secondary\" style=\":50%\" data-img-url=\"http:\/\/animangeek.com\/wp-content\/uploads\/sites\/106\/2024\/05\/1716024180_433_Idade-altura-e-aniversario-de-cada-personagem-principal.jpg\" data-modal-id=\"single-image-modal\" data-modal-container-id=\"single-image-modal-container\" data-img-caption=\"&quot;&quot;\">\n<figure><picture><source media=\"(min-width: 1024px)\" data- \/><source media=\"(min-width: 768px)\" data- \/><source media=\"(min-width: 481px)\" data- \/><source media=\"(min-width: 0px)\" data- \/><img width=\"2000\" height=\"1000\" loading=\"lazy\" decoding=\"async\" alt=\"Imagem dividida do Android 17 se preparando para lutar contra Piccolo em Dragon Ball Z, Nnoitra sorrindo em Bleach e Shogen enfrentando seu oponente em Basilisk The Kouga Ninja Scrolls\" src=\"http:\/\/animangeek.com\/wp-content\/uploads\/sites\/106\/2024\/05\/1716024180_433_Idade-altura-e-aniversario-de-cada-personagem-principal.jpg\" style=\"display:block;height:auto;max-width:100%;\"\/> <\/picture> <\/figure>\n<\/p><\/div>\n<\/p><\/div>\n<\/p><\/div>\n<p> <span data-field=\"label\" class=\"article-card-label\">Verwandt<\/span><\/p>\n<div class=\"w-display-card-content regular article-block\">\n<h5 class=\"display-card-title\">  5 Anime-Charaktere, die gerne k\u00e4mpfen  <\/h5>\n<p class=\"display-card-excerpt\">Diese stolzen Charaktere genie\u00dfen einen guten Kampf und haben das K\u00e4mpfen zu einer Kunstform erhoben.<\/p>\n<\/p><\/div>\n<\/p><\/div>\n<p>  Obwohl er scheinbar harmlos ist, verd\u00fcstert sich seine Pers\u00f6nlichkeit beim geringsten Anzeichen von Gewalt. Er sucht st\u00e4ndig nach st\u00e4rkeren Gegnern, um seine St\u00e4rke zu testen \u2013 eine Eigenschaft, die ihn an die Spitze von Shishitoren katapultiert hat. <\/p>\n<p><!-- No repeatable ad for zone: character count repeatable. --><!-- Repeatable debug data: {\"injection\":\"none\",\"adPosition\":4,\"startingPoint\":0,\"skipEvery\":null,\"nbrPlacementFilledEachSkip\":4,\"nbrPlacementsScanned\":4,\"ruleCount\":900,\"degradationStartingPoint\":1,\"stopAds\":null,\"actualCount\":688} --><\/p>\n<p><!-- No repeatable ad for zone: character count repeatable. --><!-- Repeatable debug data: {\"injection\":\"none\",\"adPosition\":4,\"startingPoint\":0,\"skipEvery\":null,\"nbrPlacementFilledEachSkip\":4,\"nbrPlacementsScanned\":4,\"ruleCount\":900,\"degradationStartingPoint\":1,\"stopAds\":null,\"actualCount\":688} --><\/p>\n<h2 id=\"akihiko-nirei\">  Akihiko Nirei <\/h2>\n<h3 id=\"vice-captain-of-the-vaisravana-unit\">  Vizekapit\u00e4n der Vaisravana-Einheit <\/h3>\n<div class=\"body-img landscape mobile-optimized\">\n<div class=\"responsive-img image-expandable img-article-item\" style=\":50%\" data-img-url=\"http:\/\/animangeek.com\/wp-content\/uploads\/sites\/106\/2024\/05\/1716024180_979_Idade-altura-e-aniversario-de-cada-personagem-principal.jpg\" data-modal-id=\"single-image-modal\" data-modal-container-id=\"single-image-modal-container\" data-img-caption=\"&quot;&quot;\">\n<figure><picture><source media=\"(min-width: 1024px)\" data- \/><source media=\"(min-width: 768px)\" data- \/><source media=\"(min-width: 481px)\" data- \/><source media=\"(min-width: 0px)\" data- \/><img width=\"2000\" height=\"1000\" loading=\"lazy\" decoding=\"async\" alt=\"corta vento akihiko nirei\" src=\"http:\/\/animangeek.com\/wp-content\/uploads\/sites\/106\/2024\/05\/1716024180_979_Idade-altura-e-aniversario-de-cada-personagem-principal.jpg\" style=\"display:block;height:auto;max-width:100%;\"\/> <\/picture> <\/figure>\n<\/p><\/div>\n<\/p><\/div>\n<p><!-- Repeatable debug data: {\"injection\":\"before\",\"adPosition\":4,\"startingPoint\":0,\"skipEvery\":null,\"nbrPlacementFilledEachSkip\":4,\"nbrPlacementsScanned\":4,\"ruleCount\":900,\"degradationStartingPoint\":1,\"stopAds\":null,\"isEarlyInjection\":false,\"actualCount\":928} --><!-- Zone: character count repeatable. --><!-- Repeatable debug data: {\"injection\":\"after\",\"adPosition\":5,\"startingPoint\":0,\"skipEvery\":null,\"nbrPlacementFilledEachSkip\":5,\"nbrPlacementsScanned\":4,\"ruleCount\":900,\"degradationStartingPoint\":1,\"stopAds\":null,\"isEarlyInjection\":false,\"actualCount\":0} --><br \/>\n<!-- Repeatable debug data: {\"isEarlyInjection\":false,\"currentRuleCount\":900,\"actualCount\":0,\"hasActualCountMetThreshold\":null,\"countRemainingForInjection\":null,\"nextBlockCount\":null,\"hasCountRemainingForInjectionMetThreshold\":null} --><\/p>\n<p><!-- No repeatable ad for zone: character count repeatable. --><!-- Repeatable debug data: {\"injection\":\"none\",\"adPosition\":5,\"startingPoint\":0,\"skipEvery\":null,\"nbrPlacementFilledEachSkip\":5,\"nbrPlacementsScanned\":5,\"ruleCount\":900,\"degradationStartingPoint\":1,\"stopAds\":null,\"actualCount\":19} --><\/p>\n<p>  Wie Sugishita ist Akihiko Nirei ein Erstkl\u00e4ssler an der Furin High School und Vizekapit\u00e4n der Vaisravana-Einheit von Bofurin. Nirei ist normalerweise fr\u00f6hlich und ruhig, aber aus verschiedenen Gr\u00fcnden gelegentlich tollpatschig. <\/p>\n<p><!-- No repeatable ad for zone: character count repeatable. --><!-- Repeatable debug data: {\"injection\":\"none\",\"adPosition\":5,\"startingPoint\":0,\"skipEvery\":null,\"nbrPlacementFilledEachSkip\":5,\"nbrPlacementsScanned\":5,\"ruleCount\":900,\"degradationStartingPoint\":1,\"stopAds\":null,\"actualCount\":232} --><\/p>\n<p>  Im Gegensatz zu den meisten Bofurin-Mitgliedern liegen Nireis St\u00e4rken nicht im Kampf. Er ist aufgrund jahrelangen Mobbings in der Mittelschule leicht zu erschrecken, wenn er in Gefahr ger\u00e4t. Nirei verf\u00fcgt jedoch \u00fcber ausgezeichnete Ged\u00e4chtnis- und Dokumentationsf\u00e4higkeiten, die in den meisten Situationen n\u00fctzlich sind. Abgesehen von seinen seltsamen Neigungen ist Nirei einer der einflussreichsten Neulinge und hat eine enge Beziehung zu Sakura. <\/p>\n<p><!-- No repeatable ad for zone: character count repeatable. --><!-- Repeatable debug data: {\"injection\":\"none\",\"adPosition\":5,\"startingPoint\":0,\"skipEvery\":null,\"nbrPlacementFilledEachSkip\":5,\"nbrPlacementsScanned\":5,\"ruleCount\":900,\"degradationStartingPoint\":1,\"stopAds\":null,\"actualCount\":653} --><\/p>\n<p><!-- No repeatable ad for zone: character count repeatable. --><!-- Repeatable debug data: {\"injection\":\"none\",\"adPosition\":5,\"startingPoint\":0,\"skipEvery\":null,\"nbrPlacementFilledEachSkip\":5,\"nbrPlacementsScanned\":5,\"ruleCount\":900,\"degradationStartingPoint\":1,\"stopAds\":null,\"actualCount\":653} --><\/p>\n<h2 id=\"hayato-suo\">  Hayato Suo <\/h2>\n<h3 id=\"vice-captain-of-the-vaisravana-unit\">  Vizekapit\u00e4n der Vaisravana-Einheit <\/h3>\n<div class=\"body-img landscape mobile-optimized\">\n<div class=\"responsive-img image-expandable img-article-item\" style=\":50%\" data-img-url=\"http:\/\/animangeek.com\/wp-content\/uploads\/sites\/106\/2024\/05\/1716024180_81_Idade-altura-e-aniversario-de-cada-personagem-principal.jpg\" data-modal-id=\"single-image-modal\" data-modal-container-id=\"single-image-modal-container\" data-img-caption=\"&quot;&quot;\">\n<figure><picture><source media=\"(min-width: 1024px)\" data- \/><source media=\"(min-width: 768px)\" data- \/><source media=\"(min-width: 481px)\" data- \/><source media=\"(min-width: 0px)\" data- \/><img width=\"2000\" height=\"1000\" loading=\"lazy\" decoding=\"async\" alt=\"hayato seu blus\u00e3o\" src=\"http:\/\/animangeek.com\/wp-content\/uploads\/sites\/106\/2024\/05\/1716024180_81_Idade-altura-e-aniversario-de-cada-personagem-principal.jpg\" style=\"display:block;height:auto;max-width:100%;\"\/> <\/picture> <\/figure>\n<\/p><\/div>\n<\/p><\/div>\n<p><!-- No repeatable ad for zone: character count repeatable. --><!-- Repeatable debug data: {\"injection\":\"none\",\"adPosition\":5,\"startingPoint\":0,\"skipEvery\":null,\"nbrPlacementFilledEachSkip\":5,\"nbrPlacementsScanned\":5,\"ruleCount\":900,\"degradationStartingPoint\":1,\"stopAds\":null,\"actualCount\":893} --><br \/>\n<!-- Repeatable debug data: {\"isEarlyInjection\":true,\"currentRuleCount\":900,\"actualCount\":893,\"hasActualCountMetThreshold\":true,\"countRemainingForInjection\":7,\"nextBlockCount\":19,\"hasCountRemainingForInjectionMetThreshold\":true,\"nextCount\":912} --><\/p>\n<p><!-- Repeatable debug data: {\"injection\":\"before\",\"adPosition\":5,\"startingPoint\":0,\"skipEvery\":null,\"nbrPlacementFilledEachSkip\":5,\"nbrPlacementsScanned\":5,\"ruleCount\":900,\"degradationStartingPoint\":1,\"stopAds\":null,\"isEarlyInjection\":true,\"actualCount\":900} --><!-- Zone: character count repeatable. --><!-- Repeatable debug data: {\"injection\":\"after\",\"adPosition\":6,\"startingPoint\":0,\"skipEvery\":null,\"nbrPlacementFilledEachSkip\":6,\"nbrPlacementsScanned\":5,\"ruleCount\":900,\"degradationStartingPoint\":1,\"stopAds\":null,\"isEarlyInjection\":true,\"actualCount\":0} --><\/p>\n<p><!-- No repeatable ad for zone: character count repeatable. --><!-- Repeatable debug data: {\"injection\":\"none\",\"adPosition\":6,\"startingPoint\":0,\"skipEvery\":null,\"nbrPlacementFilledEachSkip\":6,\"nbrPlacementsScanned\":6,\"ruleCount\":900,\"degradationStartingPoint\":1,\"stopAds\":null,\"actualCount\":12} --><\/p>\n<p>  Hayato Suo, wohl der St\u00e4rkste der ersten Jahre, ist Mitglied der Bofurin und wie Nirei Vizekapit\u00e4n der Vaisravana-Einheit. Suo, der durch seine Augenklappe auff\u00e4llt, l\u00e4chelt selbst in den extremsten Situationen immer und bleibt ruhig. Er zeigt niemals \u00c4rger oder negative Emotionen, was ihn noch einsch\u00fcchternder macht. <\/p>\n<p><!-- No repeatable ad for zone: character count repeatable. --><!-- Repeatable debug data: {\"injection\":\"none\",\"adPosition\":6,\"startingPoint\":0,\"skipEvery\":null,\"nbrPlacementFilledEachSkip\":6,\"nbrPlacementsScanned\":6,\"ruleCount\":900,\"degradationStartingPoint\":1,\"stopAds\":null,\"actualCount\":351} --><\/p>\n<p>  Suo analysiert Situationen kritisch und besonnen, ist detailgenau und reagiert entsprechend. Obwohl er Gewalt gegen\u00fcber abgeneigt wirkt, verleiht seine Beherrschung der Mixed Martial Arts seiner allgemeinen St\u00e4rke Glaubw\u00fcrdigkeit. <\/p>\n<p><!-- No repeatable ad for zone: character count repeatable. --><!-- Repeatable debug data: {\"injection\":\"none\",\"adPosition\":6,\"startingPoint\":0,\"skipEvery\":null,\"nbrPlacementFilledEachSkip\":6,\"nbrPlacementsScanned\":6,\"ruleCount\":900,\"degradationStartingPoint\":1,\"stopAds\":null,\"actualCount\":569} --><\/p>\n<p><!-- No repeatable ad for zone: character count repeatable. --><!-- Repeatable debug data: {\"injection\":\"none\",\"adPosition\":6,\"startingPoint\":0,\"skipEvery\":null,\"nbrPlacementFilledEachSkip\":6,\"nbrPlacementsScanned\":6,\"ruleCount\":900,\"degradationStartingPoint\":1,\"stopAds\":null,\"actualCount\":569} --><\/p>\n<h2 id=\"toma-hiragi\">  Nimm Hiragi <\/h2>\n<h3 id=\"vaisravana-unit-leader\">  Leiter der Vaisravana-Einheit <\/h3>\n<div class=\"body-img landscape mobile-optimized\">\n<div class=\"responsive-img image-expandable img-article-item\" style=\":50%\" data-img-url=\"http:\/\/animangeek.com\/wp-content\/uploads\/sites\/106\/2024\/05\/1716024180_485_Idade-altura-e-aniversario-de-cada-personagem-principal.jpg\" data-modal-id=\"single-image-modal\" data-modal-container-id=\"single-image-modal-container\" data-img-caption=\"&quot;&quot;\">\n<figure><picture><source media=\"(min-width: 1024px)\" data- \/><source media=\"(min-width: 768px)\" data- \/><source media=\"(min-width: 481px)\" data- \/><source media=\"(min-width: 0px)\" data- \/><img width=\"1800\" height=\"900\" loading=\"lazy\" decoding=\"async\" alt=\"Wind-Breaker-Quatro-Heavenly-General-Hiragi\" src=\"http:\/\/animangeek.com\/wp-content\/uploads\/sites\/106\/2024\/05\/1716024180_485_Idade-altura-e-aniversario-de-cada-personagem-principal.jpg\" style=\"display:block;height:auto;max-width:100%;\"\/> <\/picture> <\/figure>\n<\/p><\/div>\n<\/p><\/div>\n<p><!-- No repeatable ad for zone: character count repeatable. --><!-- Repeatable debug data: {\"injection\":\"none\",\"adPosition\":6,\"startingPoint\":0,\"skipEvery\":null,\"nbrPlacementFilledEachSkip\":6,\"nbrPlacementsScanned\":6,\"ruleCount\":900,\"degradationStartingPoint\":1,\"stopAds\":null,\"actualCount\":809} --><\/p>\n<p><!-- No repeatable ad for zone: character count repeatable. --><!-- Repeatable debug data: {\"injection\":\"none\",\"adPosition\":6,\"startingPoint\":0,\"skipEvery\":null,\"nbrPlacementFilledEachSkip\":6,\"nbrPlacementsScanned\":6,\"ruleCount\":900,\"degradationStartingPoint\":1,\"stopAds\":null,\"actualCount\":828} --><br \/>\n<!-- Repeatable debug data: {\"isEarlyInjection\":true,\"currentRuleCount\":900,\"actualCount\":828,\"hasActualCountMetThreshold\":true,\"countRemainingForInjection\":72,\"nextBlockCount\":251,\"hasCountRemainingForInjectionMetThreshold\":true,\"nextCount\":1079} --><\/p>\n<p><!-- Repeatable debug data: {\"injection\":\"before\",\"adPosition\":6,\"startingPoint\":0,\"skipEvery\":null,\"nbrPlacementFilledEachSkip\":6,\"nbrPlacementsScanned\":6,\"ruleCount\":900,\"degradationStartingPoint\":1,\"stopAds\":null,\"isEarlyInjection\":true,\"actualCount\":900} --><!-- Zone: character count repeatable. --><!-- Repeatable debug data: {\"injection\":\"after\",\"adPosition\":7,\"startingPoint\":0,\"skipEvery\":null,\"nbrPlacementFilledEachSkip\":7,\"nbrPlacementsScanned\":6,\"ruleCount\":900,\"degradationStartingPoint\":1,\"stopAds\":null,\"isEarlyInjection\":true,\"actualCount\":0} --><\/p>\n<p>  Toma Hiragi, ein Drittkl\u00e4ssler der Furin High School, ist einer der vier himmlischen K\u00f6nige von Bofurin und Kommandant der Vaisravana-Einheit. Hiragi, der f\u00fcr seine kurzen, stacheligen Haare bekannt ist, ist oft ver\u00e4rgert oder gestresst \u00fcber die Konflikte, in die Bofurin verwickelt ist. <\/p>\n<p><!-- No repeatable ad for zone: character count repeatable. --><!-- Repeatable debug data: {\"injection\":\"none\",\"adPosition\":7,\"startingPoint\":0,\"skipEvery\":null,\"nbrPlacementFilledEachSkip\":7,\"nbrPlacementsScanned\":7,\"ruleCount\":900,\"degradationStartingPoint\":1,\"stopAds\":null,\"actualCount\":179} --><\/p>\n<p>  Hiragi leidet nicht nur unter Konflikten, sondern nimmt auch st\u00e4ndig Medikamente gegen Magenschmerzen, die in seinem ersten Highschool-Jahr begannen. An vorderster Front von Bandenk\u00e4mpfen und -k\u00e4mpfen wirkt Hiragi normalerweise r\u00fccksichtslos. In kritischen Momenten wirkt er jedoch auch ruhig und besonnen, insbesondere wenn es um seine F\u00fchrungsrolle geht. <\/p>\n<p><!-- No repeatable ad for zone: character count repeatable. --><!-- Repeatable debug data: {\"injection\":\"none\",\"adPosition\":7,\"startingPoint\":0,\"skipEvery\":null,\"nbrPlacementFilledEachSkip\":7,\"nbrPlacementsScanned\":7,\"ruleCount\":900,\"degradationStartingPoint\":1,\"stopAds\":null,\"actualCount\":522} --><\/p>\n<p><!-- No repeatable ad for zone: character count repeatable. --><!-- Repeatable debug data: {\"injection\":\"none\",\"adPosition\":7,\"startingPoint\":0,\"skipEvery\":null,\"nbrPlacementFilledEachSkip\":7,\"nbrPlacementsScanned\":7,\"ruleCount\":900,\"degradationStartingPoint\":1,\"stopAds\":null,\"actualCount\":522} --><\/p>\n<h2 id=\"kotoha-tachibana\">  Kotoha Tachibana <\/h2>\n<h3 id=\"waitress\">  Kellnerin <\/h3>\n<div class=\"body-img landscape mobile-optimized\">\n<div class=\"responsive-img image-expandable img-article-item\" style=\":50%\" data-img-url=\"http:\/\/animangeek.com\/wp-content\/uploads\/sites\/106\/2024\/05\/1716024180_204_Idade-altura-e-aniversario-de-cada-personagem-principal.jpg\" data-modal-id=\"single-image-modal\" data-modal-container-id=\"single-image-modal-container\" data-img-caption=\"&quot;&quot;\">\n<figure><picture><source media=\"(min-width: 1024px)\" data- \/><source media=\"(min-width: 768px)\" data- \/><source media=\"(min-width: 481px)\" data- \/><source media=\"(min-width: 0px)\" data- \/><img width=\"2000\" height=\"1000\" loading=\"lazy\" decoding=\"async\" alt=\"Kotoha Tachibana \" src=\"http:\/\/animangeek.com\/wp-content\/uploads\/sites\/106\/2024\/05\/1716024180_204_Idade-altura-e-aniversario-de-cada-personagem-principal.jpg\" style=\"display:block;height:auto;max-width:100%;\"\/> <\/picture> <\/figure>\n<\/p><\/div>\n<\/p><\/div>\n<p><!-- No repeatable ad for zone: character count repeatable. --><!-- Repeatable debug data: {\"injection\":\"none\",\"adPosition\":7,\"startingPoint\":0,\"skipEvery\":null,\"nbrPlacementFilledEachSkip\":7,\"nbrPlacementsScanned\":7,\"ruleCount\":900,\"degradationStartingPoint\":1,\"stopAds\":null,\"actualCount\":762} --><\/p>\n<p><!-- No repeatable ad for zone: character count repeatable. --><!-- Repeatable debug data: {\"injection\":\"none\",\"adPosition\":7,\"startingPoint\":0,\"skipEvery\":null,\"nbrPlacementFilledEachSkip\":7,\"nbrPlacementsScanned\":7,\"ruleCount\":900,\"degradationStartingPoint\":1,\"stopAds\":null,\"actualCount\":781} --><\/p>\n<p>  Die Adoptivschwester des Bofurin-Chefs, Kotoha Tachibana, arbeitet ebenfalls als Kellnerin im Caf\u00e9 Pothos. Im Gegensatz zu ihrem Adoptivbruder ist Kotoha keine Studentin und lehnt Gewalt ab, unterst\u00fctzt jedoch Umemiya entschieden. <\/p>\n<p><!-- Repeatable debug data: {\"injection\":\"before\",\"adPosition\":7,\"startingPoint\":0,\"skipEvery\":null,\"nbrPlacementFilledEachSkip\":7,\"nbrPlacementsScanned\":7,\"ruleCount\":900,\"degradationStartingPoint\":1,\"stopAds\":null,\"isEarlyInjection\":false,\"actualCount\":1014} --><!-- Zone: character count repeatable. --><!-- Repeatable debug data: {\"injection\":\"after\",\"adPosition\":8,\"startingPoint\":0,\"skipEvery\":null,\"nbrPlacementFilledEachSkip\":8,\"nbrPlacementsScanned\":7,\"ruleCount\":900,\"degradationStartingPoint\":1,\"stopAds\":null,\"isEarlyInjection\":false,\"actualCount\":0} --><br \/>\n<!-- Repeatable debug data: {\"isEarlyInjection\":false,\"currentRuleCount\":900,\"actualCount\":0,\"hasActualCountMetThreshold\":null,\"countRemainingForInjection\":null,\"nextBlockCount\":null,\"hasCountRemainingForInjectionMetThreshold\":null} --><\/p>\n<div class=\"display-card article article-card small no-badge active-content\">\n<div class=\"w-img\">\n<div class=\"body-img landscape\">\n<div class=\"responsive-img img-featured-4-pin-single-size-featured-secondary\" style=\":50%\" data-img-url=\"http:\/\/animangeek.com\/wp-content\/uploads\/sites\/106\/2024\/05\/1716024180_394_Idade-altura-e-aniversario-de-cada-personagem-principal.jpg\" data-modal-id=\"single-image-modal\" data-modal-container-id=\"single-image-modal-container\" data-img-caption=\"&quot;&quot;\">\n<figure><picture><source media=\"(min-width: 1024px)\" data- \/><source media=\"(min-width: 768px)\" data- \/><source media=\"(min-width: 481px)\" data- \/><source media=\"(min-width: 0px)\" data- \/><img width=\"1800\" height=\"900\" loading=\"lazy\" decoding=\"async\" alt=\"As 18 irm\u00e3s de anime mais ador\u00e1veis, classificadas em 1\" src=\"http:\/\/animangeek.com\/wp-content\/uploads\/sites\/106\/2024\/05\/1716024180_394_Idade-altura-e-aniversario-de-cada-personagem-principal.jpg\" style=\"display:block;height:auto;max-width:100%;\"\/> <\/picture> <\/figure>\n<\/p><\/div>\n<\/p><\/div>\n<\/p><\/div>\n<p> <span data-field=\"label\" class=\"article-card-label\">Verwandt<\/span><\/p>\n<div class=\"w-display-card-content regular article-block\">\n<h5 class=\"display-card-title\">  Die 18 bezauberndsten Anime-Schwestern, Rangliste  <\/h5>\n<p class=\"display-card-excerpt\">Diese Anime-Schwestern sind absolut das Beste, was das Medium zu bieten hat, und geh\u00f6ren zu den s\u00fc\u00dfesten Schwestern der Welt.<\/p>\n<\/p><\/div>\n<\/p><\/div>\n<p>  Kotoha ist die sanftm\u00fctige und sanftm\u00fctige Sakura, die ihr sofort ins Auge f\u00e4llt. Sie ist streng und sanft im Umgang mit Sakura, ihrem Bruder und Nirei, pflegt aber respektvolle Beziehungen zu den \u00e4lteren Mitgliedern der Furin-Gemeinschaft. <\/p>\n<p><!-- No repeatable ad for zone: character count repeatable. --><!-- Repeatable debug data: {\"injection\":\"none\",\"adPosition\":8,\"startingPoint\":0,\"skipEvery\":null,\"nbrPlacementFilledEachSkip\":8,\"nbrPlacementsScanned\":8,\"ruleCount\":900,\"degradationStartingPoint\":1,\"stopAds\":null,\"actualCount\":312} --><\/p>\n<p><!-- No repeatable ad for zone: character count repeatable. --><!-- Repeatable debug data: {\"injection\":\"none\",\"adPosition\":8,\"startingPoint\":0,\"skipEvery\":null,\"nbrPlacementFilledEachSkip\":8,\"nbrPlacementsScanned\":8,\"ruleCount\":900,\"degradationStartingPoint\":1,\"stopAds\":null,\"actualCount\":312} --><\/p>\n<h2 id=\"hajime-umemiya\">  Hajime Umemiya <\/h2>\n<h3 id=\"bofurin-leader\">  Anf\u00fchrer Bofurin <\/h3>\n<div class=\"body-img landscape mobile-optimized\">\n<div class=\"responsive-img image-expandable img-article-item\" style=\":50%\" data-img-url=\"http:\/\/animangeek.com\/wp-content\/uploads\/sites\/106\/2024\/05\/1716024180_932_Idade-altura-e-aniversario-de-cada-personagem-principal.jpg\" data-modal-id=\"single-image-modal\" data-modal-container-id=\"single-image-modal-container\" data-img-caption=\"&quot;&quot;\">\n<figure><picture><source media=\"(min-width: 1024px)\" data- \/><source media=\"(min-width: 768px)\" data- \/><source media=\"(min-width: 481px)\" data- \/><source media=\"(min-width: 0px)\" data- \/><img width=\"2200\" height=\"1100\" loading=\"lazy\" decoding=\"async\" alt=\"quebra-vento epis\u00f3dio 4 umemiya segurando plantas\" src=\"http:\/\/animangeek.com\/wp-content\/uploads\/sites\/106\/2024\/05\/1716024180_932_Idade-altura-e-aniversario-de-cada-personagem-principal.jpg\" style=\"display:block;height:auto;max-width:100%;\"\/> <\/picture> <\/figure>\n<\/p><\/div>\n<\/p><\/div>\n<p><!-- No repeatable ad for zone: character count repeatable. --><!-- Repeatable debug data: {\"injection\":\"none\",\"adPosition\":8,\"startingPoint\":0,\"skipEvery\":null,\"nbrPlacementFilledEachSkip\":8,\"nbrPlacementsScanned\":8,\"ruleCount\":900,\"degradationStartingPoint\":1,\"stopAds\":null,\"actualCount\":552} --><\/p>\n<p><!-- No repeatable ad for zone: character count repeatable. --><!-- Repeatable debug data: {\"injection\":\"none\",\"adPosition\":8,\"startingPoint\":0,\"skipEvery\":null,\"nbrPlacementFilledEachSkip\":8,\"nbrPlacementsScanned\":8,\"ruleCount\":900,\"degradationStartingPoint\":1,\"stopAds\":null,\"actualCount\":571} --><\/p>\n<p>  Der Drittkl\u00e4ssler Hajime Umemiya ist der Anf\u00fchrer von Bofurin und der Furin High School. Auff\u00e4llig sind seine grauen Haare und Augen, er wirkt warmherzig und freundlich und strahlt ein ansteckendes Charisma aus, das alle Bofurin-Mitglieder durchdringt. W\u00e4hrend sein freundliches Auftreten manchmal \u00fcberaus charakteristisch ist, tritt das Gegenteil ein, wenn er in einen Kampf verwickelt ist, und die Ungleichheit kann selbst seine Untergebenen schockieren. <\/p>\n<p><!-- Repeatable debug data: {\"injection\":\"before\",\"adPosition\":8,\"startingPoint\":0,\"skipEvery\":null,\"nbrPlacementFilledEachSkip\":8,\"nbrPlacementsScanned\":8,\"ruleCount\":900,\"degradationStartingPoint\":1,\"stopAds\":null,\"isEarlyInjection\":false,\"actualCount\":1014} --><!-- Zone: character count repeatable. --><!-- Repeatable debug data: {\"injection\":\"after\",\"adPosition\":9,\"startingPoint\":0,\"skipEvery\":null,\"nbrPlacementFilledEachSkip\":9,\"nbrPlacementsScanned\":8,\"ruleCount\":900,\"degradationStartingPoint\":1,\"stopAds\":null,\"isEarlyInjection\":false,\"actualCount\":0} --><br \/>\n<!-- Repeatable debug data: {\"isEarlyInjection\":false,\"currentRuleCount\":900,\"actualCount\":0,\"hasActualCountMetThreshold\":null,\"countRemainingForInjection\":null,\"nextBlockCount\":null,\"hasCountRemainingForInjectionMetThreshold\":null} --><\/p>\n<p>  Aufgrund seines Einsatzes innerhalb der Furin-Gemeinschaft genie\u00dft er gro\u00dfen Respekt und gro\u00dfe Liebe bei den Gemeindemitgliedern, was sich auch auf Bofurin als Ganzes erstreckt. Umemiya mag in seinen Interaktionen allzu simpel erscheinen, doch das Wohlergehen aller seiner Untergebenen und damit auch der Furin-Gemeinschaft liegt ihm sehr am Herzen. <\/p>\n<p><!-- No repeatable ad for zone: character count repeatable. --><!-- Repeatable debug data: {\"injection\":\"none\",\"adPosition\":9,\"startingPoint\":0,\"skipEvery\":null,\"nbrPlacementFilledEachSkip\":9,\"nbrPlacementsScanned\":9,\"ruleCount\":900,\"degradationStartingPoint\":1,\"stopAds\":null,\"actualCount\":298} --><\/p>\n<p><!-- No repeatable ad for zone: character count repeatable. --><!-- Repeatable debug data: {\"injection\":\"none\",\"adPosition\":9,\"startingPoint\":0,\"skipEvery\":null,\"nbrPlacementFilledEachSkip\":9,\"nbrPlacementsScanned\":9,\"ruleCount\":900,\"degradationStartingPoint\":1,\"stopAds\":null,\"actualCount\":298} --><\/p>\n<h2 id=\"haruka-sakura\">  Haruka Sakura <\/h2>\n<h3 id=\"captain-of-the-vaisravan-unit\">  Hauptmann der Vaisravan-Einheit <\/h3>\n<div class=\"body-img landscape mobile-optimized\">\n<div class=\"responsive-img image-expandable img-article-item\" style=\":50%\" data-img-url=\"http:\/\/animangeek.com\/wp-content\/uploads\/sites\/106\/2024\/05\/1716024180_336_Idade-altura-e-aniversario-de-cada-personagem-principal.jpg\" data-modal-id=\"single-image-modal\" data-modal-container-id=\"single-image-modal-container\" data-img-caption=\"&quot;&quot;\">\n<figure><picture><source media=\"(min-width: 1024px)\" data- \/><source media=\"(min-width: 768px)\" data- \/><source media=\"(min-width: 481px)\" data- \/><source media=\"(min-width: 0px)\" data- \/><img width=\"2000\" height=\"1000\" loading=\"lazy\" decoding=\"async\" alt=\"haruka sakura blus\u00e3o anime\" src=\"http:\/\/animangeek.com\/wp-content\/uploads\/sites\/106\/2024\/05\/1716024180_336_Idade-altura-e-aniversario-de-cada-personagem-principal.jpg\" style=\"display:block;height:auto;max-width:100%;\"\/> <\/picture> <\/figure>\n<\/p><\/div>\n<\/p><\/div>\n<p><!-- No repeatable ad for zone: character count repeatable. --><!-- Repeatable debug data: {\"injection\":\"none\",\"adPosition\":9,\"startingPoint\":0,\"skipEvery\":null,\"nbrPlacementFilledEachSkip\":9,\"nbrPlacementsScanned\":9,\"ruleCount\":900,\"degradationStartingPoint\":1,\"stopAds\":null,\"actualCount\":538} --><\/p>\n<p><!-- No repeatable ad for zone: character count repeatable. --><!-- Repeatable debug data: {\"injection\":\"none\",\"adPosition\":9,\"startingPoint\":0,\"skipEvery\":null,\"nbrPlacementFilledEachSkip\":9,\"nbrPlacementsScanned\":9,\"ruleCount\":900,\"degradationStartingPoint\":1,\"stopAds\":null,\"actualCount\":557} --><\/p>\n<p>  Die Protagonistin der Serie, Haruka Sakura, ist eine Neulingin an der Furin High School und Kapit\u00e4nin der Vaisravana-Einheit f\u00fcr Erstkl\u00e4ssler. Nachdem Sakura wiederholt aufgrund ihres Aussehens beurteilt wurde, akzeptiert sie schlie\u00dflich die auf sie projizierte kriminelle Pers\u00f6nlichkeit und zieht nach Furin, um sich in Bofurin niederzulassen. <\/p>\n<p><!-- No repeatable ad for zone: character count repeatable. --><!-- Repeatable debug data: {\"injection\":\"none\",\"adPosition\":9,\"startingPoint\":0,\"skipEvery\":null,\"nbrPlacementFilledEachSkip\":9,\"nbrPlacementsScanned\":9,\"ruleCount\":900,\"degradationStartingPoint\":1,\"stopAds\":null,\"actualCount\":865} --><br \/>\n<!-- Repeatable debug data: {\"isEarlyInjection\":true,\"currentRuleCount\":900,\"actualCount\":865,\"hasActualCountMetThreshold\":true,\"countRemainingForInjection\":35,\"nextBlockCount\":474,\"hasCountRemainingForInjectionMetThreshold\":true,\"nextCount\":1339} --><\/p>\n<p><!-- Repeatable debug data: {\"injection\":\"before\",\"adPosition\":9,\"startingPoint\":0,\"skipEvery\":null,\"nbrPlacementFilledEachSkip\":9,\"nbrPlacementsScanned\":9,\"ruleCount\":900,\"degradationStartingPoint\":1,\"stopAds\":null,\"isEarlyInjection\":true,\"actualCount\":900} --><!-- Zone: character count repeatable. --><!-- Repeatable debug data: {\"injection\":\"after\",\"adPosition\":10,\"startingPoint\":0,\"skipEvery\":null,\"nbrPlacementFilledEachSkip\":10,\"nbrPlacementsScanned\":9,\"ruleCount\":900,\"degradationStartingPoint\":1,\"stopAds\":null,\"isEarlyInjection\":true,\"actualCount\":0} --><\/p>\n<p>  Sakura ist ungew\u00f6hnlich scharfsinnig und reaktion\u00e4r und ist sich schmerzlich bewusst, wie er von anderen wahrgenommen wird, was zu seinen gewaltt\u00e4tigen Tendenzen f\u00fchrt. Trotz seiner leichten Neigung zur Gewalt h\u00e4lt Sakura jedoch strikt an seinen Moralvorstellungen fest. Er f\u00fchlt sich unwohl, wenn ihm Freundlichkeit entgegengebracht wird, und kann mit Dankbarkeit nicht umgehen. Sein urspr\u00fcngliches Ziel f\u00fcr Furin nimmt eine neue Form an, als er entdeckt, dass Bofurin seine St\u00e4rke zum Schutz der Stadt einsetzt \u2013 eine Eigenschaft, die zu seinen egozentrischen Moralvorstellungen passt. <\/p>\n<p><!-- No repeatable ad for zone: character count repeatable. --><!-- Repeatable debug data: {\"injection\":\"none\",\"adPosition\":10,\"startingPoint\":0,\"skipEvery\":null,\"nbrPlacementFilledEachSkip\":10,\"nbrPlacementsScanned\":10,\"ruleCount\":900,\"degradationStartingPoint\":1,\"stopAds\":null,\"actualCount\":439} --><\/p>\n<div class=\"display-card article article-card small no-badge active-content\">\n<div class=\"w-img\">\n<div class=\"body-img landscape\">\n<div class=\"responsive-img img-featured-4-pin-single-size-featured-secondary\" style=\":50%\" data-img-url=\"http:\/\/animangeek.com\/wp-content\/uploads\/sites\/106\/2024\/05\/best-spring-2024-anime-wind-breaker-laid-back-camp-spice-and-wolf.jpg\" data-modal-id=\"single-image-modal\" data-modal-container-id=\"single-image-modal-container\" data-img-caption=\"&quot;&quot;\">\n<figure><picture><source media=\"(min-width: 1024px)\" data- \/><source media=\"(min-width: 768px)\" data- \/><source media=\"(min-width: 481px)\" data- \/><source media=\"(min-width: 0px)\" data- \/><img width=\"1800\" height=\"900\" loading=\"lazy\" decoding=\"async\" alt=\"melhor quebra-vento de anime da primavera de 2024, acampamento descontra\u00eddo, especiarias e lobo\" src=\"http:\/\/animangeek.com\/wp-content\/uploads\/sites\/106\/2024\/05\/best-spring-2024-anime-wind-breaker-laid-back-camp-spice-and-wolf.jpg\" style=\"display:block;height:auto;max-width:100%;\"\/> <\/picture> <\/figure>\n<\/p><\/div>\n<\/p><\/div>\n<\/p><\/div>\n<p> <span data-field=\"label\" class=\"article-card-label\">Mehr<\/span><\/p>\n<div class=\"w-display-card-content regular article-block\">\n<h5 class=\"display-card-title\">  Bester Anime zum Fr\u00fchling 2024 zum Anschauen, Rangliste  <\/h5>\n<p class=\"display-card-excerpt\">KonoSuba, Demon Slayer, Kaiju No. 8, Laid-Back Camp und My Hero Academia werden alle um den Titel des besten Animes der Fr\u00fchjahrssaison 2024 konkurrieren.<\/p>\n<\/p><\/div>\n<\/p><\/div>\n<\/div>\n<p>\n<\/div>","protected":false},"excerpt":{"rendered":"<p>Highlights: Wind Breaker dreht sich um den Kampf der Protagonistin Haruka Sakura mit gesellschaftlichen Normen und Selbstakzeptanz in der Dynamik der Highschool. Charaktere wie Sugishita, Togame, Tomiyama, Nirei, Suo, Hiragi, Tachibana und Umemiya spielen eine zentrale Rolle in der Handlung. Sakuras Reise der Selbstfindung und moralischen Orientierung spielt vor dem Hintergrund von\u2026 <a class=\"more-link\" href=\"https:\/\/animangeek.com\/de\/idade-altura-e-aniversario-de-cada-personagem-principal\/\">Weiterlesen <span class=\"screen-reader-text\">Alter, Gr\u00f6\u00dfe und Geburtstag jeder Hauptfigur<\/span><\/a><\/p>","protected":false},"author":0,"featured_media":11448,"comment_status":"open","ping_status":"open","sticky":false,"template":"","format":"standard","meta":{"footnotes":""},"categories":[3],"tags":[],"yoast_head":"<!-- This site is optimized with the Yoast SEO plugin v23.3 - https:\/\/yoast.com\/wordpress\/plugins\/seo\/ -->\n<title>Idade, altura e anivers\u00e1rio de cada personagem principal - Animan Geek<\/title>\n<meta name=\"robots\" content=\"index, follow, max-snippet:-1, max-image-preview:large, max-video-preview:-1\" \/>\n<link rel=\"canonical\" href=\"https:\/\/animangeek.com\/de\/idade-altura-e-aniversario-de-cada-personagem-principal\/\" \/>\n<meta property=\"og:locale\" content=\"de_DE\" \/>\n<meta property=\"og:type\" content=\"article\" \/>\n<meta property=\"og:title\" content=\"Idade, altura e anivers\u00e1rio de cada personagem principal - Animan Geek\" \/>\n<meta property=\"og:description\" content=\"Destaques Wind Breaker gira em torno da luta da protagonista Haruka Sakura com as normas sociais e a auto-aceita\u00e7\u00e3o atrav\u00e9s da din\u00e2mica do ensino m\u00e9dio. Personagens como Sugishita, Togame, Tomiyama, Nirei, Suo, Hiragi, Tachibana e Umemiya desempenham pap\u00e9is fundamentais na forma\u00e7\u00e3o do enredo. A jornada de autodescoberta e alinhamento moral de Sakura tendo como pano&hellip; Continue reading Idade, altura e anivers\u00e1rio de cada personagem principal\" \/>\n<meta property=\"og:url\" content=\"https:\/\/animangeek.com\/de\/idade-altura-e-aniversario-de-cada-personagem-principal\/\" \/>\n<meta property=\"og:site_name\" content=\"Animan Geek\" \/>\n<meta property=\"article:published_time\" content=\"2024-05-18T09:23:00+00:00\" \/>\n<meta property=\"og:image\" content=\"https:\/\/animangeek.com\/wp-content\/uploads\/sites\/106\/2024\/05\/mixcollage-17-may-2024-02-12-pm-3601.jpg\" \/>\n\t<meta property=\"og:image:width\" content=\"2000\" \/>\n\t<meta property=\"og:image:height\" content=\"1000\" \/>\n\t<meta property=\"og:image:type\" content=\"image\/jpeg\" \/>\n<meta name=\"twitter:card\" content=\"summary_large_image\" \/>\n<meta name=\"twitter:label1\" content=\"Est. reading time\" \/>\n\t<meta name=\"twitter:data1\" content=\"7 Minuten\" \/>\n<script type=\"application\/ld+json\" class=\"yoast-schema-graph\">{\"@context\":\"https:\/\/schema.org\",\"@graph\":[{\"@type\":\"WebPage\",\"@id\":\"https:\/\/animangeek.com\/idade-altura-e-aniversario-de-cada-personagem-principal\/\",\"url\":\"https:\/\/animangeek.com\/idade-altura-e-aniversario-de-cada-personagem-principal\/\",\"name\":\"Idade, altura e anivers\u00e1rio de cada personagem principal - Animan Geek\",\"isPartOf\":{\"@id\":\"https:\/\/animangeek.com\/#website\"},\"primaryImageOfPage\":{\"@id\":\"https:\/\/animangeek.com\/idade-altura-e-aniversario-de-cada-personagem-principal\/#primaryimage\"},\"image\":{\"@id\":\"https:\/\/animangeek.com\/idade-altura-e-aniversario-de-cada-personagem-principal\/#primaryimage\"},\"thumbnailUrl\":\"https:\/\/animangeek.com\/wp-content\/uploads\/sites\/106\/2024\/05\/mixcollage-17-may-2024-02-12-pm-3601.jpg\",\"datePublished\":\"2024-05-18T09:23:00+00:00\",\"dateModified\":\"2024-05-18T09:23:00+00:00\",\"author\":{\"@id\":\"\"},\"breadcrumb\":{\"@id\":\"https:\/\/animangeek.com\/idade-altura-e-aniversario-de-cada-personagem-principal\/#breadcrumb\"},\"inLanguage\":\"de-DE\",\"potentialAction\":[{\"@type\":\"ReadAction\",\"target\":[\"https:\/\/animangeek.com\/idade-altura-e-aniversario-de-cada-personagem-principal\/\"]}]},{\"@type\":\"ImageObject\",\"inLanguage\":\"de-DE\",\"@id\":\"https:\/\/animangeek.com\/idade-altura-e-aniversario-de-cada-personagem-principal\/#primaryimage\",\"url\":\"https:\/\/animangeek.com\/wp-content\/uploads\/sites\/106\/2024\/05\/mixcollage-17-may-2024-02-12-pm-3601.jpg\",\"contentUrl\":\"https:\/\/animangeek.com\/wp-content\/uploads\/sites\/106\/2024\/05\/mixcollage-17-may-2024-02-12-pm-3601.jpg\",\"width\":2000,\"height\":1000},{\"@type\":\"BreadcrumbList\",\"@id\":\"https:\/\/animangeek.com\/idade-altura-e-aniversario-de-cada-personagem-principal\/#breadcrumb\",\"itemListElement\":[{\"@type\":\"ListItem\",\"position\":1,\"name\":\"Home\",\"item\":\"https:\/\/animangeek.com\/\"},{\"@type\":\"ListItem\",\"position\":2,\"name\":\"Idade, altura e anivers\u00e1rio de cada personagem principal\"}]},{\"@type\":\"WebSite\",\"@id\":\"https:\/\/animangeek.com\/#website\",\"url\":\"https:\/\/animangeek.com\/\",\"name\":\"Animan Geek\",\"description\":\"\",\"potentialAction\":[{\"@type\":\"SearchAction\",\"target\":{\"@type\":\"EntryPoint\",\"urlTemplate\":\"https:\/\/animangeek.com\/?s={search_term_string}\"},\"query-input\":\"required name=search_term_string\"}],\"inLanguage\":\"de-DE\"}]}<\/script>\n<!-- \/ Yoast SEO plugin. -->","yoast_head_json":{"title":"Idade, altura e anivers\u00e1rio de cada personagem principal - Animan Geek","robots":{"index":"index","follow":"follow","max-snippet":"max-snippet:-1","max-image-preview":"max-image-preview:large","max-video-preview":"max-video-preview:-1"},"canonical":"https:\/\/animangeek.com\/de\/idade-altura-e-aniversario-de-cada-personagem-principal\/","og_locale":"de_DE","og_type":"article","og_title":"Idade, altura e anivers\u00e1rio de cada personagem principal - Animan Geek","og_description":"Destaques Wind Breaker gira em torno da luta da protagonista Haruka Sakura com as normas sociais e a auto-aceita\u00e7\u00e3o atrav\u00e9s da din\u00e2mica do ensino m\u00e9dio. Personagens como Sugishita, Togame, Tomiyama, Nirei, Suo, Hiragi, Tachibana e Umemiya desempenham pap\u00e9is fundamentais na forma\u00e7\u00e3o do enredo. A jornada de autodescoberta e alinhamento moral de Sakura tendo como pano&hellip; Continue reading Idade, altura e anivers\u00e1rio de cada personagem principal","og_url":"https:\/\/animangeek.com\/de\/idade-altura-e-aniversario-de-cada-personagem-principal\/","og_site_name":"Animan Geek","article_published_time":"2024-05-18T09:23:00+00:00","og_image":[{"width":2000,"height":1000,"url":"https:\/\/animangeek.com\/wp-content\/uploads\/sites\/106\/2024\/05\/mixcollage-17-may-2024-02-12-pm-3601.jpg","type":"image\/jpeg"}],"twitter_card":"summary_large_image","twitter_misc":{"Est. reading time":"7 Minuten"},"schema":{"@context":"https:\/\/schema.org","@graph":[{"@type":"WebPage","@id":"https:\/\/animangeek.com\/idade-altura-e-aniversario-de-cada-personagem-principal\/","url":"https:\/\/animangeek.com\/idade-altura-e-aniversario-de-cada-personagem-principal\/","name":"Idade, altura e anivers\u00e1rio de cada personagem principal - Animan Geek","isPartOf":{"@id":"https:\/\/animangeek.com\/#website"},"primaryImageOfPage":{"@id":"https:\/\/animangeek.com\/idade-altura-e-aniversario-de-cada-personagem-principal\/#primaryimage"},"image":{"@id":"https:\/\/animangeek.com\/idade-altura-e-aniversario-de-cada-personagem-principal\/#primaryimage"},"thumbnailUrl":"https:\/\/animangeek.com\/wp-content\/uploads\/sites\/106\/2024\/05\/mixcollage-17-may-2024-02-12-pm-3601.jpg","datePublished":"2024-05-18T09:23:00+00:00","dateModified":"2024-05-18T09:23:00+00:00","author":{"@id":""},"breadcrumb":{"@id":"https:\/\/animangeek.com\/idade-altura-e-aniversario-de-cada-personagem-principal\/#breadcrumb"},"inLanguage":"de-DE","potentialAction":[{"@type":"ReadAction","target":["https:\/\/animangeek.com\/idade-altura-e-aniversario-de-cada-personagem-principal\/"]}]},{"@type":"ImageObject","inLanguage":"de-DE","@id":"https:\/\/animangeek.com\/idade-altura-e-aniversario-de-cada-personagem-principal\/#primaryimage","url":"https:\/\/animangeek.com\/wp-content\/uploads\/sites\/106\/2024\/05\/mixcollage-17-may-2024-02-12-pm-3601.jpg","contentUrl":"https:\/\/animangeek.com\/wp-content\/uploads\/sites\/106\/2024\/05\/mixcollage-17-may-2024-02-12-pm-3601.jpg","width":2000,"height":1000},{"@type":"BreadcrumbList","@id":"https:\/\/animangeek.com\/idade-altura-e-aniversario-de-cada-personagem-principal\/#breadcrumb","itemListElement":[{"@type":"ListItem","position":1,"name":"Home","item":"https:\/\/animangeek.com\/"},{"@type":"ListItem","position":2,"name":"Idade, altura e anivers\u00e1rio de cada personagem principal"}]},{"@type":"WebSite","@id":"https:\/\/animangeek.com\/#website","url":"https:\/\/animangeek.com\/","name":"Animan Geek","description":"","potentialAction":[{"@type":"SearchAction","target":{"@type":"EntryPoint","urlTemplate":"https:\/\/animangeek.com\/?s={search_term_string}"},"query-input":"required name=search_term_string"}],"inLanguage":"de-DE"}]}},"_links":{"self":[{"href":"https:\/\/animangeek.com\/de\/wp-json\/wp\/v2\/posts\/11447"}],"collection":[{"href":"https:\/\/animangeek.com\/de\/wp-json\/wp\/v2\/posts"}],"about":[{"href":"https:\/\/animangeek.com\/de\/wp-json\/wp\/v2\/types\/post"}],"replies":[{"embeddable":true,"href":"https:\/\/animangeek.com\/de\/wp-json\/wp\/v2\/comments?post=11447"}],"version-history":[{"count":0,"href":"https:\/\/animangeek.com\/de\/wp-json\/wp\/v2\/posts\/11447\/revisions"}],"wp:featuredmedia":[{"embeddable":true,"href":"https:\/\/animangeek.com\/de\/wp-json\/wp\/v2\/media\/11448"}],"wp:attachment":[{"href":"https:\/\/animangeek.com\/de\/wp-json\/wp\/v2\/media?parent=11447"}],"wp:term":[{"taxonomy":"category","embeddable":true,"href":"https:\/\/animangeek.com\/de\/wp-json\/wp\/v2\/categories?post=11447"},{"taxonomy":"post_tag","embeddable":true,"href":"https:\/\/animangeek.com\/de\/wp-json\/wp\/v2\/tags?post=11447"}],"curies":[{"name":"wp","href":"https:\/\/api.w.org\/{rel}","templated":true}]}}