{"id":11460,"date":"2024-05-18T12:21:06","date_gmt":"2024-05-18T15:21:06","guid":{"rendered":"https:\/\/animangeek.com\/black-clover-uma-linha-do-tempo-completa\/"},"modified":"2024-05-18T12:21:06","modified_gmt":"2024-05-18T15:21:06","slug":"black-clover-uma-linha-do-tempo-completa","status":"publish","type":"post","link":"https:\/\/animangeek.com\/de\/black-clover-uma-linha-do-tempo-completa\/","title":{"rendered":"Black Clover: Eine vollst\u00e4ndige Zeitleiste"},"content":{"rendered":"<div class=\"mx-5 sm:mx-0 prose text-left mb-5\"><\/p>\n<div>\n<p> <em>Schwarzklee<\/em> erz\u00e4hlt die Geschichte des jungen Waisenkinds Asta, das scheinbar der einzige Mensch ohne magische Kr\u00e4fte in einer Welt ist, in der jeder sie im \u00dcberfluss besitzt. Trotzdem strebt er danach, Zauberk\u00f6nig zu werden und begibt sich mit Yuno, einem anderen Waisenkind und Wunderkind mit immensen magischen Kr\u00e4ften, auf Abenteuer. <\/p>\n<p><!-- Repeatable debug data: {\"injection\":\"before\",\"adPosition\":0,\"startingPoint\":0,\"skipEvery\":null,\"nbrPlacementFilledEachSkip\":0,\"nbrPlacementsScanned\":0,\"ruleCount\":200,\"degradationStartingPoint\":1,\"stopAds\":null,\"isEarlyInjection\":false,\"actualCount\":318} --><!-- Zone: character count repeatable. --><!-- Repeatable debug data: {\"injection\":\"after\",\"adPosition\":1,\"startingPoint\":0,\"skipEvery\":null,\"nbrPlacementFilledEachSkip\":1,\"nbrPlacementsScanned\":0,\"ruleCount\":200,\"degradationStartingPoint\":1,\"stopAds\":null,\"isEarlyInjection\":false,\"actualCount\":0} --><br \/>\n<!-- Repeatable debug data: {\"isEarlyInjection\":false,\"currentRuleCount\":200,\"actualCount\":0,\"hasActualCountMetThreshold\":null,\"countRemainingForInjection\":null,\"nextBlockCount\":null,\"hasCountRemainingForInjectionMetThreshold\":null} --><br \/>\n<!-- No winning ad found for zone: below first paragraph! --><br \/>\n<!-- No winning ad found for zone: mid intro! --><\/p>\n<p> <em>Schwarzklee<\/em> ist einer der besten rasanten Animes, voller Action und Abenteuer und einer fesselnden Geschichte, in der Asta und Yuno lernen, ihre jeweiligen St\u00e4rken zu nutzen und einsch\u00fcchternde Feinde zu besiegen. Von den fr\u00fchen Tagen, als Asta und Yuno ihre Zauberb\u00fccher erhielten, bis zu ihren letzten Tagen als erfahrene K\u00e4mpferinnen, die die Welt besch\u00fctzen, gibt es in der Geschichte nie einen langweiligen Moment. <em>Schwarzklee<\/em>Zeitleiste. <\/p>\n<p><!-- No repeatable ad for zone: character count repeatable. --><!-- Repeatable debug data: {\"injection\":\"none\",\"adPosition\":1,\"startingPoint\":0,\"skipEvery\":null,\"nbrPlacementFilledEachSkip\":1,\"nbrPlacementsScanned\":1,\"ruleCount\":900,\"degradationStartingPoint\":1,\"stopAds\":null,\"actualCount\":403} --><\/p>\n<div class=\"display-card article article-card small no-badge active-content\">\n<div class=\"w-img\">\n<p><span>2:07<\/span> <\/p>\n<div class=\"body-img landscape\">\n<div class=\"responsive-img img-featured-4-pin-single-size-featured-secondary\" style=\":56.25%\" data-img-url=\"http:\/\/animangeek.com\/wp-content\/uploads\/sites\/106\/2024\/05\/10-best-anime-like-black-clover-ranked-emaki.jpg\" data-modal-id=\"single-image-modal\" data-modal-container-id=\"single-image-modal-container\" data-img-caption=\"&quot;&quot;\">\n<figure><picture><source media=\"(min-width: 1024px)\" data- \/><source media=\"(min-width: 768px)\" data- \/><source media=\"(min-width: 481px)\" data- \/><source media=\"(min-width: 0px)\" data- \/><img width=\"1920\" height=\"1080\" loading=\"lazy\" decoding=\"async\" alt=\"10 melhores animes como Black Clover, classificados EMAKI\" src=\"http:\/\/animangeek.com\/wp-content\/uploads\/sites\/106\/2024\/05\/10-best-anime-like-black-clover-ranked-emaki.jpg\" style=\"display:block;height:auto;max-width:100%;\"\/> <\/picture> <\/figure>\n<\/p><\/div>\n<\/p><\/div>\n<\/p><\/div>\n<div class=\"w-display-card-content\"><span data-field=\"label\" class=\"article-card-label\">Verwandt<\/span><\/p>\n<h5 class=\"display-card-title\">  Die 10 besten Anime wie Black Clover, Rangliste  <\/h5>\n<p><span data-field=\"excerpt\" class=\"article-card-excerpt\">Black Clover teilt die Themen Freundschaft und Magie mit einigen gro\u00dfartigen Anime-Titeln wie One Piece, Naruto und My Hero Academia.<\/span> <\/div>\n<\/p><\/div>\n<p><!-- No repeatable ad for zone: character count repeatable. --><!-- Repeatable debug data: {\"injection\":\"none\",\"adPosition\":1,\"startingPoint\":0,\"skipEvery\":null,\"nbrPlacementFilledEachSkip\":1,\"nbrPlacementsScanned\":1,\"ruleCount\":900,\"degradationStartingPoint\":1,\"stopAds\":null,\"actualCount\":643} --><br \/>\n<!-- No winning ad found for zone: native in content! --><\/p>\n<h2 id=\"asta-and-yuno-join-the-magic-knights\">  Asta und Yuno schlie\u00dfen sich den Magic Knights an <\/h2>\n<h3 id=\"ch-1-10-manga-ep-1-13-anime\">  Kap. 1\u201310 (Manga), Ep. 1\u201313 (Anime) <\/h3>\n<p><!-- No repeatable ad for zone: character count repeatable. --><!-- Repeatable debug data: {\"injection\":\"none\",\"adPosition\":1,\"startingPoint\":0,\"skipEvery\":null,\"nbrPlacementFilledEachSkip\":1,\"nbrPlacementsScanned\":1,\"ruleCount\":900,\"degradationStartingPoint\":1,\"stopAds\":null,\"actualCount\":883} --><br \/>\n<!-- Repeatable debug data: {\"isEarlyInjection\":true,\"currentRuleCount\":900,\"actualCount\":883,\"hasActualCountMetThreshold\":true,\"countRemainingForInjection\":17,\"nextBlockCount\":315,\"hasCountRemainingForInjectionMetThreshold\":true,\"nextCount\":1198} --><\/p>\n<p><!-- Repeatable debug data: {\"injection\":\"before\",\"adPosition\":1,\"startingPoint\":0,\"skipEvery\":null,\"nbrPlacementFilledEachSkip\":1,\"nbrPlacementsScanned\":1,\"ruleCount\":900,\"degradationStartingPoint\":1,\"stopAds\":null,\"isEarlyInjection\":true,\"actualCount\":900} --><!-- Zone: character count repeatable. --><!-- Repeatable debug data: {\"injection\":\"after\",\"adPosition\":2,\"startingPoint\":0,\"skipEvery\":null,\"nbrPlacementFilledEachSkip\":2,\"nbrPlacementsScanned\":1,\"ruleCount\":900,\"degradationStartingPoint\":1,\"stopAds\":null,\"isEarlyInjection\":true,\"actualCount\":0} --><\/p>\n<p>  Die Er\u00f6ffnung von <em>Schwarzklee<\/em>Die Geschichte legt den Grundstein f\u00fcr die Serie und stellt die Charaktere und ihre Hintergrundgeschichten vor. Als Asta und Yuno 15 Jahre alt werden, erhalten sie ihre Grimoires. <strong>Der erste Teil der Geschichte zeigt seine Versuche, sich den Elite-Magischen Rittern anzuschlie\u00dfen<\/strong> die das Clover-K\u00f6nigreich besch\u00fctzen. <\/p>\n<p><!-- No repeatable ad for zone: character count repeatable. --><!-- Repeatable debug data: {\"injection\":\"none\",\"adPosition\":2,\"startingPoint\":0,\"skipEvery\":null,\"nbrPlacementFilledEachSkip\":2,\"nbrPlacementsScanned\":2,\"ruleCount\":900,\"degradationStartingPoint\":1,\"stopAds\":null,\"actualCount\":298} --><\/p>\n<p>  Schlie\u00dflich gehen Asta und Yuno getrennte Wege und schlie\u00dfen sich verschiedenen Magic Knight-Trupps an. <strong>Yuno w\u00e4hlt das Golden Dawn-Team,<\/strong> w\u00e4hrend <strong>Asta wechselt zu den Black Bulls<\/strong>. Obwohl Asta ohne Magie geboren wurde, ist er dennoch eine wertvolle Bereicherung f\u00fcr sein neues Team und das beweist er bei ihrer ersten gemeinsamen Mission, als er seinem Gegner den letzten Schlag versetzt. <\/p>\n<p><!-- No repeatable ad for zone: character count repeatable. --><!-- Repeatable debug data: {\"injection\":\"none\",\"adPosition\":2,\"startingPoint\":0,\"skipEvery\":null,\"nbrPlacementFilledEachSkip\":2,\"nbrPlacementsScanned\":2,\"ruleCount\":900,\"degradationStartingPoint\":1,\"stopAds\":null,\"actualCount\":647} --><\/p>\n<p><!-- No repeatable ad for zone: character count repeatable. --><!-- Repeatable debug data: {\"injection\":\"none\",\"adPosition\":2,\"startingPoint\":0,\"skipEvery\":null,\"nbrPlacementFilledEachSkip\":2,\"nbrPlacementsScanned\":2,\"ruleCount\":900,\"degradationStartingPoint\":1,\"stopAds\":null,\"actualCount\":647} --><\/p>\n<h2 id=\"asta-and-the-black-bulls-explore-a-mysterious-dungeon\">  Asta und die Black Bulls erkunden ein geheimnisvolles Verlies <\/h2>\n<h3 id=\"ch-11-21-manga-ep-14-19-anime\">  Kap. 11\u201321 (Manga), Ep. 14\u201319 (Anime) <\/h3>\n<div class=\"body-img landscape mobile-optimized\">\n<div class=\"responsive-img image-expandable img-article-item\" style=\":50%\" data-img-url=\"http:\/\/animangeek.com\/wp-content\/uploads\/sites\/106\/2024\/05\/Black-Clover---Mars-with-crystals-embedded-in-his-forehead.jpg\" data-modal-id=\"single-image-modal\" data-modal-container-id=\"single-image-modal-container\" data-img-caption=\"&quot;&quot;\">\n<figure><picture><source media=\"(min-width: 1024px)\" data- \/><source media=\"(min-width: 768px)\" data- \/><source media=\"(min-width: 481px)\" data- \/><source media=\"(min-width: 0px)\" data- \/><img width=\"1200\" height=\"600\" loading=\"lazy\" decoding=\"async\" alt=\"Marte com cristais embutidos na testa em Black Clover\" src=\"http:\/\/animangeek.com\/wp-content\/uploads\/sites\/106\/2024\/05\/Black-Clover---Mars-with-crystals-embedded-in-his-forehead.jpg\" style=\"display:block;height:auto;max-width:100%;\"\/> <\/picture> <\/figure>\n<\/p><\/div>\n<\/p><\/div>\n<p><!-- No repeatable ad for zone: character count repeatable. --><!-- Repeatable debug data: {\"injection\":\"none\",\"adPosition\":2,\"startingPoint\":0,\"skipEvery\":null,\"nbrPlacementFilledEachSkip\":2,\"nbrPlacementsScanned\":2,\"ruleCount\":900,\"degradationStartingPoint\":1,\"stopAds\":null,\"actualCount\":887} --><br \/>\n<!-- Repeatable debug data: {\"isEarlyInjection\":true,\"currentRuleCount\":900,\"actualCount\":887,\"hasActualCountMetThreshold\":true,\"countRemainingForInjection\":13,\"nextBlockCount\":240,\"hasCountRemainingForInjectionMetThreshold\":true,\"nextCount\":1127} --><\/p>\n<p><!-- Repeatable debug data: {\"injection\":\"before\",\"adPosition\":2,\"startingPoint\":0,\"skipEvery\":null,\"nbrPlacementFilledEachSkip\":2,\"nbrPlacementsScanned\":2,\"ruleCount\":900,\"degradationStartingPoint\":1,\"stopAds\":null,\"isEarlyInjection\":true,\"actualCount\":900} --><!-- Zone: character count repeatable. --><!-- Repeatable debug data: {\"injection\":\"after\",\"adPosition\":3,\"startingPoint\":0,\"skipEvery\":null,\"nbrPlacementFilledEachSkip\":3,\"nbrPlacementsScanned\":2,\"ruleCount\":900,\"degradationStartingPoint\":1,\"stopAds\":null,\"isEarlyInjection\":true,\"actualCount\":0} --><\/p>\n<div class=\"display-card article article-card small no-badge active-content\">\n<div class=\"w-img\">\n<div class=\"body-img landscape\">\n<div class=\"responsive-img img-featured-4-pin-single-size-featured-secondary\" style=\":50%\" data-img-url=\"https:\/\/animangeek.com\/wp-content\/uploads\/2024\/05\/image-collage-of-goku-tanjiro-gojo-sukuna-akaza-and-beerus.jpg\" data-modal-id=\"single-image-modal\" data-modal-container-id=\"single-image-modal-container\" data-img-caption=\"&quot;&quot;\">\n<figure><picture><source media=\"(min-width: 1024px)\" data- \/><source media=\"(min-width: 768px)\" data- \/><source media=\"(min-width: 481px)\" data- \/><source media=\"(min-width: 0px)\" data- \/><img width=\"1400\" height=\"700\" loading=\"lazy\" decoding=\"async\" alt=\"Colagem de imagens de Goku, Tanjiro, Gojo, Sukuna, Akaza e Beerus\" src=\"https:\/\/animangeek.com\/wp-content\/uploads\/2024\/05\/image-collage-of-goku-tanjiro-gojo-sukuna-akaza-and-beerus.jpg\" style=\"display:block;height:auto;max-width:100%;\"\/> <\/picture> <\/figure>\n<\/p><\/div>\n<\/p><\/div>\n<\/p><\/div>\n<div class=\"w-display-card-content\"><span data-field=\"label\" class=\"article-card-label\">Verwandt<\/span><\/p>\n<h5 class=\"display-card-title\">  10 Anime-Revanchen, auf die Fans immer noch warten  <\/h5>\n<p><span data-field=\"excerpt\" class=\"article-card-excerpt\">Ein ikonischer Anime-Kampf wird aus verschiedenen Gr\u00fcnden m\u00f6glicherweise nicht neu ausgetragen, aber manche Neuk\u00e4mpfe haben zu viel Potenzial, um aufgrund ihrer Erz\u00e4hlung ignoriert zu werden.<\/span> <\/div>\n<\/p><\/div>\n<p><!-- No repeatable ad for zone: character count repeatable. --><!-- Repeatable debug data: {\"injection\":\"none\",\"adPosition\":3,\"startingPoint\":0,\"skipEvery\":null,\"nbrPlacementFilledEachSkip\":3,\"nbrPlacementsScanned\":3,\"ruleCount\":900,\"degradationStartingPoint\":1,\"stopAds\":null,\"actualCount\":227} --><\/p>\n<p>  Nach seiner ersten Mission mit dem Black Bulls-Team schlie\u00dft sich Asta seinen Teamkollegen Luck Voltia und Noelle Silva an, um einen mysteri\u00f6sen neuen Dungeon zu erkunden. Mit dabei sind Mitglieder des Golden Dawn-Teams, darunter Yuno \u2013 was dies<strong>Dies ist das erste Mal, dass sich Asta und Yuno treffen, seit sie verschiedenen Teams beigetreten sind.<\/strong>. <\/p>\n<p><!-- No repeatable ad for zone: character count repeatable. --><!-- Repeatable debug data: {\"injection\":\"none\",\"adPosition\":3,\"startingPoint\":0,\"skipEvery\":null,\"nbrPlacementFilledEachSkip\":3,\"nbrPlacementsScanned\":3,\"ruleCount\":900,\"degradationStartingPoint\":1,\"stopAds\":null,\"actualCount\":565} --><\/p>\n<p>  Im Kerker treffen die jungen Zauberer auf m\u00e4chtige Magier aus dem Diamantenk\u00f6nigreich, darunter auch den b\u00f6sen Mars. Es kommt zu einem epischen Kampf zwischen Asta und Mars. Nachdem sie ihn zur\u00fcckgehalten haben, begibt sich die Gruppe in die Schatzkammer des Kerkers, wo <strong>Asta und Yuto entdecken zwei m\u00e4chtige Artefakte, die sie ihren Zauberb\u00fcchern hinzuf\u00fcgen.<\/strong> bevor der Kerker einst\u00fcrzt. <\/p>\n<p><!-- Repeatable debug data: {\"injection\":\"before\",\"adPosition\":3,\"startingPoint\":0,\"skipEvery\":null,\"nbrPlacementFilledEachSkip\":3,\"nbrPlacementsScanned\":3,\"ruleCount\":900,\"degradationStartingPoint\":1,\"stopAds\":null,\"isEarlyInjection\":false,\"actualCount\":947} --><!-- Zone: character count repeatable. --><!-- Repeatable debug data: {\"injection\":\"after\",\"adPosition\":4,\"startingPoint\":0,\"skipEvery\":null,\"nbrPlacementFilledEachSkip\":4,\"nbrPlacementsScanned\":3,\"ruleCount\":900,\"degradationStartingPoint\":1,\"stopAds\":null,\"isEarlyInjection\":false,\"actualCount\":0} --><br \/>\n<!-- Repeatable debug data: {\"isEarlyInjection\":false,\"currentRuleCount\":900,\"actualCount\":0,\"hasActualCountMetThreshold\":null,\"countRemainingForInjection\":null,\"nextBlockCount\":null,\"hasCountRemainingForInjectionMetThreshold\":null} --><\/p>\n<p><!-- No repeatable ad for zone: character count repeatable. --><!-- Repeatable debug data: {\"injection\":\"none\",\"adPosition\":4,\"startingPoint\":0,\"skipEvery\":null,\"nbrPlacementFilledEachSkip\":4,\"nbrPlacementsScanned\":4,\"ruleCount\":900,\"degradationStartingPoint\":1,\"stopAds\":null,\"actualCount\":0} --><\/p>\n<h2 id=\"an-army-of-the-undead-invades-the-kingdom\">  Eine Armee von Untoten dringt in das K\u00f6nigreich ein <\/h2>\n<h3 id=\"ch-22-37-manga-ep-20-27-anime\">  KAP. 22\u201337 (Manga), Ep. 20\u201327 (Anime) <\/h3>\n<div class=\"body-img landscape mobile-optimized\">\n<div class=\"responsive-img image-expandable img-article-item\" style=\":50%\" data-img-url=\"http:\/\/animangeek.com\/wp-content\/uploads\/sites\/106\/2024\/05\/Black-Clover--Asta-And-Leo-Standing-Back-To-Back-vs-The-Eye-Of-The-Midnight-Sun.jpg\" data-modal-id=\"single-image-modal\" data-modal-container-id=\"single-image-modal-container\" data-img-caption=\"&quot;&quot;\">\n<figure><picture><source media=\"(min-width: 1024px)\" data- \/><source media=\"(min-width: 768px)\" data- \/><source media=\"(min-width: 481px)\" data- \/><source media=\"(min-width: 0px)\" data- \/><img width=\"1200\" height=\"600\" loading=\"lazy\" decoding=\"async\" alt=\"Asta e Leo em p\u00e9 de costas um para o outro lutando contra o olho do sol da meia-noite em trevo preto\" src=\"http:\/\/animangeek.com\/wp-content\/uploads\/sites\/106\/2024\/05\/Black-Clover--Asta-And-Leo-Standing-Back-To-Back-vs-The-Eye-Of-The-Midnight-Sun.jpg\" style=\"display:block;height:auto;max-width:100%;\"\/> <\/picture> <\/figure>\n<\/p><\/div>\n<\/p><\/div>\n<p><!-- No repeatable ad for zone: character count repeatable. --><!-- Repeatable debug data: {\"injection\":\"none\",\"adPosition\":4,\"startingPoint\":0,\"skipEvery\":null,\"nbrPlacementFilledEachSkip\":4,\"nbrPlacementsScanned\":4,\"ruleCount\":900,\"degradationStartingPoint\":1,\"stopAds\":null,\"actualCount\":240} --><\/p>\n<p>  Nach dem erfolgreichen Dungeon-Raid begibt sich die Gruppe auf eine Preisverleihung, die schnell im Chaos endet. In der Hauptstadt kommt es zu einem Aufstand, und eine Armee von Untoten wird entfesselt. <strong>Auf Fuegoleon Vermillion wird ein Attentat ver\u00fcbt<\/strong>Mitglied einer der k\u00f6niglichen Familien des Clover Kingdom. <\/p>\n<p><!-- No repeatable ad for zone: character count repeatable. --><!-- Repeatable debug data: {\"injection\":\"none\",\"adPosition\":4,\"startingPoint\":0,\"skipEvery\":null,\"nbrPlacementFilledEachSkip\":4,\"nbrPlacementsScanned\":4,\"ruleCount\":900,\"degradationStartingPoint\":1,\"stopAds\":null,\"actualCount\":549} --><\/p>\n<p>  Dieser Teil von <em>Schwarzklee<\/em>Die Geschichte ist voller unglaublicher und intensiver K\u00e4mpfe, in denen Asta und Yuno m\u00e4chtige Feinde bek\u00e4mpfen, um das K\u00f6nigreich zu sch\u00fctzen. Am Ende <strong>Die Zauberer k\u00f6nnen Vermillions Attentat vereiteln und die Terroristen gefangen nehmen<\/strong> was zu Sch\u00e4den in der Stadt f\u00fchrte. <\/p>\n<p><!-- No repeatable ad for zone: character count repeatable. --><!-- Repeatable debug data: {\"injection\":\"none\",\"adPosition\":4,\"startingPoint\":0,\"skipEvery\":null,\"nbrPlacementFilledEachSkip\":4,\"nbrPlacementsScanned\":4,\"ruleCount\":900,\"degradationStartingPoint\":1,\"stopAds\":null,\"actualCount\":851} --><\/p>\n<p><!-- No repeatable ad for zone: character count repeatable. --><!-- Repeatable debug data: {\"injection\":\"none\",\"adPosition\":4,\"startingPoint\":0,\"skipEvery\":null,\"nbrPlacementFilledEachSkip\":4,\"nbrPlacementsScanned\":4,\"ruleCount\":900,\"degradationStartingPoint\":1,\"stopAds\":null,\"actualCount\":851} --><br \/>\n<!-- Repeatable debug data: {\"isEarlyInjection\":true,\"currentRuleCount\":900,\"actualCount\":851,\"hasActualCountMetThreshold\":true,\"countRemainingForInjection\":49,\"nextBlockCount\":240,\"hasCountRemainingForInjectionMetThreshold\":true,\"nextCount\":1091} --><\/p>\n<p><!-- Repeatable debug data: {\"injection\":\"before\",\"adPosition\":4,\"startingPoint\":0,\"skipEvery\":null,\"nbrPlacementFilledEachSkip\":4,\"nbrPlacementsScanned\":4,\"ruleCount\":900,\"degradationStartingPoint\":1,\"stopAds\":null,\"isEarlyInjection\":true,\"actualCount\":900} --><!-- Zone: character count repeatable. --><!-- Repeatable debug data: {\"injection\":\"after\",\"adPosition\":5,\"startingPoint\":0,\"skipEvery\":null,\"nbrPlacementFilledEachSkip\":5,\"nbrPlacementsScanned\":4,\"ruleCount\":900,\"degradationStartingPoint\":1,\"stopAds\":null,\"isEarlyInjection\":true,\"actualCount\":0} --><\/p>\n<h2 id=\"the-eye-of-the-midnight-sun-rises\">  Das Auge der Mitternachtssonne geht auf <\/h2>\n<h3 id=\"ch-38-56-manga-ep-28-39-anime\">  Kap. 38\u201356 (Manga), Ep. 28\u201339 (Anime) <\/h3>\n<div class=\"body-img landscape\">\n<div class=\"responsive-img image-expandable img-article-item\" style=\":50%\" data-img-url=\"http:\/\/animangeek.com\/wp-content\/uploads\/sites\/106\/2024\/05\/Black-Clover---Asta-feeling-pumped-up.jpg\" data-modal-id=\"single-image-modal\" data-modal-container-id=\"single-image-modal-container\" data-img-caption=\"&quot;&quot;\">\n<figure><picture><source media=\"(min-width: 1024px)\" data- \/><source media=\"(min-width: 768px)\" data- \/><source media=\"(min-width: 481px)\" data- \/><source media=\"(min-width: 0px)\" data- \/><img width=\"1200\" height=\"600\" loading=\"lazy\" decoding=\"async\" alt=\"Asta se sentindo animado e cerrando os punhos em Black Clover\" src=\"http:\/\/animangeek.com\/wp-content\/uploads\/sites\/106\/2024\/05\/Black-Clover---Asta-feeling-pumped-up.jpg\" style=\"display:block;height:auto;max-width:100%;\"\/> <\/picture> <\/figure>\n<\/p><\/div>\n<\/p><\/div>\n<p><!-- No repeatable ad for zone: character count repeatable. --><!-- Repeatable debug data: {\"injection\":\"none\",\"adPosition\":5,\"startingPoint\":0,\"skipEvery\":null,\"nbrPlacementFilledEachSkip\":5,\"nbrPlacementsScanned\":5,\"ruleCount\":900,\"degradationStartingPoint\":1,\"stopAds\":null,\"actualCount\":191} --><\/p>\n<p>  Als in der Stadt Nairn Kinder entf\u00fchrt werden, wird eine Rettungsmission gestartet, die <strong>Die Spannungen zwischen den Schurkenmagiern des Auges der Mitternachtssonne und den Magischen Rittern nehmen zu<\/strong>In einer H\u00f6hle au\u00dferhalb von Nairn machen sich Asta und seine Verb\u00fcndeten auf die Suche nach den Kindern und kommen gerade rechtzeitig, um sie zu retten. <\/p>\n<p><!-- No repeatable ad for zone: character count repeatable. --><!-- Repeatable debug data: {\"injection\":\"none\",\"adPosition\":5,\"startingPoint\":0,\"skipEvery\":null,\"nbrPlacementFilledEachSkip\":5,\"nbrPlacementsScanned\":5,\"ruleCount\":900,\"degradationStartingPoint\":1,\"stopAds\":null,\"actualCount\":488} --><\/p>\n<p>  Nach einem erbitterten Kampf erwacht Asta im Hauptquartier der Magischen Ritter und wird f\u00fcr seinen Einsatz bei der Rettung der Kinder gedankt. <strong>Die sieben Kapit\u00e4ne der Magic Knights suchen nach einem Verr\u00e4ter in ihren Reihen<\/strong>ohne zu wissen, dass Rhya \u2013 einer der zehn Apostel von Sephirah und einer der <em>Schwarzklee<\/em>Die m\u00e4chtigsten Charaktere in \u2013 sind unter ihnen versteckt. <\/p>\n<p><!-- No repeatable ad for zone: character count repeatable. --><!-- Repeatable debug data: {\"injection\":\"none\",\"adPosition\":5,\"startingPoint\":0,\"skipEvery\":null,\"nbrPlacementFilledEachSkip\":5,\"nbrPlacementsScanned\":5,\"ruleCount\":900,\"degradationStartingPoint\":1,\"stopAds\":null,\"actualCount\":856} --><\/p>\n<p><!-- No repeatable ad for zone: character count repeatable. --><!-- Repeatable debug data: {\"injection\":\"none\",\"adPosition\":5,\"startingPoint\":0,\"skipEvery\":null,\"nbrPlacementFilledEachSkip\":5,\"nbrPlacementsScanned\":5,\"ruleCount\":900,\"degradationStartingPoint\":1,\"stopAds\":null,\"actualCount\":856} --><br \/>\n<!-- Repeatable debug data: {\"isEarlyInjection\":true,\"currentRuleCount\":900,\"actualCount\":856,\"hasActualCountMetThreshold\":true,\"countRemainingForInjection\":44,\"nextBlockCount\":240,\"hasCountRemainingForInjectionMetThreshold\":true,\"nextCount\":1096} --><\/p>\n<p><!-- Repeatable debug data: {\"injection\":\"before\",\"adPosition\":5,\"startingPoint\":0,\"skipEvery\":null,\"nbrPlacementFilledEachSkip\":5,\"nbrPlacementsScanned\":5,\"ruleCount\":900,\"degradationStartingPoint\":1,\"stopAds\":null,\"isEarlyInjection\":true,\"actualCount\":900} --><!-- Zone: character count repeatable. --><!-- Repeatable debug data: {\"injection\":\"after\",\"adPosition\":6,\"startingPoint\":0,\"skipEvery\":null,\"nbrPlacementFilledEachSkip\":6,\"nbrPlacementsScanned\":5,\"ruleCount\":900,\"degradationStartingPoint\":1,\"stopAds\":null,\"isEarlyInjection\":true,\"actualCount\":0} --><\/p>\n<h2 id=\"the-hunt-for-the-magic-stones-begins\">  Die Jagd nach den magischen Steinen beginnt <\/h2>\n<h3 id=\"ch-57-74-manga-ep-40-51-anime\">  Kap. 57\u201374 (Manga), Ep. 40\u201351 (Anime) <\/h3>\n<p><!-- No repeatable ad for zone: character count repeatable. --><!-- Repeatable debug data: {\"injection\":\"none\",\"adPosition\":6,\"startingPoint\":0,\"skipEvery\":null,\"nbrPlacementFilledEachSkip\":6,\"nbrPlacementsScanned\":6,\"ruleCount\":900,\"degradationStartingPoint\":1,\"stopAds\":null,\"actualCount\":196} --><\/p>\n<p>  Nachdem bekannt wurde, dass die <strong>Schurkenzauberer versuchen, m\u00e4chtige Zaubersteine zu sammeln<\/strong>Die Black Bulls werden von niemand anderem als dem Zaubererk\u00f6nig selbst auf eine besondere Mission geschickt, mit der Aufgabe, einen der ihren zu retten. <strong>besondere Steine des Tempels des Meeresbodens<\/strong>Dieser Unterwasserbereich des Clover Kingdom stellt Asta und seine Verb\u00fcndeten vor neue Herausforderungen: Die Black Bulls treten in einem Battle Royale mit hohem Einsatz gegeneinander an, um den Stein in die H\u00e4nde zu bekommen. <\/p>\n<p><!-- No repeatable ad for zone: character count repeatable. --><!-- Repeatable debug data: {\"injection\":\"none\",\"adPosition\":6,\"startingPoint\":0,\"skipEvery\":null,\"nbrPlacementFilledEachSkip\":6,\"nbrPlacementsScanned\":6,\"ruleCount\":900,\"degradationStartingPoint\":1,\"stopAds\":null,\"actualCount\":658} --><\/p>\n<p>  Die gr\u00f6\u00dfte Bedrohung f\u00fcr die Black Bulls ist Vetto, ein weiterer der zehn Apostel von Sephirah, der ebenfalls auf der Suche nach dem Stein ist. Nach einer Reihe intensiver K\u00e4mpfe gegen ihn, <strong>Die Black Bulls schw\u00e4chten Vetto schlie\u00dflich so weit, dass ihr Kapit\u00e4n ihn niederstrecken konnte<\/strong>und dabei den magischen Stein zu sch\u00fctzen. <\/p>\n<p><!-- Repeatable debug data: {\"injection\":\"before\",\"adPosition\":6,\"startingPoint\":0,\"skipEvery\":null,\"nbrPlacementFilledEachSkip\":6,\"nbrPlacementsScanned\":6,\"ruleCount\":900,\"degradationStartingPoint\":1,\"stopAds\":null,\"isEarlyInjection\":false,\"actualCount\":958} --><!-- Zone: character count repeatable. --><!-- Repeatable debug data: {\"injection\":\"after\",\"adPosition\":7,\"startingPoint\":0,\"skipEvery\":null,\"nbrPlacementFilledEachSkip\":7,\"nbrPlacementsScanned\":6,\"ruleCount\":900,\"degradationStartingPoint\":1,\"stopAds\":null,\"isEarlyInjection\":false,\"actualCount\":0} --><br \/>\n<!-- Repeatable debug data: {\"isEarlyInjection\":false,\"currentRuleCount\":900,\"actualCount\":0,\"hasActualCountMetThreshold\":null,\"countRemainingForInjection\":null,\"nextBlockCount\":null,\"hasCountRemainingForInjectionMetThreshold\":null} --><\/p>\n<p><!-- No repeatable ad for zone: character count repeatable. --><!-- Repeatable debug data: {\"injection\":\"none\",\"adPosition\":7,\"startingPoint\":0,\"skipEvery\":null,\"nbrPlacementFilledEachSkip\":7,\"nbrPlacementsScanned\":7,\"ruleCount\":900,\"degradationStartingPoint\":1,\"stopAds\":null,\"actualCount\":0} --><\/p>\n<h2 id=\"the-black-bulls-enter-the-witches-39-forest\">  Die schwarzen Stiere dringen in den Hexenwald ein <\/h2>\n<h3 id=\"ch-75-101-manga-ep-51-65-anime\">  Kap. 75\u2013101 (Manga), Ep. 51\u201365 (Anime) <\/h3>\n<div class=\"body-img landscape\">\n<div class=\"responsive-img image-expandable img-article-item\" style=\":50%\" data-img-url=\"https:\/\/animangeek.com\/wp-content\/uploads\/2024\/05\/screenshot-2024-02-21-at-8-25-14-pm.jpg\" data-modal-id=\"single-image-modal\" data-modal-container-id=\"single-image-modal-container\" data-img-caption=\"&quot;&quot;\">\n<figure><picture><source media=\"(min-width: 1024px)\" data- \/><source media=\"(min-width: 768px)\" data- \/><source media=\"(min-width: 481px)\" data- \/><source media=\"(min-width: 0px)\" data- \/><img width=\"1200\" height=\"600\" loading=\"lazy\" decoding=\"async\" alt=\"Black Clover \u2013 A Rainha Bruxa lan\u00e7ando um ataque sinistro\" src=\"https:\/\/animangeek.com\/wp-content\/uploads\/2024\/05\/screenshot-2024-02-21-at-8-25-14-pm.jpg\" style=\"display:block;height:auto;max-width:100%;\"\/> <\/picture> <\/figure>\n<\/p><\/div>\n<\/p><\/div>\n<p><!-- No repeatable ad for zone: character count repeatable. --><!-- Repeatable debug data: {\"injection\":\"none\",\"adPosition\":7,\"startingPoint\":0,\"skipEvery\":null,\"nbrPlacementFilledEachSkip\":7,\"nbrPlacementsScanned\":7,\"ruleCount\":900,\"degradationStartingPoint\":1,\"stopAds\":null,\"actualCount\":240} --><\/p>\n<p>  Obwohl es ihnen gelang, den magischen Stein aus dem Meeresbodentempel zu bergen, <strong>Asta wurde schwer verletzt<\/strong>Als die Schwarzen Bullen an die Oberfl\u00e4che zur\u00fcckkehren, hat ein Medizinmann eine d\u00fcstere Prognose f\u00fcr sie: <strong>Ihre Arme werden vielleicht nie wieder dieselben sein<\/strong>Um ihn zu retten, begeben sich die Mitglieder der Black Bulls in den Hexenwald, in der Hoffnung, dort ein ungew\u00f6hnliches Heilmittel f\u00fcr Asta zu finden. <\/p>\n<p><!-- No repeatable ad for zone: character count repeatable. --><!-- Repeatable debug data: {\"injection\":\"none\",\"adPosition\":7,\"startingPoint\":0,\"skipEvery\":null,\"nbrPlacementFilledEachSkip\":7,\"nbrPlacementsScanned\":7,\"ruleCount\":900,\"degradationStartingPoint\":1,\"stopAds\":null,\"actualCount\":594} --><\/p>\n<p>  Sie finden die Hexenk\u00f6nigin, und sie schlie\u00dft einen verdrehten Deal mit ihnen ab: Sie stimmt zu, Astas Arme zu heilen, in dem Glauben, dadurch die Kontrolle \u00fcber Vanessa zu erlangen, ein Mitglied der Black Bulls, das aus dem Hexenwald geflohen war, bevor es sich dem Trupp anschloss. Astas Arme erhalten ihre fr\u00fchere Kraft zur\u00fcck, doch bald dringen sowohl das Auge der Mitternachtssonne als auch das Diamantk\u00f6nigreich in den Hexenwald ein; sie werden schlie\u00dflich besiegt. <\/p>\n<p><!-- Repeatable debug data: {\"injection\":\"before\",\"adPosition\":7,\"startingPoint\":0,\"skipEvery\":null,\"nbrPlacementFilledEachSkip\":7,\"nbrPlacementsScanned\":7,\"ruleCount\":900,\"degradationStartingPoint\":1,\"stopAds\":null,\"isEarlyInjection\":false,\"actualCount\":1027} --><!-- Zone: character count repeatable. --><!-- Repeatable debug data: {\"injection\":\"after\",\"adPosition\":8,\"startingPoint\":0,\"skipEvery\":null,\"nbrPlacementFilledEachSkip\":8,\"nbrPlacementsScanned\":7,\"ruleCount\":900,\"degradationStartingPoint\":1,\"stopAds\":null,\"isEarlyInjection\":false,\"actualCount\":0} --><br \/>\n<!-- Repeatable debug data: {\"isEarlyInjection\":false,\"currentRuleCount\":900,\"actualCount\":0,\"hasActualCountMetThreshold\":null,\"countRemainingForInjection\":null,\"nextBlockCount\":null,\"hasCountRemainingForInjectionMetThreshold\":null} --><\/p>\n<p><!-- No repeatable ad for zone: character count repeatable. --><!-- Repeatable debug data: {\"injection\":\"none\",\"adPosition\":8,\"startingPoint\":0,\"skipEvery\":null,\"nbrPlacementFilledEachSkip\":8,\"nbrPlacementsScanned\":8,\"ruleCount\":900,\"degradationStartingPoint\":1,\"stopAds\":null,\"actualCount\":0} --><\/p>\n<h2 id=\"the-royal-knights-are-formed\">  Die k\u00f6niglichen Ritter werden gebildet <\/h2>\n<h3 id=\"ch-102-149-manga-ep-66-96-anime\">  Kap. 102\u2013149 (Manga), Ep. 66\u201396 (Anime) <\/h3>\n<div class=\"body-img landscape mobile-optimized\">\n<div class=\"responsive-img image-expandable img-article-item\" style=\":50%\" data-img-url=\"https:\/\/animangeek.com\/wp-content\/uploads\/2024\/05\/Xerx-Lugner.jpg\" data-modal-id=\"single-image-modal\" data-modal-container-id=\"single-image-modal-container\" data-img-caption=\"&quot;&quot;\">\n<figure><picture><source media=\"(min-width: 1024px)\" data- \/><source media=\"(min-width: 768px)\" data- \/><source media=\"(min-width: 481px)\" data- \/><source media=\"(min-width: 0px)\" data- \/><img width=\"1600\" height=\"800\" loading=\"lazy\" decoding=\"async\" alt=\"Xerx Lugner de Black Clover.\" src=\"https:\/\/animangeek.com\/wp-content\/uploads\/2024\/05\/Xerx-Lugner.jpg\" style=\"display:block;height:auto;max-width:100%;\"\/> <\/picture> <\/figure>\n<\/p><\/div>\n<\/p><\/div>\n<p><!-- No repeatable ad for zone: character count repeatable. --><!-- Repeatable debug data: {\"injection\":\"none\",\"adPosition\":8,\"startingPoint\":0,\"skipEvery\":null,\"nbrPlacementFilledEachSkip\":8,\"nbrPlacementsScanned\":8,\"ruleCount\":900,\"degradationStartingPoint\":1,\"stopAds\":null,\"actualCount\":240} --><\/p>\n<p>  Nach ihrer Reise durch den Hexenwald und Astas vollst\u00e4ndiger Genesung nehmen die Black Bulls am Star Awards Festival teil, einer j\u00e4hrlichen Veranstaltung, bei der die Erfolge der Magic Knights im Laufe des Jahres gefeiert werden. Anschlie\u00dfend <strong>Asta, Yuno, Yami, Charlotte und Noelle trainieren mit den Crimson Lions und ihrer einsch\u00fcchternden Kapit\u00e4nin Mereoleona Vermillion.<\/strong>. <\/p>\n<p><!-- No repeatable ad for zone: character count repeatable. --><!-- Repeatable debug data: {\"injection\":\"none\",\"adPosition\":8,\"startingPoint\":0,\"skipEvery\":null,\"nbrPlacementFilledEachSkip\":8,\"nbrPlacementsScanned\":8,\"ruleCount\":900,\"degradationStartingPoint\":1,\"stopAds\":null,\"actualCount\":594} --><\/p>\n<p>  Asta nutzt das Training, das Mereoleona ihm w\u00e4hrend der Auswahlpr\u00fcfung f\u00fcr die K\u00f6niglichen Ritter beigebracht hat. Dabei handelt es sich um einen Test, um herauszufinden, welche magischen Ritter am besten f\u00fcr einen neuen Trupp geeignet sind, der die Basis des Auges der Mitternachtssonne angreifen soll. Ein mysteri\u00f6ser Mann namens Xerx Lugner nimmt mit Asta am Turnier teil. Sp\u00e4ter stellt sich heraus, dass es sich um Zora Ideale von den Schwarzen Bullen handelt, sehr zu Astas Frustration. <strong>Asta und Zora schlie\u00dfen sich den K\u00f6niglichen Rittern an<\/strong> und machen Sie sich bereit zur Teilnahme an der <strong>Angriff auf das Hauptquartier des Auges der Mitternachtssonne<\/strong>. <\/p>\n<p><!-- Repeatable debug data: {\"injection\":\"before\",\"adPosition\":8,\"startingPoint\":0,\"skipEvery\":null,\"nbrPlacementFilledEachSkip\":8,\"nbrPlacementsScanned\":8,\"ruleCount\":900,\"degradationStartingPoint\":1,\"stopAds\":null,\"isEarlyInjection\":false,\"actualCount\":1135} --><!-- Zone: character count repeatable. --><!-- Repeatable debug data: {\"injection\":\"after\",\"adPosition\":9,\"startingPoint\":0,\"skipEvery\":null,\"nbrPlacementFilledEachSkip\":9,\"nbrPlacementsScanned\":8,\"ruleCount\":900,\"degradationStartingPoint\":1,\"stopAds\":null,\"isEarlyInjection\":false,\"actualCount\":0} --><br \/>\n<!-- Repeatable debug data: {\"isEarlyInjection\":false,\"currentRuleCount\":900,\"actualCount\":0,\"hasActualCountMetThreshold\":null,\"countRemainingForInjection\":null,\"nextBlockCount\":null,\"hasCountRemainingForInjectionMetThreshold\":null} --><\/p>\n<p><!-- No repeatable ad for zone: character count repeatable. --><!-- Repeatable debug data: {\"injection\":\"none\",\"adPosition\":9,\"startingPoint\":0,\"skipEvery\":null,\"nbrPlacementFilledEachSkip\":9,\"nbrPlacementsScanned\":9,\"ruleCount\":900,\"degradationStartingPoint\":1,\"stopAds\":null,\"actualCount\":0} --><\/p>\n<h2 id=\"the-elf-tribe-is-reincarnated\">  Der Elfenstamm wurde wiedergeboren <\/h2>\n<h3 id=\"ch-150-228-manga-ep-96-157-anime\">  Kap. 150\u2013228 (Manga), Ep. 96\u2013157 (Anime) <\/h3>\n<p><!-- No repeatable ad for zone: character count repeatable. --><!-- Repeatable debug data: {\"injection\":\"none\",\"adPosition\":9,\"startingPoint\":0,\"skipEvery\":null,\"nbrPlacementFilledEachSkip\":9,\"nbrPlacementsScanned\":9,\"ruleCount\":900,\"degradationStartingPoint\":1,\"stopAds\":null,\"actualCount\":240} --><\/p>\n<div class=\"display-card article article-card small no-badge active-content\">\n<div class=\"w-img\">\n<div class=\"body-img landscape\">\n<div class=\"responsive-img img-featured-4-pin-single-size-featured-secondary\" style=\":50%\" data-img-url=\"http:\/\/animangeek.com\/wp-content\/uploads\/sites\/106\/2024\/05\/shukaku-gaara-and-lady-chiyo.jpg\" data-modal-id=\"single-image-modal\" data-modal-container-id=\"single-image-modal-container\" data-img-caption=\"&quot;&quot;\">\n<figure><picture><source media=\"(min-width: 1024px)\" data- \/><source media=\"(min-width: 768px)\" data- \/><source media=\"(min-width: 481px)\" data- \/><source media=\"(min-width: 0px)\" data- \/><img width=\"1400\" height=\"700\" loading=\"lazy\" decoding=\"async\" alt=\"Shukaku, Gaara e Lady Chiyo\" src=\"http:\/\/animangeek.com\/wp-content\/uploads\/sites\/106\/2024\/05\/shukaku-gaara-and-lady-chiyo.jpg\" style=\"display:block;height:auto;max-width:100%;\"\/> <\/picture> <\/figure>\n<\/p><\/div>\n<\/p><\/div>\n<\/p><\/div>\n<div class=\"w-display-card-content\"><span data-field=\"label\" class=\"article-card-label\">Verwandt<\/span><\/p>\n<h5 class=\"display-card-title\">  Naruto: Der Tod dieser Figur war der schrecklichste  <\/h5>\n<p><span data-field=\"excerpt\" class=\"article-card-excerpt\">Viele Charaktere aus Naruto haben im Laufe der Serie ein ungl\u00fcckliches Ende gefunden, aber einer von ihnen wurde in den Tagen vor seinem Tod besonders gefoltert.<\/span> <\/div>\n<\/p><\/div>\n<p><!-- No repeatable ad for zone: character count repeatable. --><!-- Repeatable debug data: {\"injection\":\"none\",\"adPosition\":9,\"startingPoint\":0,\"skipEvery\":null,\"nbrPlacementFilledEachSkip\":9,\"nbrPlacementsScanned\":9,\"ruleCount\":900,\"degradationStartingPoint\":1,\"stopAds\":null,\"actualCount\":480} --><\/p>\n<p>  Als der Angriff auf die Basis des Auges der Mitternachtssonne beginnt, geraten die Pl\u00e4ne der K\u00f6niglichen Ritter durcheinander, als <strong>der Elfenstamm wurde in die Ritter wiedergeboren<\/strong>was dazu f\u00fchrt, dass sie sich gegeneinander wenden. <strong>Auch das Hauptquartier der Black Bulls wird angegriffen<\/strong>mit den Feinden der Magic Knights auf der Suche nach den magischen Steinen, die im Versteck aufbewahrt werden. <\/p>\n<p><!-- No repeatable ad for zone: character count repeatable. --><!-- Repeatable debug data: {\"injection\":\"none\",\"adPosition\":9,\"startingPoint\":0,\"skipEvery\":null,\"nbrPlacementFilledEachSkip\":9,\"nbrPlacementsScanned\":9,\"ruleCount\":900,\"degradationStartingPoint\":1,\"stopAds\":null,\"actualCount\":835} --><br \/>\n<!-- Repeatable debug data: {\"isEarlyInjection\":true,\"currentRuleCount\":900,\"actualCount\":835,\"hasActualCountMetThreshold\":true,\"countRemainingForInjection\":65,\"nextBlockCount\":418,\"hasCountRemainingForInjectionMetThreshold\":true,\"nextCount\":1253} --><\/p>\n<p><!-- Repeatable debug data: {\"injection\":\"before\",\"adPosition\":9,\"startingPoint\":0,\"skipEvery\":null,\"nbrPlacementFilledEachSkip\":9,\"nbrPlacementsScanned\":9,\"ruleCount\":900,\"degradationStartingPoint\":1,\"stopAds\":null,\"isEarlyInjection\":true,\"actualCount\":900} --><!-- Zone: character count repeatable. --><!-- Repeatable debug data: {\"injection\":\"after\",\"adPosition\":10,\"startingPoint\":0,\"skipEvery\":null,\"nbrPlacementFilledEachSkip\":10,\"nbrPlacementsScanned\":9,\"ruleCount\":900,\"degradationStartingPoint\":1,\"stopAds\":null,\"isEarlyInjection\":true,\"actualCount\":0} --><\/p>\n<p>  Urspr\u00fcnglich bekannt als <strong>Licht, der Anf\u00fchrer des Auges der Mitternachtssonne, \u00fcbernimmt eine weitere Rolle als Anf\u00fchrer des Elfenstammes.<\/strong> und erweist sich als einer der st\u00e4rksten Charaktere im Universum der Serie. Mit der Reinkarnation des Elfenstammes starten sie schnell einen Angriff auf die K\u00f6nigsfamilien des Clover Kingdom, und die Magic Knights m\u00fcssen k\u00e4mpfen, um sie zu besiegen und die neu reinkarnierten Elfen in Schach zu halten. <\/p>\n<p><!-- No repeatable ad for zone: character count repeatable. --><!-- Repeatable debug data: {\"injection\":\"none\",\"adPosition\":10,\"startingPoint\":0,\"skipEvery\":null,\"nbrPlacementFilledEachSkip\":10,\"nbrPlacementsScanned\":10,\"ruleCount\":900,\"degradationStartingPoint\":1,\"stopAds\":null,\"actualCount\":353} --><\/p>\n<p><!-- No repeatable ad for zone: character count repeatable. --><!-- Repeatable debug data: {\"injection\":\"none\",\"adPosition\":10,\"startingPoint\":0,\"skipEvery\":null,\"nbrPlacementFilledEachSkip\":10,\"nbrPlacementsScanned\":10,\"ruleCount\":900,\"degradationStartingPoint\":1,\"stopAds\":null,\"actualCount\":353} --><\/p>\n<h2 id=\"the-great-war-begins\">  Der Gro\u00dfe Krieg beginnt <\/h2>\n<h3 id=\"ch-229-331-manga-ep-158-170-anime\">  Kap. 229\u2013331 (Manga), Ep. 158\u2013170 (Anime) <\/h3>\n<div class=\"body-img landscape mobile-optimized\">\n<div class=\"responsive-img image-expandable img-article-item\" style=\":50%\" data-img-url=\"http:\/\/animangeek.com\/wp-content\/uploads\/sites\/106\/2024\/05\/92d6972d-8c07-4268-b93e-4c70199b383b.jpeg\" data-modal-id=\"single-image-modal\" data-modal-container-id=\"single-image-modal-container\" data-img-caption=\"&quot;&quot;\">\n<figure><picture><source media=\"(min-width: 1024px)\" data- \/><source media=\"(min-width: 768px)\" data- \/><source media=\"(min-width: 481px)\" data- \/><source media=\"(min-width: 0px)\" data- \/><img width=\"3072\" height=\"1536\" loading=\"lazy\" decoding=\"async\" alt=\"Vanica, possu\u00edda por Megicula, invade alegremente o Reino Heart.\" src=\"http:\/\/animangeek.com\/wp-content\/uploads\/sites\/106\/2024\/05\/92d6972d-8c07-4268-b93e-4c70199b383b.jpeg\" style=\"display:block;height:auto;max-width:100%;\"\/> <\/picture> <\/figure>\n<\/p><\/div>\n<\/p><\/div>\n<p><!-- No repeatable ad for zone: character count repeatable. --><!-- Repeatable debug data: {\"injection\":\"none\",\"adPosition\":10,\"startingPoint\":0,\"skipEvery\":null,\"nbrPlacementFilledEachSkip\":10,\"nbrPlacementsScanned\":10,\"ruleCount\":900,\"degradationStartingPoint\":1,\"stopAds\":null,\"actualCount\":593} --><\/p>\n<div class=\"display-card article article-card small no-badge active-content\">\n<div class=\"w-img\">\n<div class=\"body-img landscape\">\n<div class=\"responsive-img img-featured-4-pin-single-size-featured-secondary\" style=\":50%\" data-img-url=\"https:\/\/animangeek.com\/wp-content\/uploads\/2024\/05\/masaki-kurosaki.jpg\" data-modal-id=\"single-image-modal\" data-modal-container-id=\"single-image-modal-container\" data-img-caption=\"&quot;&quot;\">\n<figure><picture><source media=\"(min-width: 1024px)\" data- \/><source media=\"(min-width: 768px)\" data- \/><source media=\"(min-width: 481px)\" data- \/><source media=\"(min-width: 0px)\" data- \/><img width=\"1400\" height=\"700\" loading=\"lazy\" decoding=\"async\" alt=\"Masaki Kurosaki\" src=\"https:\/\/animangeek.com\/wp-content\/uploads\/2024\/05\/masaki-kurosaki.jpg\" style=\"display:block;height:auto;max-width:100%;\"\/> <\/picture> <\/figure>\n<\/p><\/div>\n<\/p><\/div>\n<\/p><\/div>\n<div class=\"w-display-card-content\"><span data-field=\"label\" class=\"article-card-label\">Verwandt<\/span><\/p>\n<h5 class=\"display-card-title\">  Der Tod dieser Bleach-Figur ist der traurigste der Serie  <\/h5>\n<p><span data-field=\"excerpt\" class=\"article-card-excerpt\">Masaki Kurosakis vorzeitiges Ende in Bleach ist ein tragisches Ereignis, das die Familie Kurosaki unwiederbringlich ver\u00e4ndert \u2013 insbesondere den sensiblen, aber z\u00e4hen Ichigo.<\/span> <\/div>\n<\/p><\/div>\n<p><!-- No repeatable ad for zone: character count repeatable. --><!-- Repeatable debug data: {\"injection\":\"none\",\"adPosition\":10,\"startingPoint\":0,\"skipEvery\":null,\"nbrPlacementFilledEachSkip\":10,\"nbrPlacementsScanned\":10,\"ruleCount\":900,\"degradationStartingPoint\":1,\"stopAds\":null,\"actualCount\":833} --><br \/>\n<!-- Repeatable debug data: {\"isEarlyInjection\":true,\"currentRuleCount\":900,\"actualCount\":833,\"hasActualCountMetThreshold\":true,\"countRemainingForInjection\":67,\"nextBlockCount\":391,\"hasCountRemainingForInjectionMetThreshold\":true,\"nextCount\":1224} --><\/p>\n<p><!-- Repeatable debug data: {\"injection\":\"before\",\"adPosition\":10,\"startingPoint\":0,\"skipEvery\":null,\"nbrPlacementFilledEachSkip\":10,\"nbrPlacementsScanned\":10,\"ruleCount\":900,\"degradationStartingPoint\":1,\"stopAds\":null,\"isEarlyInjection\":true,\"actualCount\":900} --><!-- Zone: character count repeatable. --><!-- Repeatable debug data: {\"injection\":\"after\",\"adPosition\":11,\"startingPoint\":0,\"skipEvery\":null,\"nbrPlacementFilledEachSkip\":11,\"nbrPlacementsScanned\":10,\"ruleCount\":900,\"degradationStartingPoint\":1,\"stopAds\":null,\"isEarlyInjection\":true,\"actualCount\":0} --><\/p>\n<p>  Nachdem die wiedergeborenen Elfen besiegt sind, durchlaufen die Magic Knights eine zerm\u00fcrbende sechsmonatige Ausbildung, in der sie versuchen, den Schaden wiedergutzumachen, der dem Clover Kingdom zugef\u00fcgt wurde.<strong> Asta und seine Freunde arbeiten mit den Magiern des Herzk\u00f6nigreichs zusammen.<\/strong>die in einen Kampf mit dem Spade-K\u00f6nigreich und der Dunklen Triade der Magier verwickelt sind, die es regieren. <\/p>\n<p><!-- No repeatable ad for zone: character count repeatable. --><!-- Repeatable debug data: {\"injection\":\"none\",\"adPosition\":11,\"startingPoint\":0,\"skipEvery\":null,\"nbrPlacementFilledEachSkip\":11,\"nbrPlacementsScanned\":11,\"ruleCount\":900,\"degradationStartingPoint\":1,\"stopAds\":null,\"actualCount\":324} --><\/p>\n<p>  Als sich das Kleeblatt-K\u00f6nigreich und das Herz-K\u00f6nigreich gegen die Pik-K\u00f6nigreiche verb\u00fcnden, bricht der Gro\u00dfe Krieg zwischen ihnen aus. Es ist die st\u00e4rkste Schlacht aller Zeiten. <em>Schwarzklee<\/em>Geschichte, und bald, <strong>Die Truppf\u00fchrer Yami und Vangeance werden von der Dunklen Triade gefangen genommen<\/strong>was die Magic Knights dazu veranlasste, einen Rettungsversuch zu starten<strong>Die magischen Ritter greifen das Spatenk\u00f6nigreich an<\/strong> um die Kapit\u00e4ne zu retten und das Teufelsbindungsritual zu verhindern, bei dem der Baum von Qliphoth entstehen w\u00fcrde. <\/p>\n<p><!-- No repeatable ad for zone: character count repeatable. --><!-- Repeatable debug data: {\"injection\":\"none\",\"adPosition\":11,\"startingPoint\":0,\"skipEvery\":null,\"nbrPlacementFilledEachSkip\":11,\"nbrPlacementsScanned\":11,\"ruleCount\":900,\"degradationStartingPoint\":1,\"stopAds\":null,\"actualCount\":786} --><br \/>\n<!-- Repeatable debug data: {\"isEarlyInjection\":true,\"currentRuleCount\":900,\"actualCount\":786,\"hasActualCountMetThreshold\":true,\"countRemainingForInjection\":114,\"nextBlockCount\":376,\"hasCountRemainingForInjectionMetThreshold\":true,\"nextCount\":1162} --><\/p>\n<p><!-- Repeatable debug data: {\"injection\":\"before\",\"adPosition\":11,\"startingPoint\":0,\"skipEvery\":null,\"nbrPlacementFilledEachSkip\":11,\"nbrPlacementsScanned\":11,\"ruleCount\":900,\"degradationStartingPoint\":1,\"stopAds\":null,\"isEarlyInjection\":true,\"actualCount\":900} --><!-- Zone: character count repeatable. --><!-- Repeatable debug data: {\"injection\":\"after\",\"adPosition\":12,\"startingPoint\":0,\"skipEvery\":null,\"nbrPlacementFilledEachSkip\":12,\"nbrPlacementsScanned\":11,\"ruleCount\":900,\"degradationStartingPoint\":1,\"stopAds\":null,\"isEarlyInjection\":true,\"actualCount\":0} --><\/p>\n<p> <em>Schwarzklee<\/em>Die Anime-Adaption endet derzeit in der Mitte dieser Handlung, wobei Asta im Rahmen des Devil Binding Ritual gegen Liebe k\u00e4mpft. <em>Schwarzklee<\/em>Der Manga ist noch nicht abgeschlossen. Die letzten Ausgaben der Geschichte setzen die Zeit nach dem Ersten Weltkrieg fort und zeigen <strong>ein heiliger Krieg brach aus<\/strong>w\u00e4hrend eine neue Figur \u2013 Lucius Zogratis \u2013 versucht, die Kontrolle \u00fcber die Magie der Welt zu \u00fcbernehmen. <\/p>\n<p><!-- No repeatable ad for zone: character count repeatable. --><!-- Repeatable debug data: {\"injection\":\"none\",\"adPosition\":12,\"startingPoint\":0,\"skipEvery\":null,\"nbrPlacementFilledEachSkip\":12,\"nbrPlacementsScanned\":12,\"ruleCount\":900,\"degradationStartingPoint\":1,\"stopAds\":null,\"actualCount\":262} --><\/p>\n<div class=\"display-card tag large no-badge\" data-show-streamrentbuy-links=\"false\">\n<div class=\"w-img\">\n<div class=\"body-img portrait\">\n<div class=\"responsive-img img-article-square\" style=\":144.44444444444%\" data-img-url=\"https:\/\/animangeek.com\/wp-content\/uploads\/2024\/05\/black-clover-anime-cover-art-with-asta-and-yuno-in-front.jpg\" data-modal-id=\"single-image-modal\" data-modal-container-id=\"single-image-modal-container\" data-img-caption=\"&quot;&quot;\">\n<figure><picture><source media=\"(min-width: 1024px)\" data- \/><source media=\"(min-width: 768px)\" data- \/><source media=\"(min-width: 481px)\" data- \/><source media=\"(min-width: 0px)\" data- \/><img width=\"900\" height=\"1300\" loading=\"lazy\" decoding=\"async\" alt=\"Arte da capa do anime Black Clover com Asta e Yuno na frente.\" src=\"https:\/\/animangeek.com\/wp-content\/uploads\/2024\/05\/black-clover-anime-cover-art-with-asta-and-yuno-in-front.jpg\" style=\"display:block;height:auto;max-width:100%;\"\/> <\/picture> <\/figure>\n<\/p><\/div>\n<\/p><\/div>\n<\/p><\/div>\n<div class=\"w-display-card-content\">\n<h5 class=\"display-card-title\">  Schwarzklee (2017) <\/h5>\n<p class=\"display-card-description\">Asta und Yuno wurden zusammen in derselben Kirche ausgesetzt und sind seitdem unzertrennlich. Als Kinder versprachen sie sich gegenseitig, um den Titel des n\u00e4chsten Zauberkaisers zu k\u00e4mpfen.<\/p>\n<div class=\"w-display-card-info\">\n<dl>\n<p><dt><strong>Ver\u00f6ffentlichungsdatum<\/strong> <\/dt>\n<dd><span>  3. Oktober 2017 <\/span> <\/dd>\n<\/p>\n<p><dt><strong>Gie\u00dfen<\/strong> <\/dt>\n<dd><span>  Dallas Reid, Jill Harris, Christopher Sabat, Micah Solusod, Brandon McInnis, Lydia MacKay <\/span> <\/dd>\n<\/p>\n<p><dt><strong>Jahreszeiten<\/strong> <\/dt>\n<dd><span>  4 <\/span> <\/dd>\n<\/p>\n<p><dt><strong>Studio<\/strong> <\/dt>\n<dd><span>  Pierrot <\/span> <\/dd>\n<\/p>\n<\/dl><\/div>\n<\/p><\/div>\n<\/p><\/div>\n<p><!-- No repeatable ad for zone: character count repeatable. --><!-- Repeatable debug data: {\"injection\":\"none\",\"adPosition\":12,\"startingPoint\":0,\"skipEvery\":null,\"nbrPlacementFilledEachSkip\":12,\"nbrPlacementsScanned\":12,\"ruleCount\":900,\"degradationStartingPoint\":1,\"stopAds\":null,\"actualCount\":502} --><\/div>\n<p>\n<\/div>","protected":false},"excerpt":{"rendered":"<p>Black Clover erz\u00e4hlt die Geschichte des jungen Waisenkinds Asta, das scheinbar der einzige Mensch ohne magische Kr\u00e4fte in einer Welt ist, in der alle anderen sie im \u00dcberfluss besitzen. Trotzdem strebt er danach, Zauberkaiser zu werden und begibt sich mit Yuno, einem anderen Waisenkind und Wunderkind mit immensen magischen Kr\u00e4ften, auf Abenteuer. <a class=\"more-link\" href=\"https:\/\/animangeek.com\/de\/black-clover-uma-linha-do-tempo-completa\/\">Weiterlesen <span class=\"screen-reader-text\">Black Clover: Eine vollst\u00e4ndige Zeitleiste<\/span><\/a><\/p>","protected":false},"author":0,"featured_media":11461,"comment_status":"open","ping_status":"open","sticky":false,"template":"","format":"standard","meta":{"footnotes":""},"categories":[4],"tags":[],"yoast_head":"<!-- This site is optimized with the Yoast SEO plugin v23.3 - https:\/\/yoast.com\/wordpress\/plugins\/seo\/ -->\n<title>Black Clover: uma linha do tempo completa - Animan Geek<\/title>\n<meta name=\"robots\" content=\"index, follow, max-snippet:-1, max-image-preview:large, max-video-preview:-1\" \/>\n<link rel=\"canonical\" href=\"https:\/\/animangeek.com\/de\/black-clover-uma-linha-do-tempo-completa\/\" \/>\n<meta property=\"og:locale\" content=\"de_DE\" \/>\n<meta property=\"og:type\" content=\"article\" \/>\n<meta property=\"og:title\" content=\"Black Clover: uma linha do tempo completa - Animan Geek\" \/>\n<meta property=\"og:description\" content=\"Trevo Negro conta a hist\u00f3ria do jovem \u00f3rf\u00e3o Asta, que aparentemente \u00e9 a \u00fanica pessoa que n\u00e3o possui poderes m\u00e1gicos em um mundo onde todos os possuem em abund\u00e2ncia. Apesar disso, ele deseja se tornar o Rei Mago e parte em aventuras com Yuno, um colega \u00f3rf\u00e3o que \u00e9 um prod\u00edgio com imensos poderes m\u00e1gicos.&hellip; Continue reading Black Clover: uma linha do tempo completa\" \/>\n<meta property=\"og:url\" content=\"https:\/\/animangeek.com\/de\/black-clover-uma-linha-do-tempo-completa\/\" \/>\n<meta property=\"og:site_name\" content=\"Animan Geek\" \/>\n<meta property=\"article:published_time\" content=\"2024-05-18T15:21:06+00:00\" \/>\n<meta property=\"og:image\" content=\"https:\/\/animangeek.com\/wp-content\/uploads\/sites\/106\/2024\/05\/split-images-of-licht-asta-yuno-and-mars.jpg\" \/>\n\t<meta property=\"og:image:width\" content=\"1400\" \/>\n\t<meta property=\"og:image:height\" content=\"700\" \/>\n\t<meta property=\"og:image:type\" content=\"image\/jpeg\" \/>\n<meta name=\"twitter:card\" content=\"summary_large_image\" \/>\n<meta name=\"twitter:label1\" content=\"Est. reading time\" \/>\n\t<meta name=\"twitter:data1\" content=\"9 Minuten\" \/>\n<script type=\"application\/ld+json\" class=\"yoast-schema-graph\">{\"@context\":\"https:\/\/schema.org\",\"@graph\":[{\"@type\":\"WebPage\",\"@id\":\"https:\/\/animangeek.com\/black-clover-uma-linha-do-tempo-completa\/\",\"url\":\"https:\/\/animangeek.com\/black-clover-uma-linha-do-tempo-completa\/\",\"name\":\"Black Clover: uma linha do tempo completa - Animan Geek\",\"isPartOf\":{\"@id\":\"https:\/\/animangeek.com\/#website\"},\"primaryImageOfPage\":{\"@id\":\"https:\/\/animangeek.com\/black-clover-uma-linha-do-tempo-completa\/#primaryimage\"},\"image\":{\"@id\":\"https:\/\/animangeek.com\/black-clover-uma-linha-do-tempo-completa\/#primaryimage\"},\"thumbnailUrl\":\"https:\/\/animangeek.com\/wp-content\/uploads\/sites\/106\/2024\/05\/split-images-of-licht-asta-yuno-and-mars.jpg\",\"datePublished\":\"2024-05-18T15:21:06+00:00\",\"dateModified\":\"2024-05-18T15:21:06+00:00\",\"author\":{\"@id\":\"\"},\"breadcrumb\":{\"@id\":\"https:\/\/animangeek.com\/black-clover-uma-linha-do-tempo-completa\/#breadcrumb\"},\"inLanguage\":\"de-DE\",\"potentialAction\":[{\"@type\":\"ReadAction\",\"target\":[\"https:\/\/animangeek.com\/black-clover-uma-linha-do-tempo-completa\/\"]}]},{\"@type\":\"ImageObject\",\"inLanguage\":\"de-DE\",\"@id\":\"https:\/\/animangeek.com\/black-clover-uma-linha-do-tempo-completa\/#primaryimage\",\"url\":\"https:\/\/animangeek.com\/wp-content\/uploads\/sites\/106\/2024\/05\/split-images-of-licht-asta-yuno-and-mars.jpg\",\"contentUrl\":\"https:\/\/animangeek.com\/wp-content\/uploads\/sites\/106\/2024\/05\/split-images-of-licht-asta-yuno-and-mars.jpg\",\"width\":1400,\"height\":700},{\"@type\":\"BreadcrumbList\",\"@id\":\"https:\/\/animangeek.com\/black-clover-uma-linha-do-tempo-completa\/#breadcrumb\",\"itemListElement\":[{\"@type\":\"ListItem\",\"position\":1,\"name\":\"Home\",\"item\":\"https:\/\/animangeek.com\/\"},{\"@type\":\"ListItem\",\"position\":2,\"name\":\"Black Clover: uma linha do tempo completa\"}]},{\"@type\":\"WebSite\",\"@id\":\"https:\/\/animangeek.com\/#website\",\"url\":\"https:\/\/animangeek.com\/\",\"name\":\"Animan Geek\",\"description\":\"\",\"potentialAction\":[{\"@type\":\"SearchAction\",\"target\":{\"@type\":\"EntryPoint\",\"urlTemplate\":\"https:\/\/animangeek.com\/?s={search_term_string}\"},\"query-input\":\"required name=search_term_string\"}],\"inLanguage\":\"de-DE\"}]}<\/script>\n<!-- \/ Yoast SEO plugin. -->","yoast_head_json":{"title":"Black Clover: uma linha do tempo completa - Animan Geek","robots":{"index":"index","follow":"follow","max-snippet":"max-snippet:-1","max-image-preview":"max-image-preview:large","max-video-preview":"max-video-preview:-1"},"canonical":"https:\/\/animangeek.com\/de\/black-clover-uma-linha-do-tempo-completa\/","og_locale":"de_DE","og_type":"article","og_title":"Black Clover: uma linha do tempo completa - Animan Geek","og_description":"Trevo Negro conta a hist\u00f3ria do jovem \u00f3rf\u00e3o Asta, que aparentemente \u00e9 a \u00fanica pessoa que n\u00e3o possui poderes m\u00e1gicos em um mundo onde todos os possuem em abund\u00e2ncia. Apesar disso, ele deseja se tornar o Rei Mago e parte em aventuras com Yuno, um colega \u00f3rf\u00e3o que \u00e9 um prod\u00edgio com imensos poderes m\u00e1gicos.&hellip; Continue reading Black Clover: uma linha do tempo completa","og_url":"https:\/\/animangeek.com\/de\/black-clover-uma-linha-do-tempo-completa\/","og_site_name":"Animan Geek","article_published_time":"2024-05-18T15:21:06+00:00","og_image":[{"width":1400,"height":700,"url":"https:\/\/animangeek.com\/wp-content\/uploads\/sites\/106\/2024\/05\/split-images-of-licht-asta-yuno-and-mars.jpg","type":"image\/jpeg"}],"twitter_card":"summary_large_image","twitter_misc":{"Est. reading time":"9 Minuten"},"schema":{"@context":"https:\/\/schema.org","@graph":[{"@type":"WebPage","@id":"https:\/\/animangeek.com\/black-clover-uma-linha-do-tempo-completa\/","url":"https:\/\/animangeek.com\/black-clover-uma-linha-do-tempo-completa\/","name":"Black Clover: uma linha do tempo completa - Animan Geek","isPartOf":{"@id":"https:\/\/animangeek.com\/#website"},"primaryImageOfPage":{"@id":"https:\/\/animangeek.com\/black-clover-uma-linha-do-tempo-completa\/#primaryimage"},"image":{"@id":"https:\/\/animangeek.com\/black-clover-uma-linha-do-tempo-completa\/#primaryimage"},"thumbnailUrl":"https:\/\/animangeek.com\/wp-content\/uploads\/sites\/106\/2024\/05\/split-images-of-licht-asta-yuno-and-mars.jpg","datePublished":"2024-05-18T15:21:06+00:00","dateModified":"2024-05-18T15:21:06+00:00","author":{"@id":""},"breadcrumb":{"@id":"https:\/\/animangeek.com\/black-clover-uma-linha-do-tempo-completa\/#breadcrumb"},"inLanguage":"de-DE","potentialAction":[{"@type":"ReadAction","target":["https:\/\/animangeek.com\/black-clover-uma-linha-do-tempo-completa\/"]}]},{"@type":"ImageObject","inLanguage":"de-DE","@id":"https:\/\/animangeek.com\/black-clover-uma-linha-do-tempo-completa\/#primaryimage","url":"https:\/\/animangeek.com\/wp-content\/uploads\/sites\/106\/2024\/05\/split-images-of-licht-asta-yuno-and-mars.jpg","contentUrl":"https:\/\/animangeek.com\/wp-content\/uploads\/sites\/106\/2024\/05\/split-images-of-licht-asta-yuno-and-mars.jpg","width":1400,"height":700},{"@type":"BreadcrumbList","@id":"https:\/\/animangeek.com\/black-clover-uma-linha-do-tempo-completa\/#breadcrumb","itemListElement":[{"@type":"ListItem","position":1,"name":"Home","item":"https:\/\/animangeek.com\/"},{"@type":"ListItem","position":2,"name":"Black Clover: uma linha do tempo completa"}]},{"@type":"WebSite","@id":"https:\/\/animangeek.com\/#website","url":"https:\/\/animangeek.com\/","name":"Animan Geek","description":"","potentialAction":[{"@type":"SearchAction","target":{"@type":"EntryPoint","urlTemplate":"https:\/\/animangeek.com\/?s={search_term_string}"},"query-input":"required name=search_term_string"}],"inLanguage":"de-DE"}]}},"_links":{"self":[{"href":"https:\/\/animangeek.com\/de\/wp-json\/wp\/v2\/posts\/11460"}],"collection":[{"href":"https:\/\/animangeek.com\/de\/wp-json\/wp\/v2\/posts"}],"about":[{"href":"https:\/\/animangeek.com\/de\/wp-json\/wp\/v2\/types\/post"}],"replies":[{"embeddable":true,"href":"https:\/\/animangeek.com\/de\/wp-json\/wp\/v2\/comments?post=11460"}],"version-history":[{"count":0,"href":"https:\/\/animangeek.com\/de\/wp-json\/wp\/v2\/posts\/11460\/revisions"}],"wp:featuredmedia":[{"embeddable":true,"href":"https:\/\/animangeek.com\/de\/wp-json\/wp\/v2\/media\/11461"}],"wp:attachment":[{"href":"https:\/\/animangeek.com\/de\/wp-json\/wp\/v2\/media?parent=11460"}],"wp:term":[{"taxonomy":"category","embeddable":true,"href":"https:\/\/animangeek.com\/de\/wp-json\/wp\/v2\/categories?post=11460"},{"taxonomy":"post_tag","embeddable":true,"href":"https:\/\/animangeek.com\/de\/wp-json\/wp\/v2\/tags?post=11460"}],"curies":[{"name":"wp","href":"https:\/\/api.w.org\/{rel}","templated":true}]}}