{"id":11464,"date":"2024-05-18T12:32:51","date_gmt":"2024-05-18T15:32:51","guid":{"rendered":"https:\/\/animangeek.com\/a-historia-de-edens-zero-esta-prestes-a-terminar\/"},"modified":"2024-05-18T12:32:51","modified_gmt":"2024-05-18T15:32:51","slug":"a-historia-de-edens-zero-esta-prestes-a-terminar","status":"publish","type":"post","link":"https:\/\/animangeek.com\/de\/a-historia-de-edens-zero-esta-prestes-a-terminar\/","title":{"rendered":"Die Geschichte von EDENS ZERO geht zu Ende"},"content":{"rendered":"<div class=\"mx-5 sm:mx-0 prose text-left mb-5\"><\/p>\n<div>\n<p>Der beliebte Manga geschrieben und illustriert von <strong>Hiro Mashima<\/strong>\u201e<strong>EDEN ZERO<\/strong>\u201c, <strong>wird in f\u00fcnf Kapiteln enden<\/strong>. Den vorliegenden Informationen zufolge wird die Arbeit, sofern es keine Unterbrechungen bei der Ver\u00f6ffentlichung gibt, in der drei\u00dfigsten Ausgabe des diesj\u00e4hrigen Weekly Shonen Magazine enden, die je nach Zeitplan des Magazins Ende Juni oder Anfang Juli erscheinen wird.<\/p>\n<div class=\"wp-block-image\">\n<figure class=\"aligncenter size-full\"><img loading=\"lazy\" decoding=\"async\" width=\"1600\" height=\"2263\" src=\"https:\/\/animangeek.com\/wp-content\/uploads\/2024\/05\/A-historia-de-EDENS-ZERO-esta-prestes-a-terminar.jpg\" alt=\"\u00c9DENS ZERO\" class=\"wp-image-329866\"  \/><\/figure>\n<\/div>\n<p>\u201eEDENS ZERO\u201c wurde im Juni 2018 als Fortsetzungsgeschichte im Weekly Shonen Magazine ver\u00f6ffentlicht. <strong>Seit seiner Ver\u00f6ffentlichung hat der Manga dank seiner fesselnden Handlung und der unverwechselbaren Charakterdesigns von Mashima, der zuvor den Manga-Hit \u201eFairy Tail\u201c geschaffen hat, eine gro\u00dfe Anh\u00e4ngerschaft gewonnen.<\/strong> Die Geschichte von \u201eEDENS ZERO\u201c folgt den Abenteuern von Shiki Granbell, einem jungen Mann, der auf einem W\u00fcstenplaneten lebt und beschlie\u00dft, das Universum auf der Suche nach der G\u00f6ttin des Kosmos, bekannt als \u201eMutter\u201c, zu erkunden. Begleitet von Rebecca Bluegarden und ihrer Katze Happy begegnet Shiki auf seiner Reise durchs All zahlreichen Herausforderungen und Feinden.<\/p>\n<p>Die Popularit\u00e4t von \u201eEDENS ZERO\u201c beschr\u00e4nkt sich nicht nur auf den Manga. <strong>Die Serie wurde als Anime adaptiert und umfasst zwei Staffeln mit insgesamt 50 Folgen. Anime-Fans warten noch immer auf eine dritte Staffel, die noch nicht offiziell best\u00e4tigt wurde.<\/strong> Dar\u00fcber hinaus wurde das Franchise mit der Ver\u00f6ffentlichung eines Smartphone-Spiels im Februar 2022 auf Videospiele ausgeweitet. Ein geplantes Konsolen-Videospiel erblickte jedoch nie das Licht der Welt, sodass sich die Fans der Serie mehr interaktive Inhalte w\u00fcnschten.<\/p>\n<p><strong>Der Einfluss von \u201eEDENS ZERO\u201c auf die Manga- und Anime-Branche war erheblich und sein Abschluss markiert f\u00fcr viele Fans, die die Abenteuer von Shiki und seinen Freunden \u00fcber die Jahre verfolgt haben, das Ende einer \u00c4ra.<\/strong> Da die Serie zu Ende geht, bleibt abzuwarten, wie Mashima diese spannende Geschichte abschlie\u00dfen wird und welche neuen \u00dcberraschungen er f\u00fcr seine Leser bereith\u00e4lt.<\/p>\n<p>Quelle: <strong><a rel=\"nofollow noopener\" target=\"_blank\" href=\"http:\/\/ryokutya2089.com\/archives\/75854\">Ryokutya<\/a><\/strong><\/p>\n<\/div>\n<p><\/div>","protected":false},"excerpt":{"rendered":"<p>Der beliebte Manga \u201e\u00c9DENS ZERO\u201c, geschrieben und illustriert von Hiro Mashima, wird in f\u00fcnf Kapiteln abgeschlossen. Den verf\u00fcgbaren Informationen zufolge wird die Serie, sofern es keine Ver\u00f6ffentlichungspausen gibt, in der diesj\u00e4hrigen drei\u00dfigsten Ausgabe des Weekly Shonen Magazine enden, die je nach Zeitplan des Magazins Ende Juni oder Anfang Juli erscheinen wird. <a class=\"more-link\" href=\"https:\/\/animangeek.com\/de\/a-historia-de-edens-zero-esta-prestes-a-terminar\/\">Weiterlesen <span class=\"screen-reader-text\">Die Geschichte von EDENS ZERO geht zu Ende<\/span><\/a><\/p>","protected":false},"author":0,"featured_media":11465,"comment_status":"open","ping_status":"open","sticky":false,"template":"","format":"standard","meta":{"footnotes":""},"categories":[8],"tags":[471,842],"yoast_head":"<!-- This site is optimized with the Yoast SEO plugin v23.3 - https:\/\/yoast.com\/wordpress\/plugins\/seo\/ -->\n<title>A hist\u00f3ria de EDENS ZERO est\u00e1 prestes a terminar - Animan Geek<\/title>\n<meta name=\"robots\" content=\"index, follow, max-snippet:-1, max-image-preview:large, max-video-preview:-1\" \/>\n<link rel=\"canonical\" href=\"https:\/\/animangeek.com\/de\/a-historia-de-edens-zero-esta-prestes-a-terminar\/\" \/>\n<meta property=\"og:locale\" content=\"de_DE\" \/>\n<meta property=\"og:type\" content=\"article\" \/>\n<meta property=\"og:title\" content=\"A hist\u00f3ria de EDENS ZERO est\u00e1 prestes a terminar - Animan Geek\" \/>\n<meta property=\"og:description\" content=\"O popular mang\u00e1 escrito e ilustrado por Hiro Mashima\u201c\u00c9DENS ZERO\u201c, terminar\u00e1 em cinco cap\u00edtulos. De acordo com as informa\u00e7\u00f5es dispon\u00edveis, caso n\u00e3o haja pausas na sua publica\u00e7\u00e3o, a obra terminar\u00e1 na trig\u00e9sima edi\u00e7\u00e3o deste ano da Weekly Shonen Magazine, que ser\u00e1 publicada no final de junho ou in\u00edcio de julho, dependendo da programa\u00e7\u00e3o da revista.&hellip; Continue reading A hist\u00f3ria de EDENS ZERO est\u00e1 prestes a terminar\" \/>\n<meta property=\"og:url\" content=\"https:\/\/animangeek.com\/de\/a-historia-de-edens-zero-esta-prestes-a-terminar\/\" \/>\n<meta property=\"og:site_name\" content=\"Animan Geek\" \/>\n<meta property=\"article:published_time\" content=\"2024-05-18T15:32:51+00:00\" \/>\n<meta property=\"og:image\" content=\"https:\/\/animangeek.com\/wp-content\/uploads\/sites\/106\/2024\/05\/1716046372_A-historia-de-EDENS-ZERO-esta-prestes-a-terminar.jpg\" \/>\n\t<meta property=\"og:image:width\" content=\"1920\" \/>\n\t<meta property=\"og:image:height\" content=\"1080\" \/>\n\t<meta property=\"og:image:type\" content=\"image\/jpeg\" \/>\n<meta name=\"twitter:card\" content=\"summary_large_image\" \/>\n<meta name=\"twitter:label1\" content=\"Est. reading time\" \/>\n\t<meta name=\"twitter:data1\" content=\"2 Minuten\" \/>\n<script type=\"application\/ld+json\" class=\"yoast-schema-graph\">{\"@context\":\"https:\/\/schema.org\",\"@graph\":[{\"@type\":\"WebPage\",\"@id\":\"https:\/\/animangeek.com\/a-historia-de-edens-zero-esta-prestes-a-terminar\/\",\"url\":\"https:\/\/animangeek.com\/a-historia-de-edens-zero-esta-prestes-a-terminar\/\",\"name\":\"A hist\u00f3ria de EDENS ZERO est\u00e1 prestes a terminar - Animan Geek\",\"isPartOf\":{\"@id\":\"https:\/\/animangeek.com\/#website\"},\"primaryImageOfPage\":{\"@id\":\"https:\/\/animangeek.com\/a-historia-de-edens-zero-esta-prestes-a-terminar\/#primaryimage\"},\"image\":{\"@id\":\"https:\/\/animangeek.com\/a-historia-de-edens-zero-esta-prestes-a-terminar\/#primaryimage\"},\"thumbnailUrl\":\"https:\/\/animangeek.com\/wp-content\/uploads\/sites\/106\/2024\/05\/1716046372_A-historia-de-EDENS-ZERO-esta-prestes-a-terminar.jpg\",\"datePublished\":\"2024-05-18T15:32:51+00:00\",\"dateModified\":\"2024-05-18T15:32:51+00:00\",\"author\":{\"@id\":\"\"},\"breadcrumb\":{\"@id\":\"https:\/\/animangeek.com\/a-historia-de-edens-zero-esta-prestes-a-terminar\/#breadcrumb\"},\"inLanguage\":\"de-DE\",\"potentialAction\":[{\"@type\":\"ReadAction\",\"target\":[\"https:\/\/animangeek.com\/a-historia-de-edens-zero-esta-prestes-a-terminar\/\"]}]},{\"@type\":\"ImageObject\",\"inLanguage\":\"de-DE\",\"@id\":\"https:\/\/animangeek.com\/a-historia-de-edens-zero-esta-prestes-a-terminar\/#primaryimage\",\"url\":\"https:\/\/animangeek.com\/wp-content\/uploads\/sites\/106\/2024\/05\/1716046372_A-historia-de-EDENS-ZERO-esta-prestes-a-terminar.jpg\",\"contentUrl\":\"https:\/\/animangeek.com\/wp-content\/uploads\/sites\/106\/2024\/05\/1716046372_A-historia-de-EDENS-ZERO-esta-prestes-a-terminar.jpg\",\"width\":1920,\"height\":1080},{\"@type\":\"BreadcrumbList\",\"@id\":\"https:\/\/animangeek.com\/a-historia-de-edens-zero-esta-prestes-a-terminar\/#breadcrumb\",\"itemListElement\":[{\"@type\":\"ListItem\",\"position\":1,\"name\":\"Home\",\"item\":\"https:\/\/animangeek.com\/\"},{\"@type\":\"ListItem\",\"position\":2,\"name\":\"A hist\u00f3ria de EDENS ZERO est\u00e1 prestes a terminar\"}]},{\"@type\":\"WebSite\",\"@id\":\"https:\/\/animangeek.com\/#website\",\"url\":\"https:\/\/animangeek.com\/\",\"name\":\"Animan Geek\",\"description\":\"\",\"potentialAction\":[{\"@type\":\"SearchAction\",\"target\":{\"@type\":\"EntryPoint\",\"urlTemplate\":\"https:\/\/animangeek.com\/?s={search_term_string}\"},\"query-input\":\"required name=search_term_string\"}],\"inLanguage\":\"de-DE\"}]}<\/script>\n<!-- \/ Yoast SEO plugin. -->","yoast_head_json":{"title":"A hist\u00f3ria de EDENS ZERO est\u00e1 prestes a terminar - Animan Geek","robots":{"index":"index","follow":"follow","max-snippet":"max-snippet:-1","max-image-preview":"max-image-preview:large","max-video-preview":"max-video-preview:-1"},"canonical":"https:\/\/animangeek.com\/de\/a-historia-de-edens-zero-esta-prestes-a-terminar\/","og_locale":"de_DE","og_type":"article","og_title":"A hist\u00f3ria de EDENS ZERO est\u00e1 prestes a terminar - Animan Geek","og_description":"O popular mang\u00e1 escrito e ilustrado por Hiro Mashima\u201c\u00c9DENS ZERO\u201c, terminar\u00e1 em cinco cap\u00edtulos. De acordo com as informa\u00e7\u00f5es dispon\u00edveis, caso n\u00e3o haja pausas na sua publica\u00e7\u00e3o, a obra terminar\u00e1 na trig\u00e9sima edi\u00e7\u00e3o deste ano da Weekly Shonen Magazine, que ser\u00e1 publicada no final de junho ou in\u00edcio de julho, dependendo da programa\u00e7\u00e3o da revista.&hellip; Continue reading A hist\u00f3ria de EDENS ZERO est\u00e1 prestes a terminar","og_url":"https:\/\/animangeek.com\/de\/a-historia-de-edens-zero-esta-prestes-a-terminar\/","og_site_name":"Animan Geek","article_published_time":"2024-05-18T15:32:51+00:00","og_image":[{"width":1920,"height":1080,"url":"https:\/\/animangeek.com\/wp-content\/uploads\/sites\/106\/2024\/05\/1716046372_A-historia-de-EDENS-ZERO-esta-prestes-a-terminar.jpg","type":"image\/jpeg"}],"twitter_card":"summary_large_image","twitter_misc":{"Est. reading time":"2 Minuten"},"schema":{"@context":"https:\/\/schema.org","@graph":[{"@type":"WebPage","@id":"https:\/\/animangeek.com\/a-historia-de-edens-zero-esta-prestes-a-terminar\/","url":"https:\/\/animangeek.com\/a-historia-de-edens-zero-esta-prestes-a-terminar\/","name":"A hist\u00f3ria de EDENS ZERO est\u00e1 prestes a terminar - Animan Geek","isPartOf":{"@id":"https:\/\/animangeek.com\/#website"},"primaryImageOfPage":{"@id":"https:\/\/animangeek.com\/a-historia-de-edens-zero-esta-prestes-a-terminar\/#primaryimage"},"image":{"@id":"https:\/\/animangeek.com\/a-historia-de-edens-zero-esta-prestes-a-terminar\/#primaryimage"},"thumbnailUrl":"https:\/\/animangeek.com\/wp-content\/uploads\/sites\/106\/2024\/05\/1716046372_A-historia-de-EDENS-ZERO-esta-prestes-a-terminar.jpg","datePublished":"2024-05-18T15:32:51+00:00","dateModified":"2024-05-18T15:32:51+00:00","author":{"@id":""},"breadcrumb":{"@id":"https:\/\/animangeek.com\/a-historia-de-edens-zero-esta-prestes-a-terminar\/#breadcrumb"},"inLanguage":"de-DE","potentialAction":[{"@type":"ReadAction","target":["https:\/\/animangeek.com\/a-historia-de-edens-zero-esta-prestes-a-terminar\/"]}]},{"@type":"ImageObject","inLanguage":"de-DE","@id":"https:\/\/animangeek.com\/a-historia-de-edens-zero-esta-prestes-a-terminar\/#primaryimage","url":"https:\/\/animangeek.com\/wp-content\/uploads\/sites\/106\/2024\/05\/1716046372_A-historia-de-EDENS-ZERO-esta-prestes-a-terminar.jpg","contentUrl":"https:\/\/animangeek.com\/wp-content\/uploads\/sites\/106\/2024\/05\/1716046372_A-historia-de-EDENS-ZERO-esta-prestes-a-terminar.jpg","width":1920,"height":1080},{"@type":"BreadcrumbList","@id":"https:\/\/animangeek.com\/a-historia-de-edens-zero-esta-prestes-a-terminar\/#breadcrumb","itemListElement":[{"@type":"ListItem","position":1,"name":"Home","item":"https:\/\/animangeek.com\/"},{"@type":"ListItem","position":2,"name":"A hist\u00f3ria de EDENS ZERO est\u00e1 prestes a terminar"}]},{"@type":"WebSite","@id":"https:\/\/animangeek.com\/#website","url":"https:\/\/animangeek.com\/","name":"Animan Geek","description":"","potentialAction":[{"@type":"SearchAction","target":{"@type":"EntryPoint","urlTemplate":"https:\/\/animangeek.com\/?s={search_term_string}"},"query-input":"required name=search_term_string"}],"inLanguage":"de-DE"}]}},"_links":{"self":[{"href":"https:\/\/animangeek.com\/de\/wp-json\/wp\/v2\/posts\/11464"}],"collection":[{"href":"https:\/\/animangeek.com\/de\/wp-json\/wp\/v2\/posts"}],"about":[{"href":"https:\/\/animangeek.com\/de\/wp-json\/wp\/v2\/types\/post"}],"replies":[{"embeddable":true,"href":"https:\/\/animangeek.com\/de\/wp-json\/wp\/v2\/comments?post=11464"}],"version-history":[{"count":0,"href":"https:\/\/animangeek.com\/de\/wp-json\/wp\/v2\/posts\/11464\/revisions"}],"wp:featuredmedia":[{"embeddable":true,"href":"https:\/\/animangeek.com\/de\/wp-json\/wp\/v2\/media\/11465"}],"wp:attachment":[{"href":"https:\/\/animangeek.com\/de\/wp-json\/wp\/v2\/media?parent=11464"}],"wp:term":[{"taxonomy":"category","embeddable":true,"href":"https:\/\/animangeek.com\/de\/wp-json\/wp\/v2\/categories?post=11464"},{"taxonomy":"post_tag","embeddable":true,"href":"https:\/\/animangeek.com\/de\/wp-json\/wp\/v2\/tags?post=11464"}],"curies":[{"name":"wp","href":"https:\/\/api.w.org\/{rel}","templated":true}]}}