{"id":12194,"date":"2024-05-25T14:06:46","date_gmt":"2024-05-25T17:06:46","guid":{"rendered":"https:\/\/animangeek.com\/japones-decepcionado-com-oshi-no-ko\/"},"modified":"2024-05-25T14:06:46","modified_gmt":"2024-05-25T17:06:46","slug":"japoneses-estao-decepcionados-com-oshi-no-ko","status":"publish","type":"post","link":"https:\/\/animangeek.com\/de\/japoneses-estao-decepcionados-com-oshi-no-ko\/","title":{"rendered":"Japaner sind von Oshi no Ko entt\u00e4uscht"},"content":{"rendered":"<div class=\"mx-5 sm:mx-0 prose text-left mb-5\"><\/p>\n<div>\n<p>Wie wir bereits berichteten, ist das neueste Kapitel von \u201e<strong>Oshi no Ko<\/strong>\u201d wurde zum Trend, indem es ein inneres Dilemma der Protagonistin Aqua Hoshino darstellte. In dieser Neuauflage <strong>Aqua wird von Goro Amemiya, ihrem fr\u00fcheren Leben, gefragt, ob sie ihre Rachepl\u00e4ne weiterverfolgen und den Mord an ihrem Vater begehen soll.<\/strong><\/p>\n<div class=\"wp-block-image\">\n<figure class=\"aligncenter size-large\"><img decoding=\"async\" src=\"http:\/\/animangeek.com\/wp-content\/uploads\/sites\/106\/2024\/05\/Japones-decepcionado-com-Oshi-no-Ko.png\" alt=\"\"\/><\/figure>\n<\/div>\n<p>In dieser neuen Ausgabe fragt sich Aqua, ob es sich lohnt, den Plan weiterzuverfolgen und ihr Leben praktisch f\u00fcr immer zu ruinieren, oder ob es sich lohnt, einfach die Wahrheit \u00fcber ihren m\u00f6rderischen Vater zu enth\u00fcllen und ihr Leben mit dem M\u00e4dchen, das sie liebt, weiterzuleben. <strong>In diesem Kapitel wird schlie\u00dflich enth\u00fcllt, dass das M\u00e4dchen, das Aqua liebt, Kana Arima ist, die brillante Schauspielerin. <\/strong>Dies markierte das Ende aller Seekriege, da es (zumindest vorerst) einen eindeutigen Sieger gab, zog aber auch Kritik von Seiten des Fan-Konglomerats in Japan auf sich.<\/p>\n<ul>\n<li>\u00ab<em>Dieser Manga ist f\u00fcr mich schon vorbei<\/em>\u00bb.<\/li>\n<li>\u00ab<em>Es war lang und letztendlich unangenehm, aber zumindest geht diese Geschichte bald zu Ende.<\/em>\u00bb.<\/li>\n<li>\u00ab<em>Mit diesen Szenen verlor alles bisher Geschehene seine Bedeutung.<\/em>\u00bb.<\/li>\n<li>\u00ab<em>Ist das nicht eine Todesflagge f\u00fcr Kana Arima?<\/em>\u00bb.<\/li>\n<li>\u00ab<em>Selbst wenn Goro verschwindet, \u00e4ndert das nichts an der Tatsache, dass Aquas Mutter, ihr jetziges Leben, ermordet wurde und sie wei\u00df, wer der T\u00e4ter ist. Es ergibt keinen Sinn, dass mit Goros Verschwinden auch der Wunsch nach Rache verschwindet.<\/em>\u00bb.<\/li>\n<li>\u00ab<em>Aqua wird wahrscheinlich sterben. Am Ende wird Kana Arima mit Akane Kurokawa zusammenkommen.<\/em>\u00bb.<\/li>\n<li>\u00ab<em>Es w\u00e4re cool, wenn Aqua sterben und Ai in der anderen Welt treffen w\u00fcrde<\/em>\u00bb.<\/li>\n<li>\u00ab<em>Und seit wann sind Aqua und Goro zwei verschiedene Pers\u00f6nlichkeiten? Ich bin sicher, diese Entwicklung haben sie aus dem Hut gezaubert.<\/em>\u00bb.<\/li>\n<li>\u00ab<em>Ehrlich gesagt kann ich kein Mitgef\u00fchl f\u00fcr Aqua empfinden, weil sie immer von Rache geredet hat und ich jetzt herausgefunden habe, dass sie Gef\u00fchle hat.<\/em>\u00bb.<\/li>\n<li>\u00ab<em>Ich dachte, Kanas Erkl\u00e4rung w\u00e4re der H\u00f6hepunkt dieser Arbeit, aber die Geschichte begann wirklich viele Male abzunehmen<\/em>\u00bb.<\/li>\n<li>\u00ab<em>Und hier wird es endlich interessant. Seit Beginn der Dreharbeiten zu den Filmen frage ich mich, ob der Manga seine urspr\u00fcngliche Richtung verloren hat.<\/em>\u00bb.<\/li>\n<li>\u00ab<em>Warum ist der Autor in der Branche so beliebt? Hat er Kaguya-sama nicht auch ein beschissenes Ende gegeben?<\/em>\u00bb.<\/li>\n<li>\u00ab<em>Und pl\u00f6tzlich hat Aqua eine gespaltene Pers\u00f6nlichkeit? Was zur H\u00f6lle ist mit Oshi no Ko los?<\/em>\u00bb.<\/li>\n<li>\u00ab<em>Es ist der gleiche Weg wie bei Kaguya-sama, leider steuern wir auf einen beschissenen letzten Bogen zu<\/em>\u00bb.<\/li>\n<li>\u00ab<em>Es macht mich traurig, wenn ich daran denke, dass Ai Hoshinos urspr\u00fcngliches Baby, das, das urspr\u00fcnglich geboren werden sollte, jetzt in der Schwebe ist.<\/em>\u00bb.<\/li>\n<li>\u00ab<em>Wenn Goro verschwindet, sollte auch Sarina verschwinden. Das ist normal, findest du nicht?<\/em>\u00bb.<\/li>\n<li>\u00ab<em>Wir werden zu einem Ende kommen, bei dem alle M\u00e4dchen gewinnen, und das war&#039;s.<\/em>\u00bb.<\/li>\n<li>\u00ab<em>Wir haben endlich alle Hintergrundgeschichten f\u00fcr alle Charaktere au\u00dfer dem Vater. Ich w\u00fcnschte, die Arbeit w\u00e4re bald fertig.<\/em>\u00bb.<\/li>\n<li>\u00ab<em>Auch Kana-chan wachte auf, verga\u00df ihre Rachepl\u00e4ne und die Geschichte ist nun eine romantische Kom\u00f6die<\/em>\u00bb.<\/li>\n<\/ul>\n<p>Quelle: <a rel=\"nofollow noopener\" target=\"_blank\" href=\"http:\/\/yaraon-blog.com\/archives\/258116\"><strong>Yaraon!<\/strong><\/a><\/p>\n<\/div>\n<p><\/div>","protected":false},"excerpt":{"rendered":"<p>Wie bereits berichtet, sorgte das neueste Kapitel von \u201eOshi no Ko\u201c f\u00fcr Aufsehen, da es ein inneres Dilemma der Protagonistin Aqua Hoshino darstellt. In dieser neuen Folge wird Aqua von Goro Amemiya, ihrem fr\u00fcheren Ich, gefragt, ob sie ihre Rachepl\u00e4ne weiterverfolgen und den Mord an ihrem Vater begehen soll. In dieser neuen Folge fragt Aqua \u2026 <a class=\"more-link\" href=\"https:\/\/animangeek.com\/de\/japoneses-estao-decepcionados-com-oshi-no-ko\/\">Weiterlesen <span class=\"screen-reader-text\">Japaner sind von Oshi no Ko entt\u00e4uscht<\/span><\/a><\/p>","protected":false},"author":0,"featured_media":12195,"comment_status":"open","ping_status":"open","sticky":false,"template":"","format":"standard","meta":{"footnotes":""},"categories":[5],"tags":[1192,1449],"yoast_head":"<!-- This site is optimized with the Yoast SEO plugin v23.3 - https:\/\/yoast.com\/wordpress\/plugins\/seo\/ -->\n<title>Japon\u00eases Est\u00e3o Decepcionados com Oshi no Ko - Animan Geek<\/title>\n<meta name=\"robots\" content=\"index, follow, max-snippet:-1, max-image-preview:large, max-video-preview:-1\" \/>\n<link rel=\"canonical\" href=\"https:\/\/animangeek.com\/de\/japoneses-estao-decepcionados-com-oshi-no-ko\/\" \/>\n<meta property=\"og:locale\" content=\"de_DE\" \/>\n<meta property=\"og:type\" content=\"article\" \/>\n<meta property=\"og:title\" content=\"Japon\u00eases Est\u00e3o Decepcionados com Oshi no Ko - Animan Geek\" \/>\n<meta property=\"og:description\" content=\"Como informamos anteriormente, o cap\u00edtulo mais recente de \u201cOshi no Ko\u201d virou tend\u00eancia ao apresentar um dilema interno da protagonista Aqua Hoshino. Nesta nova edi\u00e7\u00e3o, Aqua \u00e9 questionada por Goro Amemiya, sua vida passada, sobre se deve continuar com seus planos de vingan\u00e7a e executar o assassinato de seu pai. Nesta nova edi\u00e7\u00e3o, Aqua questiona&hellip; Continue reading Japon\u00eases Est\u00e3o Decepcionados com Oshi no Ko\" \/>\n<meta property=\"og:url\" content=\"https:\/\/animangeek.com\/de\/japoneses-estao-decepcionados-com-oshi-no-ko\/\" \/>\n<meta property=\"og:site_name\" content=\"Animan Geek\" \/>\n<meta property=\"article:published_time\" content=\"2024-05-25T17:06:46+00:00\" \/>\n<meta property=\"og:image\" content=\"https:\/\/animangeek.com\/wp-content\/uploads\/sites\/106\/2024\/05\/Japones-decepcionado-com-Oshi-no-Ko.jpg\" \/>\n\t<meta property=\"og:image:width\" content=\"1920\" \/>\n\t<meta property=\"og:image:height\" content=\"1080\" \/>\n\t<meta property=\"og:image:type\" content=\"image\/jpeg\" \/>\n<meta name=\"twitter:card\" content=\"summary_large_image\" \/>\n<meta name=\"twitter:label1\" content=\"Est. reading time\" \/>\n\t<meta name=\"twitter:data1\" content=\"2 Minuten\" \/>\n<script type=\"application\/ld+json\" class=\"yoast-schema-graph\">{\"@context\":\"https:\/\/schema.org\",\"@graph\":[{\"@type\":\"WebPage\",\"@id\":\"https:\/\/animangeek.com\/japoneses-estao-decepcionados-com-oshi-no-ko\/\",\"url\":\"https:\/\/animangeek.com\/japoneses-estao-decepcionados-com-oshi-no-ko\/\",\"name\":\"Japon\u00eases Est\u00e3o Decepcionados com Oshi no Ko - Animan Geek\",\"isPartOf\":{\"@id\":\"https:\/\/animangeek.com\/#website\"},\"primaryImageOfPage\":{\"@id\":\"https:\/\/animangeek.com\/japoneses-estao-decepcionados-com-oshi-no-ko\/#primaryimage\"},\"image\":{\"@id\":\"https:\/\/animangeek.com\/japoneses-estao-decepcionados-com-oshi-no-ko\/#primaryimage\"},\"thumbnailUrl\":\"https:\/\/animangeek.com\/wp-content\/uploads\/sites\/106\/2024\/05\/Japones-decepcionado-com-Oshi-no-Ko.jpg\",\"datePublished\":\"2024-05-25T17:06:46+00:00\",\"dateModified\":\"2024-05-25T17:06:46+00:00\",\"author\":{\"@id\":\"\"},\"breadcrumb\":{\"@id\":\"https:\/\/animangeek.com\/japoneses-estao-decepcionados-com-oshi-no-ko\/#breadcrumb\"},\"inLanguage\":\"de-DE\",\"potentialAction\":[{\"@type\":\"ReadAction\",\"target\":[\"https:\/\/animangeek.com\/japoneses-estao-decepcionados-com-oshi-no-ko\/\"]}]},{\"@type\":\"ImageObject\",\"inLanguage\":\"de-DE\",\"@id\":\"https:\/\/animangeek.com\/japoneses-estao-decepcionados-com-oshi-no-ko\/#primaryimage\",\"url\":\"https:\/\/animangeek.com\/wp-content\/uploads\/sites\/106\/2024\/05\/Japones-decepcionado-com-Oshi-no-Ko.jpg\",\"contentUrl\":\"https:\/\/animangeek.com\/wp-content\/uploads\/sites\/106\/2024\/05\/Japones-decepcionado-com-Oshi-no-Ko.jpg\",\"width\":1920,\"height\":1080},{\"@type\":\"BreadcrumbList\",\"@id\":\"https:\/\/animangeek.com\/japoneses-estao-decepcionados-com-oshi-no-ko\/#breadcrumb\",\"itemListElement\":[{\"@type\":\"ListItem\",\"position\":1,\"name\":\"Home\",\"item\":\"https:\/\/animangeek.com\/\"},{\"@type\":\"ListItem\",\"position\":2,\"name\":\"Japon\u00eases Est\u00e3o Decepcionados com Oshi no Ko\"}]},{\"@type\":\"WebSite\",\"@id\":\"https:\/\/animangeek.com\/#website\",\"url\":\"https:\/\/animangeek.com\/\",\"name\":\"Animan Geek\",\"description\":\"\",\"potentialAction\":[{\"@type\":\"SearchAction\",\"target\":{\"@type\":\"EntryPoint\",\"urlTemplate\":\"https:\/\/animangeek.com\/?s={search_term_string}\"},\"query-input\":\"required name=search_term_string\"}],\"inLanguage\":\"de-DE\"}]}<\/script>\n<!-- \/ Yoast SEO plugin. -->","yoast_head_json":{"title":"Japon\u00eases Est\u00e3o Decepcionados com Oshi no Ko - Animan Geek","robots":{"index":"index","follow":"follow","max-snippet":"max-snippet:-1","max-image-preview":"max-image-preview:large","max-video-preview":"max-video-preview:-1"},"canonical":"https:\/\/animangeek.com\/de\/japoneses-estao-decepcionados-com-oshi-no-ko\/","og_locale":"de_DE","og_type":"article","og_title":"Japon\u00eases Est\u00e3o Decepcionados com Oshi no Ko - Animan Geek","og_description":"Como informamos anteriormente, o cap\u00edtulo mais recente de \u201cOshi no Ko\u201d virou tend\u00eancia ao apresentar um dilema interno da protagonista Aqua Hoshino. Nesta nova edi\u00e7\u00e3o, Aqua \u00e9 questionada por Goro Amemiya, sua vida passada, sobre se deve continuar com seus planos de vingan\u00e7a e executar o assassinato de seu pai. Nesta nova edi\u00e7\u00e3o, Aqua questiona&hellip; Continue reading Japon\u00eases Est\u00e3o Decepcionados com Oshi no Ko","og_url":"https:\/\/animangeek.com\/de\/japoneses-estao-decepcionados-com-oshi-no-ko\/","og_site_name":"Animan Geek","article_published_time":"2024-05-25T17:06:46+00:00","og_image":[{"width":1920,"height":1080,"url":"https:\/\/animangeek.com\/wp-content\/uploads\/sites\/106\/2024\/05\/Japones-decepcionado-com-Oshi-no-Ko.jpg","type":"image\/jpeg"}],"twitter_card":"summary_large_image","twitter_misc":{"Est. reading time":"2 Minuten"},"schema":{"@context":"https:\/\/schema.org","@graph":[{"@type":"WebPage","@id":"https:\/\/animangeek.com\/japoneses-estao-decepcionados-com-oshi-no-ko\/","url":"https:\/\/animangeek.com\/japoneses-estao-decepcionados-com-oshi-no-ko\/","name":"Japon\u00eases Est\u00e3o Decepcionados com Oshi no Ko - Animan Geek","isPartOf":{"@id":"https:\/\/animangeek.com\/#website"},"primaryImageOfPage":{"@id":"https:\/\/animangeek.com\/japoneses-estao-decepcionados-com-oshi-no-ko\/#primaryimage"},"image":{"@id":"https:\/\/animangeek.com\/japoneses-estao-decepcionados-com-oshi-no-ko\/#primaryimage"},"thumbnailUrl":"https:\/\/animangeek.com\/wp-content\/uploads\/sites\/106\/2024\/05\/Japones-decepcionado-com-Oshi-no-Ko.jpg","datePublished":"2024-05-25T17:06:46+00:00","dateModified":"2024-05-25T17:06:46+00:00","author":{"@id":""},"breadcrumb":{"@id":"https:\/\/animangeek.com\/japoneses-estao-decepcionados-com-oshi-no-ko\/#breadcrumb"},"inLanguage":"de-DE","potentialAction":[{"@type":"ReadAction","target":["https:\/\/animangeek.com\/japoneses-estao-decepcionados-com-oshi-no-ko\/"]}]},{"@type":"ImageObject","inLanguage":"de-DE","@id":"https:\/\/animangeek.com\/japoneses-estao-decepcionados-com-oshi-no-ko\/#primaryimage","url":"https:\/\/animangeek.com\/wp-content\/uploads\/sites\/106\/2024\/05\/Japones-decepcionado-com-Oshi-no-Ko.jpg","contentUrl":"https:\/\/animangeek.com\/wp-content\/uploads\/sites\/106\/2024\/05\/Japones-decepcionado-com-Oshi-no-Ko.jpg","width":1920,"height":1080},{"@type":"BreadcrumbList","@id":"https:\/\/animangeek.com\/japoneses-estao-decepcionados-com-oshi-no-ko\/#breadcrumb","itemListElement":[{"@type":"ListItem","position":1,"name":"Home","item":"https:\/\/animangeek.com\/"},{"@type":"ListItem","position":2,"name":"Japon\u00eases Est\u00e3o Decepcionados com Oshi no Ko"}]},{"@type":"WebSite","@id":"https:\/\/animangeek.com\/#website","url":"https:\/\/animangeek.com\/","name":"Animan Geek","description":"","potentialAction":[{"@type":"SearchAction","target":{"@type":"EntryPoint","urlTemplate":"https:\/\/animangeek.com\/?s={search_term_string}"},"query-input":"required name=search_term_string"}],"inLanguage":"de-DE"}]}},"_links":{"self":[{"href":"https:\/\/animangeek.com\/de\/wp-json\/wp\/v2\/posts\/12194"}],"collection":[{"href":"https:\/\/animangeek.com\/de\/wp-json\/wp\/v2\/posts"}],"about":[{"href":"https:\/\/animangeek.com\/de\/wp-json\/wp\/v2\/types\/post"}],"replies":[{"embeddable":true,"href":"https:\/\/animangeek.com\/de\/wp-json\/wp\/v2\/comments?post=12194"}],"version-history":[{"count":0,"href":"https:\/\/animangeek.com\/de\/wp-json\/wp\/v2\/posts\/12194\/revisions"}],"wp:featuredmedia":[{"embeddable":true,"href":"https:\/\/animangeek.com\/de\/wp-json\/wp\/v2\/media\/12195"}],"wp:attachment":[{"href":"https:\/\/animangeek.com\/de\/wp-json\/wp\/v2\/media?parent=12194"}],"wp:term":[{"taxonomy":"category","embeddable":true,"href":"https:\/\/animangeek.com\/de\/wp-json\/wp\/v2\/categories?post=12194"},{"taxonomy":"post_tag","embeddable":true,"href":"https:\/\/animangeek.com\/de\/wp-json\/wp\/v2\/tags?post=12194"}],"curies":[{"name":"wp","href":"https:\/\/api.w.org\/{rel}","templated":true}]}}