{"id":12367,"date":"2024-05-28T14:15:39","date_gmt":"2024-05-28T17:15:39","guid":{"rendered":"https:\/\/animangeek.com\/o-anime-nier-automata-retornara-em-julho\/"},"modified":"2024-05-28T14:15:39","modified_gmt":"2024-05-28T17:15:39","slug":"o-anime-nier-automata-retornara-em-julho","status":"publish","type":"post","link":"https:\/\/animangeek.com\/de\/o-anime-nier-automata-retornara-em-julho\/","title":{"rendered":"Der Anime NieR: Automata kehrt im Juli zur\u00fcck"},"content":{"rendered":"<div class=\"mx-5 sm:mx-0 prose text-left mb-5\"><\/p>\n<div>\n<p>Auf der offiziellen Website der Anime-Adaption des Videospiels \u201e<strong>NieR: Automata<\/strong>\u201c, betitelt als \u201e<strong>NieR: Automata Ver1.1a<\/strong>\u201c, wurde ein neues Werbevideo f\u00fcr den zweiten Teil des Projekts ver\u00f6ffentlicht. Das Video best\u00e4tigt dies <strong>Die Premiere ist f\u00fcr n\u00e4chsten Juli in Japan geplant.<\/strong>und zeigt ein Fragment des Er\u00f6ffnungsthemas mit dem Titel \u201e<strong>Blackbox<\/strong>\u201d und interpretiert von <strong>Lisa<\/strong>.<\/p>\n<p><iframe loading=\"lazy\" title=\"\u30a2\u30cb\u30e1\u300eNieR:Automata Ver1.1a\u300fPromotion-Datei 011\" width=\"500\" height=\"281\" src=\"https:\/\/www.youtube.com\/embed\/441v-JXm0CE?feature=oembed\" frameborder=\"0\" allow=\"accelerometer; autoplay; clipboard-write; encrypted-media; gyroscope; picture-in-picture; web-share\" referrerpolicy=\"strict-origin-when-cross-origin\" allowfullscreen><\/iframe><\/p>\n<p>Der erste Teil feierte Premiere in der Saison von <strong>Winter 2023 (Januar-M\u00e4rz)<\/strong> und hatte insgesamt zw\u00f6lf Episoden, <strong>mit zahlreichen Verz\u00f6gerungen aufgrund von Produktionsproblemen konfrontiert<\/strong>. Es sei darauf hingewiesen, dass in einem Interview zwischen dem Animationsdirektor der Serie <strong>Ryoji Matsuyama<\/strong> und der Sch\u00f6pfer des Videospiels <strong>Yoko Tarot<\/strong>Es wurde erkl\u00e4rt, dass es sich bei diesem Projekt nicht um eine originalgetreue Adaption des Spiels, sondern vielmehr um eine v\u00f6llig originelle Geschichte mit den Kultfiguren aus diesem Franchise handeln wird.<\/p>\n<h3 class=\"wp-block-heading\"><strong>Produktionsteam<\/strong><\/h3>\n<ul>\n<li><strong>Ryouji Masuyama<\/strong> (<em>Blend S, Darling in the FranXX, Inou-Battle wa Nichijou-kei no Naka de<\/em>) ist f\u00fcr die Regie des Anime in den Studios verantwortlich <strong>Bilder A-1<\/strong>.<\/li>\n<li><strong>Yoko Tarot<\/strong> (<em>Yoshinoya Kyoudai, SINoALICE, Kimi Shi ni Tamou Koto Nakare<\/em>) ist verantwortlich f\u00fcr das Schreiben und die Betreuung der Drehb\u00fccher, neben <strong>Ryouji Masuyama<\/strong>.<\/li>\n<li><strong>Jun Nakai<\/strong> (<em>Betreff: CREATORS, Tor: Jieitai Kanochi nite, Kaku Tatakaeri, Gin no Saji<\/em>) ist f\u00fcr das Charakterdesign und die Animationsregie verantwortlich.<\/li>\n<li><strong>NONNE<\/strong> (<em>Shangri-La Frontier, Sommerzeit-Rendering, Aharen-san wa Hakarenai<\/em>) ist f\u00fcr die Komposition des Soundtracks verantwortlich.<\/li>\n<\/ul>\n<div class=\"wp-block-image\">\n<figure class=\"aligncenter size-full\"><img loading=\"lazy\" decoding=\"async\" width=\"1350\" height=\"1909\" src=\"https:\/\/animangeek.com\/wp-content\/uploads\/2024\/05\/O-anime-NieR-Automata-retornara-em-julho.jpg\" alt=\"\" class=\"wp-image-330376\"  \/><\/figure>\n<\/div>\n<h3 class=\"wp-block-heading\" id=\"sinopsis-de-nier-automata\"><strong>NieR: Automata \u2013 Inhaltsangabe<\/strong><\/h3>\n<p><em>In einer postapokalyptischen Welt, die von au\u00dferirdischen \u201emechanischen Lebensformen\u201c heimgesucht wird, bereitet sich die Menschheit auf ihre letzte Schlacht vor. Sie muss sich auf der Suche nach Sicherheit auf den Mond zur\u00fcckziehen und setzt ihre Hoffnungen auf eine Gruppe k\u00fcnstlicher Androiden, die als YoRHa-Soldaten bekannt sind. Angef\u00fchrt vom vielseitigen YoRHa-Kampfdroiden 2-gou B-gata \u201e2B\u201c, k\u00e4mpft die Gruppe darum, den Invasoren die Kontrolle \u00fcber die Erde zu entrei\u00dfen.<\/em><\/p>\n<p><em>W\u00e4hrend der Krieg gegen die Maschinen immer heftiger wird, erkennt YoRHa langsam die ersten Bruchst\u00fccke der Wahrheit hinter dem brutalen Konflikt. Angesichts dieser harten Realit\u00e4t beginnt die unersch\u00fctterliche Kriegerin 2B, ihre eigene Existenz und das Ausma\u00df ihrer Selbstaufopferung f\u00fcr das Wohl der Menschheit in Frage zu stellen.<\/em><\/p>\n<p>Quelle: <strong><a rel=\"nofollow noopener\" target=\"_blank\" href=\"https:\/\/natalie.mu\/comic\/news\/575298\">Natalie in Comics<\/a><\/strong><\/p>\n<p>(c)SQUARE ENIX\/Humanity Conference<\/p>\n<\/div>\n<p><\/div>","protected":false},"excerpt":{"rendered":"<p>Auf der offiziellen Website der Anime-Adaption des Videospiels \u201eNieR: Automata\u201c (NieR: Automata Ver1.1a) wurde ein neues Werbevideo f\u00fcr den zweiten Teil des Projekts ver\u00f6ffentlicht. Das Video best\u00e4tigt die f\u00fcr n\u00e4chsten Juli in Japan geplante Premiere und enth\u00e4lt einen Ausschnitt des Er\u00f6ffnungssongs \u201eBlack Box\u201c, gesungen von Lisa. Das\u2026 <a class=\"more-link\" href=\"https:\/\/animangeek.com\/de\/o-anime-nier-automata-retornara-em-julho\/\">Weiterlesen <span class=\"screen-reader-text\">Der Anime NieR: Automata kehrt im Juli zur\u00fcck<\/span><\/a><\/p>","protected":false},"author":0,"featured_media":12369,"comment_status":"open","ping_status":"open","sticky":false,"template":"","format":"standard","meta":{"footnotes":""},"categories":[3],"tags":[744,1100],"yoast_head":"<!-- This site is optimized with the Yoast SEO plugin v23.3 - https:\/\/yoast.com\/wordpress\/plugins\/seo\/ -->\n<title>O anime NieR: Automata retornar\u00e1 em julho - Animan Geek<\/title>\n<meta name=\"robots\" content=\"index, follow, max-snippet:-1, max-image-preview:large, max-video-preview:-1\" \/>\n<link rel=\"canonical\" href=\"https:\/\/animangeek.com\/de\/o-anime-nier-automata-retornara-em-julho\/\" \/>\n<meta property=\"og:locale\" content=\"de_DE\" \/>\n<meta property=\"og:type\" content=\"article\" \/>\n<meta property=\"og:title\" content=\"O anime NieR: Automata retornar\u00e1 em julho - Animan Geek\" \/>\n<meta property=\"og:description\" content=\"No site oficial da adapta\u00e7\u00e3o para anime do videogame \u201cNieR: Aut\u00f4matos\u201c, intitulado como \u201cNieR: Aut\u00f4matos Ver1.1a\u201c, foi revelado um novo v\u00eddeo promocional da segunda parte do projeto. O v\u00eddeo confirma isso A estreia est\u00e1 marcada para julho pr\u00f3ximo no Jap\u00e3oe mostra um fragmento do tema de abertura intitulado \u201cCaixa preta\u201d e interpretado por Lisa. A&hellip; Continue reading O anime NieR: Automata retornar\u00e1 em julho\" \/>\n<meta property=\"og:url\" content=\"https:\/\/animangeek.com\/de\/o-anime-nier-automata-retornara-em-julho\/\" \/>\n<meta property=\"og:site_name\" content=\"Animan Geek\" \/>\n<meta property=\"article:published_time\" content=\"2024-05-28T17:15:39+00:00\" \/>\n<meta property=\"og:image\" content=\"https:\/\/animangeek.com\/wp-content\/uploads\/sites\/106\/2024\/05\/1716916540_O-anime-NieR-Automata-retornara-em-julho.jpg\" \/>\n\t<meta property=\"og:image:width\" content=\"1920\" \/>\n\t<meta property=\"og:image:height\" content=\"1080\" \/>\n\t<meta property=\"og:image:type\" content=\"image\/jpeg\" \/>\n<meta name=\"twitter:card\" content=\"summary_large_image\" \/>\n<meta name=\"twitter:label1\" content=\"Est. reading time\" \/>\n\t<meta name=\"twitter:data1\" content=\"2 Minuten\" \/>\n<script type=\"application\/ld+json\" class=\"yoast-schema-graph\">{\"@context\":\"https:\/\/schema.org\",\"@graph\":[{\"@type\":\"WebPage\",\"@id\":\"https:\/\/animangeek.com\/o-anime-nier-automata-retornara-em-julho\/\",\"url\":\"https:\/\/animangeek.com\/o-anime-nier-automata-retornara-em-julho\/\",\"name\":\"O anime NieR: Automata retornar\u00e1 em julho - Animan Geek\",\"isPartOf\":{\"@id\":\"https:\/\/animangeek.com\/#website\"},\"primaryImageOfPage\":{\"@id\":\"https:\/\/animangeek.com\/o-anime-nier-automata-retornara-em-julho\/#primaryimage\"},\"image\":{\"@id\":\"https:\/\/animangeek.com\/o-anime-nier-automata-retornara-em-julho\/#primaryimage\"},\"thumbnailUrl\":\"https:\/\/animangeek.com\/wp-content\/uploads\/sites\/106\/2024\/05\/1716916540_O-anime-NieR-Automata-retornara-em-julho.jpg\",\"datePublished\":\"2024-05-28T17:15:39+00:00\",\"dateModified\":\"2024-05-28T17:15:39+00:00\",\"author\":{\"@id\":\"\"},\"breadcrumb\":{\"@id\":\"https:\/\/animangeek.com\/o-anime-nier-automata-retornara-em-julho\/#breadcrumb\"},\"inLanguage\":\"de-DE\",\"potentialAction\":[{\"@type\":\"ReadAction\",\"target\":[\"https:\/\/animangeek.com\/o-anime-nier-automata-retornara-em-julho\/\"]}]},{\"@type\":\"ImageObject\",\"inLanguage\":\"de-DE\",\"@id\":\"https:\/\/animangeek.com\/o-anime-nier-automata-retornara-em-julho\/#primaryimage\",\"url\":\"https:\/\/animangeek.com\/wp-content\/uploads\/sites\/106\/2024\/05\/1716916540_O-anime-NieR-Automata-retornara-em-julho.jpg\",\"contentUrl\":\"https:\/\/animangeek.com\/wp-content\/uploads\/sites\/106\/2024\/05\/1716916540_O-anime-NieR-Automata-retornara-em-julho.jpg\",\"width\":1920,\"height\":1080},{\"@type\":\"BreadcrumbList\",\"@id\":\"https:\/\/animangeek.com\/o-anime-nier-automata-retornara-em-julho\/#breadcrumb\",\"itemListElement\":[{\"@type\":\"ListItem\",\"position\":1,\"name\":\"Home\",\"item\":\"https:\/\/animangeek.com\/\"},{\"@type\":\"ListItem\",\"position\":2,\"name\":\"O anime NieR: Automata retornar\u00e1 em julho\"}]},{\"@type\":\"WebSite\",\"@id\":\"https:\/\/animangeek.com\/#website\",\"url\":\"https:\/\/animangeek.com\/\",\"name\":\"Animan Geek\",\"description\":\"\",\"potentialAction\":[{\"@type\":\"SearchAction\",\"target\":{\"@type\":\"EntryPoint\",\"urlTemplate\":\"https:\/\/animangeek.com\/?s={search_term_string}\"},\"query-input\":\"required name=search_term_string\"}],\"inLanguage\":\"de-DE\"}]}<\/script>\n<!-- \/ Yoast SEO plugin. -->","yoast_head_json":{"title":"O anime NieR: Automata retornar\u00e1 em julho - Animan Geek","robots":{"index":"index","follow":"follow","max-snippet":"max-snippet:-1","max-image-preview":"max-image-preview:large","max-video-preview":"max-video-preview:-1"},"canonical":"https:\/\/animangeek.com\/de\/o-anime-nier-automata-retornara-em-julho\/","og_locale":"de_DE","og_type":"article","og_title":"O anime NieR: Automata retornar\u00e1 em julho - Animan Geek","og_description":"No site oficial da adapta\u00e7\u00e3o para anime do videogame \u201cNieR: Aut\u00f4matos\u201c, intitulado como \u201cNieR: Aut\u00f4matos Ver1.1a\u201c, foi revelado um novo v\u00eddeo promocional da segunda parte do projeto. O v\u00eddeo confirma isso A estreia est\u00e1 marcada para julho pr\u00f3ximo no Jap\u00e3oe mostra um fragmento do tema de abertura intitulado \u201cCaixa preta\u201d e interpretado por Lisa. A&hellip; Continue reading O anime NieR: Automata retornar\u00e1 em julho","og_url":"https:\/\/animangeek.com\/de\/o-anime-nier-automata-retornara-em-julho\/","og_site_name":"Animan Geek","article_published_time":"2024-05-28T17:15:39+00:00","og_image":[{"width":1920,"height":1080,"url":"https:\/\/animangeek.com\/wp-content\/uploads\/sites\/106\/2024\/05\/1716916540_O-anime-NieR-Automata-retornara-em-julho.jpg","type":"image\/jpeg"}],"twitter_card":"summary_large_image","twitter_misc":{"Est. reading time":"2 Minuten"},"schema":{"@context":"https:\/\/schema.org","@graph":[{"@type":"WebPage","@id":"https:\/\/animangeek.com\/o-anime-nier-automata-retornara-em-julho\/","url":"https:\/\/animangeek.com\/o-anime-nier-automata-retornara-em-julho\/","name":"O anime NieR: Automata retornar\u00e1 em julho - Animan Geek","isPartOf":{"@id":"https:\/\/animangeek.com\/#website"},"primaryImageOfPage":{"@id":"https:\/\/animangeek.com\/o-anime-nier-automata-retornara-em-julho\/#primaryimage"},"image":{"@id":"https:\/\/animangeek.com\/o-anime-nier-automata-retornara-em-julho\/#primaryimage"},"thumbnailUrl":"https:\/\/animangeek.com\/wp-content\/uploads\/sites\/106\/2024\/05\/1716916540_O-anime-NieR-Automata-retornara-em-julho.jpg","datePublished":"2024-05-28T17:15:39+00:00","dateModified":"2024-05-28T17:15:39+00:00","author":{"@id":""},"breadcrumb":{"@id":"https:\/\/animangeek.com\/o-anime-nier-automata-retornara-em-julho\/#breadcrumb"},"inLanguage":"de-DE","potentialAction":[{"@type":"ReadAction","target":["https:\/\/animangeek.com\/o-anime-nier-automata-retornara-em-julho\/"]}]},{"@type":"ImageObject","inLanguage":"de-DE","@id":"https:\/\/animangeek.com\/o-anime-nier-automata-retornara-em-julho\/#primaryimage","url":"https:\/\/animangeek.com\/wp-content\/uploads\/sites\/106\/2024\/05\/1716916540_O-anime-NieR-Automata-retornara-em-julho.jpg","contentUrl":"https:\/\/animangeek.com\/wp-content\/uploads\/sites\/106\/2024\/05\/1716916540_O-anime-NieR-Automata-retornara-em-julho.jpg","width":1920,"height":1080},{"@type":"BreadcrumbList","@id":"https:\/\/animangeek.com\/o-anime-nier-automata-retornara-em-julho\/#breadcrumb","itemListElement":[{"@type":"ListItem","position":1,"name":"Home","item":"https:\/\/animangeek.com\/"},{"@type":"ListItem","position":2,"name":"O anime NieR: Automata retornar\u00e1 em julho"}]},{"@type":"WebSite","@id":"https:\/\/animangeek.com\/#website","url":"https:\/\/animangeek.com\/","name":"Animan Geek","description":"","potentialAction":[{"@type":"SearchAction","target":{"@type":"EntryPoint","urlTemplate":"https:\/\/animangeek.com\/?s={search_term_string}"},"query-input":"required name=search_term_string"}],"inLanguage":"de-DE"}]}},"_links":{"self":[{"href":"https:\/\/animangeek.com\/de\/wp-json\/wp\/v2\/posts\/12367"}],"collection":[{"href":"https:\/\/animangeek.com\/de\/wp-json\/wp\/v2\/posts"}],"about":[{"href":"https:\/\/animangeek.com\/de\/wp-json\/wp\/v2\/types\/post"}],"replies":[{"embeddable":true,"href":"https:\/\/animangeek.com\/de\/wp-json\/wp\/v2\/comments?post=12367"}],"version-history":[{"count":0,"href":"https:\/\/animangeek.com\/de\/wp-json\/wp\/v2\/posts\/12367\/revisions"}],"wp:featuredmedia":[{"embeddable":true,"href":"https:\/\/animangeek.com\/de\/wp-json\/wp\/v2\/media\/12369"}],"wp:attachment":[{"href":"https:\/\/animangeek.com\/de\/wp-json\/wp\/v2\/media?parent=12367"}],"wp:term":[{"taxonomy":"category","embeddable":true,"href":"https:\/\/animangeek.com\/de\/wp-json\/wp\/v2\/categories?post=12367"},{"taxonomy":"post_tag","embeddable":true,"href":"https:\/\/animangeek.com\/de\/wp-json\/wp\/v2\/tags?post=12367"}],"curies":[{"name":"wp","href":"https:\/\/api.w.org\/{rel}","templated":true}]}}