{"id":12472,"date":"2024-05-29T13:41:47","date_gmt":"2024-05-29T16:41:47","guid":{"rendered":"https:\/\/animangeek.com\/dandadan-teria-ate-uma-segunda-temporada\/"},"modified":"2024-05-29T13:41:47","modified_gmt":"2024-05-29T16:41:47","slug":"dandadan-teria-ate-uma-segunda-temporada","status":"publish","type":"post","link":"https:\/\/animangeek.com\/de\/dandadan-teria-ate-uma-segunda-temporada\/","title":{"rendered":"Dandadan soll sogar eine zweite Staffel bekommen"},"content":{"rendered":"<div class=\"mx-5 sm:mx-0 prose text-left mb-5\"><\/p>\n<div>\n<p>Ein k\u00fcrzliches Leck hat best\u00e4tigt, dass die Anime-Adaption des Mangas geschrieben und illustriert von <strong>Yukinobu Tatsu<\/strong>\u201e<strong>Ich mag<\/strong>&quot;, wird eine zweite Staffel haben. Es ist zu beachten, dass die Serie noch nicht ver\u00f6ffentlicht wurde, da sie f\u00fcr die Saison von geplant ist <strong>Herbst 2024 (Oktober bis Dezember)<\/strong>.<\/p>\n<p><strong>Es ist auch wichtig zu beachten, dass es sich m\u00f6glicherweise nicht um eine \u201ezweite Staffel\u201c, sondern eher um einen \u201ezweiten Teil\u201c handelt, wie es in den letzten Jahren in der Anime-Branche der Trend war.<\/strong> Allerdings sind nicht alle Fans von dieser Art der Umsetzung begeistert, da die Aufteilung einer Adaption in zwei Teile nur dazu f\u00fchrt, dass das Projekt bis zum Erscheinen des zweiten Teils an Interesse verliert.<\/p>\n<div class=\"wp-block-image\">\n<figure class=\"aligncenter size-full\"><img loading=\"lazy\" decoding=\"async\" width=\"1449\" height=\"2048\" src=\"https:\/\/animangeek.com\/wp-content\/uploads\/2024\/05\/Dandadan-teria-ate-uma-segunda-temporada.jpg\" alt=\"Gosto\" class=\"wp-image-330448\"  \/><\/figure>\n<\/div>\n<p><strong>Yukinobu Tatsu<\/strong> Der Manga begann \u00fcber den digitalen Dienst zu ver\u00f6ffentlichen <strong>Shonen Jump Plus<\/strong> vom Verlag <strong>Shueisha<\/strong> im April 2021, wo es weiterhin als Fortsetzungsgeschichte erscheint. Tatsu ist auch Autor weiterer Fortsetzungsgeschichten, wie zum Beispiel \u201e<strong>Seigi no Rokugou<\/strong>&quot;Du&quot;<strong>Feuerball!<\/strong>\u201c, sowie One-Shots wie \u201e<strong>Yamada Kiki Ippatsu<\/strong>\u201eim Jahr 2019 und\u201c<strong>Renai Saibaihou<\/strong>\u201eim Jahr 2015.<\/p>\n<h3 class=\"wp-block-heading\"><strong>Besetzung der Stimmen<\/strong><\/h3>\n<ul>\n<li><strong>Shion Wakayama<\/strong> als Momo Ayase.<\/li>\n<li><strong>Natsuki Hanae<\/strong> als Ken Takakura.<\/li>\n<li><strong>Mayumi Tanaka<\/strong> wie Turbo Babaa.<\/li>\n<li><strong>Kazuya Nakai<\/strong> als Serpo Hoshibito.<\/li>\n<\/ul>\n<h3 class=\"wp-block-heading\"><strong>Produktionsteam<\/strong><\/h3>\n<ul>\n<li><strong>Fuuga Yamashiro<\/strong> (<em>Yojouhan Time Machine Blues, Inu-ou, Eizouken ni wa Te wo Dasu na!<\/em>) ist f\u00fcr die Regie des Anime in den Studios verantwortlich <strong>SARU-Wissenschaft<\/strong>.<\/li>\n<li><strong>Hiroshi Seko<\/strong> (<em>Shingeki no Kyojin, Jujutsu Kaisen, Mob Psycho 100<\/em>) ist f\u00fcr das Schreiben und die Betreuung der Drehb\u00fccher verantwortlich.<\/li>\n<li><strong>Naoyuki Also<\/strong> (<em>PSYCHO-PASS, Ergo Proxy, Inuyashiki<\/em>) ist f\u00fcr das Charakterdesign und die Animationsregie verantwortlich, w\u00e4hrend <strong>Yoshimichi Kameda<\/strong> (<em>One Punch Man, Mob Psycho 100, Space\u2606Dandy<\/em>) ist f\u00fcr das Design der Monster verantwortlich.<\/li>\n<li><strong>Kensuke Ushio<\/strong> (<em>Koe no Katachi, Chainsaw Man, DEVILMAN Crybaby<\/em>) ist f\u00fcr die Komposition des Soundtracks verantwortlich.<\/li>\n<\/ul>\n<p><iframe loading=\"lazy\" title=\"DAN DA DAN | Offizieller Trailer | Netflix-Anime\" width=\"500\" height=\"281\" src=\"https:\/\/www.youtube.com\/embed\/NRxTXed7I7k?feature=oembed\" frameborder=\"0\" allow=\"accelerometer; autoplay; clipboard-write; encrypted-media; gyroscope; picture-in-picture; web-share\" referrerpolicy=\"strict-origin-when-cross-origin\" allowfullscreen><\/iframe><\/p>\n<h3 class=\"wp-block-heading\"><strong>Zusammenfassung von Dandadan<\/strong><\/h3>\n<p><em>Nach aggressiver Zur\u00fcckweisung ger\u00e4t Momo Ayase au\u00dfer sich, als sie einem Jungen begegnet, der gemobbt wird. Ihre r\u00fccksichtslose Freundlichkeit rettet den Jungen, der vom Okkultismus besessen ist. Er versucht, mit ihr \u00fcber \u00fcbernat\u00fcrliche Interessen zu sprechen, die er mit ihnen zu teilen glaubt. Ayase weist seine Behauptungen zur\u00fcck und erkl\u00e4rt, sie glaube stattdessen an Geister. Dies l\u00f6st einen Streit zwischen den beiden dar\u00fcber aus, welches davon real sei. Um herauszufinden, wer Recht hat, beschlie\u00dfen die beiden, unterschiedliche Orte zu besuchen, die mit Okkultismus und \u00dcbernat\u00fcrlichem in Verbindung stehen: Ayase besucht den Okkultismus, der Junge den \u00dcbernat\u00fcrlichen.<\/em><\/p>\n<p><em>Als die beiden an ihren jeweiligen Orten ankommen, stellt sich heraus, dass keiner von beiden sich geirrt hat und dass sowohl Okkultismus als auch Geister existieren. Dies markiert den Beginn des Abenteuers f\u00fcr Ayase und den Jungen, der den Namen von Ayases Lieblingsidol Ken Takakura tr\u00e4gt. Sie versuchen, die surrealen, \u00fcbernat\u00fcrlichen und Science-Fiction-Elemente um sie herum zu beseitigen und zu einem normalen Leben zur\u00fcckzukehren.<\/em><\/p>\n<p>Quelle: <strong><a rel=\"nofollow noopener\" target=\"_blank\" href=\"https:\/\/x.com\/SugoiLITE\/status\/1795802124426813723\">SUGOI Lite<\/a><\/strong><\/p>\n<p>\u00a9Yukinobu Ryu\/Shueisha\/Dandadan Produktionskomitee<\/p>\n<\/div>\n<p><\/div>","protected":false},"excerpt":{"rendered":"<p>Ein k\u00fcrzlich bekannt gewordener Leak best\u00e4tigte, dass die Anime-Adaption des Mangas \u201eTaste\u201c, geschrieben und illustriert von Yukinobu Tatsu, eine zweite Staffel haben wird. Die Premiere der Serie ist noch nicht da, da sie f\u00fcr die Herbstsaison 2024 (Oktober-Dezember) geplant ist. Es ist auch wichtig zu wissen, dass es sich m\u00f6glicherweise nicht um eine \u201ezweite Staffel\u201c handelt. <a class=\"more-link\" href=\"https:\/\/animangeek.com\/de\/dandadan-teria-ate-uma-segunda-temporada\/\">Weiterlesen <span class=\"screen-reader-text\">Dandadan soll sogar eine zweite Staffel bekommen<\/span><\/a><\/p>","protected":false},"author":0,"featured_media":12474,"comment_status":"open","ping_status":"open","sticky":false,"template":"","format":"standard","meta":{"footnotes":""},"categories":[3],"tags":[340,399,1449],"yoast_head":"<!-- This site is optimized with the Yoast SEO plugin v23.3 - https:\/\/yoast.com\/wordpress\/plugins\/seo\/ -->\n<title>Dandadan teria at\u00e9 uma segunda temporada - Animan Geek<\/title>\n<meta name=\"robots\" content=\"index, follow, max-snippet:-1, max-image-preview:large, max-video-preview:-1\" \/>\n<link rel=\"canonical\" href=\"https:\/\/animangeek.com\/de\/dandadan-teria-ate-uma-segunda-temporada\/\" \/>\n<meta property=\"og:locale\" content=\"de_DE\" \/>\n<meta property=\"og:type\" content=\"article\" \/>\n<meta property=\"og:title\" content=\"Dandadan teria at\u00e9 uma segunda temporada - Animan Geek\" \/>\n<meta property=\"og:description\" content=\"Um vazamento recente garantiu que a adapta\u00e7\u00e3o para anime do mang\u00e1 escrita e ilustrada por Yukinobu Tatsu\u201cGosto\u201c, ter\u00e1 uma segunda temporada. Ressalta-se que a s\u00e9rie ainda n\u00e3o foi lan\u00e7ada, pois est\u00e1 prevista para a temporada de Outono de 2024 (outubro a dezembro). \u00c9 tamb\u00e9m importante referir que \u00e9 poss\u00edvel que esta n\u00e3o seja uma \u201csegunda&hellip; Continue reading Dandadan teria at\u00e9 uma segunda temporada\" \/>\n<meta property=\"og:url\" content=\"https:\/\/animangeek.com\/de\/dandadan-teria-ate-uma-segunda-temporada\/\" \/>\n<meta property=\"og:site_name\" content=\"Animan Geek\" \/>\n<meta property=\"article:published_time\" content=\"2024-05-29T16:41:47+00:00\" \/>\n<meta property=\"og:image\" content=\"https:\/\/animangeek.com\/wp-content\/uploads\/sites\/106\/2024\/05\/1717000908_Dandadan-teria-ate-uma-segunda-temporada.jpg\" \/>\n\t<meta property=\"og:image:width\" content=\"1920\" \/>\n\t<meta property=\"og:image:height\" content=\"1080\" \/>\n\t<meta property=\"og:image:type\" content=\"image\/jpeg\" \/>\n<meta name=\"twitter:card\" content=\"summary_large_image\" \/>\n<meta name=\"twitter:label1\" content=\"Est. reading time\" \/>\n\t<meta name=\"twitter:data1\" content=\"2 Minuten\" \/>\n<script type=\"application\/ld+json\" class=\"yoast-schema-graph\">{\"@context\":\"https:\/\/schema.org\",\"@graph\":[{\"@type\":\"WebPage\",\"@id\":\"https:\/\/animangeek.com\/dandadan-teria-ate-uma-segunda-temporada\/\",\"url\":\"https:\/\/animangeek.com\/dandadan-teria-ate-uma-segunda-temporada\/\",\"name\":\"Dandadan teria at\u00e9 uma segunda temporada - Animan Geek\",\"isPartOf\":{\"@id\":\"https:\/\/animangeek.com\/#website\"},\"primaryImageOfPage\":{\"@id\":\"https:\/\/animangeek.com\/dandadan-teria-ate-uma-segunda-temporada\/#primaryimage\"},\"image\":{\"@id\":\"https:\/\/animangeek.com\/dandadan-teria-ate-uma-segunda-temporada\/#primaryimage\"},\"thumbnailUrl\":\"https:\/\/animangeek.com\/wp-content\/uploads\/sites\/106\/2024\/05\/1717000908_Dandadan-teria-ate-uma-segunda-temporada.jpg\",\"datePublished\":\"2024-05-29T16:41:47+00:00\",\"dateModified\":\"2024-05-29T16:41:47+00:00\",\"author\":{\"@id\":\"\"},\"breadcrumb\":{\"@id\":\"https:\/\/animangeek.com\/dandadan-teria-ate-uma-segunda-temporada\/#breadcrumb\"},\"inLanguage\":\"de-DE\",\"potentialAction\":[{\"@type\":\"ReadAction\",\"target\":[\"https:\/\/animangeek.com\/dandadan-teria-ate-uma-segunda-temporada\/\"]}]},{\"@type\":\"ImageObject\",\"inLanguage\":\"de-DE\",\"@id\":\"https:\/\/animangeek.com\/dandadan-teria-ate-uma-segunda-temporada\/#primaryimage\",\"url\":\"https:\/\/animangeek.com\/wp-content\/uploads\/sites\/106\/2024\/05\/1717000908_Dandadan-teria-ate-uma-segunda-temporada.jpg\",\"contentUrl\":\"https:\/\/animangeek.com\/wp-content\/uploads\/sites\/106\/2024\/05\/1717000908_Dandadan-teria-ate-uma-segunda-temporada.jpg\",\"width\":1920,\"height\":1080},{\"@type\":\"BreadcrumbList\",\"@id\":\"https:\/\/animangeek.com\/dandadan-teria-ate-uma-segunda-temporada\/#breadcrumb\",\"itemListElement\":[{\"@type\":\"ListItem\",\"position\":1,\"name\":\"Home\",\"item\":\"https:\/\/animangeek.com\/\"},{\"@type\":\"ListItem\",\"position\":2,\"name\":\"Dandadan teria at\u00e9 uma segunda temporada\"}]},{\"@type\":\"WebSite\",\"@id\":\"https:\/\/animangeek.com\/#website\",\"url\":\"https:\/\/animangeek.com\/\",\"name\":\"Animan Geek\",\"description\":\"\",\"potentialAction\":[{\"@type\":\"SearchAction\",\"target\":{\"@type\":\"EntryPoint\",\"urlTemplate\":\"https:\/\/animangeek.com\/?s={search_term_string}\"},\"query-input\":\"required name=search_term_string\"}],\"inLanguage\":\"de-DE\"}]}<\/script>\n<!-- \/ Yoast SEO plugin. -->","yoast_head_json":{"title":"Dandadan teria at\u00e9 uma segunda temporada - Animan Geek","robots":{"index":"index","follow":"follow","max-snippet":"max-snippet:-1","max-image-preview":"max-image-preview:large","max-video-preview":"max-video-preview:-1"},"canonical":"https:\/\/animangeek.com\/de\/dandadan-teria-ate-uma-segunda-temporada\/","og_locale":"de_DE","og_type":"article","og_title":"Dandadan teria at\u00e9 uma segunda temporada - Animan Geek","og_description":"Um vazamento recente garantiu que a adapta\u00e7\u00e3o para anime do mang\u00e1 escrita e ilustrada por Yukinobu Tatsu\u201cGosto\u201c, ter\u00e1 uma segunda temporada. Ressalta-se que a s\u00e9rie ainda n\u00e3o foi lan\u00e7ada, pois est\u00e1 prevista para a temporada de Outono de 2024 (outubro a dezembro). \u00c9 tamb\u00e9m importante referir que \u00e9 poss\u00edvel que esta n\u00e3o seja uma \u201csegunda&hellip; Continue reading Dandadan teria at\u00e9 uma segunda temporada","og_url":"https:\/\/animangeek.com\/de\/dandadan-teria-ate-uma-segunda-temporada\/","og_site_name":"Animan Geek","article_published_time":"2024-05-29T16:41:47+00:00","og_image":[{"width":1920,"height":1080,"url":"https:\/\/animangeek.com\/wp-content\/uploads\/sites\/106\/2024\/05\/1717000908_Dandadan-teria-ate-uma-segunda-temporada.jpg","type":"image\/jpeg"}],"twitter_card":"summary_large_image","twitter_misc":{"Est. reading time":"2 Minuten"},"schema":{"@context":"https:\/\/schema.org","@graph":[{"@type":"WebPage","@id":"https:\/\/animangeek.com\/dandadan-teria-ate-uma-segunda-temporada\/","url":"https:\/\/animangeek.com\/dandadan-teria-ate-uma-segunda-temporada\/","name":"Dandadan teria at\u00e9 uma segunda temporada - Animan Geek","isPartOf":{"@id":"https:\/\/animangeek.com\/#website"},"primaryImageOfPage":{"@id":"https:\/\/animangeek.com\/dandadan-teria-ate-uma-segunda-temporada\/#primaryimage"},"image":{"@id":"https:\/\/animangeek.com\/dandadan-teria-ate-uma-segunda-temporada\/#primaryimage"},"thumbnailUrl":"https:\/\/animangeek.com\/wp-content\/uploads\/sites\/106\/2024\/05\/1717000908_Dandadan-teria-ate-uma-segunda-temporada.jpg","datePublished":"2024-05-29T16:41:47+00:00","dateModified":"2024-05-29T16:41:47+00:00","author":{"@id":""},"breadcrumb":{"@id":"https:\/\/animangeek.com\/dandadan-teria-ate-uma-segunda-temporada\/#breadcrumb"},"inLanguage":"de-DE","potentialAction":[{"@type":"ReadAction","target":["https:\/\/animangeek.com\/dandadan-teria-ate-uma-segunda-temporada\/"]}]},{"@type":"ImageObject","inLanguage":"de-DE","@id":"https:\/\/animangeek.com\/dandadan-teria-ate-uma-segunda-temporada\/#primaryimage","url":"https:\/\/animangeek.com\/wp-content\/uploads\/sites\/106\/2024\/05\/1717000908_Dandadan-teria-ate-uma-segunda-temporada.jpg","contentUrl":"https:\/\/animangeek.com\/wp-content\/uploads\/sites\/106\/2024\/05\/1717000908_Dandadan-teria-ate-uma-segunda-temporada.jpg","width":1920,"height":1080},{"@type":"BreadcrumbList","@id":"https:\/\/animangeek.com\/dandadan-teria-ate-uma-segunda-temporada\/#breadcrumb","itemListElement":[{"@type":"ListItem","position":1,"name":"Home","item":"https:\/\/animangeek.com\/"},{"@type":"ListItem","position":2,"name":"Dandadan teria at\u00e9 uma segunda temporada"}]},{"@type":"WebSite","@id":"https:\/\/animangeek.com\/#website","url":"https:\/\/animangeek.com\/","name":"Animan Geek","description":"","potentialAction":[{"@type":"SearchAction","target":{"@type":"EntryPoint","urlTemplate":"https:\/\/animangeek.com\/?s={search_term_string}"},"query-input":"required name=search_term_string"}],"inLanguage":"de-DE"}]}},"_links":{"self":[{"href":"https:\/\/animangeek.com\/de\/wp-json\/wp\/v2\/posts\/12472"}],"collection":[{"href":"https:\/\/animangeek.com\/de\/wp-json\/wp\/v2\/posts"}],"about":[{"href":"https:\/\/animangeek.com\/de\/wp-json\/wp\/v2\/types\/post"}],"replies":[{"embeddable":true,"href":"https:\/\/animangeek.com\/de\/wp-json\/wp\/v2\/comments?post=12472"}],"version-history":[{"count":0,"href":"https:\/\/animangeek.com\/de\/wp-json\/wp\/v2\/posts\/12472\/revisions"}],"wp:featuredmedia":[{"embeddable":true,"href":"https:\/\/animangeek.com\/de\/wp-json\/wp\/v2\/media\/12474"}],"wp:attachment":[{"href":"https:\/\/animangeek.com\/de\/wp-json\/wp\/v2\/media?parent=12472"}],"wp:term":[{"taxonomy":"category","embeddable":true,"href":"https:\/\/animangeek.com\/de\/wp-json\/wp\/v2\/categories?post=12472"},{"taxonomy":"post_tag","embeddable":true,"href":"https:\/\/animangeek.com\/de\/wp-json\/wp\/v2\/tags?post=12472"}],"curies":[{"name":"wp","href":"https:\/\/api.w.org\/{rel}","templated":true}]}}