{"id":12505,"date":"2024-05-30T05:55:41","date_gmt":"2024-05-30T08:55:41","guid":{"rendered":"https:\/\/animangeek.com\/musical-attack-on-titan-stage-fara-estreia-internacional-em-nova-york\/"},"modified":"2024-05-30T05:55:41","modified_gmt":"2024-05-30T08:55:41","slug":"musical-attack-on-titan-stage-fara-estreia-internacional-em-nova-york","status":"publish","type":"post","link":"https:\/\/animangeek.com\/de\/musical-attack-on-titan-stage-fara-estreia-internacional-em-nova-york\/","title":{"rendered":"Das B\u00fchnenmusical \u201eAttack on Titan\u201c feiert seine internationale Premiere in New York"},"content":{"rendered":"<div class=\"mx-5 sm:mx-0 prose text-left mb-5\"><\/p>\n<div data-postid=\"83668\">\n<p>Die musikalische Theateradaption von <strong><em>Angriff auf Titan<\/em><\/strong>  ist bereit f\u00fcr seinen ersten internationalen Auftritt. <strong><em>ATTACK ON TITAN: Das Musical<\/em><\/strong>wird vom 11. bis 13. Oktober 2024 im New York City Center in New York, USA, pr\u00e4sentiert.<\/p>\n<p>Zur Feier der Ank\u00fcndigung wurde ein Trailer ver\u00f6ffentlicht.<\/p>\n<figure class=\"wp-block-embed is-type-video is-provider-youtube wp-block-embed-youtube wp-embed-aspect-16-9 wp-has-aspect-ratio\">\n<p> <iframe loading=\"lazy\" title=\"ATTACK on TITAN: Das Musical | OFFIZIELLER TRAILER\" width=\"500\" height=\"281\" src=\"https:\/\/www.youtube.com\/embed\/WSijVnb2ogg?feature=oembed\" frameborder=\"0\" allow=\"accelerometer; autoplay; clipboard-write; encrypted-media; gyroscope; picture-in-picture; web-share\" referrerpolicy=\"strict-origin-when-cross-origin\" allowfullscreen><\/iframe> <\/p><figcaption class=\"wp-element-caption\"> <\/figcaption><\/figure>\n<p><strong><em>Angriff auf Titan<\/em><\/strong>  Sch\u00f6pfer Hajime Isayama dr\u00fcckte seine Begeisterung f\u00fcr die bevorstehenden Auff\u00fchrungen aus und erkl\u00e4rte: \u201e<em>Als ich die Auff\u00fchrung in Tokio sah, war ich von der Intensit\u00e4t der B\u00fchne beeindruckt. Ich fand, dass das Medium Musical perfekt zu Attack on Titan passt. Die Aktionen der Darsteller und die Musik erschaffen ein neues Attack on Titan, das sich sowohl vom Original-Manga als auch vom Anime unterscheidet. Sie haben eine unglaublich sch\u00f6ne B\u00fchne geschaffen, und ich kann es kaum erwarten, bis die New Yorker sie sehen. Ich hoffe, ihr k\u00f6nnt es kaum erwarten, bis die Auff\u00fchrungen beginnen.<\/em>\u201e.<\/p>\n<p><strong><em>Attack on Titan: Das Musical<\/em><\/strong>  wird traditionelle B\u00fchnentechniken mit den neuesten Technologien und Tricks sowie Musik kombinieren, um die Welt von Attack on Titan nachzubilden.<\/p>\n<p>Die Musical-Adaption feierte im Januar 2023 im Orix Theatre in Osaka Premiere. <\/p>\n<div class=\"wp-block-image\">\n<figure class=\"aligncenter size-full\"><img fetchpriority=\"high\" decoding=\"async\" width=\"600\" height=\"840\" alt=\"Musical AOT\" class=\"wp-image-51293 lzl\"  data-lzl- src=\"https:\/\/animangeek.com\/wp-content\/uploads\/2024\/05\/Musical-Attack-On-Titan-Stage-fara-estreia-internacional-em-Nova.jpg\"><noscript lzl=\"\"><img fetchpriority=\"high\" decoding=\"async\" width=\"600\" height=\"840\" src=\"https:\/\/animangeek.com\/wp-content\/uploads\/2024\/05\/Musical-Attack-On-Titan-Stage-fara-estreia-internacional-em-Nova.jpg\" alt=\"Musical AOT\" class=\"wp-image-51293\"  ><\/noscript><figcaption class=\"wp-element-caption\"> <\/figcaption><\/figure>\n<\/div>\n<p>Go Ueki f\u00fchrt Regie, Masafumi Hata schreibt das Drehbuch. KEN THE 390 und Kaori Miura haben f\u00fcr die Musik und die Texte Regie gef\u00fchrt.<\/p>\n<p>Zur Besetzung geh\u00f6ren:<\/p>\n<ul>\n<li>Kurumu Okamiya als Eren Jaeger<\/li>\n<li>Sara Takatsuki als Mikasa Ackerman<\/li>\n<li>Eito Konishi als Armin Arlert<\/li>\n<li>Ryo Matsuda als Levi<\/li>\n<li>Yu Fukuzawa als Jean Kirstein<\/li>\n<li>Joshua Kazuaki als Marco Bott<\/li>\n<li>Tomoya Nakanishi als Connie Springer<\/li>\n<li>Sena als Sasha Braus<\/li>\n<li>Mitsu Murata als Hannes<\/li>\n<li>Takeshi Hayashino als Keith Shadis<\/li>\n<li>Masanori Tomita als Dimo Reeves<\/li>\n<li>Mimi Maihane als Carla Jaeger<\/li>\n<li>Mitsuru Karahashi als Grisha Jaeger<\/li>\n<li>Riona Tatemichi als Hange Zoe<\/li>\n<li>Takuro Ono als Erwin Smith<\/li>\n<\/ul>\n<p><strong><em>Angriff auf Titan <\/em><\/strong>wurde in Kodanshas monatlichem Shonen-Manga-Magazin als Fortsetzungsgeschichte ver\u00f6ffentlicht <strong>Bessatsu Shonen Magazin<\/strong> von September 2009 bis April 2021, wobei die Kapitel in 34 Tankobon-B\u00e4nden gesammelt sind.<\/p>\n<p>Eine Anime-Fernsehserie wurde von Wit Studio (Staffeln 1\u20133) und MAPPA (Staffel 4) produziert. Eine erste Staffel mit 25 Folgen wurde von April bis September 2013 ausgestrahlt, gefolgt von einer zweiten Staffel mit 12 Folgen von April bis Juni 2017. Eine dritte Staffel mit 22 Folgen wurde in zwei Teilen ausgestrahlt, wobei die ersten 12 Folgen von Juli bis Oktober 2018 und die letzten 10 Folgen von April bis Juli 2019 ausgestrahlt wurden. Eine vierte und letzte Staffel feierte im Dezember 2020 Premiere und zeigte im ersten Teil 16 Folgen. Ein zweiter Teil mit 12 Folgen wurde von Januar bis April 2022 ausgestrahlt, und der dritte und vierte Teil wurden als zwei Specials ausgestrahlt; die erste Premiere fand im M\u00e4rz 2023 und die zweite im November 2023 statt.<\/p>\n<p>Bis November 2023 waren \u00fcber 140 Millionen Exemplare des Mangas im Umlauf und damit eine der meistverkauften Manga-Serien aller Zeiten. Der Manga wurde mehrfach ausgezeichnet, darunter mit dem Kodansha Manga Award, dem Attilio Micheluzzi Award und dem Harvey Award.<\/p>\n<p>Quelle: <a rel=\"nofollow noopener\" target=\"_blank\" href=\"https:\/\/natalie.mu\/comic\/news\/575480\">Natalie in Comics<\/a><\/p>\n<\/p><\/div>\n<p><\/div>","protected":false},"excerpt":{"rendered":"<p>Die Musical-Adaption von Attack on Titan feiert ihr internationales Deb\u00fct. Unter dem Titel ATTACK ON TITAN: The Musical wird es vom 11. bis 13. Oktober 2024 im New York City Center in New York City, USA, aufgef\u00fchrt. Zur Feier der Ank\u00fcndigung wurde ein Trailer ver\u00f6ffentlicht. Attack on Titan-Sch\u00f6pfer Hajime Isayama\u2026 <a class=\"more-link\" href=\"https:\/\/animangeek.com\/de\/musical-attack-on-titan-stage-fara-estreia-internacional-em-nova-york\/\">Weiterlesen <span class=\"screen-reader-text\">Das B\u00fchnenmusical \u201eAttack on Titan\u201c feiert seine internationale Premiere in New York<\/span><\/a><\/p>","protected":false},"author":0,"featured_media":12507,"comment_status":"open","ping_status":"open","sticky":false,"template":"","format":"standard","meta":{"footnotes":""},"categories":[3],"tags":[],"yoast_head":"<!-- This site is optimized with the Yoast SEO plugin v23.3 - https:\/\/yoast.com\/wordpress\/plugins\/seo\/ -->\n<title>Musical Attack On Titan Stage far\u00e1 estreia internacional em Nova York - Animan Geek<\/title>\n<meta name=\"robots\" content=\"index, follow, max-snippet:-1, max-image-preview:large, max-video-preview:-1\" \/>\n<link rel=\"canonical\" href=\"https:\/\/animangeek.com\/de\/musical-attack-on-titan-stage-fara-estreia-internacional-em-nova-york\/\" \/>\n<meta property=\"og:locale\" content=\"de_DE\" \/>\n<meta property=\"og:type\" content=\"article\" \/>\n<meta property=\"og:title\" content=\"Musical Attack On Titan Stage far\u00e1 estreia internacional em Nova York - Animan Geek\" \/>\n<meta property=\"og:description\" content=\"A adapta\u00e7\u00e3o musical teatral de Ataque ao tit\u00e3 est\u00e1 pronto para fazer sua primeira apari\u00e7\u00e3o internacional. Intitulado ATAQUE em TITAN: O Musicalser\u00e1 apresentada no New York City Center, em Nova York, EUA, de 11 a 13 de outubro de 2024. Um trailer foi revelado para comemorar o an\u00fancio. Ataque ao tit\u00e3 o criador Hajime Isayama&hellip; Continue reading Musical Attack On Titan Stage far\u00e1 estreia internacional em Nova York\" \/>\n<meta property=\"og:url\" content=\"https:\/\/animangeek.com\/de\/musical-attack-on-titan-stage-fara-estreia-internacional-em-nova-york\/\" \/>\n<meta property=\"og:site_name\" content=\"Animan Geek\" \/>\n<meta property=\"article:published_time\" content=\"2024-05-30T08:55:41+00:00\" \/>\n<meta property=\"og:image\" content=\"https:\/\/animangeek.com\/wp-content\/uploads\/sites\/106\/2024\/05\/1717059342_Musical-Attack-On-Titan-Stage-fara-estreia-internacional-em-Nova.jpg\" \/>\n\t<meta property=\"og:image:width\" content=\"980\" \/>\n\t<meta property=\"og:image:height\" content=\"550\" \/>\n\t<meta property=\"og:image:type\" content=\"image\/jpeg\" \/>\n<meta name=\"twitter:card\" content=\"summary_large_image\" \/>\n<meta name=\"twitter:label1\" content=\"Est. reading time\" \/>\n\t<meta name=\"twitter:data1\" content=\"3 Minuten\" \/>\n<script type=\"application\/ld+json\" class=\"yoast-schema-graph\">{\"@context\":\"https:\/\/schema.org\",\"@graph\":[{\"@type\":\"WebPage\",\"@id\":\"https:\/\/animangeek.com\/musical-attack-on-titan-stage-fara-estreia-internacional-em-nova-york\/\",\"url\":\"https:\/\/animangeek.com\/musical-attack-on-titan-stage-fara-estreia-internacional-em-nova-york\/\",\"name\":\"Musical Attack On Titan Stage far\u00e1 estreia internacional em Nova York - Animan Geek\",\"isPartOf\":{\"@id\":\"https:\/\/animangeek.com\/#website\"},\"primaryImageOfPage\":{\"@id\":\"https:\/\/animangeek.com\/musical-attack-on-titan-stage-fara-estreia-internacional-em-nova-york\/#primaryimage\"},\"image\":{\"@id\":\"https:\/\/animangeek.com\/musical-attack-on-titan-stage-fara-estreia-internacional-em-nova-york\/#primaryimage\"},\"thumbnailUrl\":\"https:\/\/animangeek.com\/wp-content\/uploads\/sites\/106\/2024\/05\/1717059342_Musical-Attack-On-Titan-Stage-fara-estreia-internacional-em-Nova.jpg\",\"datePublished\":\"2024-05-30T08:55:41+00:00\",\"dateModified\":\"2024-05-30T08:55:41+00:00\",\"author\":{\"@id\":\"\"},\"breadcrumb\":{\"@id\":\"https:\/\/animangeek.com\/musical-attack-on-titan-stage-fara-estreia-internacional-em-nova-york\/#breadcrumb\"},\"inLanguage\":\"de-DE\",\"potentialAction\":[{\"@type\":\"ReadAction\",\"target\":[\"https:\/\/animangeek.com\/musical-attack-on-titan-stage-fara-estreia-internacional-em-nova-york\/\"]}]},{\"@type\":\"ImageObject\",\"inLanguage\":\"de-DE\",\"@id\":\"https:\/\/animangeek.com\/musical-attack-on-titan-stage-fara-estreia-internacional-em-nova-york\/#primaryimage\",\"url\":\"https:\/\/animangeek.com\/wp-content\/uploads\/sites\/106\/2024\/05\/1717059342_Musical-Attack-On-Titan-Stage-fara-estreia-internacional-em-Nova.jpg\",\"contentUrl\":\"https:\/\/animangeek.com\/wp-content\/uploads\/sites\/106\/2024\/05\/1717059342_Musical-Attack-On-Titan-Stage-fara-estreia-internacional-em-Nova.jpg\",\"width\":980,\"height\":550},{\"@type\":\"BreadcrumbList\",\"@id\":\"https:\/\/animangeek.com\/musical-attack-on-titan-stage-fara-estreia-internacional-em-nova-york\/#breadcrumb\",\"itemListElement\":[{\"@type\":\"ListItem\",\"position\":1,\"name\":\"Home\",\"item\":\"https:\/\/animangeek.com\/\"},{\"@type\":\"ListItem\",\"position\":2,\"name\":\"Musical Attack On Titan Stage far\u00e1 estreia internacional em Nova York\"}]},{\"@type\":\"WebSite\",\"@id\":\"https:\/\/animangeek.com\/#website\",\"url\":\"https:\/\/animangeek.com\/\",\"name\":\"Animan Geek\",\"description\":\"\",\"potentialAction\":[{\"@type\":\"SearchAction\",\"target\":{\"@type\":\"EntryPoint\",\"urlTemplate\":\"https:\/\/animangeek.com\/?s={search_term_string}\"},\"query-input\":\"required name=search_term_string\"}],\"inLanguage\":\"de-DE\"}]}<\/script>\n<!-- \/ Yoast SEO plugin. -->","yoast_head_json":{"title":"Musical Attack On Titan Stage far\u00e1 estreia internacional em Nova York - Animan Geek","robots":{"index":"index","follow":"follow","max-snippet":"max-snippet:-1","max-image-preview":"max-image-preview:large","max-video-preview":"max-video-preview:-1"},"canonical":"https:\/\/animangeek.com\/de\/musical-attack-on-titan-stage-fara-estreia-internacional-em-nova-york\/","og_locale":"de_DE","og_type":"article","og_title":"Musical Attack On Titan Stage far\u00e1 estreia internacional em Nova York - Animan Geek","og_description":"A adapta\u00e7\u00e3o musical teatral de Ataque ao tit\u00e3 est\u00e1 pronto para fazer sua primeira apari\u00e7\u00e3o internacional. Intitulado ATAQUE em TITAN: O Musicalser\u00e1 apresentada no New York City Center, em Nova York, EUA, de 11 a 13 de outubro de 2024. Um trailer foi revelado para comemorar o an\u00fancio. Ataque ao tit\u00e3 o criador Hajime Isayama&hellip; Continue reading Musical Attack On Titan Stage far\u00e1 estreia internacional em Nova York","og_url":"https:\/\/animangeek.com\/de\/musical-attack-on-titan-stage-fara-estreia-internacional-em-nova-york\/","og_site_name":"Animan Geek","article_published_time":"2024-05-30T08:55:41+00:00","og_image":[{"width":980,"height":550,"url":"https:\/\/animangeek.com\/wp-content\/uploads\/sites\/106\/2024\/05\/1717059342_Musical-Attack-On-Titan-Stage-fara-estreia-internacional-em-Nova.jpg","type":"image\/jpeg"}],"twitter_card":"summary_large_image","twitter_misc":{"Est. reading time":"3 Minuten"},"schema":{"@context":"https:\/\/schema.org","@graph":[{"@type":"WebPage","@id":"https:\/\/animangeek.com\/musical-attack-on-titan-stage-fara-estreia-internacional-em-nova-york\/","url":"https:\/\/animangeek.com\/musical-attack-on-titan-stage-fara-estreia-internacional-em-nova-york\/","name":"Musical Attack On Titan Stage far\u00e1 estreia internacional em Nova York - Animan Geek","isPartOf":{"@id":"https:\/\/animangeek.com\/#website"},"primaryImageOfPage":{"@id":"https:\/\/animangeek.com\/musical-attack-on-titan-stage-fara-estreia-internacional-em-nova-york\/#primaryimage"},"image":{"@id":"https:\/\/animangeek.com\/musical-attack-on-titan-stage-fara-estreia-internacional-em-nova-york\/#primaryimage"},"thumbnailUrl":"https:\/\/animangeek.com\/wp-content\/uploads\/sites\/106\/2024\/05\/1717059342_Musical-Attack-On-Titan-Stage-fara-estreia-internacional-em-Nova.jpg","datePublished":"2024-05-30T08:55:41+00:00","dateModified":"2024-05-30T08:55:41+00:00","author":{"@id":""},"breadcrumb":{"@id":"https:\/\/animangeek.com\/musical-attack-on-titan-stage-fara-estreia-internacional-em-nova-york\/#breadcrumb"},"inLanguage":"de-DE","potentialAction":[{"@type":"ReadAction","target":["https:\/\/animangeek.com\/musical-attack-on-titan-stage-fara-estreia-internacional-em-nova-york\/"]}]},{"@type":"ImageObject","inLanguage":"de-DE","@id":"https:\/\/animangeek.com\/musical-attack-on-titan-stage-fara-estreia-internacional-em-nova-york\/#primaryimage","url":"https:\/\/animangeek.com\/wp-content\/uploads\/sites\/106\/2024\/05\/1717059342_Musical-Attack-On-Titan-Stage-fara-estreia-internacional-em-Nova.jpg","contentUrl":"https:\/\/animangeek.com\/wp-content\/uploads\/sites\/106\/2024\/05\/1717059342_Musical-Attack-On-Titan-Stage-fara-estreia-internacional-em-Nova.jpg","width":980,"height":550},{"@type":"BreadcrumbList","@id":"https:\/\/animangeek.com\/musical-attack-on-titan-stage-fara-estreia-internacional-em-nova-york\/#breadcrumb","itemListElement":[{"@type":"ListItem","position":1,"name":"Home","item":"https:\/\/animangeek.com\/"},{"@type":"ListItem","position":2,"name":"Musical Attack On Titan Stage far\u00e1 estreia internacional em Nova York"}]},{"@type":"WebSite","@id":"https:\/\/animangeek.com\/#website","url":"https:\/\/animangeek.com\/","name":"Animan Geek","description":"","potentialAction":[{"@type":"SearchAction","target":{"@type":"EntryPoint","urlTemplate":"https:\/\/animangeek.com\/?s={search_term_string}"},"query-input":"required name=search_term_string"}],"inLanguage":"de-DE"}]}},"_links":{"self":[{"href":"https:\/\/animangeek.com\/de\/wp-json\/wp\/v2\/posts\/12505"}],"collection":[{"href":"https:\/\/animangeek.com\/de\/wp-json\/wp\/v2\/posts"}],"about":[{"href":"https:\/\/animangeek.com\/de\/wp-json\/wp\/v2\/types\/post"}],"replies":[{"embeddable":true,"href":"https:\/\/animangeek.com\/de\/wp-json\/wp\/v2\/comments?post=12505"}],"version-history":[{"count":0,"href":"https:\/\/animangeek.com\/de\/wp-json\/wp\/v2\/posts\/12505\/revisions"}],"wp:featuredmedia":[{"embeddable":true,"href":"https:\/\/animangeek.com\/de\/wp-json\/wp\/v2\/media\/12507"}],"wp:attachment":[{"href":"https:\/\/animangeek.com\/de\/wp-json\/wp\/v2\/media?parent=12505"}],"wp:term":[{"taxonomy":"category","embeddable":true,"href":"https:\/\/animangeek.com\/de\/wp-json\/wp\/v2\/categories?post=12505"},{"taxonomy":"post_tag","embeddable":true,"href":"https:\/\/animangeek.com\/de\/wp-json\/wp\/v2\/tags?post=12505"}],"curies":[{"name":"wp","href":"https:\/\/api.w.org\/{rel}","templated":true}]}}