{"id":12716,"date":"2024-06-03T13:29:51","date_gmt":"2024-06-03T16:29:51","guid":{"rendered":"https:\/\/animangeek.com\/my-hero-academia-anuncia-epilogo-apos-a-batalha-final\/"},"modified":"2024-06-03T13:29:51","modified_gmt":"2024-06-03T16:29:51","slug":"my-hero-academia-anuncia-epilogo-apos-a-batalha-final","status":"publish","type":"post","link":"https:\/\/animangeek.com\/de\/my-hero-academia-anuncia-epilogo-apos-a-batalha-final\/","title":{"rendered":"My Hero Academia k\u00fcndigt Epilog nach der letzten Schlacht an"},"content":{"rendered":"<div class=\"mx-5 sm:mx-0 prose text-left mb-5\"><\/p>\n<div>\n<p>Kapitel 424<em> Meine Heldenakademie<\/em> Die Geschichte von Deku und seinen Gef\u00e4hrten ist endlich zu Ende. Doch die Heldengeschichte scheint noch lange nicht vorbei zu sein. Manga-K\u00fcnstler Kohei Horikoshi hat einen Epilog angek\u00fcndigt, der uns weitere Einblicke in Midoriyas Welt gew\u00e4hrt.<\/p>\n<p>Das letzte Kapitel zeigte uns die Stadt in Tr\u00fcmmern und alle Helden, die im Krankenhaus genesen. Au\u00dferdem wurde die Situation von Bakugo und Midoriya beleuchtet. Beide m\u00fcssen nun, da ihre Gaben fast aufgel\u00f6st sind, auf sehr unterschiedliche Weise miteinander konkurrieren.<\/p>\n<figure class=\"wp-block-embed is-type-video is-provider-youtube wp-block-embed-youtube\"\/>\n<p>M<em>und Hero Academia<\/em> zeigte uns einen niedergeschlagenen Deku, der an Shigaraki dachte, wie er sein Leben im letzten Kampf nicht retten konnte, aber All Might sagte ihm, dass<strong> Wichtig ist, dass er dem B\u00f6sewicht erlaubte, nicht mit einem schmerzverzerrten Gesichtsausdruck zu gehen.<\/strong> Der junge Held denkt jedoch immer noch dar\u00fcber nach, als Bakugo im Raum erscheint. Die beiden sprechen dar\u00fcber, dass sie einen neuen Weg einschlagen m\u00fcssen, da ihre Gaben sie verlassen.<\/p>\n<p>Bakugo ist traurig, wenn er an die neue Art der Beziehung zu seinem Freund denkt, der zuvor von gro\u00dfer Rivalit\u00e4t gepr\u00e4gt war. Danach denken er und Deku, dass das Neue, was sie tun k\u00f6nnen, <strong>Der Wiederaufbau der Stadt ist ein Beweis daf\u00fcr, dass uns noch eine strahlende Zukunft bevorsteht. <\/strong><\/p>\n<p>Danach sehen wir unsere Helden, wie sie zum Horizont blicken und \u00fcber ihre letzten Schlachten nachdenken. Und gleich auf der letzten Seite wird der Epilog angek\u00fcndigt. Jetzt wissen wir offenbar, wie dieses neue Kapitel f\u00fcr unsere Lieblingscharaktere beginnen wird.<\/p>\n<figure class=\"wp-block-image size-large is-resized\"><img decoding=\"async\" src=\"https:\/\/animangeek.com\/wp-content\/uploads\/2024\/06\/My-Hero-Academia-anuncia-epilogo-apos-a-batalha-final.webp.webp\" alt=\"O cap\u00edtulo 424 encerrou a hist\u00f3ria de My Hero Academia, mas ainda veremos um pouco mais do mundo dos her\u00f3is. \" class=\"lazyload wp-image-625135\" style=\"width:892px;height:auto\"\/><figcaption class=\"wp-element-caption\">Quelle: Shu\u0113isha<\/figcaption><\/figure>\n<figure class=\"wp-block-image size-large\"><img decoding=\"async\" src=\"https:\/\/animangeek.com\/wp-content\/uploads\/2024\/06\/1717432191_455_My-Hero-Academia-anuncia-epilogo-apos-a-batalha-final.webp.webp\" alt=\"O cap\u00edtulo 424 encerrou a hist\u00f3ria de My Hero Academia, mas ainda veremos um pouco mais do mundo dos her\u00f3is. \" class=\"lazyload wp-image-625136\"\/><figcaption class=\"wp-element-caption\">Quelle: Shu\u0113isha<\/figcaption><\/figure>\n<h2 class=\"wp-block-heading\">Wo kann ich My Hero Academia sehen?<\/h2>\n<p><strong>Derzeit l\u00e4uft die 7. Staffel von<em> Meine Heldenakademie<\/em> wird derzeit gestreamt und ist zusammen mit fr\u00fcheren Folgen auf der Crunchyroll-Plattform verf\u00fcgbar. <\/strong><\/p>\n<p>Nachfolgend finden Sie die offizielle Zusammenfassung der Geschichte:<\/p>\n<p class=\"has-text-align-center\"><em>\u201eIn einer Welt, in der die meisten Menschen mit einer Gabe geboren werden, einer au\u00dfergew\u00f6hnlichen F\u00e4higkeit, die bei jedem anders ausgepr\u00e4gt ist, dauert es nicht lange, bis sowohl Schurken als auch Helden bereit sind, sie aufzuhalten.\u201c<\/em><\/p>\n<p>Allerdings fehlt Deku, dem Protagonisten, eine Gabe, sodass er einen langen Weg der St\u00e4rkung vor sich hat, um der Held zu werden, der sie alle retten kann.<\/p>\n<figure class=\"wp-block-embed is-type-video is-provider-youtube wp-block-embed-youtube\"\/><\/div>\n<p><script async defer crossorigin=\"anonymous\" src=\"https:\/\/connect.facebook.net\/es_ES\/sdk.js#xfbml=1&amp;version=v12.0&amp;autoLogAppEvents=1\"><\/script><br \/>\n<\/div>","protected":false},"excerpt":{"rendered":"<p>Kapitel 424: My Hero Academia Die Geschichte von Deku und seinen Gef\u00e4hrten ist endlich abgeschlossen. Doch die Heldengeschichte scheint noch lange nicht vorbei zu sein. Manga-K\u00fcnstler Kohei Horikoshi hat einen Epilog angek\u00fcndigt, der uns mehr Einblicke in Midoriyas Welt gew\u00e4hrt. Das letzte Kapitel zeigte uns die zerst\u00f6rte Stadt und alle... <a class=\"more-link\" href=\"https:\/\/animangeek.com\/de\/my-hero-academia-anuncia-epilogo-apos-a-batalha-final\/\">Weiterlesen <span class=\"screen-reader-text\">My Hero Academia k\u00fcndigt Epilog nach der letzten Schlacht an<\/span><\/a><\/p>","protected":false},"author":0,"featured_media":12717,"comment_status":"open","ping_status":"open","sticky":false,"template":"","format":"standard","meta":{"footnotes":""},"categories":[3],"tags":[],"yoast_head":"<!-- This site is optimized with the Yoast SEO plugin v23.3 - https:\/\/yoast.com\/wordpress\/plugins\/seo\/ -->\n<title>My Hero Academia anuncia ep\u00edlogo ap\u00f3s a batalha final - Animan Geek<\/title>\n<meta name=\"robots\" content=\"index, follow, max-snippet:-1, max-image-preview:large, max-video-preview:-1\" \/>\n<link rel=\"canonical\" href=\"https:\/\/animangeek.com\/de\/my-hero-academia-anuncia-epilogo-apos-a-batalha-final\/\" \/>\n<meta property=\"og:locale\" content=\"de_DE\" \/>\n<meta property=\"og:type\" content=\"article\" \/>\n<meta property=\"og:title\" content=\"My Hero Academia anuncia ep\u00edlogo ap\u00f3s a batalha final - Animan Geek\" \/>\n<meta property=\"og:description\" content=\"Cap\u00edtulo 424 Academia do meu her\u00f3i A hist\u00f3ria de Deku e companhia finalmente terminou. Por\u00e9m, parece que ainda estamos longe do fim da hist\u00f3ria dos her\u00f3is. O mangak\u00e1 Kohei Horikoshi informou que far\u00e1 um ep\u00edlogo, assim teremos mais material do mundo de Midoriya. No \u00faltimo cap\u00edtulo nos foi mostrada a cidade em ru\u00ednas e todos&hellip; Continue reading My Hero Academia anuncia ep\u00edlogo ap\u00f3s a batalha final\" \/>\n<meta property=\"og:url\" content=\"https:\/\/animangeek.com\/de\/my-hero-academia-anuncia-epilogo-apos-a-batalha-final\/\" \/>\n<meta property=\"og:site_name\" content=\"Animan Geek\" \/>\n<meta property=\"article:published_time\" content=\"2024-06-03T16:29:51+00:00\" \/>\n<meta property=\"og:image\" content=\"https:\/\/animangeek.com\/wp-content\/uploads\/sites\/106\/2024\/06\/1717432192_My-Hero-Academia-anuncia-epilogo-apos-a-batalha-final.webp.webp\" \/>\n\t<meta property=\"og:image:width\" content=\"1280\" \/>\n\t<meta property=\"og:image:height\" content=\"720\" \/>\n\t<meta property=\"og:image:type\" content=\"image\/webp\" \/>\n<meta name=\"twitter:card\" content=\"summary_large_image\" \/>\n<meta name=\"twitter:label1\" content=\"Est. reading time\" \/>\n\t<meta name=\"twitter:data1\" content=\"2 Minuten\" \/>\n<script type=\"application\/ld+json\" class=\"yoast-schema-graph\">{\"@context\":\"https:\/\/schema.org\",\"@graph\":[{\"@type\":\"WebPage\",\"@id\":\"https:\/\/animangeek.com\/my-hero-academia-anuncia-epilogo-apos-a-batalha-final\/\",\"url\":\"https:\/\/animangeek.com\/my-hero-academia-anuncia-epilogo-apos-a-batalha-final\/\",\"name\":\"My Hero Academia anuncia ep\u00edlogo ap\u00f3s a batalha final - Animan Geek\",\"isPartOf\":{\"@id\":\"https:\/\/animangeek.com\/#website\"},\"primaryImageOfPage\":{\"@id\":\"https:\/\/animangeek.com\/my-hero-academia-anuncia-epilogo-apos-a-batalha-final\/#primaryimage\"},\"image\":{\"@id\":\"https:\/\/animangeek.com\/my-hero-academia-anuncia-epilogo-apos-a-batalha-final\/#primaryimage\"},\"thumbnailUrl\":\"https:\/\/animangeek.com\/wp-content\/uploads\/sites\/106\/2024\/06\/1717432192_My-Hero-Academia-anuncia-epilogo-apos-a-batalha-final.webp.webp\",\"datePublished\":\"2024-06-03T16:29:51+00:00\",\"dateModified\":\"2024-06-03T16:29:51+00:00\",\"author\":{\"@id\":\"\"},\"breadcrumb\":{\"@id\":\"https:\/\/animangeek.com\/my-hero-academia-anuncia-epilogo-apos-a-batalha-final\/#breadcrumb\"},\"inLanguage\":\"de-DE\",\"potentialAction\":[{\"@type\":\"ReadAction\",\"target\":[\"https:\/\/animangeek.com\/my-hero-academia-anuncia-epilogo-apos-a-batalha-final\/\"]}]},{\"@type\":\"ImageObject\",\"inLanguage\":\"de-DE\",\"@id\":\"https:\/\/animangeek.com\/my-hero-academia-anuncia-epilogo-apos-a-batalha-final\/#primaryimage\",\"url\":\"https:\/\/animangeek.com\/wp-content\/uploads\/sites\/106\/2024\/06\/1717432192_My-Hero-Academia-anuncia-epilogo-apos-a-batalha-final.webp.webp\",\"contentUrl\":\"https:\/\/animangeek.com\/wp-content\/uploads\/sites\/106\/2024\/06\/1717432192_My-Hero-Academia-anuncia-epilogo-apos-a-batalha-final.webp.webp\",\"width\":1280,\"height\":720},{\"@type\":\"BreadcrumbList\",\"@id\":\"https:\/\/animangeek.com\/my-hero-academia-anuncia-epilogo-apos-a-batalha-final\/#breadcrumb\",\"itemListElement\":[{\"@type\":\"ListItem\",\"position\":1,\"name\":\"Home\",\"item\":\"https:\/\/animangeek.com\/\"},{\"@type\":\"ListItem\",\"position\":2,\"name\":\"My Hero Academia anuncia ep\u00edlogo ap\u00f3s a batalha final\"}]},{\"@type\":\"WebSite\",\"@id\":\"https:\/\/animangeek.com\/#website\",\"url\":\"https:\/\/animangeek.com\/\",\"name\":\"Animan Geek\",\"description\":\"\",\"potentialAction\":[{\"@type\":\"SearchAction\",\"target\":{\"@type\":\"EntryPoint\",\"urlTemplate\":\"https:\/\/animangeek.com\/?s={search_term_string}\"},\"query-input\":\"required name=search_term_string\"}],\"inLanguage\":\"de-DE\"}]}<\/script>\n<!-- \/ Yoast SEO plugin. -->","yoast_head_json":{"title":"My Hero Academia anuncia ep\u00edlogo ap\u00f3s a batalha final - Animan Geek","robots":{"index":"index","follow":"follow","max-snippet":"max-snippet:-1","max-image-preview":"max-image-preview:large","max-video-preview":"max-video-preview:-1"},"canonical":"https:\/\/animangeek.com\/de\/my-hero-academia-anuncia-epilogo-apos-a-batalha-final\/","og_locale":"de_DE","og_type":"article","og_title":"My Hero Academia anuncia ep\u00edlogo ap\u00f3s a batalha final - Animan Geek","og_description":"Cap\u00edtulo 424 Academia do meu her\u00f3i A hist\u00f3ria de Deku e companhia finalmente terminou. Por\u00e9m, parece que ainda estamos longe do fim da hist\u00f3ria dos her\u00f3is. O mangak\u00e1 Kohei Horikoshi informou que far\u00e1 um ep\u00edlogo, assim teremos mais material do mundo de Midoriya. No \u00faltimo cap\u00edtulo nos foi mostrada a cidade em ru\u00ednas e todos&hellip; Continue reading My Hero Academia anuncia ep\u00edlogo ap\u00f3s a batalha final","og_url":"https:\/\/animangeek.com\/de\/my-hero-academia-anuncia-epilogo-apos-a-batalha-final\/","og_site_name":"Animan Geek","article_published_time":"2024-06-03T16:29:51+00:00","og_image":[{"width":1280,"height":720,"url":"https:\/\/animangeek.com\/wp-content\/uploads\/sites\/106\/2024\/06\/1717432192_My-Hero-Academia-anuncia-epilogo-apos-a-batalha-final.webp.webp","type":"image\/webp"}],"twitter_card":"summary_large_image","twitter_misc":{"Est. reading time":"2 Minuten"},"schema":{"@context":"https:\/\/schema.org","@graph":[{"@type":"WebPage","@id":"https:\/\/animangeek.com\/my-hero-academia-anuncia-epilogo-apos-a-batalha-final\/","url":"https:\/\/animangeek.com\/my-hero-academia-anuncia-epilogo-apos-a-batalha-final\/","name":"My Hero Academia anuncia ep\u00edlogo ap\u00f3s a batalha final - Animan Geek","isPartOf":{"@id":"https:\/\/animangeek.com\/#website"},"primaryImageOfPage":{"@id":"https:\/\/animangeek.com\/my-hero-academia-anuncia-epilogo-apos-a-batalha-final\/#primaryimage"},"image":{"@id":"https:\/\/animangeek.com\/my-hero-academia-anuncia-epilogo-apos-a-batalha-final\/#primaryimage"},"thumbnailUrl":"https:\/\/animangeek.com\/wp-content\/uploads\/sites\/106\/2024\/06\/1717432192_My-Hero-Academia-anuncia-epilogo-apos-a-batalha-final.webp.webp","datePublished":"2024-06-03T16:29:51+00:00","dateModified":"2024-06-03T16:29:51+00:00","author":{"@id":""},"breadcrumb":{"@id":"https:\/\/animangeek.com\/my-hero-academia-anuncia-epilogo-apos-a-batalha-final\/#breadcrumb"},"inLanguage":"de-DE","potentialAction":[{"@type":"ReadAction","target":["https:\/\/animangeek.com\/my-hero-academia-anuncia-epilogo-apos-a-batalha-final\/"]}]},{"@type":"ImageObject","inLanguage":"de-DE","@id":"https:\/\/animangeek.com\/my-hero-academia-anuncia-epilogo-apos-a-batalha-final\/#primaryimage","url":"https:\/\/animangeek.com\/wp-content\/uploads\/sites\/106\/2024\/06\/1717432192_My-Hero-Academia-anuncia-epilogo-apos-a-batalha-final.webp.webp","contentUrl":"https:\/\/animangeek.com\/wp-content\/uploads\/sites\/106\/2024\/06\/1717432192_My-Hero-Academia-anuncia-epilogo-apos-a-batalha-final.webp.webp","width":1280,"height":720},{"@type":"BreadcrumbList","@id":"https:\/\/animangeek.com\/my-hero-academia-anuncia-epilogo-apos-a-batalha-final\/#breadcrumb","itemListElement":[{"@type":"ListItem","position":1,"name":"Home","item":"https:\/\/animangeek.com\/"},{"@type":"ListItem","position":2,"name":"My Hero Academia anuncia ep\u00edlogo ap\u00f3s a batalha final"}]},{"@type":"WebSite","@id":"https:\/\/animangeek.com\/#website","url":"https:\/\/animangeek.com\/","name":"Animan Geek","description":"","potentialAction":[{"@type":"SearchAction","target":{"@type":"EntryPoint","urlTemplate":"https:\/\/animangeek.com\/?s={search_term_string}"},"query-input":"required name=search_term_string"}],"inLanguage":"de-DE"}]}},"_links":{"self":[{"href":"https:\/\/animangeek.com\/de\/wp-json\/wp\/v2\/posts\/12716"}],"collection":[{"href":"https:\/\/animangeek.com\/de\/wp-json\/wp\/v2\/posts"}],"about":[{"href":"https:\/\/animangeek.com\/de\/wp-json\/wp\/v2\/types\/post"}],"replies":[{"embeddable":true,"href":"https:\/\/animangeek.com\/de\/wp-json\/wp\/v2\/comments?post=12716"}],"version-history":[{"count":0,"href":"https:\/\/animangeek.com\/de\/wp-json\/wp\/v2\/posts\/12716\/revisions"}],"wp:featuredmedia":[{"embeddable":true,"href":"https:\/\/animangeek.com\/de\/wp-json\/wp\/v2\/media\/12717"}],"wp:attachment":[{"href":"https:\/\/animangeek.com\/de\/wp-json\/wp\/v2\/media?parent=12716"}],"wp:term":[{"taxonomy":"category","embeddable":true,"href":"https:\/\/animangeek.com\/de\/wp-json\/wp\/v2\/categories?post=12716"},{"taxonomy":"post_tag","embeddable":true,"href":"https:\/\/animangeek.com\/de\/wp-json\/wp\/v2\/tags?post=12716"}],"curies":[{"name":"wp","href":"https:\/\/api.w.org\/{rel}","templated":true}]}}