{"id":13003,"date":"2024-06-08T22:07:41","date_gmt":"2024-06-09T01:07:41","guid":{"rendered":"https:\/\/animangeek.com\/os-fas-ja-estao-desesperados-pela-sono-bisque-doll\/"},"modified":"2024-06-08T22:07:41","modified_gmt":"2024-06-09T01:07:41","slug":"os-fas-ja-estao-desesperados-pela-sono-bisque-doll","status":"publish","type":"post","link":"https:\/\/animangeek.com\/de\/os-fas-ja-estao-desesperados-pela-sono-bisque-doll\/","title":{"rendered":"Fans sehnen sich schon verzweifelt nach der Sono Bisque Doll"},"content":{"rendered":"<div class=\"mx-5 sm:mx-0 prose text-left mb-5\"><\/p>\n<div>\n<p><strong>Jun Yamazaki<\/strong>Animationsdirektor der beliebten romantischen Comedy-Anime-Serie \u201e<strong>Sono Bisque Doll wa Koi wo Suru<\/strong> (<em>Mein Anzieh-Liebling<\/em>)\u201c, weckte die Hoffnung auf einen baldigen Premierentermin f\u00fcr die zweite Staffel mit der Enth\u00fcllung neuer Artworks f\u00fcr <strong>Marin Kitagawa<\/strong>.<\/p>\n<p>K\u00fcrzlich, <strong>Animationsdirektor Jun Yamazaki hat auf seinem offiziellen Twitter-Account eine neue Farbillustration von Marin Kitagawa, der Hauptfigur der Serie, gepostet. <\/strong>Das Bild zeigt einen typisch quirligen Marin, der sagt: \u201e<em>Ohisa<\/em>\u201c, eine lockere und freundliche Begr\u00fc\u00dfung mit der Bedeutung \u201e<em>Lange nicht gesehen<\/em>\u201e. Yamazakis Bildunterschrift wiederum deutet an, dass das Zeichnen von Marin f\u00fcr ihn eine Form der \u201eRehabilitation\u201c ist, und <strong>Wenig \u00fcberraschend l\u00e4sst der Beitrag die Fans vermuten, dass es bald Neuigkeiten zur zweiten Staffel der Serie geben wird.<\/strong><\/p>\n<div class=\"wp-block-image\">\n<figure class=\"aligncenter size-large\"><img decoding=\"async\" src=\"https:\/\/animangeek.com\/wp-content\/uploads\/2024\/06\/Os-fas-ja-estao-desesperados-pela-Sono-Bisque-Doll.jpg\" alt=\"Boneca Sono Bisque\"\/><\/figure>\n<\/div>\n<p><strong>Yamazakis letzter Beitrag zu \u201eSono Bisque Doll wa Koi wo Suru\u201c war letzte Woche, in dem er enth\u00fcllte, dass sein in Episode 11 der Serie verwendeter Marin Succubus in eine Figur verwandelt wird.<\/strong> Die j\u00fcngsten Ver\u00f6ffentlichungen des Animationsregisseurs konzentrierten sich jedoch mehr auf \u201eUma Musume: Pretty Derby\u201c, da er als Charakterdesigner f\u00fcr den neuesten Film des Franchise zur\u00fcckkehrte, der im Mai 2024 ver\u00f6ffentlicht wird.<\/p>\n<div class=\"wp-block-image\">\n<figure class=\"aligncenter size-large\"><img decoding=\"async\" src=\"https:\/\/animangeek.com\/wp-content\/uploads\/2024\/06\/1717895261_339_Os-fas-ja-estao-desesperados-pela-Sono-Bisque-Doll.jpg\" alt=\"\"\/><\/figure>\n<\/div>\n<p><strong>Eine weitere k\u00fcnstlerische Offenbarung von Yamazaki folgt auf ein neues Bild von Marin Kitagawa, die als Kellnerin im chinesischen Stil gekleidet ist.<\/strong>wurde im Vorfeld einer Zusammenarbeit zwischen \u201eSono Bisque Doll wa Koi wo Suru\u201c und einem chinesischen Restaurant ver\u00f6ffentlicht, die diesen Sommer in Japan er\u00f6ffnet wird. Im April 2024 wurden au\u00dferdem neue Sammelkapseln der Chibi-Figuren Wakana Gojo und Marin Kitagawa ver\u00f6ffentlicht.<\/p>\n<div class=\"wp-block-image\">\n<figure class=\"aligncenter size-large\"><img loading=\"lazy\" decoding=\"async\" width=\"1024\" height=\"575\" src=\"https:\/\/animangeek.com\/wp-content\/uploads\/2024\/06\/1717895261_323_Os-fas-ja-estao-desesperados-pela-Sono-Bisque-Doll.jpg\" alt=\"\" class=\"wp-image-331093\"  \/><\/figure>\n<\/div>\n<p>Quelle: <strong><a rel=\"nofollow noopener\" target=\"_blank\" href=\"https:\/\/x.com\/himaholic3\/status\/1798845070755705223\">Offizieller Twitter-Account<\/a><\/strong><\/p>\n<\/div>\n<p><\/div>","protected":false},"excerpt":{"rendered":"<p>Jun Yamazaki, Animationsdirektor der beliebten romantischen Anime-Comedy-Serie \u201eSono Bisque Doll wa Koi wo Suru (My Dress-Up Darling)\u201c, hat mit der Enth\u00fcllung neuer Illustrationen von Marin Kitagawa Hoffnungen auf einen baldigen Premierentermin der zweiten Staffel geweckt. K\u00fcrzlich postete Animationsdirektor Jun Yamazaki auf seinem Instagram-Account \u2026 <a class=\"more-link\" href=\"https:\/\/animangeek.com\/de\/os-fas-ja-estao-desesperados-pela-sono-bisque-doll\/\">Weiterlesen <span class=\"screen-reader-text\">Fans sehnen sich schon verzweifelt nach der Sono Bisque Doll<\/span><\/a><\/p>","protected":false},"author":0,"featured_media":13004,"comment_status":"open","ping_status":"open","sticky":false,"template":"","format":"standard","meta":{"footnotes":""},"categories":[5],"tags":[355,1070,1466],"yoast_head":"<!-- This site is optimized with the Yoast SEO plugin v23.3 - https:\/\/yoast.com\/wordpress\/plugins\/seo\/ -->\n<title>Os f\u00e3s j\u00e1 est\u00e3o desesperados pela Sono Bisque Doll - Animan Geek<\/title>\n<meta name=\"robots\" content=\"index, follow, max-snippet:-1, max-image-preview:large, max-video-preview:-1\" \/>\n<link rel=\"canonical\" href=\"https:\/\/animangeek.com\/de\/os-fas-ja-estao-desesperados-pela-sono-bisque-doll\/\" \/>\n<meta property=\"og:locale\" content=\"de_DE\" \/>\n<meta property=\"og:type\" content=\"article\" \/>\n<meta property=\"og:title\" content=\"Os f\u00e3s j\u00e1 est\u00e3o desesperados pela Sono Bisque Doll - Animan Geek\" \/>\n<meta property=\"og:description\" content=\"Jun Yamazakidiretor de anima\u00e7\u00e3o da popular s\u00e9rie de anime de com\u00e9dia rom\u00e2ntica &#8220;Sono Bisque Doll wa Koi wo Suru (My Dress-Up Darling)&#8221;, despertou esperan\u00e7as de uma pr\u00f3xima data de estreia para a segunda temporada com a revela\u00e7\u00e3o de uma nova arte de Marin Kitagawa. Recentemente, o diretor de anima\u00e7\u00e3o Jun Yamazaki publicou em sua conta&hellip; Continue reading Os f\u00e3s j\u00e1 est\u00e3o desesperados pela Sono Bisque Doll\" \/>\n<meta property=\"og:url\" content=\"https:\/\/animangeek.com\/de\/os-fas-ja-estao-desesperados-pela-sono-bisque-doll\/\" \/>\n<meta property=\"og:site_name\" content=\"Animan Geek\" \/>\n<meta property=\"article:published_time\" content=\"2024-06-09T01:07:41+00:00\" \/>\n<meta property=\"og:image\" content=\"https:\/\/animangeek.com\/wp-content\/uploads\/sites\/106\/2024\/06\/1717895262_Os-fas-ja-estao-desesperados-pela-Sono-Bisque-Doll.jpg\" \/>\n\t<meta property=\"og:image:width\" content=\"1920\" \/>\n\t<meta property=\"og:image:height\" content=\"1080\" \/>\n\t<meta property=\"og:image:type\" content=\"image\/jpeg\" \/>\n<meta name=\"twitter:card\" content=\"summary_large_image\" \/>\n<meta name=\"twitter:label1\" content=\"Est. reading time\" \/>\n\t<meta name=\"twitter:data1\" content=\"2 Minuten\" \/>\n<script type=\"application\/ld+json\" class=\"yoast-schema-graph\">{\"@context\":\"https:\/\/schema.org\",\"@graph\":[{\"@type\":\"WebPage\",\"@id\":\"https:\/\/animangeek.com\/os-fas-ja-estao-desesperados-pela-sono-bisque-doll\/\",\"url\":\"https:\/\/animangeek.com\/os-fas-ja-estao-desesperados-pela-sono-bisque-doll\/\",\"name\":\"Os f\u00e3s j\u00e1 est\u00e3o desesperados pela Sono Bisque Doll - Animan Geek\",\"isPartOf\":{\"@id\":\"https:\/\/animangeek.com\/#website\"},\"primaryImageOfPage\":{\"@id\":\"https:\/\/animangeek.com\/os-fas-ja-estao-desesperados-pela-sono-bisque-doll\/#primaryimage\"},\"image\":{\"@id\":\"https:\/\/animangeek.com\/os-fas-ja-estao-desesperados-pela-sono-bisque-doll\/#primaryimage\"},\"thumbnailUrl\":\"https:\/\/animangeek.com\/wp-content\/uploads\/sites\/106\/2024\/06\/1717895262_Os-fas-ja-estao-desesperados-pela-Sono-Bisque-Doll.jpg\",\"datePublished\":\"2024-06-09T01:07:41+00:00\",\"dateModified\":\"2024-06-09T01:07:41+00:00\",\"author\":{\"@id\":\"\"},\"breadcrumb\":{\"@id\":\"https:\/\/animangeek.com\/os-fas-ja-estao-desesperados-pela-sono-bisque-doll\/#breadcrumb\"},\"inLanguage\":\"de-DE\",\"potentialAction\":[{\"@type\":\"ReadAction\",\"target\":[\"https:\/\/animangeek.com\/os-fas-ja-estao-desesperados-pela-sono-bisque-doll\/\"]}]},{\"@type\":\"ImageObject\",\"inLanguage\":\"de-DE\",\"@id\":\"https:\/\/animangeek.com\/os-fas-ja-estao-desesperados-pela-sono-bisque-doll\/#primaryimage\",\"url\":\"https:\/\/animangeek.com\/wp-content\/uploads\/sites\/106\/2024\/06\/1717895262_Os-fas-ja-estao-desesperados-pela-Sono-Bisque-Doll.jpg\",\"contentUrl\":\"https:\/\/animangeek.com\/wp-content\/uploads\/sites\/106\/2024\/06\/1717895262_Os-fas-ja-estao-desesperados-pela-Sono-Bisque-Doll.jpg\",\"width\":1920,\"height\":1080},{\"@type\":\"BreadcrumbList\",\"@id\":\"https:\/\/animangeek.com\/os-fas-ja-estao-desesperados-pela-sono-bisque-doll\/#breadcrumb\",\"itemListElement\":[{\"@type\":\"ListItem\",\"position\":1,\"name\":\"Home\",\"item\":\"https:\/\/animangeek.com\/\"},{\"@type\":\"ListItem\",\"position\":2,\"name\":\"Os f\u00e3s j\u00e1 est\u00e3o desesperados pela Sono Bisque Doll\"}]},{\"@type\":\"WebSite\",\"@id\":\"https:\/\/animangeek.com\/#website\",\"url\":\"https:\/\/animangeek.com\/\",\"name\":\"Animan Geek\",\"description\":\"\",\"potentialAction\":[{\"@type\":\"SearchAction\",\"target\":{\"@type\":\"EntryPoint\",\"urlTemplate\":\"https:\/\/animangeek.com\/?s={search_term_string}\"},\"query-input\":\"required name=search_term_string\"}],\"inLanguage\":\"de-DE\"}]}<\/script>\n<!-- \/ Yoast SEO plugin. -->","yoast_head_json":{"title":"Os f\u00e3s j\u00e1 est\u00e3o desesperados pela Sono Bisque Doll - Animan Geek","robots":{"index":"index","follow":"follow","max-snippet":"max-snippet:-1","max-image-preview":"max-image-preview:large","max-video-preview":"max-video-preview:-1"},"canonical":"https:\/\/animangeek.com\/de\/os-fas-ja-estao-desesperados-pela-sono-bisque-doll\/","og_locale":"de_DE","og_type":"article","og_title":"Os f\u00e3s j\u00e1 est\u00e3o desesperados pela Sono Bisque Doll - Animan Geek","og_description":"Jun Yamazakidiretor de anima\u00e7\u00e3o da popular s\u00e9rie de anime de com\u00e9dia rom\u00e2ntica &#8220;Sono Bisque Doll wa Koi wo Suru (My Dress-Up Darling)&#8221;, despertou esperan\u00e7as de uma pr\u00f3xima data de estreia para a segunda temporada com a revela\u00e7\u00e3o de uma nova arte de Marin Kitagawa. Recentemente, o diretor de anima\u00e7\u00e3o Jun Yamazaki publicou em sua conta&hellip; Continue reading Os f\u00e3s j\u00e1 est\u00e3o desesperados pela Sono Bisque Doll","og_url":"https:\/\/animangeek.com\/de\/os-fas-ja-estao-desesperados-pela-sono-bisque-doll\/","og_site_name":"Animan Geek","article_published_time":"2024-06-09T01:07:41+00:00","og_image":[{"width":1920,"height":1080,"url":"https:\/\/animangeek.com\/wp-content\/uploads\/sites\/106\/2024\/06\/1717895262_Os-fas-ja-estao-desesperados-pela-Sono-Bisque-Doll.jpg","type":"image\/jpeg"}],"twitter_card":"summary_large_image","twitter_misc":{"Est. reading time":"2 Minuten"},"schema":{"@context":"https:\/\/schema.org","@graph":[{"@type":"WebPage","@id":"https:\/\/animangeek.com\/os-fas-ja-estao-desesperados-pela-sono-bisque-doll\/","url":"https:\/\/animangeek.com\/os-fas-ja-estao-desesperados-pela-sono-bisque-doll\/","name":"Os f\u00e3s j\u00e1 est\u00e3o desesperados pela Sono Bisque Doll - Animan Geek","isPartOf":{"@id":"https:\/\/animangeek.com\/#website"},"primaryImageOfPage":{"@id":"https:\/\/animangeek.com\/os-fas-ja-estao-desesperados-pela-sono-bisque-doll\/#primaryimage"},"image":{"@id":"https:\/\/animangeek.com\/os-fas-ja-estao-desesperados-pela-sono-bisque-doll\/#primaryimage"},"thumbnailUrl":"https:\/\/animangeek.com\/wp-content\/uploads\/sites\/106\/2024\/06\/1717895262_Os-fas-ja-estao-desesperados-pela-Sono-Bisque-Doll.jpg","datePublished":"2024-06-09T01:07:41+00:00","dateModified":"2024-06-09T01:07:41+00:00","author":{"@id":""},"breadcrumb":{"@id":"https:\/\/animangeek.com\/os-fas-ja-estao-desesperados-pela-sono-bisque-doll\/#breadcrumb"},"inLanguage":"de-DE","potentialAction":[{"@type":"ReadAction","target":["https:\/\/animangeek.com\/os-fas-ja-estao-desesperados-pela-sono-bisque-doll\/"]}]},{"@type":"ImageObject","inLanguage":"de-DE","@id":"https:\/\/animangeek.com\/os-fas-ja-estao-desesperados-pela-sono-bisque-doll\/#primaryimage","url":"https:\/\/animangeek.com\/wp-content\/uploads\/sites\/106\/2024\/06\/1717895262_Os-fas-ja-estao-desesperados-pela-Sono-Bisque-Doll.jpg","contentUrl":"https:\/\/animangeek.com\/wp-content\/uploads\/sites\/106\/2024\/06\/1717895262_Os-fas-ja-estao-desesperados-pela-Sono-Bisque-Doll.jpg","width":1920,"height":1080},{"@type":"BreadcrumbList","@id":"https:\/\/animangeek.com\/os-fas-ja-estao-desesperados-pela-sono-bisque-doll\/#breadcrumb","itemListElement":[{"@type":"ListItem","position":1,"name":"Home","item":"https:\/\/animangeek.com\/"},{"@type":"ListItem","position":2,"name":"Os f\u00e3s j\u00e1 est\u00e3o desesperados pela Sono Bisque Doll"}]},{"@type":"WebSite","@id":"https:\/\/animangeek.com\/#website","url":"https:\/\/animangeek.com\/","name":"Animan Geek","description":"","potentialAction":[{"@type":"SearchAction","target":{"@type":"EntryPoint","urlTemplate":"https:\/\/animangeek.com\/?s={search_term_string}"},"query-input":"required name=search_term_string"}],"inLanguage":"de-DE"}]}},"_links":{"self":[{"href":"https:\/\/animangeek.com\/de\/wp-json\/wp\/v2\/posts\/13003"}],"collection":[{"href":"https:\/\/animangeek.com\/de\/wp-json\/wp\/v2\/posts"}],"about":[{"href":"https:\/\/animangeek.com\/de\/wp-json\/wp\/v2\/types\/post"}],"replies":[{"embeddable":true,"href":"https:\/\/animangeek.com\/de\/wp-json\/wp\/v2\/comments?post=13003"}],"version-history":[{"count":0,"href":"https:\/\/animangeek.com\/de\/wp-json\/wp\/v2\/posts\/13003\/revisions"}],"wp:featuredmedia":[{"embeddable":true,"href":"https:\/\/animangeek.com\/de\/wp-json\/wp\/v2\/media\/13004"}],"wp:attachment":[{"href":"https:\/\/animangeek.com\/de\/wp-json\/wp\/v2\/media?parent=13003"}],"wp:term":[{"taxonomy":"category","embeddable":true,"href":"https:\/\/animangeek.com\/de\/wp-json\/wp\/v2\/categories?post=13003"},{"taxonomy":"post_tag","embeddable":true,"href":"https:\/\/animangeek.com\/de\/wp-json\/wp\/v2\/tags?post=13003"}],"curies":[{"name":"wp","href":"https:\/\/api.w.org\/{rel}","templated":true}]}}