{"id":13112,"date":"2024-06-11T10:06:46","date_gmt":"2024-06-11T13:06:46","guid":{"rendered":"https:\/\/animangeek.com\/akira-kanai-editor-da-vinland-saga-rejeita-a-ideia-do-politicamente-correto-ocidental-na-narrativa\/"},"modified":"2024-06-11T10:06:46","modified_gmt":"2024-06-11T13:06:46","slug":"akira-kanai-editor-da-vinland-saga-rejeita-a-ideia-do-politicamente-correto-ocidental-na-narrativa","status":"publish","type":"post","link":"https:\/\/animangeek.com\/de\/akira-kanai-editor-da-vinland-saga-rejeita-a-ideia-do-politicamente-correto-ocidental-na-narrativa\/","title":{"rendered":"Akira Kanai, Herausgeber von Vinland Saga, lehnt die Idee westlicher politischer Korrektheit beim Geschichtenerz\u00e4hlen ab"},"content":{"rendered":"<div class=\"mx-5 sm:mx-0 prose text-left mb-5\"><\/p>\n<div data-postid=\"84144\">\n<p>Akira Kanai, renommierter Manga-Editor, bekannt f\u00fcr seine Arbeit in <strong><em>Vinland Saga<\/em><\/strong>, <strong><em>Ajin: Halbmensch<\/em><\/strong>Und <strong><em>Planeten<\/em><\/strong>Er vertrat entschieden die Meinung, dass politische Korrektheit seine redaktionellen Entscheidungen nicht beeinflussen k\u00f6nne.<\/p>\n<p>Dies wurde enth\u00fcllt w\u00e4hrend <a rel=\"nofollow noopener\" target=\"_blank\" href=\"https:\/\/www.manga-passion.de\/articles\/10706\/interview-with-afternoon-editor-in-chief-akira-kanai-globalization-webtoons-and-healthy-seinen-manga\">Ihr Interview mit Manga Passion<\/a>wo er nach seinem Ansatz gefragt wurde, den internationalen Erfolg des Mangas sicherzustellen.<\/p>\n<p>\u201e<em>Von der sogenannten politischen Korrektheit im Ausland lasse ich mich nicht beeinflussen und gestalte die Werke dementsprechend.<\/em>\u201c, erkl\u00e4rte Kanai.<\/p>\n<p>Der Chefredakteur erl\u00e4uterte seinen Ansatz und erkl\u00e4rte, er folge mehreren Inhaltsrichtlinien hinsichtlich Gewalt, Nacktheit und religi\u00f6ser Darstellungen. Diese \u00dcberlegungen basieren jedoch eher auf allgemeinen Inhaltsstandards als auf spezifischen internationalen Empfindlichkeiten.<\/p>\n<p>Interessante Geschichten werden seiner Meinung nach \u201eim Allgemeinen verstanden, egal, ob man aus Afrika, Chile oder Gr\u00f6nland kommt.\u201c<\/p>\n<div class=\"wp-block-image\">\n<figure class=\"aligncenter size-full\"><img fetchpriority=\"high\" decoding=\"async\" width=\"980\" height=\"550\" alt=\"Vinland Saga Vol.\" class=\"wp-image-76452 lzl\"  data-lzl- src=\"https:\/\/animangeek.com\/wp-content\/uploads\/2024\/06\/Akira-Kanai-editor-da-Vinland-Saga-rejeita-a-ideia-do.jpg\"><noscript lzl=\"\"><img fetchpriority=\"high\" decoding=\"async\" width=\"980\" height=\"550\" src=\"https:\/\/animangeek.com\/wp-content\/uploads\/2024\/06\/Akira-Kanai-editor-da-Vinland-Saga-rejeita-a-ideia-do.jpg\" alt=\"Vinland Saga Vol.\" class=\"wp-image-76452\"  ><\/noscript><figcaption class=\"wp-element-caption\"> <\/figcaption><\/figure>\n<\/div>\n<p>Kanai argumentierte, dass grundlegende menschliche Erfahrungen und Emotionen universell nachvollziehbar seien. Daher erschien es ihm nicht sinnvoll, ein Werk nur deshalb abzubrechen, weil es ein sehr japanisches Thema behandelt.<\/p>\n<p>\u201e<em>Ich glaube nicht, dass es zwischen den Menschen grunds\u00e4tzliche Unterschiede hinsichtlich der Dinge gibt, die ihnen wichtig sind \u2013 weder in Japan, Deutschland, China noch in S\u00fcdkorea.<\/em>\u201d, sagte er. \u201e<em>Einen Job abzubrechen, weil er ein sehr japanisches Problem behandelt, oder etwas zu tun vorzugeben \u2013 das passiert fast nie<\/em>\u201e.<\/p>\n<p>Kanai stellte au\u00dferdem die Idee in Frage, Inhalte zu erstellen, die auf eine Balance zwischen lokaler und globaler Attraktivit\u00e4t abzielen, und meinte, dass ein solcher Ansatz m\u00f6glicherweise nicht effektiv sei. <\/p>\n<p>Er veranschaulichte seine Argumentation am Beispiel von <strong><em>Jump und Loafer<\/em><\/strong>Ein Manga \u00fcber ein M\u00e4dchen aus dem l\u00e4ndlichen Japan, das zum Studieren nach Tokio zieht.<\/p>\n<p>\u201e<em>Ich glaube nicht, dass es m\u00f6glich ist, Werke zu schaffen, die genau in der Mitte liegen, und solche Werke w\u00fcrden auch nirgendwo wirklich Anklang finden. Nehmen wir zum Beispiel \u201eSkip and Loafer\u201c, in dem es um ein M\u00e4dchen aus dem l\u00e4ndlichen Japan geht, das allein nach Tokio zieht, um eine gute Highschool zu besuchen. Ich denke, Menschen auf der ganzen Welt werden ihre Gef\u00fchle der Unsicherheit sicherlich genauso nachvollziehen k\u00f6nnen. Deshalb ziehen solche Werke tendenziell ein internationales Publikum an.<\/em>\u201e<\/p>\n<p>Trotz seiner Abneigung gegen politische Korrektheit glaubte Kanai, dass der globale Austausch f\u00fcr ein Medium wie Manga von entscheidender Bedeutung sei.<\/p>\n<p>Er wies jedoch die Vorstellung zur\u00fcck, dass Japans Bestreben, seinen Manga-Markt im Ausland auszuweiten, auf die sinkende Geburtenrate des Landes zur\u00fcckzuf\u00fchren sei. <\/p>\n<p>\u201e<em>Ich glaube, dass die Geburtenrate \u2013 au\u00dfer in Afrika und Indien \u2013 weltweit sinkt. Ich halte es f\u00fcr eine Schande, ins Ausland zu expandieren, weil der Binnenmarkt schrumpft.<\/em>&quot; sagte er. &quot;<em>Aber dank der Fortschritte in der digitalen Technologie k\u00f6nnen Menschen im Ausland jetzt problemlos Mangas aus Japan lesen.\u201c<\/em><\/p>\n<p>Er kritisierte au\u00dferdem die Vorstellung, dass japanische Verlage finanziell leiden w\u00fcrden, wenn sie nicht international expandierten. <\/p>\n<p>Stattdessen hoffte er, dass die Manga-Community wachsen w\u00fcrde und immer mehr Menschen Mangas lesen und genie\u00dfen k\u00f6nnten. <\/p>\n<p>\u201e<em>Die Vorstellung, dass japanische Verlage zunehmend verarmen, wenn sie nicht ins Ausland expandieren, ist erb\u00e4rmlich und sollte aufgegeben werden. Jetzt, da es m\u00f6glich ist, Manga im Ausland zu lesen und zu zeichnen, hoffe ich, dass die Manga-Fangemeinde w\u00e4chst. Egal woher sie kommen oder welcher Religion sie angeh\u00f6ren.<\/em>\u201d, sagte Kanai. \u201e<em>Wenn es also um die Frage geht, ob ich Globalisierung f\u00fcr wichtig halte, kann ich sagen, dass es auf diese Weise viel mehr Spa\u00df macht.<\/em>\u201e<\/p>\n<p>Kanai ging im Rahmen der Globalisierung von Manga auch auf das Thema Piraterie ein. Er r\u00e4umte ein, dass es f\u00fcr Fans zwar besser w\u00e4re, keine Raubkopien von Mangas zu lesen, er aber auch verstehe, dass manche Fans m\u00f6glicherweise nicht \u00fcber die finanziellen Mittel verf\u00fcgen, um offizielle Exemplare zu kaufen. <\/p>\n<p>\u201e<em>Aber wenn sie kein Geld haben und es viele Raubkopien gibt, denke ich, dass die Raubkopie vorerst in Ordnung ist,<\/em>\u201c, kommentierte er und f\u00fcgte scherzhaft hinzu, dass die Vorstandsmitglieder von Kodansha ihn f\u00fcr diese Aussage \u201etotschlagen\u201c k\u00f6nnten.<\/p>\n<p>Akira Kanai ist eine prominente Pers\u00f6nlichkeit in der Manga-Branche und derzeit Chefredakteur des Kodansha-Magazins Monthly Afternoon, das f\u00fcr seine ver\u00f6ffentlichten Seinen-Titel bekannt ist.<\/p>\n<p>Kanai begann seine Karriere 1994 bei Kodansha, einem der gr\u00f6\u00dften Verlage Japans. Bevor er zu seiner aktuellen Position als Chefredakteur bef\u00f6rdert wurde, arbeitete er in den Redaktionen des Morning Magazine und des Weekly Shonen Magazine.<\/p>\n<\/p><\/div>\n<p><\/div>","protected":false},"excerpt":{"rendered":"<p>Akira Kanai, ein renommierter Manga-Redakteur, bekannt f\u00fcr seine Arbeiten an der Vinland Saga, Ajin: Demi-Human und Planets, lehnt politische Korrektheit in seinen redaktionellen Entscheidungen entschieden ab. Dies wurde in einem Interview mit Manga Passion deutlich, in dem er nach seinem Ansatz f\u00fcr den internationalen Erfolg des Mangas gefragt wurde. \u201eIch lasse mich nicht \u2026\u201c <a class=\"more-link\" href=\"https:\/\/animangeek.com\/de\/akira-kanai-editor-da-vinland-saga-rejeita-a-ideia-do-politicamente-correto-ocidental-na-narrativa\/\">Weiterlesen <span class=\"screen-reader-text\">Akira Kanai, Herausgeber von Vinland Saga, lehnt die Idee westlicher politischer Korrektheit beim Geschichtenerz\u00e4hlen ab<\/span><\/a><\/p>","protected":false},"author":0,"featured_media":13113,"comment_status":"open","ping_status":"open","sticky":false,"template":"","format":"standard","meta":{"footnotes":""},"categories":[3],"tags":[],"yoast_head":"<!-- This site is optimized with the Yoast SEO plugin v23.3 - https:\/\/yoast.com\/wordpress\/plugins\/seo\/ -->\n<title>Akira Kanai, editor da Vinland Saga, rejeita a ideia do politicamente correto ocidental na narrativa - Animan Geek<\/title>\n<meta name=\"robots\" content=\"index, follow, max-snippet:-1, max-image-preview:large, max-video-preview:-1\" \/>\n<link rel=\"canonical\" href=\"https:\/\/animangeek.com\/de\/akira-kanai-editor-da-vinland-saga-rejeita-a-ideia-do-politicamente-correto-ocidental-na-narrativa\/\" \/>\n<meta property=\"og:locale\" content=\"de_DE\" \/>\n<meta property=\"og:type\" content=\"article\" \/>\n<meta property=\"og:title\" content=\"Akira Kanai, editor da Vinland Saga, rejeita a ideia do politicamente correto ocidental na narrativa - Animan Geek\" \/>\n<meta property=\"og:description\" content=\"Akira Kanai, renomado editor de mang\u00e1 conhecido por seu trabalho em Saga Vinl\u00e2ndia, Ajin: Demi-Humanoe Planetasassumiu uma posi\u00e7\u00e3o firme contra permitir que o politicamente correto influenciasse as suas decis\u00f5es editoriais. Isto foi revelado durante sua entrevista com Manga Passiononde foi questionado sobre sua abordagem para garantir o sucesso internacional do mang\u00e1. \u201cN\u00e3o me permito ser&hellip; Continue reading Akira Kanai, editor da Vinland Saga, rejeita a ideia do politicamente correto ocidental na narrativa\" \/>\n<meta property=\"og:url\" content=\"https:\/\/animangeek.com\/de\/akira-kanai-editor-da-vinland-saga-rejeita-a-ideia-do-politicamente-correto-ocidental-na-narrativa\/\" \/>\n<meta property=\"og:site_name\" content=\"Animan Geek\" \/>\n<meta property=\"article:published_time\" content=\"2024-06-11T13:06:46+00:00\" \/>\n<meta property=\"og:image\" content=\"https:\/\/animangeek.com\/wp-content\/uploads\/sites\/106\/2024\/06\/1718111207_Akira-Kanai-editor-da-Vinland-Saga-rejeita-a-ideia-do.jpg\" \/>\n\t<meta property=\"og:image:width\" content=\"980\" \/>\n\t<meta property=\"og:image:height\" content=\"550\" \/>\n\t<meta property=\"og:image:type\" content=\"image\/jpeg\" \/>\n<meta name=\"twitter:card\" content=\"summary_large_image\" \/>\n<meta name=\"twitter:label1\" content=\"Est. reading time\" \/>\n\t<meta name=\"twitter:data1\" content=\"4 Minuten\" \/>\n<script type=\"application\/ld+json\" class=\"yoast-schema-graph\">{\"@context\":\"https:\/\/schema.org\",\"@graph\":[{\"@type\":\"WebPage\",\"@id\":\"https:\/\/animangeek.com\/akira-kanai-editor-da-vinland-saga-rejeita-a-ideia-do-politicamente-correto-ocidental-na-narrativa\/\",\"url\":\"https:\/\/animangeek.com\/akira-kanai-editor-da-vinland-saga-rejeita-a-ideia-do-politicamente-correto-ocidental-na-narrativa\/\",\"name\":\"Akira Kanai, editor da Vinland Saga, rejeita a ideia do politicamente correto ocidental na narrativa - Animan Geek\",\"isPartOf\":{\"@id\":\"https:\/\/animangeek.com\/#website\"},\"primaryImageOfPage\":{\"@id\":\"https:\/\/animangeek.com\/akira-kanai-editor-da-vinland-saga-rejeita-a-ideia-do-politicamente-correto-ocidental-na-narrativa\/#primaryimage\"},\"image\":{\"@id\":\"https:\/\/animangeek.com\/akira-kanai-editor-da-vinland-saga-rejeita-a-ideia-do-politicamente-correto-ocidental-na-narrativa\/#primaryimage\"},\"thumbnailUrl\":\"https:\/\/animangeek.com\/wp-content\/uploads\/sites\/106\/2024\/06\/1718111207_Akira-Kanai-editor-da-Vinland-Saga-rejeita-a-ideia-do.jpg\",\"datePublished\":\"2024-06-11T13:06:46+00:00\",\"dateModified\":\"2024-06-11T13:06:46+00:00\",\"author\":{\"@id\":\"\"},\"breadcrumb\":{\"@id\":\"https:\/\/animangeek.com\/akira-kanai-editor-da-vinland-saga-rejeita-a-ideia-do-politicamente-correto-ocidental-na-narrativa\/#breadcrumb\"},\"inLanguage\":\"de-DE\",\"potentialAction\":[{\"@type\":\"ReadAction\",\"target\":[\"https:\/\/animangeek.com\/akira-kanai-editor-da-vinland-saga-rejeita-a-ideia-do-politicamente-correto-ocidental-na-narrativa\/\"]}]},{\"@type\":\"ImageObject\",\"inLanguage\":\"de-DE\",\"@id\":\"https:\/\/animangeek.com\/akira-kanai-editor-da-vinland-saga-rejeita-a-ideia-do-politicamente-correto-ocidental-na-narrativa\/#primaryimage\",\"url\":\"https:\/\/animangeek.com\/wp-content\/uploads\/sites\/106\/2024\/06\/1718111207_Akira-Kanai-editor-da-Vinland-Saga-rejeita-a-ideia-do.jpg\",\"contentUrl\":\"https:\/\/animangeek.com\/wp-content\/uploads\/sites\/106\/2024\/06\/1718111207_Akira-Kanai-editor-da-Vinland-Saga-rejeita-a-ideia-do.jpg\",\"width\":980,\"height\":550},{\"@type\":\"BreadcrumbList\",\"@id\":\"https:\/\/animangeek.com\/akira-kanai-editor-da-vinland-saga-rejeita-a-ideia-do-politicamente-correto-ocidental-na-narrativa\/#breadcrumb\",\"itemListElement\":[{\"@type\":\"ListItem\",\"position\":1,\"name\":\"Home\",\"item\":\"https:\/\/animangeek.com\/\"},{\"@type\":\"ListItem\",\"position\":2,\"name\":\"Akira Kanai, editor da Vinland Saga, rejeita a ideia do politicamente correto ocidental na narrativa\"}]},{\"@type\":\"WebSite\",\"@id\":\"https:\/\/animangeek.com\/#website\",\"url\":\"https:\/\/animangeek.com\/\",\"name\":\"Animan Geek\",\"description\":\"\",\"potentialAction\":[{\"@type\":\"SearchAction\",\"target\":{\"@type\":\"EntryPoint\",\"urlTemplate\":\"https:\/\/animangeek.com\/?s={search_term_string}\"},\"query-input\":\"required name=search_term_string\"}],\"inLanguage\":\"de-DE\"}]}<\/script>\n<!-- \/ Yoast SEO plugin. -->","yoast_head_json":{"title":"Akira Kanai, editor da Vinland Saga, rejeita a ideia do politicamente correto ocidental na narrativa - Animan Geek","robots":{"index":"index","follow":"follow","max-snippet":"max-snippet:-1","max-image-preview":"max-image-preview:large","max-video-preview":"max-video-preview:-1"},"canonical":"https:\/\/animangeek.com\/de\/akira-kanai-editor-da-vinland-saga-rejeita-a-ideia-do-politicamente-correto-ocidental-na-narrativa\/","og_locale":"de_DE","og_type":"article","og_title":"Akira Kanai, editor da Vinland Saga, rejeita a ideia do politicamente correto ocidental na narrativa - Animan Geek","og_description":"Akira Kanai, renomado editor de mang\u00e1 conhecido por seu trabalho em Saga Vinl\u00e2ndia, Ajin: Demi-Humanoe Planetasassumiu uma posi\u00e7\u00e3o firme contra permitir que o politicamente correto influenciasse as suas decis\u00f5es editoriais. Isto foi revelado durante sua entrevista com Manga Passiononde foi questionado sobre sua abordagem para garantir o sucesso internacional do mang\u00e1. \u201cN\u00e3o me permito ser&hellip; Continue reading Akira Kanai, editor da Vinland Saga, rejeita a ideia do politicamente correto ocidental na narrativa","og_url":"https:\/\/animangeek.com\/de\/akira-kanai-editor-da-vinland-saga-rejeita-a-ideia-do-politicamente-correto-ocidental-na-narrativa\/","og_site_name":"Animan Geek","article_published_time":"2024-06-11T13:06:46+00:00","og_image":[{"width":980,"height":550,"url":"https:\/\/animangeek.com\/wp-content\/uploads\/sites\/106\/2024\/06\/1718111207_Akira-Kanai-editor-da-Vinland-Saga-rejeita-a-ideia-do.jpg","type":"image\/jpeg"}],"twitter_card":"summary_large_image","twitter_misc":{"Est. reading time":"4 Minuten"},"schema":{"@context":"https:\/\/schema.org","@graph":[{"@type":"WebPage","@id":"https:\/\/animangeek.com\/akira-kanai-editor-da-vinland-saga-rejeita-a-ideia-do-politicamente-correto-ocidental-na-narrativa\/","url":"https:\/\/animangeek.com\/akira-kanai-editor-da-vinland-saga-rejeita-a-ideia-do-politicamente-correto-ocidental-na-narrativa\/","name":"Akira Kanai, editor da Vinland Saga, rejeita a ideia do politicamente correto ocidental na narrativa - Animan Geek","isPartOf":{"@id":"https:\/\/animangeek.com\/#website"},"primaryImageOfPage":{"@id":"https:\/\/animangeek.com\/akira-kanai-editor-da-vinland-saga-rejeita-a-ideia-do-politicamente-correto-ocidental-na-narrativa\/#primaryimage"},"image":{"@id":"https:\/\/animangeek.com\/akira-kanai-editor-da-vinland-saga-rejeita-a-ideia-do-politicamente-correto-ocidental-na-narrativa\/#primaryimage"},"thumbnailUrl":"https:\/\/animangeek.com\/wp-content\/uploads\/sites\/106\/2024\/06\/1718111207_Akira-Kanai-editor-da-Vinland-Saga-rejeita-a-ideia-do.jpg","datePublished":"2024-06-11T13:06:46+00:00","dateModified":"2024-06-11T13:06:46+00:00","author":{"@id":""},"breadcrumb":{"@id":"https:\/\/animangeek.com\/akira-kanai-editor-da-vinland-saga-rejeita-a-ideia-do-politicamente-correto-ocidental-na-narrativa\/#breadcrumb"},"inLanguage":"de-DE","potentialAction":[{"@type":"ReadAction","target":["https:\/\/animangeek.com\/akira-kanai-editor-da-vinland-saga-rejeita-a-ideia-do-politicamente-correto-ocidental-na-narrativa\/"]}]},{"@type":"ImageObject","inLanguage":"de-DE","@id":"https:\/\/animangeek.com\/akira-kanai-editor-da-vinland-saga-rejeita-a-ideia-do-politicamente-correto-ocidental-na-narrativa\/#primaryimage","url":"https:\/\/animangeek.com\/wp-content\/uploads\/sites\/106\/2024\/06\/1718111207_Akira-Kanai-editor-da-Vinland-Saga-rejeita-a-ideia-do.jpg","contentUrl":"https:\/\/animangeek.com\/wp-content\/uploads\/sites\/106\/2024\/06\/1718111207_Akira-Kanai-editor-da-Vinland-Saga-rejeita-a-ideia-do.jpg","width":980,"height":550},{"@type":"BreadcrumbList","@id":"https:\/\/animangeek.com\/akira-kanai-editor-da-vinland-saga-rejeita-a-ideia-do-politicamente-correto-ocidental-na-narrativa\/#breadcrumb","itemListElement":[{"@type":"ListItem","position":1,"name":"Home","item":"https:\/\/animangeek.com\/"},{"@type":"ListItem","position":2,"name":"Akira Kanai, editor da Vinland Saga, rejeita a ideia do politicamente correto ocidental na narrativa"}]},{"@type":"WebSite","@id":"https:\/\/animangeek.com\/#website","url":"https:\/\/animangeek.com\/","name":"Animan Geek","description":"","potentialAction":[{"@type":"SearchAction","target":{"@type":"EntryPoint","urlTemplate":"https:\/\/animangeek.com\/?s={search_term_string}"},"query-input":"required name=search_term_string"}],"inLanguage":"de-DE"}]}},"_links":{"self":[{"href":"https:\/\/animangeek.com\/de\/wp-json\/wp\/v2\/posts\/13112"}],"collection":[{"href":"https:\/\/animangeek.com\/de\/wp-json\/wp\/v2\/posts"}],"about":[{"href":"https:\/\/animangeek.com\/de\/wp-json\/wp\/v2\/types\/post"}],"replies":[{"embeddable":true,"href":"https:\/\/animangeek.com\/de\/wp-json\/wp\/v2\/comments?post=13112"}],"version-history":[{"count":0,"href":"https:\/\/animangeek.com\/de\/wp-json\/wp\/v2\/posts\/13112\/revisions"}],"wp:featuredmedia":[{"embeddable":true,"href":"https:\/\/animangeek.com\/de\/wp-json\/wp\/v2\/media\/13113"}],"wp:attachment":[{"href":"https:\/\/animangeek.com\/de\/wp-json\/wp\/v2\/media?parent=13112"}],"wp:term":[{"taxonomy":"category","embeddable":true,"href":"https:\/\/animangeek.com\/de\/wp-json\/wp\/v2\/categories?post=13112"},{"taxonomy":"post_tag","embeddable":true,"href":"https:\/\/animangeek.com\/de\/wp-json\/wp\/v2\/tags?post=13112"}],"curies":[{"name":"wp","href":"https:\/\/api.w.org\/{rel}","templated":true}]}}