{"id":13116,"date":"2024-06-11T12:21:41","date_gmt":"2024-06-11T15:21:41","guid":{"rendered":"https:\/\/animangeek.com\/as-desamparadas-de-megami-no-cafe-terrace-estao-de-volta\/"},"modified":"2024-06-11T12:21:41","modified_gmt":"2024-06-11T15:21:41","slug":"as-desamparadas-de-megami-no-cafe-terrace-estao-de-volta","status":"publish","type":"post","link":"https:\/\/animangeek.com\/de\/as-desamparadas-de-megami-no-cafe-terrace-estao-de-volta\/","title":{"rendered":"Megamis Waisen im Caf\u00e9 Terrace sind zur\u00fcck!"},"content":{"rendered":"<div class=\"mx-5 sm:mx-0 prose text-left mb-5\"><\/p>\n<div>\n<p>Auf der offiziellen Website der Anime-Adaption des Mangas, geschrieben und illustriert von <strong>Kouji Seo<\/strong>\u201e<strong>Megami im Caf\u00e9 Terrace<\/strong> (<em>Das Terrace Caf\u00e9 und seine G\u00f6ttinnen<\/em>), wurde ein neues Promovideo f\u00fcr die zweite Staffel des Projekts ver\u00f6ffentlicht. Das Video best\u00e4tigt, dass die Premiere in Japan weiterhin f\u00fcr den 4. Juli geplant ist, und listet einen Ausschnitt der musikalischen Themen auf, darunter:<\/p>\n<ul>\n<li><strong>Hikari Kodama<\/strong> wird das Er\u00f6ffnungsthema mit dem Titel \u201eCharge!\u201c spielen, w\u00e4hrend VTuber <strong>Aglio, olio e peperoncino (Aglio, Olio und Peperoncino)<\/strong> wird das Schlussthema mit dem Titel \u201eNacchatta!\u201c spielen.<\/li>\n<\/ul>\n<p><iframe loading=\"lazy\" title=\"TV-Ger\u00e4t, 2-Kanal-TV, 2-Kanal-TV | 7\/4(\u6728)\u653e\u9001\u958b\u59cb\" width=\"500\" height=\"281\" src=\"https:\/\/www.youtube.com\/embed\/7uEB63V5CB8?feature=oembed\" frameborder=\"0\" allow=\"accelerometer; autoplay; clipboard-write; encrypted-media; gyroscope; picture-in-picture; web-share\" referrerpolicy=\"strict-origin-when-cross-origin\" allowfullscreen><\/iframe><\/p>\n<p>Kouji Seo begann, den Manga in der Zeitschrift zu ver\u00f6ffentlichen <strong>W\u00f6chentliches Shonen-Magazin<\/strong> vom Verlag <strong>Kodansha<\/strong> im Februar 2021. Kouji Seo ist auch der Autor anderer popul\u00e4rer Werke, die Anime-Adaptionen inspiriert haben, darunter \u201e<strong>Fuuka<\/strong>\u201c,\u201c<strong>Kimi no Iru Machi<\/strong> (Eine Stadt, in der Sie leben)\u201c und \u201e<strong>Suzuki<\/strong>\u201c, um nur einige zu nennen.<\/p>\n<h3 class=\"wp-block-heading\"><strong>Stimmenbesetzung<\/strong><\/h3>\n<ul>\n<li><strong>Masaaki Mizunaka<\/strong> wie Hayato Kusakabe.<\/li>\n<li><strong>Azumi Waki<\/strong> wie Shiragiku Ono.<\/li>\n<li><strong>Aya Yamane<\/strong> wie Riho Tsukishima.<\/li>\n<li><strong>Sayumi Suzuhiro<\/strong> als Ami Tsuruga<strong>.<\/strong><\/li>\n<li><strong>Asami Seto<\/strong> als Akane Hooji.<\/li>\n<li><strong>Ruriko Aoki<\/strong> als Oka Mazukawa.<\/li>\n<li><strong>Rie Takahashi<\/strong> wie Mao Takasaki.<\/li>\n<li><strong>Ayana Taketatsu<\/strong> als Ririka Chiyoda.<\/li>\n<li><strong>K\u00f6nigin Ueda<\/strong> wie Moemi Souya.<\/li>\n<li><strong>Kana Hanazawa<\/strong> als Hekiru Yoshino.<\/li>\n<li><strong>Yuu Serizawa<\/strong> als Valentina Azuma.<\/li>\n<\/ul>\n<h3 class=\"wp-block-heading\"><strong>Produktionsteam<\/strong><\/h3>\n<ul>\n<li><strong>Satoshi Kuwahara<\/strong> (<em>5-toubun no Hanayome, Isekai Maou bis Shoukan Shoujo no Dorei Majutsu, Kanojo mo Kanojo<\/em>) ist f\u00fcr die Regie des Anime in den Studios verantwortlich <strong>Tezuka Productions<\/strong>.<\/li>\n<li><strong>Keiichirou Oochi<\/strong> (<em>5-toubun no Hanayome, Yahari Ore no Seishun Love Comedy wa Machigatteiru, Kanojo mo Kanojo<\/em>) ist f\u00fcr das Schreiben und die Betreuung der Drehb\u00fccher verantwortlich.<\/li>\n<li><strong>Masatsune Noguchi<\/strong> (<em>Mein h\u00e4uslicher Held, Hakushon Daimaou 2020<\/em>) ist f\u00fcr das Charakterdesign und die Animationsregie verantwortlich.<\/li>\n<li><strong>Miki Sakurai<\/strong> (<em>5-toubun no Hanayome, Kanojo mo Kanojo, Adachi bis Shimamura<\/em>) ist f\u00fcr die Komposition des Soundtracks verantwortlich.<\/li>\n<\/ul>\n<div class=\"wp-block-image\">\n<figure class=\"aligncenter size-full\"><img loading=\"lazy\" decoding=\"async\" width=\"1920\" height=\"1080\" src=\"https:\/\/animangeek.com\/wp-content\/uploads\/2024\/06\/As-desamparadas-de-Megami-no-Cafe-Terrace-estao-de-volta.jpg\" alt=\"\" class=\"wp-image-331178\"  \/><\/figure>\n<\/div>\n<h3 class=\"wp-block-heading\"><strong>Inhaltsangabe von \u201eMegami at the Caf\u00e9 Terrace\u201c<\/strong><\/h3>\n<p><em>Nach dem Tod seiner Gro\u00dfmutter Sachiko kehrt Hayato Kasukabe aus Tokio zur\u00fcck und erbt ihr Caf\u00e9, das Family Caf\u00e9 Terrace. Sein Ziel ist es, die Cafeteria abzurei\u00dfen und in einen Parkplatz umzuwandeln, doch er erf\u00e4hrt, dass seine Gro\u00dfmutter vor ihrem Tod f\u00fcnf M\u00e4dchen aufgenommen hat. Die M\u00e4dchen \u2013 Ouka Makuzawa, Akane Hououji, Riho Tsukishima, Shiragiku Ono und Ami Tsuruga \u2013 hatten offensichtlich eine tiefe Bindung zu Sachiko und weigern sich nat\u00fcrlich, ihren Heimatort zu verlassen.<\/em><\/p>\n<p><em>Sie \u00fcberzeugen Hayato, seine Meinung zu \u00e4ndern, wenn auch widerwillig. Bei dieser Begegnung erinnert sich Hayato an seine Vergangenheit mit seiner Gro\u00dfmutter und an seine Liebe zum Kaffee. Entschlossen, das Erbe seiner Gro\u00dfmutter fortzuf\u00fchren, rekrutiert Hayato die M\u00e4dchen als \u201eG\u00f6ttinnen\u201c, um den Erhalt dieses kostbaren Wohnsitzes zu gew\u00e4hrleisten.<\/em><\/p>\n<p>Quelle: <strong><a rel=\"nofollow noopener\" target=\"_blank\" href=\"https:\/\/natalie.mu\/comic\/news\/577271\">Natalie in Comics<\/a><\/strong><\/p>\n<p>\u00a9\u702c\u5c3e\u516c\u6cbb\u30fb\u8b1b\u8ac7\u793e\uff0f\u300c\u5973\u795e\u306e\u30ab\u30d5\u30a7\u30c6\u30e9\u30b9\u300d\u88fd\u4f5c\u59d4\u54e1\u4f1a\u30fbMBS<\/p>\n<\/div>\n<p><\/div>","protected":false},"excerpt":{"rendered":"<p>Auf der offiziellen Website der Anime-Adaption von Kouji Seos Manga \u201eMegami no Caf\u00e9 Terrace (The Caf\u00e9 Terrace and Its Goddesses)\u201c wurde ein neues Werbevideo f\u00fcr die zweite Staffel ver\u00f6ffentlicht. Das Video best\u00e4tigt, dass die Premiere in Japan weiterhin f\u00fcr den 4. Juli geplant ist und nennt eine\u2026 <a class=\"more-link\" href=\"https:\/\/animangeek.com\/de\/as-desamparadas-de-megami-no-cafe-terrace-estao-de-volta\/\">Weiterlesen <span class=\"screen-reader-text\">Megamis Waisen im Caf\u00e9 Terrace sind zur\u00fcck!<\/span><\/a><\/p>","protected":false},"author":0,"featured_media":13118,"comment_status":"open","ping_status":"open","sticky":false,"template":"","format":"standard","meta":{"footnotes":""},"categories":[3],"tags":[842,976,1553,1555],"yoast_head":"<!-- This site is optimized with the Yoast SEO plugin v23.3 - https:\/\/yoast.com\/wordpress\/plugins\/seo\/ -->\n<title>As desamparadas de Megami no Caf\u00e9 Terrace est\u00e3o de volta - Animan Geek<\/title>\n<meta name=\"robots\" content=\"index, follow, max-snippet:-1, max-image-preview:large, max-video-preview:-1\" \/>\n<link rel=\"canonical\" href=\"https:\/\/animangeek.com\/de\/as-desamparadas-de-megami-no-cafe-terrace-estao-de-volta\/\" \/>\n<meta property=\"og:locale\" content=\"de_DE\" \/>\n<meta property=\"og:type\" content=\"article\" \/>\n<meta property=\"og:title\" content=\"As desamparadas de Megami no Caf\u00e9 Terrace est\u00e3o de volta - Animan Geek\" \/>\n<meta property=\"og:description\" content=\"No site oficial da adapta\u00e7\u00e3o para anime do mang\u00e1 escrito e ilustrado por Kouji Seo\u201cMegami no Caf\u00e9 Terra\u00e7o (O Caf\u00e9 Terrace e suas Deusas)\u201d, foi revelado um novo v\u00eddeo promocional da segunda temporada do projeto. O v\u00eddeo confirma que a estreia continua marcada para o pr\u00f3ximo dia 4 de julho no Jap\u00e3o, e lista um&hellip; Continue reading As desamparadas de Megami no Caf\u00e9 Terrace est\u00e3o de volta\" \/>\n<meta property=\"og:url\" content=\"https:\/\/animangeek.com\/de\/as-desamparadas-de-megami-no-cafe-terrace-estao-de-volta\/\" \/>\n<meta property=\"og:site_name\" content=\"Animan Geek\" \/>\n<meta property=\"article:published_time\" content=\"2024-06-11T15:21:41+00:00\" \/>\n<meta property=\"og:image\" content=\"https:\/\/animangeek.com\/wp-content\/uploads\/sites\/106\/2024\/06\/1718119302_As-desamparadas-de-Megami-no-Cafe-Terrace-estao-de-volta.jpg\" \/>\n\t<meta property=\"og:image:width\" content=\"1920\" \/>\n\t<meta property=\"og:image:height\" content=\"1080\" \/>\n\t<meta property=\"og:image:type\" content=\"image\/jpeg\" \/>\n<meta name=\"twitter:card\" content=\"summary_large_image\" \/>\n<meta name=\"twitter:label1\" content=\"Est. reading time\" \/>\n\t<meta name=\"twitter:data1\" content=\"2 Minuten\" \/>\n<script type=\"application\/ld+json\" class=\"yoast-schema-graph\">{\"@context\":\"https:\/\/schema.org\",\"@graph\":[{\"@type\":\"WebPage\",\"@id\":\"https:\/\/animangeek.com\/as-desamparadas-de-megami-no-cafe-terrace-estao-de-volta\/\",\"url\":\"https:\/\/animangeek.com\/as-desamparadas-de-megami-no-cafe-terrace-estao-de-volta\/\",\"name\":\"As desamparadas de Megami no Caf\u00e9 Terrace est\u00e3o de volta - Animan Geek\",\"isPartOf\":{\"@id\":\"https:\/\/animangeek.com\/#website\"},\"primaryImageOfPage\":{\"@id\":\"https:\/\/animangeek.com\/as-desamparadas-de-megami-no-cafe-terrace-estao-de-volta\/#primaryimage\"},\"image\":{\"@id\":\"https:\/\/animangeek.com\/as-desamparadas-de-megami-no-cafe-terrace-estao-de-volta\/#primaryimage\"},\"thumbnailUrl\":\"https:\/\/animangeek.com\/wp-content\/uploads\/sites\/106\/2024\/06\/1718119302_As-desamparadas-de-Megami-no-Cafe-Terrace-estao-de-volta.jpg\",\"datePublished\":\"2024-06-11T15:21:41+00:00\",\"dateModified\":\"2024-06-11T15:21:41+00:00\",\"author\":{\"@id\":\"\"},\"breadcrumb\":{\"@id\":\"https:\/\/animangeek.com\/as-desamparadas-de-megami-no-cafe-terrace-estao-de-volta\/#breadcrumb\"},\"inLanguage\":\"de-DE\",\"potentialAction\":[{\"@type\":\"ReadAction\",\"target\":[\"https:\/\/animangeek.com\/as-desamparadas-de-megami-no-cafe-terrace-estao-de-volta\/\"]}]},{\"@type\":\"ImageObject\",\"inLanguage\":\"de-DE\",\"@id\":\"https:\/\/animangeek.com\/as-desamparadas-de-megami-no-cafe-terrace-estao-de-volta\/#primaryimage\",\"url\":\"https:\/\/animangeek.com\/wp-content\/uploads\/sites\/106\/2024\/06\/1718119302_As-desamparadas-de-Megami-no-Cafe-Terrace-estao-de-volta.jpg\",\"contentUrl\":\"https:\/\/animangeek.com\/wp-content\/uploads\/sites\/106\/2024\/06\/1718119302_As-desamparadas-de-Megami-no-Cafe-Terrace-estao-de-volta.jpg\",\"width\":1920,\"height\":1080},{\"@type\":\"BreadcrumbList\",\"@id\":\"https:\/\/animangeek.com\/as-desamparadas-de-megami-no-cafe-terrace-estao-de-volta\/#breadcrumb\",\"itemListElement\":[{\"@type\":\"ListItem\",\"position\":1,\"name\":\"Home\",\"item\":\"https:\/\/animangeek.com\/\"},{\"@type\":\"ListItem\",\"position\":2,\"name\":\"As desamparadas de Megami no Caf\u00e9 Terrace est\u00e3o de volta\"}]},{\"@type\":\"WebSite\",\"@id\":\"https:\/\/animangeek.com\/#website\",\"url\":\"https:\/\/animangeek.com\/\",\"name\":\"Animan Geek\",\"description\":\"\",\"potentialAction\":[{\"@type\":\"SearchAction\",\"target\":{\"@type\":\"EntryPoint\",\"urlTemplate\":\"https:\/\/animangeek.com\/?s={search_term_string}\"},\"query-input\":\"required name=search_term_string\"}],\"inLanguage\":\"de-DE\"}]}<\/script>\n<!-- \/ Yoast SEO plugin. -->","yoast_head_json":{"title":"As desamparadas de Megami no Caf\u00e9 Terrace est\u00e3o de volta - Animan Geek","robots":{"index":"index","follow":"follow","max-snippet":"max-snippet:-1","max-image-preview":"max-image-preview:large","max-video-preview":"max-video-preview:-1"},"canonical":"https:\/\/animangeek.com\/de\/as-desamparadas-de-megami-no-cafe-terrace-estao-de-volta\/","og_locale":"de_DE","og_type":"article","og_title":"As desamparadas de Megami no Caf\u00e9 Terrace est\u00e3o de volta - Animan Geek","og_description":"No site oficial da adapta\u00e7\u00e3o para anime do mang\u00e1 escrito e ilustrado por Kouji Seo\u201cMegami no Caf\u00e9 Terra\u00e7o (O Caf\u00e9 Terrace e suas Deusas)\u201d, foi revelado um novo v\u00eddeo promocional da segunda temporada do projeto. O v\u00eddeo confirma que a estreia continua marcada para o pr\u00f3ximo dia 4 de julho no Jap\u00e3o, e lista um&hellip; Continue reading As desamparadas de Megami no Caf\u00e9 Terrace est\u00e3o de volta","og_url":"https:\/\/animangeek.com\/de\/as-desamparadas-de-megami-no-cafe-terrace-estao-de-volta\/","og_site_name":"Animan Geek","article_published_time":"2024-06-11T15:21:41+00:00","og_image":[{"width":1920,"height":1080,"url":"https:\/\/animangeek.com\/wp-content\/uploads\/sites\/106\/2024\/06\/1718119302_As-desamparadas-de-Megami-no-Cafe-Terrace-estao-de-volta.jpg","type":"image\/jpeg"}],"twitter_card":"summary_large_image","twitter_misc":{"Est. reading time":"2 Minuten"},"schema":{"@context":"https:\/\/schema.org","@graph":[{"@type":"WebPage","@id":"https:\/\/animangeek.com\/as-desamparadas-de-megami-no-cafe-terrace-estao-de-volta\/","url":"https:\/\/animangeek.com\/as-desamparadas-de-megami-no-cafe-terrace-estao-de-volta\/","name":"As desamparadas de Megami no Caf\u00e9 Terrace est\u00e3o de volta - Animan Geek","isPartOf":{"@id":"https:\/\/animangeek.com\/#website"},"primaryImageOfPage":{"@id":"https:\/\/animangeek.com\/as-desamparadas-de-megami-no-cafe-terrace-estao-de-volta\/#primaryimage"},"image":{"@id":"https:\/\/animangeek.com\/as-desamparadas-de-megami-no-cafe-terrace-estao-de-volta\/#primaryimage"},"thumbnailUrl":"https:\/\/animangeek.com\/wp-content\/uploads\/sites\/106\/2024\/06\/1718119302_As-desamparadas-de-Megami-no-Cafe-Terrace-estao-de-volta.jpg","datePublished":"2024-06-11T15:21:41+00:00","dateModified":"2024-06-11T15:21:41+00:00","author":{"@id":""},"breadcrumb":{"@id":"https:\/\/animangeek.com\/as-desamparadas-de-megami-no-cafe-terrace-estao-de-volta\/#breadcrumb"},"inLanguage":"de-DE","potentialAction":[{"@type":"ReadAction","target":["https:\/\/animangeek.com\/as-desamparadas-de-megami-no-cafe-terrace-estao-de-volta\/"]}]},{"@type":"ImageObject","inLanguage":"de-DE","@id":"https:\/\/animangeek.com\/as-desamparadas-de-megami-no-cafe-terrace-estao-de-volta\/#primaryimage","url":"https:\/\/animangeek.com\/wp-content\/uploads\/sites\/106\/2024\/06\/1718119302_As-desamparadas-de-Megami-no-Cafe-Terrace-estao-de-volta.jpg","contentUrl":"https:\/\/animangeek.com\/wp-content\/uploads\/sites\/106\/2024\/06\/1718119302_As-desamparadas-de-Megami-no-Cafe-Terrace-estao-de-volta.jpg","width":1920,"height":1080},{"@type":"BreadcrumbList","@id":"https:\/\/animangeek.com\/as-desamparadas-de-megami-no-cafe-terrace-estao-de-volta\/#breadcrumb","itemListElement":[{"@type":"ListItem","position":1,"name":"Home","item":"https:\/\/animangeek.com\/"},{"@type":"ListItem","position":2,"name":"As desamparadas de Megami no Caf\u00e9 Terrace est\u00e3o de volta"}]},{"@type":"WebSite","@id":"https:\/\/animangeek.com\/#website","url":"https:\/\/animangeek.com\/","name":"Animan Geek","description":"","potentialAction":[{"@type":"SearchAction","target":{"@type":"EntryPoint","urlTemplate":"https:\/\/animangeek.com\/?s={search_term_string}"},"query-input":"required name=search_term_string"}],"inLanguage":"de-DE"}]}},"_links":{"self":[{"href":"https:\/\/animangeek.com\/de\/wp-json\/wp\/v2\/posts\/13116"}],"collection":[{"href":"https:\/\/animangeek.com\/de\/wp-json\/wp\/v2\/posts"}],"about":[{"href":"https:\/\/animangeek.com\/de\/wp-json\/wp\/v2\/types\/post"}],"replies":[{"embeddable":true,"href":"https:\/\/animangeek.com\/de\/wp-json\/wp\/v2\/comments?post=13116"}],"version-history":[{"count":0,"href":"https:\/\/animangeek.com\/de\/wp-json\/wp\/v2\/posts\/13116\/revisions"}],"wp:featuredmedia":[{"embeddable":true,"href":"https:\/\/animangeek.com\/de\/wp-json\/wp\/v2\/media\/13118"}],"wp:attachment":[{"href":"https:\/\/animangeek.com\/de\/wp-json\/wp\/v2\/media?parent=13116"}],"wp:term":[{"taxonomy":"category","embeddable":true,"href":"https:\/\/animangeek.com\/de\/wp-json\/wp\/v2\/categories?post=13116"},{"taxonomy":"post_tag","embeddable":true,"href":"https:\/\/animangeek.com\/de\/wp-json\/wp\/v2\/tags?post=13116"}],"curies":[{"name":"wp","href":"https:\/\/api.w.org\/{rel}","templated":true}]}}