{"id":13130,"date":"2024-06-11T16:20:59","date_gmt":"2024-06-11T19:20:59","guid":{"rendered":"https:\/\/animangeek.com\/um-fa-de-seiyuus-que-virou-assassino\/"},"modified":"2024-06-11T16:20:59","modified_gmt":"2024-06-11T19:20:59","slug":"um-fa-de-seiyuus-que-virou-assassino","status":"publish","type":"post","link":"https:\/\/animangeek.com\/de\/um-fa-de-seiyuus-que-virou-assassino\/","title":{"rendered":"Ein Seiyuu-Fan wurde zum Attent\u00e4ter"},"content":{"rendered":"<div class=\"mx-5 sm:mx-0 prose text-left mb-5\"><\/p>\n<div>\n<p>Ein Mann, der wegen Mordes an seinem Bew\u00e4hrungshelfer in der Stadt Otsu in der Pr\u00e4fektur Shiga festgenommen wurde, ver\u00f6ffentlichte im vergangenen Monat in den sozialen Medien Beitr\u00e4ge, die als Ausdruck der Unzufriedenheit mit seiner Bew\u00e4hrung interpretiert werden k\u00f6nnten, hei\u00dft es in Polizeiquellen. <strong>Auf Twitter wurden mehrere Posts gefunden, die das Bew\u00e4hrungssystem kritisierten. Sie stammten von einem Account, der vermutlich dem Verd\u00e4chtigen Kohei Iizuka geh\u00f6rt.<\/strong><\/p>\n<div class=\"wp-block-image\">\n<figure class=\"aligncenter size-full\"><img loading=\"lazy\" decoding=\"async\" width=\"1024\" height=\"576\" src=\"http:\/\/animangeek.com\/wp-content\/uploads\/sites\/106\/2024\/06\/Um-fa-de-seiyuus-que-virou-assassino.png\" alt=\"Seiyuus\" class=\"wp-image-331219\"  \/><\/figure>\n<\/div>\n<p><strong>Die Polizei der Pr\u00e4fektur Shiga geht davon aus, dass der 35-j\u00e4hrige Iizuka m\u00f6glicherweise einen vors\u00e4tzlichen Angriff auf den 60-j\u00e4hrigen Hiroshi Shinjo ver\u00fcbt hat, weil er mit seiner Bew\u00e4hrung unzufrieden war.<\/strong> Iizuka stand unter Shinjos Aufsicht, nachdem er wegen des Raubes eines Supermarkts zu einer Bew\u00e4hrungsstrafe verurteilt worden war. <strong>Er wurde am Wochenende festgenommen, weil er Shinjo mehr als zehnmal mit einem Messer in den Oberk\u00f6rper gestochen haben soll.<\/strong> im Haus des Bew\u00e4hrungshelfers zwischen 19:00 Uhr am 24. Mai und ca. 16:00 Uhr am 26. Mai. <strong>Iizuka bestritt die Vorw\u00fcrfe.<\/strong><\/p>\n<p>Shinjo hatte f\u00fcr den 24. Mai um 19 Uhr ein Treffen mit Iizuka bei ihm zu Hause vereinbart. <strong>Iizuka wurde von der Gegensprechkamera an Shinjos T\u00fcr und von nahegelegenen \u00dcberwachungskameras dabei gefilmt, wie er etwa zur gleichen Zeit auf Shinjos Haus zuging. <\/strong>Weitere Untersuchungen ergaben, dass Iizuka Shinjos Haus weniger als eine halbe Stunde nach seiner Ankunft verlie\u00df. <strong>Als Shinjos Leiche am 26. Mai entdeckt wurde, brannte im Wohnzimmer noch Licht, was darauf schlie\u00dfen lie\u00df, dass er Besuch erwartete. <\/strong>Die Polizei entdeckte au\u00dferdem Spuren eines Besuchers in Shinjos Haus. Sie geht davon aus, dass Iizuka Shinjo w\u00e4hrend des Treffens get\u00f6tet hat und setzt ihre Ermittlungen fort.<\/p>\n<p>Als Reaktion auf den Mordfall <strong>Das Justizministerium hat am Montag eine landesweite Mitteilung an alle Bew\u00e4hrungshilfestellen herausgegeben und eine gr\u00fcndliche \u00dcberpr\u00fcfung gefordert, um sicherzustellen, dass es keine Probleme zwischen den Bew\u00e4hrungshelfern und den ihnen unterstellten Personen gibt.<\/strong>um die Sicherheit der Bew\u00e4hrungshelfer zu gew\u00e4hrleisten. Die Mitteilung weist die Mitarbeiter an, zu \u00fcberpr\u00fcfen, ob Bew\u00e4hrungshelfer Bemerkungen gemacht haben, die auf Vergeltungsma\u00dfnahmen hindeuten, und etwaige Bedenken der Bew\u00e4hrungshelfer in telefonischen oder pers\u00f6nlichen Beratungen zu kl\u00e4ren.<\/p>\n<p>Auf einer Pressekonferenz am Dienstag sagte Justizminister Ryuji Koizumi, es sei wichtig, ein Umfeld zu schaffen, in dem Sozialarbeiter reibungslos arbeiten k\u00f6nnten. <strong>&#8220;<em>Ich glaube, alle Bew\u00e4hrungshelfer in Japan sind besorgt.<\/em>&#8220;<\/strong>sagte er. <strong>&#8220;<em>Zun\u00e4chst einmal werden wir stark auf die Gef\u00fchle der Sozialhilfemitarbeiter eingehen.<\/em>.&#8221;<\/strong><\/p>\n<div class=\"wp-block-image\">\n<figure class=\"aligncenter size-full is-resized\"><img loading=\"lazy\" decoding=\"async\" width=\"1024\" height=\"576\" src=\"https:\/\/animangeek.com\/wp-content\/uploads\/2024\/06\/1718133659_592_Um-fa-de-seiyuus-que-virou-assassino.png\" alt=\"\" class=\"wp-image-331220\" style=\"width:840px;height:auto\"  \/><\/figure>\n<\/div>\n<p>Iizukas Twitter-Account wurde im Februar 2022 erstellt. <strong>Bis April dieses Jahres hatte er etwa 25.000 Beitr\u00e4ge verfasst und Anfang dieses Monats hatte der Account \u00fcber 400 Follower.<\/strong><\/p>\n<p><strong>Anfangs konzentrierten sich seine Beitr\u00e4ge auf Themen im Zusammenhang mit beliebten Seiyuus.<\/strong>Doch nach und nach kamen Beschwerden \u00fcber das Arbeitsumfeld auf. Kommentare wie <strong>&#8220;<em>Ich habe derzeit genug von komplizierten Arbeitsbeziehungen.<\/em>&#8220;<\/strong> Und <strong>&#8220;<em>Niemand will diese Art von Arbeit machen<\/em>&#8220;<\/strong> wurde \u00fcblich. Er postete auch, dass er seinen Job gek\u00fcndigt und mehrmals den Job gewechselt habe.<\/p>\n<p>Ab August 2022 nahm die Kritik an Polizei und Justiz zu. Aussagen wie <strong>&#8220;<em>Die Polizei unterdr\u00fcckt die B\u00fcrger<\/em>&#8220;<\/strong> Und <strong>&#8220;<em>Prozesse sind nichts weiter als eine Farce mit einem vorherbestimmten Schuldspruch<\/em>&#8220;<\/strong> wurde h\u00e4ufig.<\/p>\n<p>Im Sommer 2023 nahmen extreme Posts im Zusammenhang mit dem Interesse an dem Attentat zu. Im August postete er: <strong>&#8220;<em>Die Welt ist verr\u00fcckt, wenn ein gew\u00f6hnlicher B\u00fcrger wegen Mordes zum Tode verurteilt werden kann<\/em>&#8220;<\/strong> Und <strong>&#8220;<em>Ich hoffe, die Freiheit vom Mord wiederzuerlangen (Zerst\u00f6rung der Macht, Leugnung des Mordes durch die Macht).<\/em>&#8220;<\/strong>Im Dezember desselben Jahres schrieb er: <strong>&#8220;<em>Ich fantasiere vom T\u00f6ten, ich habe den Plan bereits.<\/em>&#8220;<\/strong>.<\/p>\n<p>In dieser Zeit \u00e4u\u00dferte er auch seine Unzufriedenheit mit seinem Arbeitsplatz und der Gesellschaft im Allgemeinen. Im Oktober letzten Jahres postete er: <strong>&#8220;<em>Diese Gesellschaft ist nicht menschenw\u00fcrdig<\/em>&#8220;<\/strong> und zwischen November und Dezember schrieb er: <strong>&#8220;<em>Bew\u00e4hrung ist nutzlos<\/em>&#8220;<\/strong> Und <strong>&#8220;<em>Das Wort \u201eSchutz\u201c ist ein gef\u00e4hrliches Wort<\/em>&#8220;<\/strong>. Es gab weiterhin kritische Posts \u00fcber die Polizei. <strong>Der letzte Beitrag war am 5. April, nachdem ich auf einen Beitrag eines beliebten Synchronsprechers geantwortet hatte, dem ich folgte, und dann aufgeh\u00f6rt hatte.<\/strong><\/p>\n<p>Quelle: <strong><a rel=\"nofollow noopener\" target=\"_blank\" href=\"http:\/\/yaraon-blog.com\/archives\/259148\">Yaraon!<\/a><\/strong><\/p>\n<p style=\"font-size:1px\">\n<\/div>\n<p><\/div>","protected":false},"excerpt":{"rendered":"<p>Ein Mann, der wegen Mordes an seinem Bew\u00e4hrungshelfer in Otsu, Pr\u00e4fektur Shiga, festgenommen wurde, ver\u00f6ffentlichte im vergangenen Monat in den sozialen Medien Beitr\u00e4ge, die als Ausdruck seiner Unzufriedenheit mit seiner Bew\u00e4hrung interpretiert werden k\u00f6nnten, so Polizeiquellen. Auf Twitter wurden mehrere Posts gefunden, die das Bew\u00e4hrungssystem kritisierten. <a class=\"more-link\" href=\"https:\/\/animangeek.com\/de\/um-fa-de-seiyuus-que-virou-assassino\/\">Weiterlesen <span class=\"screen-reader-text\">Ein Seiyuu-Fan wurde zum Attent\u00e4ter<\/span><\/a><\/p>","protected":false},"author":0,"featured_media":13131,"comment_status":"open","ping_status":"open","sticky":false,"template":"","format":"standard","meta":{"footnotes":""},"categories":[5],"tags":[1404],"yoast_head":"<!-- This site is optimized with the Yoast SEO plugin v23.3 - https:\/\/yoast.com\/wordpress\/plugins\/seo\/ -->\n<title>Um f\u00e3 de seiyuus que virou assassino - Animan Geek<\/title>\n<meta name=\"robots\" content=\"index, follow, max-snippet:-1, max-image-preview:large, max-video-preview:-1\" \/>\n<link rel=\"canonical\" href=\"https:\/\/animangeek.com\/de\/um-fa-de-seiyuus-que-virou-assassino\/\" \/>\n<meta property=\"og:locale\" content=\"de_DE\" \/>\n<meta property=\"og:type\" content=\"article\" \/>\n<meta property=\"og:title\" content=\"Um f\u00e3 de seiyuus que virou assassino - Animan Geek\" \/>\n<meta property=\"og:description\" content=\"Um homem preso pelo assassinato de seu oficial de liberdade condicional na cidade de Otsu, prov\u00edncia de Shiga, fez postagens nas m\u00eddias sociais no m\u00eas passado que poderiam ser interpretadas como express\u00f5es de insatisfa\u00e7\u00e3o com sua liberdade condicional, de acordo com fontes policiais. V\u00e1rias postagens criticando o sistema de liberdade condicional foram encontradas no Twitter,&hellip; Continue reading Um f\u00e3 de seiyuus que virou assassino\" \/>\n<meta property=\"og:url\" content=\"https:\/\/animangeek.com\/de\/um-fa-de-seiyuus-que-virou-assassino\/\" \/>\n<meta property=\"og:site_name\" content=\"Animan Geek\" \/>\n<meta property=\"article:published_time\" content=\"2024-06-11T19:20:59+00:00\" \/>\n<meta property=\"og:image\" content=\"https:\/\/animangeek.com\/wp-content\/uploads\/sites\/106\/2024\/06\/Um-fa-de-seiyuus-que-virou-assassino.jpg\" \/>\n\t<meta property=\"og:image:width\" content=\"1920\" \/>\n\t<meta property=\"og:image:height\" content=\"1080\" \/>\n\t<meta property=\"og:image:type\" content=\"image\/jpeg\" \/>\n<meta name=\"twitter:card\" content=\"summary_large_image\" \/>\n<meta name=\"twitter:label1\" content=\"Est. reading time\" \/>\n\t<meta name=\"twitter:data1\" content=\"4 Minuten\" \/>\n<script type=\"application\/ld+json\" class=\"yoast-schema-graph\">{\"@context\":\"https:\/\/schema.org\",\"@graph\":[{\"@type\":\"WebPage\",\"@id\":\"https:\/\/animangeek.com\/um-fa-de-seiyuus-que-virou-assassino\/\",\"url\":\"https:\/\/animangeek.com\/um-fa-de-seiyuus-que-virou-assassino\/\",\"name\":\"Um f\u00e3 de seiyuus que virou assassino - Animan Geek\",\"isPartOf\":{\"@id\":\"https:\/\/animangeek.com\/#website\"},\"primaryImageOfPage\":{\"@id\":\"https:\/\/animangeek.com\/um-fa-de-seiyuus-que-virou-assassino\/#primaryimage\"},\"image\":{\"@id\":\"https:\/\/animangeek.com\/um-fa-de-seiyuus-que-virou-assassino\/#primaryimage\"},\"thumbnailUrl\":\"https:\/\/animangeek.com\/wp-content\/uploads\/sites\/106\/2024\/06\/Um-fa-de-seiyuus-que-virou-assassino.jpg\",\"datePublished\":\"2024-06-11T19:20:59+00:00\",\"dateModified\":\"2024-06-11T19:20:59+00:00\",\"author\":{\"@id\":\"\"},\"breadcrumb\":{\"@id\":\"https:\/\/animangeek.com\/um-fa-de-seiyuus-que-virou-assassino\/#breadcrumb\"},\"inLanguage\":\"de-DE\",\"potentialAction\":[{\"@type\":\"ReadAction\",\"target\":[\"https:\/\/animangeek.com\/um-fa-de-seiyuus-que-virou-assassino\/\"]}]},{\"@type\":\"ImageObject\",\"inLanguage\":\"de-DE\",\"@id\":\"https:\/\/animangeek.com\/um-fa-de-seiyuus-que-virou-assassino\/#primaryimage\",\"url\":\"https:\/\/animangeek.com\/wp-content\/uploads\/sites\/106\/2024\/06\/Um-fa-de-seiyuus-que-virou-assassino.jpg\",\"contentUrl\":\"https:\/\/animangeek.com\/wp-content\/uploads\/sites\/106\/2024\/06\/Um-fa-de-seiyuus-que-virou-assassino.jpg\",\"width\":1920,\"height\":1080},{\"@type\":\"BreadcrumbList\",\"@id\":\"https:\/\/animangeek.com\/um-fa-de-seiyuus-que-virou-assassino\/#breadcrumb\",\"itemListElement\":[{\"@type\":\"ListItem\",\"position\":1,\"name\":\"Home\",\"item\":\"https:\/\/animangeek.com\/\"},{\"@type\":\"ListItem\",\"position\":2,\"name\":\"Um f\u00e3 de seiyuus que virou assassino\"}]},{\"@type\":\"WebSite\",\"@id\":\"https:\/\/animangeek.com\/#website\",\"url\":\"https:\/\/animangeek.com\/\",\"name\":\"Animan Geek\",\"description\":\"\",\"potentialAction\":[{\"@type\":\"SearchAction\",\"target\":{\"@type\":\"EntryPoint\",\"urlTemplate\":\"https:\/\/animangeek.com\/?s={search_term_string}\"},\"query-input\":\"required name=search_term_string\"}],\"inLanguage\":\"de-DE\"}]}<\/script>\n<!-- \/ Yoast SEO plugin. -->","yoast_head_json":{"title":"Um f\u00e3 de seiyuus que virou assassino - Animan Geek","robots":{"index":"index","follow":"follow","max-snippet":"max-snippet:-1","max-image-preview":"max-image-preview:large","max-video-preview":"max-video-preview:-1"},"canonical":"https:\/\/animangeek.com\/de\/um-fa-de-seiyuus-que-virou-assassino\/","og_locale":"de_DE","og_type":"article","og_title":"Um f\u00e3 de seiyuus que virou assassino - Animan Geek","og_description":"Um homem preso pelo assassinato de seu oficial de liberdade condicional na cidade de Otsu, prov\u00edncia de Shiga, fez postagens nas m\u00eddias sociais no m\u00eas passado que poderiam ser interpretadas como express\u00f5es de insatisfa\u00e7\u00e3o com sua liberdade condicional, de acordo com fontes policiais. V\u00e1rias postagens criticando o sistema de liberdade condicional foram encontradas no Twitter,&hellip; Continue reading Um f\u00e3 de seiyuus que virou assassino","og_url":"https:\/\/animangeek.com\/de\/um-fa-de-seiyuus-que-virou-assassino\/","og_site_name":"Animan Geek","article_published_time":"2024-06-11T19:20:59+00:00","og_image":[{"width":1920,"height":1080,"url":"https:\/\/animangeek.com\/wp-content\/uploads\/sites\/106\/2024\/06\/Um-fa-de-seiyuus-que-virou-assassino.jpg","type":"image\/jpeg"}],"twitter_card":"summary_large_image","twitter_misc":{"Est. reading time":"4 Minuten"},"schema":{"@context":"https:\/\/schema.org","@graph":[{"@type":"WebPage","@id":"https:\/\/animangeek.com\/um-fa-de-seiyuus-que-virou-assassino\/","url":"https:\/\/animangeek.com\/um-fa-de-seiyuus-que-virou-assassino\/","name":"Um f\u00e3 de seiyuus que virou assassino - Animan Geek","isPartOf":{"@id":"https:\/\/animangeek.com\/#website"},"primaryImageOfPage":{"@id":"https:\/\/animangeek.com\/um-fa-de-seiyuus-que-virou-assassino\/#primaryimage"},"image":{"@id":"https:\/\/animangeek.com\/um-fa-de-seiyuus-que-virou-assassino\/#primaryimage"},"thumbnailUrl":"https:\/\/animangeek.com\/wp-content\/uploads\/sites\/106\/2024\/06\/Um-fa-de-seiyuus-que-virou-assassino.jpg","datePublished":"2024-06-11T19:20:59+00:00","dateModified":"2024-06-11T19:20:59+00:00","author":{"@id":""},"breadcrumb":{"@id":"https:\/\/animangeek.com\/um-fa-de-seiyuus-que-virou-assassino\/#breadcrumb"},"inLanguage":"de-DE","potentialAction":[{"@type":"ReadAction","target":["https:\/\/animangeek.com\/um-fa-de-seiyuus-que-virou-assassino\/"]}]},{"@type":"ImageObject","inLanguage":"de-DE","@id":"https:\/\/animangeek.com\/um-fa-de-seiyuus-que-virou-assassino\/#primaryimage","url":"https:\/\/animangeek.com\/wp-content\/uploads\/sites\/106\/2024\/06\/Um-fa-de-seiyuus-que-virou-assassino.jpg","contentUrl":"https:\/\/animangeek.com\/wp-content\/uploads\/sites\/106\/2024\/06\/Um-fa-de-seiyuus-que-virou-assassino.jpg","width":1920,"height":1080},{"@type":"BreadcrumbList","@id":"https:\/\/animangeek.com\/um-fa-de-seiyuus-que-virou-assassino\/#breadcrumb","itemListElement":[{"@type":"ListItem","position":1,"name":"Home","item":"https:\/\/animangeek.com\/"},{"@type":"ListItem","position":2,"name":"Um f\u00e3 de seiyuus que virou assassino"}]},{"@type":"WebSite","@id":"https:\/\/animangeek.com\/#website","url":"https:\/\/animangeek.com\/","name":"Animan Geek","description":"","potentialAction":[{"@type":"SearchAction","target":{"@type":"EntryPoint","urlTemplate":"https:\/\/animangeek.com\/?s={search_term_string}"},"query-input":"required name=search_term_string"}],"inLanguage":"de-DE"}]}},"_links":{"self":[{"href":"https:\/\/animangeek.com\/de\/wp-json\/wp\/v2\/posts\/13130"}],"collection":[{"href":"https:\/\/animangeek.com\/de\/wp-json\/wp\/v2\/posts"}],"about":[{"href":"https:\/\/animangeek.com\/de\/wp-json\/wp\/v2\/types\/post"}],"replies":[{"embeddable":true,"href":"https:\/\/animangeek.com\/de\/wp-json\/wp\/v2\/comments?post=13130"}],"version-history":[{"count":0,"href":"https:\/\/animangeek.com\/de\/wp-json\/wp\/v2\/posts\/13130\/revisions"}],"wp:featuredmedia":[{"embeddable":true,"href":"https:\/\/animangeek.com\/de\/wp-json\/wp\/v2\/media\/13131"}],"wp:attachment":[{"href":"https:\/\/animangeek.com\/de\/wp-json\/wp\/v2\/media?parent=13130"}],"wp:term":[{"taxonomy":"category","embeddable":true,"href":"https:\/\/animangeek.com\/de\/wp-json\/wp\/v2\/categories?post=13130"},{"taxonomy":"post_tag","embeddable":true,"href":"https:\/\/animangeek.com\/de\/wp-json\/wp\/v2\/tags?post=13130"}],"curies":[{"name":"wp","href":"https:\/\/api.w.org\/{rel}","templated":true}]}}