{"id":13172,"date":"2024-06-13T13:27:35","date_gmt":"2024-06-13T16:27:35","guid":{"rendered":"https:\/\/animangeek.com\/trem-para-o-fim-do-mundo-e-suspenso-por-problemas\/"},"modified":"2024-06-13T13:27:35","modified_gmt":"2024-06-13T16:27:35","slug":"trem-para-o-fim-do-mundo-e-suspenso-por-problemas","status":"publish","type":"post","link":"https:\/\/animangeek.com\/de\/trem-para-o-fim-do-mundo-e-suspenso-por-problemas\/","title":{"rendered":"Zug ans Ende der Welt wegen Problemen eingestellt"},"content":{"rendered":"<div class=\"mx-5 sm:mx-0 prose text-left mb-5\"><\/p>\n<div>\n<p>Auf der offiziellen Website des Original-Animes vom Regisseur von \u201e<strong>M\u00e4dchen und Panzer<\/strong>&quot; Und &quot;<strong>Shirobako<\/strong>\u201c,\u201c<strong>Trainiere bis ans Ende der Welt<\/strong> (<em>Shuumatsu trainiert Doko und Iku?<\/em>)\u201c, wurde berichtet, dass sich die letzte Folge aufgrund von Produktionsproblemen um eine Woche verz\u00f6gern wird. <strong>Folglich wird Folge 12, deren Ausstrahlung f\u00fcr den 17. Juni geplant war, nun bis zum 24. Juni ausgestrahlt.<\/strong><\/p>\n<p><strong>Es sei daran erinnert, dass Regisseur Tsutomu Mizushima bereits zu Beginn der Ausstrahlung im April 2024 berichtete, dass es bei der Produktion bereits seit diesem Zeitpunkt zu Problemen gekommen sei.<\/strong> Dem Bericht zufolge war bei Sendebeginn noch nicht einmal die vierte Folge produziert, die bereits zuk\u00fcnftige Krisen vorhersagte.<\/p>\n<div class=\"wp-block-image\">\n<figure class=\"aligncenter size-full\"><img loading=\"lazy\" decoding=\"async\" width=\"1879\" height=\"2560\" src=\"https:\/\/animangeek.com\/wp-content\/uploads\/2024\/06\/Trem-para-o-Fim-do-Mundo-e-suspenso-por-problemas.jpg\" alt=\"Treine at\u00e9 o fim do mundo\" class=\"wp-image-331340\"  \/><\/figure>\n<\/div>\n<p><strong>Dieses Projekt wurde anl\u00e4sslich des Jahrestages des \u201eEisenbahntags (\u9244\u9053\u306e\u65e5)\u201c angek\u00fcndigt, der an das Datum im Jahr 1872 erinnert, als Shimbashi per Bahn mit Yokohama verbunden wurde. <\/strong>Das Eisenbahnfestival soll das Bewusstsein f\u00fcr die Sicherheit im Schienenverkehr sch\u00e4rfen, dient aber dar\u00fcber hinaus als Veranstaltung, bei der Erwachsene und Kinder mehr \u00fcber Z\u00fcge und das Eisenbahnnetz erfahren k\u00f6nnen.<\/p>\n<h3 class=\"wp-block-heading\"><strong>Produktionsteam<\/strong><\/h3>\n<ul>\n<li><strong>Tsutomu Mizushima<\/strong> (<em>Shirobako<\/em>, <em>Werke der Hexerei<\/em>, <em>M\u00e4dchen und Panzer<\/em>) ist f\u00fcr die Regie des Anime in den Studios verantwortlich <strong>EMT im Quadrat<\/strong>.<\/li>\n<li><strong>Michiko Yokote<\/strong> (<em>Naruto<\/em>, <em>Bleichen<\/em>, <em>Cowboy Bebop<\/em>) ist f\u00fcr das Schreiben und die Betreuung der Drehb\u00fccher verantwortlich.<\/li>\n<li><strong>Asako Nishida<\/strong> (<em>Houseki no Kuni<\/em>, <em>Liebe es zu leben!<\/em>, <em>Denpa Onna f\u00fcr Seishun Otoko<\/em>) ist f\u00fcr das Charakterdesign und die Animationsregie verantwortlich.<\/li>\n<li><strong>Miho Tsujibayashi<\/strong> (<em>Isekai Shokudou<\/em>, <em>Machikado Mazoku<\/em>) ist f\u00fcr die Komposition des Soundtracks verantwortlich.<\/li>\n<\/ul>\n<p><iframe loading=\"lazy\" title=\"TV-Ger\u00e4t\u3044\u304f\uff1f\u300fPV\u7b2c\uff13\u5f3e\u30101. April 2024\uff01\u3011\" width=\"500\" height=\"281\" src=\"https:\/\/www.youtube.com\/embed\/WP1HMeFxJoM?feature=oembed\" frameborder=\"0\" allow=\"accelerometer; autoplay; clipboard-write; encrypted-media; gyroscope; picture-in-picture; web-share\" referrerpolicy=\"strict-origin-when-cross-origin\" allowfullscreen><\/iframe><\/p>\n<h3 class=\"wp-block-heading\"><strong>Inhaltsangabe von \u201eZug ans Ende der Welt\u201c<\/strong><\/h3>\n<p><em>Eine Stadt am Stadtrand. Dies war keine gew\u00f6hnliche Kleinstadt. Die Bewohner erlebten ein seltsames Ph\u00e4nomen. Dennoch versp\u00fcrte Shizuru Chikura ein starkes Verlangen. Er wollte seine vermissten Freunde wiedersehen. Shizuru und ihre Freunde wagen sich in die Au\u00dfenwelt und besteigen einen verlassenen, liegengebliebenen Zug, unsicher, ob sie lebend zur\u00fcckkehren werden. Was erwartet dich an der Endstation dieses fahrenden Weltuntergangszuges?<\/em><\/p>\n<p>Quelle: <strong><a rel=\"nofollow noopener\" target=\"_blank\" href=\"https:\/\/x.com\/shumatsu_train\/status\/1801177817998356980\">Offizieller Twitter-Account<\/a><\/strong><\/p>\n<p>\u00a9\u5e73\u5742\u8aad\uff0f\u5c0f\u5b66\u9928\uff0f\u300c\u5909\u4eba\u306e\u30b5\u30e9\u30c0\u30dc\u30a6\u30eb\u300d\u88fd\u4f5c\u59d4\u54e1\u4f1a<\/p>\n<\/div>\n<p><\/div>","protected":false},"excerpt":{"rendered":"<p>Auf der offiziellen Website der Anime-Originalserie \u201eTrain to the End of the World (Shuumatsu Trains Doko and Iku?)\u201c des Regisseurs von \u201eGirls and Panzer\u201c und \u201eShirobako\u201c wurde berichtet, dass sich die letzte Folge aufgrund von Produktionsproblemen um eine Woche verz\u00f6gern wird. Folge 12, die am 17. Juni ausgestrahlt werden sollte, wird daher nun ausgestrahlt... <a class=\"more-link\" href=\"https:\/\/animangeek.com\/de\/trem-para-o-fim-do-mundo-e-suspenso-por-problemas\/\">Weiterlesen <span class=\"screen-reader-text\">Zug ans Ende der Welt wegen Problemen eingestellt<\/span><\/a><\/p>","protected":false},"author":0,"featured_media":13174,"comment_status":"open","ping_status":"open","sticky":false,"template":"","format":"standard","meta":{"footnotes":""},"categories":[3],"tags":[489,1452,1631],"yoast_head":"<!-- This site is optimized with the Yoast SEO plugin v23.3 - https:\/\/yoast.com\/wordpress\/plugins\/seo\/ -->\n<title>Trem para o Fim do Mundo \u00e9 suspenso por problemas - Animan Geek<\/title>\n<meta name=\"robots\" content=\"index, follow, max-snippet:-1, max-image-preview:large, max-video-preview:-1\" \/>\n<link rel=\"canonical\" href=\"https:\/\/animangeek.com\/de\/trem-para-o-fim-do-mundo-e-suspenso-por-problemas\/\" \/>\n<meta property=\"og:locale\" content=\"de_DE\" \/>\n<meta property=\"og:type\" content=\"article\" \/>\n<meta property=\"og:title\" content=\"Trem para o Fim do Mundo \u00e9 suspenso por problemas - Animan Geek\" \/>\n<meta property=\"og:description\" content=\"No site oficial do anime original do diretor de \u201cMeninas e Panzer&#8221; e &#8220;Shirobako\u201c,\u201cTreine at\u00e9 o fim do mundo (Shuumatsu treina Doko e Iku?)\u201d, foi relatado que o epis\u00f3dio final ser\u00e1 adiado por uma semana devido a problemas de produ\u00e7\u00e3o. Consequentemente, o epis\u00f3dio 12, que seria transmitido no dia 17 de junho, agora ser\u00e1 transmitido&hellip; Continue reading Trem para o Fim do Mundo \u00e9 suspenso por problemas\" \/>\n<meta property=\"og:url\" content=\"https:\/\/animangeek.com\/de\/trem-para-o-fim-do-mundo-e-suspenso-por-problemas\/\" \/>\n<meta property=\"og:site_name\" content=\"Animan Geek\" \/>\n<meta property=\"article:published_time\" content=\"2024-06-13T16:27:35+00:00\" \/>\n<meta property=\"og:image\" content=\"https:\/\/animangeek.com\/wp-content\/uploads\/sites\/106\/2024\/06\/1718296056_Trem-para-o-Fim-do-Mundo-e-suspenso-por-problemas.jpg\" \/>\n\t<meta property=\"og:image:width\" content=\"1920\" \/>\n\t<meta property=\"og:image:height\" content=\"1080\" \/>\n\t<meta property=\"og:image:type\" content=\"image\/jpeg\" \/>\n<meta name=\"twitter:card\" content=\"summary_large_image\" \/>\n<meta name=\"twitter:label1\" content=\"Est. reading time\" \/>\n\t<meta name=\"twitter:data1\" content=\"2 Minuten\" \/>\n<script type=\"application\/ld+json\" class=\"yoast-schema-graph\">{\"@context\":\"https:\/\/schema.org\",\"@graph\":[{\"@type\":\"WebPage\",\"@id\":\"https:\/\/animangeek.com\/trem-para-o-fim-do-mundo-e-suspenso-por-problemas\/\",\"url\":\"https:\/\/animangeek.com\/trem-para-o-fim-do-mundo-e-suspenso-por-problemas\/\",\"name\":\"Trem para o Fim do Mundo \u00e9 suspenso por problemas - Animan Geek\",\"isPartOf\":{\"@id\":\"https:\/\/animangeek.com\/#website\"},\"primaryImageOfPage\":{\"@id\":\"https:\/\/animangeek.com\/trem-para-o-fim-do-mundo-e-suspenso-por-problemas\/#primaryimage\"},\"image\":{\"@id\":\"https:\/\/animangeek.com\/trem-para-o-fim-do-mundo-e-suspenso-por-problemas\/#primaryimage\"},\"thumbnailUrl\":\"https:\/\/animangeek.com\/wp-content\/uploads\/sites\/106\/2024\/06\/1718296056_Trem-para-o-Fim-do-Mundo-e-suspenso-por-problemas.jpg\",\"datePublished\":\"2024-06-13T16:27:35+00:00\",\"dateModified\":\"2024-06-13T16:27:35+00:00\",\"author\":{\"@id\":\"\"},\"breadcrumb\":{\"@id\":\"https:\/\/animangeek.com\/trem-para-o-fim-do-mundo-e-suspenso-por-problemas\/#breadcrumb\"},\"inLanguage\":\"de-DE\",\"potentialAction\":[{\"@type\":\"ReadAction\",\"target\":[\"https:\/\/animangeek.com\/trem-para-o-fim-do-mundo-e-suspenso-por-problemas\/\"]}]},{\"@type\":\"ImageObject\",\"inLanguage\":\"de-DE\",\"@id\":\"https:\/\/animangeek.com\/trem-para-o-fim-do-mundo-e-suspenso-por-problemas\/#primaryimage\",\"url\":\"https:\/\/animangeek.com\/wp-content\/uploads\/sites\/106\/2024\/06\/1718296056_Trem-para-o-Fim-do-Mundo-e-suspenso-por-problemas.jpg\",\"contentUrl\":\"https:\/\/animangeek.com\/wp-content\/uploads\/sites\/106\/2024\/06\/1718296056_Trem-para-o-Fim-do-Mundo-e-suspenso-por-problemas.jpg\",\"width\":1920,\"height\":1080},{\"@type\":\"BreadcrumbList\",\"@id\":\"https:\/\/animangeek.com\/trem-para-o-fim-do-mundo-e-suspenso-por-problemas\/#breadcrumb\",\"itemListElement\":[{\"@type\":\"ListItem\",\"position\":1,\"name\":\"Home\",\"item\":\"https:\/\/animangeek.com\/\"},{\"@type\":\"ListItem\",\"position\":2,\"name\":\"Trem para o Fim do Mundo \u00e9 suspenso por problemas\"}]},{\"@type\":\"WebSite\",\"@id\":\"https:\/\/animangeek.com\/#website\",\"url\":\"https:\/\/animangeek.com\/\",\"name\":\"Animan Geek\",\"description\":\"\",\"potentialAction\":[{\"@type\":\"SearchAction\",\"target\":{\"@type\":\"EntryPoint\",\"urlTemplate\":\"https:\/\/animangeek.com\/?s={search_term_string}\"},\"query-input\":\"required name=search_term_string\"}],\"inLanguage\":\"de-DE\"}]}<\/script>\n<!-- \/ Yoast SEO plugin. -->","yoast_head_json":{"title":"Trem para o Fim do Mundo \u00e9 suspenso por problemas - Animan Geek","robots":{"index":"index","follow":"follow","max-snippet":"max-snippet:-1","max-image-preview":"max-image-preview:large","max-video-preview":"max-video-preview:-1"},"canonical":"https:\/\/animangeek.com\/de\/trem-para-o-fim-do-mundo-e-suspenso-por-problemas\/","og_locale":"de_DE","og_type":"article","og_title":"Trem para o Fim do Mundo \u00e9 suspenso por problemas - Animan Geek","og_description":"No site oficial do anime original do diretor de \u201cMeninas e Panzer&#8221; e &#8220;Shirobako\u201c,\u201cTreine at\u00e9 o fim do mundo (Shuumatsu treina Doko e Iku?)\u201d, foi relatado que o epis\u00f3dio final ser\u00e1 adiado por uma semana devido a problemas de produ\u00e7\u00e3o. Consequentemente, o epis\u00f3dio 12, que seria transmitido no dia 17 de junho, agora ser\u00e1 transmitido&hellip; Continue reading Trem para o Fim do Mundo \u00e9 suspenso por problemas","og_url":"https:\/\/animangeek.com\/de\/trem-para-o-fim-do-mundo-e-suspenso-por-problemas\/","og_site_name":"Animan Geek","article_published_time":"2024-06-13T16:27:35+00:00","og_image":[{"width":1920,"height":1080,"url":"https:\/\/animangeek.com\/wp-content\/uploads\/sites\/106\/2024\/06\/1718296056_Trem-para-o-Fim-do-Mundo-e-suspenso-por-problemas.jpg","type":"image\/jpeg"}],"twitter_card":"summary_large_image","twitter_misc":{"Est. reading time":"2 Minuten"},"schema":{"@context":"https:\/\/schema.org","@graph":[{"@type":"WebPage","@id":"https:\/\/animangeek.com\/trem-para-o-fim-do-mundo-e-suspenso-por-problemas\/","url":"https:\/\/animangeek.com\/trem-para-o-fim-do-mundo-e-suspenso-por-problemas\/","name":"Trem para o Fim do Mundo \u00e9 suspenso por problemas - Animan Geek","isPartOf":{"@id":"https:\/\/animangeek.com\/#website"},"primaryImageOfPage":{"@id":"https:\/\/animangeek.com\/trem-para-o-fim-do-mundo-e-suspenso-por-problemas\/#primaryimage"},"image":{"@id":"https:\/\/animangeek.com\/trem-para-o-fim-do-mundo-e-suspenso-por-problemas\/#primaryimage"},"thumbnailUrl":"https:\/\/animangeek.com\/wp-content\/uploads\/sites\/106\/2024\/06\/1718296056_Trem-para-o-Fim-do-Mundo-e-suspenso-por-problemas.jpg","datePublished":"2024-06-13T16:27:35+00:00","dateModified":"2024-06-13T16:27:35+00:00","author":{"@id":""},"breadcrumb":{"@id":"https:\/\/animangeek.com\/trem-para-o-fim-do-mundo-e-suspenso-por-problemas\/#breadcrumb"},"inLanguage":"de-DE","potentialAction":[{"@type":"ReadAction","target":["https:\/\/animangeek.com\/trem-para-o-fim-do-mundo-e-suspenso-por-problemas\/"]}]},{"@type":"ImageObject","inLanguage":"de-DE","@id":"https:\/\/animangeek.com\/trem-para-o-fim-do-mundo-e-suspenso-por-problemas\/#primaryimage","url":"https:\/\/animangeek.com\/wp-content\/uploads\/sites\/106\/2024\/06\/1718296056_Trem-para-o-Fim-do-Mundo-e-suspenso-por-problemas.jpg","contentUrl":"https:\/\/animangeek.com\/wp-content\/uploads\/sites\/106\/2024\/06\/1718296056_Trem-para-o-Fim-do-Mundo-e-suspenso-por-problemas.jpg","width":1920,"height":1080},{"@type":"BreadcrumbList","@id":"https:\/\/animangeek.com\/trem-para-o-fim-do-mundo-e-suspenso-por-problemas\/#breadcrumb","itemListElement":[{"@type":"ListItem","position":1,"name":"Home","item":"https:\/\/animangeek.com\/"},{"@type":"ListItem","position":2,"name":"Trem para o Fim do Mundo \u00e9 suspenso por problemas"}]},{"@type":"WebSite","@id":"https:\/\/animangeek.com\/#website","url":"https:\/\/animangeek.com\/","name":"Animan Geek","description":"","potentialAction":[{"@type":"SearchAction","target":{"@type":"EntryPoint","urlTemplate":"https:\/\/animangeek.com\/?s={search_term_string}"},"query-input":"required name=search_term_string"}],"inLanguage":"de-DE"}]}},"_links":{"self":[{"href":"https:\/\/animangeek.com\/de\/wp-json\/wp\/v2\/posts\/13172"}],"collection":[{"href":"https:\/\/animangeek.com\/de\/wp-json\/wp\/v2\/posts"}],"about":[{"href":"https:\/\/animangeek.com\/de\/wp-json\/wp\/v2\/types\/post"}],"replies":[{"embeddable":true,"href":"https:\/\/animangeek.com\/de\/wp-json\/wp\/v2\/comments?post=13172"}],"version-history":[{"count":0,"href":"https:\/\/animangeek.com\/de\/wp-json\/wp\/v2\/posts\/13172\/revisions"}],"wp:featuredmedia":[{"embeddable":true,"href":"https:\/\/animangeek.com\/de\/wp-json\/wp\/v2\/media\/13174"}],"wp:attachment":[{"href":"https:\/\/animangeek.com\/de\/wp-json\/wp\/v2\/media?parent=13172"}],"wp:term":[{"taxonomy":"category","embeddable":true,"href":"https:\/\/animangeek.com\/de\/wp-json\/wp\/v2\/categories?post=13172"},{"taxonomy":"post_tag","embeddable":true,"href":"https:\/\/animangeek.com\/de\/wp-json\/wp\/v2\/tags?post=13172"}],"curies":[{"name":"wp","href":"https:\/\/api.w.org\/{rel}","templated":true}]}}