{"id":13198,"date":"2024-06-14T08:36:21","date_gmt":"2024-06-14T11:36:21","guid":{"rendered":"https:\/\/animangeek.com\/o-animador-veterano-nishii-terumi-critica-demandas-estrangeiras-irracionais-por-correcao-politica-na-producao-de-anime\/"},"modified":"2024-06-14T08:36:21","modified_gmt":"2024-06-14T11:36:21","slug":"o-animador-veterano-nishii-terumi-critica-demandas-estrangeiras-irracionais-por-correcao-politica-na-producao-de-anime","status":"publish","type":"post","link":"https:\/\/animangeek.com\/de\/o-animador-veterano-nishii-terumi-critica-demandas-estrangeiras-irracionais-por-correcao-politica-na-producao-de-anime\/","title":{"rendered":"Der erfahrene Animator Nishii Terumi kritisiert unangemessene ausl\u00e4ndische Forderungen nach politischer Korrektheit in der Anime-Produktion"},"content":{"rendered":"<div class=\"mx-5 sm:mx-0 prose text-left mb-5\"><\/p>\n<div data-postid=\"84234\">\n<p>Die erfahrene Animatorin Terumi Nishii hat in den sozialen Medien ihrer Frustration \u00fcber die ihrer Meinung nach unangemessenen Forderungen nach politischer Korrektheit in der Anime-Produktion Ausdruck verliehen.<\/p>\n<p>Nishii Terumi hat als Animationsdirektor an mehreren Animes gearbeitet, darunter <strong><em>Jujutsu Kaisen 0<\/em><\/strong>, <strong><em>JoJos bizarre Abenteuer<\/em><\/strong>Und <strong><em>Todesmeldung<\/em><\/strong>zwischen anderen.<\/p>\n<p>In einer Reihe von Tweets berichtete Terumi von einem Vorfall, bei dem ein ausl\u00e4ndischer Kunde darum bat, dass die schwarzen Figuren in seinem Werk ausgepr\u00e4gte Nasen h\u00e4tten, um sie deutlich von anderen Figuren zu unterscheiden, die normalerweise keine detaillierten Nasenl\u00f6cher h\u00e4tten. <\/p>\n<p>Diese Forderung, so argumentierte sie, w\u00fcrde das visuelle Gleichgewicht der Charaktere st\u00f6ren und zu einem inkonsistenten Grad an Realismus innerhalb derselben Serie f\u00fchren.<\/p>\n<blockquote class=\"wp-block-quote is-layout-flow wp-block-quote-is-layout-flow\">\n<p class=\"has-medium-font-size\">\u201e<em>Keine der anderen Figuren hatte Nasenl\u00f6cher. Wenn die schwarzen Figuren also nur einen anderen Grad an Realismus h\u00e4tten, w\u00fcrde es unausgewogen wirken. So etwas ist einfach \u2026 ja. Am Ende entwickelte sich alles zu einer Diskussion dar\u00fcber, dass es sicherer sei, ihre Haarfarbe in Limettengr\u00fcn oder Lila zu belassen, damit man nicht wei\u00df, welcher Rasse sie angeh\u00f6ren.<\/em>.\u201d <\/p>\n<\/blockquote>\n<p>Terumi hob dann die kulturelle Kluft hervor und merkte an, dass der japanische Ansatz, Rasse durch einen einfachen braunen Hautton anzuzeigen, nicht mit den internationalen Erwartungen an Realismus \u00fcbereinstimmt, und betonte, dass in der japanischen Animation die Darstellung von Rassen traditionell keine Priorit\u00e4t hat.<\/p>\n<p>Sie \u00e4u\u00dferte ihre Frustration dar\u00fcber, dass ausl\u00e4ndische Produzenten, die oft keine gro\u00dfe Wertsch\u00e4tzung f\u00fcr Anime haben, auf diese \u00c4nderungen dr\u00e4ngen.<\/p>\n<p>Nishii kritisierte au\u00dferdem die Vorstellung, dass japanische Animationen westlichen Vorstellungen von politischer Korrektheit entsprechen m\u00fcssten. Sie argumentierte, dass Anime von seinem einzigartigen Stil lebe und dass das Nachgeben gegen\u00fcber \u00e4u\u00dferem Druck seine Attraktivit\u00e4t verringern w\u00fcrde. Weder sie noch die heimische Anime-Fangemeinde wollten solche \u00c4nderungen.<\/p>\n<blockquote class=\"wp-block-quote is-layout-flow wp-block-quote-is-layout-flow\">\n<p class=\"has-medium-font-size\">\u201e<em>Aus diesem Grund reizt es mich nicht, politisch korrekt zu sein und Werke f\u00fcr ein ausl\u00e4ndisches Publikum zu schaffen. Das gilt auch f\u00fcr die einheimischen Anime-Fans. Wenn wir das t\u00e4ten, w\u00fcrden wir die Attraktivit\u00e4t von Anime mindern und schnell an Popularit\u00e4t verlieren. Deshalb m\u00f6chte ich weiterhin nach japanischen Standards arbeiten.<\/em>\u201e<\/p>\n<\/blockquote>\n<p>Die Animatorin ging auch auf allgemeinere wirtschaftliche und demografische Probleme Japans ein. Sie betonte, dass man sich mit der sinkenden Geburtenrate des Landes befassen m\u00fcsse, um die Inlandsnachfrage nach Anime wieder anzukurbeln.<\/p>\n<p>Obwohl Japan derzeit einen Babyboom erlebe, werde es mindestens ein Jahrzehnt dauern, bis die Branche die Nachfrage des ausl\u00e4ndischen Marktes ignorieren k\u00f6nne, so die Expertin. Sie \u00e4u\u00dferte sich besorgt \u00fcber die Zukunft und hoffte, dass Ma\u00dfnahmen ergriffen werden k\u00f6nnten, um die Freiheit der n\u00e4chsten Generation von Animatoren zu gew\u00e4hrleisten.<\/p>\n<blockquote class=\"wp-block-quote is-layout-flow wp-block-quote-is-layout-flow\">\n<p class=\"has-medium-font-size\">\u201e<em>Selbst wenn wir jetzt einen Babyboom erleben, m\u00fcssen wir noch mindestens zehn Jahre lang auf ausl\u00e4ndische Befindlichkeiten R\u00fccksicht nehmen und Ver\u00e4nderungen vornehmen. Ich pers\u00f6nlich werde es daher nicht rechtzeitig schaffen. Aber ich hoffe, dass etwas getan werden kann, um die n\u00e4chste Generation zu befreien. Die sinkende Geburtenrate. Mit anderen Worten: Wirtschaftspolitik.<\/em>\u201e<\/p>\n<p> <cite> <\/cite><\/p><\/blockquote>\n<p>Nishii Terumi ist nicht der Erste, der international politische Korrektheit in der Branche fordert. <\/p>\n<p>Akira Kanai, renommierter Manga-Editor, bekannt f\u00fcr seine Arbeit in <strong><em>Vinland Saga<\/em><\/strong>, <strong><em>Ajin: Halbmensch<\/em><\/strong>Und <strong><em>Planeten<\/em><\/strong>hat sich k\u00fcrzlich auch klar gegen die Beeinflussung von Mangas durch politische Korrektheit ausgesprochen.<\/p>\n<p>Quelle: <a rel=\"nofollow noopener\" target=\"_blank\" href=\"https:\/\/x.com\/NishiiTerumi\/status\/1801520138031927485\">X<\/a><\/p>\n<\/p><\/div>\n<p><\/div>","protected":false},"excerpt":{"rendered":"<p>Die erfahrene Animatorin Terumi Nishii nutzte die sozialen Medien, um ihrer Frustration \u00fcber die ihrer Meinung nach unangemessenen Forderungen nach politischer Korrektheit in der Anime-Produktion Ausdruck zu verleihen. Nishii Terumi hat als Animationsdirektor an mehreren Animes gearbeitet, darunter Jujutsu Kaisen 0, Jojo&#039;s Bizarre Adventure und Death Note. In einer Reihe von\u2026 <a class=\"more-link\" href=\"https:\/\/animangeek.com\/de\/o-animador-veterano-nishii-terumi-critica-demandas-estrangeiras-irracionais-por-correcao-politica-na-producao-de-anime\/\">Weiterlesen <span class=\"screen-reader-text\">Der erfahrene Animator Nishii Terumi kritisiert unangemessene ausl\u00e4ndische Forderungen nach politischer Korrektheit in der Anime-Produktion<\/span><\/a><\/p>","protected":false},"author":0,"featured_media":13199,"comment_status":"open","ping_status":"open","sticky":false,"template":"","format":"standard","meta":{"footnotes":""},"categories":[3],"tags":[],"yoast_head":"<!-- This site is optimized with the Yoast SEO plugin v23.3 - https:\/\/yoast.com\/wordpress\/plugins\/seo\/ -->\n<title>O animador veterano Nishii Terumi critica demandas estrangeiras irracionais por corre\u00e7\u00e3o pol\u00edtica na produ\u00e7\u00e3o de anime - Animan Geek<\/title>\n<meta name=\"robots\" content=\"index, follow, max-snippet:-1, max-image-preview:large, max-video-preview:-1\" \/>\n<link rel=\"canonical\" href=\"https:\/\/animangeek.com\/de\/o-animador-veterano-nishii-terumi-critica-demandas-estrangeiras-irracionais-por-correcao-politica-na-producao-de-anime\/\" \/>\n<meta property=\"og:locale\" content=\"de_DE\" \/>\n<meta property=\"og:type\" content=\"article\" \/>\n<meta property=\"og:title\" content=\"O animador veterano Nishii Terumi critica demandas estrangeiras irracionais por corre\u00e7\u00e3o pol\u00edtica na produ\u00e7\u00e3o de anime - Animan Geek\" \/>\n<meta property=\"og:description\" content=\"A animadora veterana Terumi Nishii recorreu \u00e0s redes sociais para expressar a sua frustra\u00e7\u00e3o com o que ela considera exig\u00eancias irracionais de corre\u00e7\u00e3o pol\u00edtica na produ\u00e7\u00e3o de anime. Nishii Terumi trabalhou como diretor de anima\u00e7\u00e3o em v\u00e1rios animes como Jujutsu Kaisen 0, As aventuras bizarras de Jojoe Caderno da Morteentre outros. Em uma s\u00e9rie de&hellip; Continue reading O animador veterano Nishii Terumi critica demandas estrangeiras irracionais por corre\u00e7\u00e3o pol\u00edtica na produ\u00e7\u00e3o de anime\" \/>\n<meta property=\"og:url\" content=\"https:\/\/animangeek.com\/de\/o-animador-veterano-nishii-terumi-critica-demandas-estrangeiras-irracionais-por-correcao-politica-na-producao-de-anime\/\" \/>\n<meta property=\"og:site_name\" content=\"Animan Geek\" \/>\n<meta property=\"article:published_time\" content=\"2024-06-14T11:36:21+00:00\" \/>\n<meta property=\"og:image\" content=\"https:\/\/animangeek.com\/wp-content\/uploads\/sites\/106\/2024\/06\/O-animador-veterano-Nishii-Terumi-critica-demandas-estrangeiras-irracionais-por.jpg\" \/>\n\t<meta property=\"og:image:width\" content=\"980\" \/>\n\t<meta property=\"og:image:height\" content=\"550\" \/>\n\t<meta property=\"og:image:type\" content=\"image\/jpeg\" \/>\n<meta name=\"twitter:card\" content=\"summary_large_image\" \/>\n<meta name=\"twitter:label1\" content=\"Est. reading time\" \/>\n\t<meta name=\"twitter:data1\" content=\"3 Minuten\" \/>\n<script type=\"application\/ld+json\" class=\"yoast-schema-graph\">{\"@context\":\"https:\/\/schema.org\",\"@graph\":[{\"@type\":\"WebPage\",\"@id\":\"https:\/\/animangeek.com\/o-animador-veterano-nishii-terumi-critica-demandas-estrangeiras-irracionais-por-correcao-politica-na-producao-de-anime\/\",\"url\":\"https:\/\/animangeek.com\/o-animador-veterano-nishii-terumi-critica-demandas-estrangeiras-irracionais-por-correcao-politica-na-producao-de-anime\/\",\"name\":\"O animador veterano Nishii Terumi critica demandas estrangeiras irracionais por corre\u00e7\u00e3o pol\u00edtica na produ\u00e7\u00e3o de anime - Animan Geek\",\"isPartOf\":{\"@id\":\"https:\/\/animangeek.com\/#website\"},\"primaryImageOfPage\":{\"@id\":\"https:\/\/animangeek.com\/o-animador-veterano-nishii-terumi-critica-demandas-estrangeiras-irracionais-por-correcao-politica-na-producao-de-anime\/#primaryimage\"},\"image\":{\"@id\":\"https:\/\/animangeek.com\/o-animador-veterano-nishii-terumi-critica-demandas-estrangeiras-irracionais-por-correcao-politica-na-producao-de-anime\/#primaryimage\"},\"thumbnailUrl\":\"https:\/\/animangeek.com\/wp-content\/uploads\/sites\/106\/2024\/06\/O-animador-veterano-Nishii-Terumi-critica-demandas-estrangeiras-irracionais-por.jpg\",\"datePublished\":\"2024-06-14T11:36:21+00:00\",\"dateModified\":\"2024-06-14T11:36:21+00:00\",\"author\":{\"@id\":\"\"},\"breadcrumb\":{\"@id\":\"https:\/\/animangeek.com\/o-animador-veterano-nishii-terumi-critica-demandas-estrangeiras-irracionais-por-correcao-politica-na-producao-de-anime\/#breadcrumb\"},\"inLanguage\":\"de-DE\",\"potentialAction\":[{\"@type\":\"ReadAction\",\"target\":[\"https:\/\/animangeek.com\/o-animador-veterano-nishii-terumi-critica-demandas-estrangeiras-irracionais-por-correcao-politica-na-producao-de-anime\/\"]}]},{\"@type\":\"ImageObject\",\"inLanguage\":\"de-DE\",\"@id\":\"https:\/\/animangeek.com\/o-animador-veterano-nishii-terumi-critica-demandas-estrangeiras-irracionais-por-correcao-politica-na-producao-de-anime\/#primaryimage\",\"url\":\"https:\/\/animangeek.com\/wp-content\/uploads\/sites\/106\/2024\/06\/O-animador-veterano-Nishii-Terumi-critica-demandas-estrangeiras-irracionais-por.jpg\",\"contentUrl\":\"https:\/\/animangeek.com\/wp-content\/uploads\/sites\/106\/2024\/06\/O-animador-veterano-Nishii-Terumi-critica-demandas-estrangeiras-irracionais-por.jpg\",\"width\":980,\"height\":550},{\"@type\":\"BreadcrumbList\",\"@id\":\"https:\/\/animangeek.com\/o-animador-veterano-nishii-terumi-critica-demandas-estrangeiras-irracionais-por-correcao-politica-na-producao-de-anime\/#breadcrumb\",\"itemListElement\":[{\"@type\":\"ListItem\",\"position\":1,\"name\":\"Home\",\"item\":\"https:\/\/animangeek.com\/\"},{\"@type\":\"ListItem\",\"position\":2,\"name\":\"O animador veterano Nishii Terumi critica demandas estrangeiras irracionais por corre\u00e7\u00e3o pol\u00edtica na produ\u00e7\u00e3o de anime\"}]},{\"@type\":\"WebSite\",\"@id\":\"https:\/\/animangeek.com\/#website\",\"url\":\"https:\/\/animangeek.com\/\",\"name\":\"Animan Geek\",\"description\":\"\",\"potentialAction\":[{\"@type\":\"SearchAction\",\"target\":{\"@type\":\"EntryPoint\",\"urlTemplate\":\"https:\/\/animangeek.com\/?s={search_term_string}\"},\"query-input\":\"required name=search_term_string\"}],\"inLanguage\":\"de-DE\"}]}<\/script>\n<!-- \/ Yoast SEO plugin. -->","yoast_head_json":{"title":"O animador veterano Nishii Terumi critica demandas estrangeiras irracionais por corre\u00e7\u00e3o pol\u00edtica na produ\u00e7\u00e3o de anime - Animan Geek","robots":{"index":"index","follow":"follow","max-snippet":"max-snippet:-1","max-image-preview":"max-image-preview:large","max-video-preview":"max-video-preview:-1"},"canonical":"https:\/\/animangeek.com\/de\/o-animador-veterano-nishii-terumi-critica-demandas-estrangeiras-irracionais-por-correcao-politica-na-producao-de-anime\/","og_locale":"de_DE","og_type":"article","og_title":"O animador veterano Nishii Terumi critica demandas estrangeiras irracionais por corre\u00e7\u00e3o pol\u00edtica na produ\u00e7\u00e3o de anime - Animan Geek","og_description":"A animadora veterana Terumi Nishii recorreu \u00e0s redes sociais para expressar a sua frustra\u00e7\u00e3o com o que ela considera exig\u00eancias irracionais de corre\u00e7\u00e3o pol\u00edtica na produ\u00e7\u00e3o de anime. Nishii Terumi trabalhou como diretor de anima\u00e7\u00e3o em v\u00e1rios animes como Jujutsu Kaisen 0, As aventuras bizarras de Jojoe Caderno da Morteentre outros. Em uma s\u00e9rie de&hellip; Continue reading O animador veterano Nishii Terumi critica demandas estrangeiras irracionais por corre\u00e7\u00e3o pol\u00edtica na produ\u00e7\u00e3o de anime","og_url":"https:\/\/animangeek.com\/de\/o-animador-veterano-nishii-terumi-critica-demandas-estrangeiras-irracionais-por-correcao-politica-na-producao-de-anime\/","og_site_name":"Animan Geek","article_published_time":"2024-06-14T11:36:21+00:00","og_image":[{"width":980,"height":550,"url":"https:\/\/animangeek.com\/wp-content\/uploads\/sites\/106\/2024\/06\/O-animador-veterano-Nishii-Terumi-critica-demandas-estrangeiras-irracionais-por.jpg","type":"image\/jpeg"}],"twitter_card":"summary_large_image","twitter_misc":{"Est. reading time":"3 Minuten"},"schema":{"@context":"https:\/\/schema.org","@graph":[{"@type":"WebPage","@id":"https:\/\/animangeek.com\/o-animador-veterano-nishii-terumi-critica-demandas-estrangeiras-irracionais-por-correcao-politica-na-producao-de-anime\/","url":"https:\/\/animangeek.com\/o-animador-veterano-nishii-terumi-critica-demandas-estrangeiras-irracionais-por-correcao-politica-na-producao-de-anime\/","name":"O animador veterano Nishii Terumi critica demandas estrangeiras irracionais por corre\u00e7\u00e3o pol\u00edtica na produ\u00e7\u00e3o de anime - Animan Geek","isPartOf":{"@id":"https:\/\/animangeek.com\/#website"},"primaryImageOfPage":{"@id":"https:\/\/animangeek.com\/o-animador-veterano-nishii-terumi-critica-demandas-estrangeiras-irracionais-por-correcao-politica-na-producao-de-anime\/#primaryimage"},"image":{"@id":"https:\/\/animangeek.com\/o-animador-veterano-nishii-terumi-critica-demandas-estrangeiras-irracionais-por-correcao-politica-na-producao-de-anime\/#primaryimage"},"thumbnailUrl":"https:\/\/animangeek.com\/wp-content\/uploads\/sites\/106\/2024\/06\/O-animador-veterano-Nishii-Terumi-critica-demandas-estrangeiras-irracionais-por.jpg","datePublished":"2024-06-14T11:36:21+00:00","dateModified":"2024-06-14T11:36:21+00:00","author":{"@id":""},"breadcrumb":{"@id":"https:\/\/animangeek.com\/o-animador-veterano-nishii-terumi-critica-demandas-estrangeiras-irracionais-por-correcao-politica-na-producao-de-anime\/#breadcrumb"},"inLanguage":"de-DE","potentialAction":[{"@type":"ReadAction","target":["https:\/\/animangeek.com\/o-animador-veterano-nishii-terumi-critica-demandas-estrangeiras-irracionais-por-correcao-politica-na-producao-de-anime\/"]}]},{"@type":"ImageObject","inLanguage":"de-DE","@id":"https:\/\/animangeek.com\/o-animador-veterano-nishii-terumi-critica-demandas-estrangeiras-irracionais-por-correcao-politica-na-producao-de-anime\/#primaryimage","url":"https:\/\/animangeek.com\/wp-content\/uploads\/sites\/106\/2024\/06\/O-animador-veterano-Nishii-Terumi-critica-demandas-estrangeiras-irracionais-por.jpg","contentUrl":"https:\/\/animangeek.com\/wp-content\/uploads\/sites\/106\/2024\/06\/O-animador-veterano-Nishii-Terumi-critica-demandas-estrangeiras-irracionais-por.jpg","width":980,"height":550},{"@type":"BreadcrumbList","@id":"https:\/\/animangeek.com\/o-animador-veterano-nishii-terumi-critica-demandas-estrangeiras-irracionais-por-correcao-politica-na-producao-de-anime\/#breadcrumb","itemListElement":[{"@type":"ListItem","position":1,"name":"Home","item":"https:\/\/animangeek.com\/"},{"@type":"ListItem","position":2,"name":"O animador veterano Nishii Terumi critica demandas estrangeiras irracionais por corre\u00e7\u00e3o pol\u00edtica na produ\u00e7\u00e3o de anime"}]},{"@type":"WebSite","@id":"https:\/\/animangeek.com\/#website","url":"https:\/\/animangeek.com\/","name":"Animan Geek","description":"","potentialAction":[{"@type":"SearchAction","target":{"@type":"EntryPoint","urlTemplate":"https:\/\/animangeek.com\/?s={search_term_string}"},"query-input":"required name=search_term_string"}],"inLanguage":"de-DE"}]}},"_links":{"self":[{"href":"https:\/\/animangeek.com\/de\/wp-json\/wp\/v2\/posts\/13198"}],"collection":[{"href":"https:\/\/animangeek.com\/de\/wp-json\/wp\/v2\/posts"}],"about":[{"href":"https:\/\/animangeek.com\/de\/wp-json\/wp\/v2\/types\/post"}],"replies":[{"embeddable":true,"href":"https:\/\/animangeek.com\/de\/wp-json\/wp\/v2\/comments?post=13198"}],"version-history":[{"count":0,"href":"https:\/\/animangeek.com\/de\/wp-json\/wp\/v2\/posts\/13198\/revisions"}],"wp:featuredmedia":[{"embeddable":true,"href":"https:\/\/animangeek.com\/de\/wp-json\/wp\/v2\/media\/13199"}],"wp:attachment":[{"href":"https:\/\/animangeek.com\/de\/wp-json\/wp\/v2\/media?parent=13198"}],"wp:term":[{"taxonomy":"category","embeddable":true,"href":"https:\/\/animangeek.com\/de\/wp-json\/wp\/v2\/categories?post=13198"},{"taxonomy":"post_tag","embeddable":true,"href":"https:\/\/animangeek.com\/de\/wp-json\/wp\/v2\/tags?post=13198"}],"curies":[{"name":"wp","href":"https:\/\/api.w.org\/{rel}","templated":true}]}}