{"id":13718,"date":"2024-07-01T12:04:52","date_gmt":"2024-07-01T15:04:52","guid":{"rendered":"https:\/\/animangeek.com\/oshi-no-ko-nos-da-uma-nova-visao-de-sua-intrigante-segunda-temporada\/"},"modified":"2024-07-01T12:04:52","modified_gmt":"2024-07-01T15:04:52","slug":"oshi-no-ko-nos-da-uma-nova-visao-de-sua-intrigante-segunda-temporada","status":"publish","type":"post","link":"https:\/\/animangeek.com\/de\/oshi-no-ko-nos-da-uma-nova-visao-de-sua-intrigante-segunda-temporada\/","title":{"rendered":"Oshi no Ko gibt uns einen neuen Blick auf seine faszinierende zweite Staffel"},"content":{"rendered":"<div class=\"mx-5 sm:mx-0 prose text-left mb-5\"><\/p>\n<div>\n<p>der Anime von <em>Oshi no Ko<\/em> Diesen Sommer kehrt die zweite Staffel zur\u00fcck und es gibt einen neuen Trailer, um sie zu promoten. Dank diesem kann man das Schlussthema h\u00f6ren, bekannt als <em>Verbrennung<\/em> und wird von Hitsujibungaku gesungen.<\/p>\n<figure class=\"wp-block-embed is-type-video is-provider-youtube wp-block-embed-youtube wp-embed-aspect-16-9 wp-has-aspect-ratio\">\n<p>\n<iframe loading=\"lazy\" title=\"T\uff36\u30a2\u30cb\u30e1\u300e\u3010\u63a8\u3057\u306e\u5b50\u3011\u300f\u7b2c2\u671f\u30e1\u30a4\u30f3PV\u7b2c2\u5f3e\u30102024\u5e747\u67083\u65e5\u3011\" width=\"500\" height=\"281\" src=\"https:\/\/www.youtube.com\/embed\/QMuajQlx64c?feature=oembed\" frameborder=\"0\" allow=\"accelerometer; autoplay; clipboard-write; encrypted-media; gyroscope; picture-in-picture; web-share\" referrerpolicy=\"strict-origin-when-cross-origin\" allowfullscreen><\/iframe><\/p>\n<\/figure>\n<p>Es gab auch Informationen zum Er\u00f6ffnungsthema bzw. Er\u00f6ffnungssong. Dieser ist zwar in einem fr\u00fcheren Video zu h\u00f6ren, es war jedoch unklar, welcher K\u00fcnstler ihn vorgetragen hat. Bekannt ist lediglich, dass es sich um GEMN handelte.<\/p>\n<p>Viele Leute dachten, er sei ein neuer S\u00e4nger, aber das stimmt nicht. Das Er\u00f6ffnungsthema f\u00fcr die zweite Staffel von <em>Oshi no Ko<\/em>welches den Namen tr\u00e4gt <em>T\u00f6dlich<\/em>wird von den K\u00fcnstlern Kento Nakajima und Tatsuya Kitani gesungen.<\/p>\n<p><strong>Wir empfehlen: Oshi no Ko Staffel 2, Kapitel 1, wann, wie und wo man es sehen kann.<\/strong><\/p>\n<p>GEMN ist der Name des tempor\u00e4ren Duos, das sie gegr\u00fcndet haben. Der Trailer best\u00e4tigt den Premierentermin des Animes, der am 3. Juli 2024 im japanischen Fernsehen ausgestrahlt wird. HIDIVE hat bereits best\u00e4tigt, dass die Fortsetzung in seinem Katalog enthalten sein wird.<\/p>\n<div class=\"wp-block-image\">\n<figure class=\"aligncenter size-full\"><img decoding=\"async\" src=\"https:\/\/animangeek.com\/wp-content\/uploads\/2024\/07\/Oshi-no-Ko-nos-da-uma-nova-visao-de-sua.webp.webp\" alt=\"Oshi no Ko nos d\u00e1 uma nova vis\u00e3o de sua intrigante segunda temporada\" class=\"lazyload wp-image-629557\"\/><figcaption class=\"wp-element-caption\">Quelle: <em>Doga Kobo.<\/em><\/figcaption><\/figure>\n<\/div>\n<p>Sie m\u00fcssen lediglich das oben genannte Datum best\u00e4tigen. Leider ist dieser Video-on-Demand-Dienst in Lateinamerika nicht mehr verf\u00fcgbar. Es gibt zumindest derzeit keine Informationen dar\u00fcber, ob die zweite Staffel auf einer anderen Plattform verf\u00fcgbar sein wird. <em>Oshi no Ko<\/em> zu seinen Premieren.<\/p>\n<figure class=\"wp-block-embed is-type-rich is-provider-twitter wp-block-embed-twitter\"\/>\n<figure class=\"wp-block-embed is-type-rich is-provider-twitter wp-block-embed-twitter\"\/>\n<p>In dieser Hinsicht muss man einfach Geduld haben. Was die Stimmenbesetzung betrifft, ist Folgendes bekannt:<\/p>\n<ul>\n<li>Megumi Han als Kana Arima<\/li>\n<li>Manaka Iwami als Akane Kurokawa<\/li>\n<li>Takeo \u014ctsuka als Aquamarine Hoshino<\/li>\n<li>Seiji Maeda als Melt Narushima<\/li>\n<li>Kouki Uchiyama als Taiki Himekawa<\/li>\n<li>Yuusuke Kobayashi als Sakuya Kamoshida<\/li>\n<li>Tomoyuki Shimura als Toshirou Kindaichi<\/li>\n<li>Ayane Sakura als Abiko Samejima<\/li>\n<li>Daisuke Ono als GOA<\/li>\n<\/ul>\n<div class=\"wp-block-image\">\n<figure class=\"aligncenter size-full\"><img decoding=\"async\" src=\"https:\/\/animangeek.com\/wp-content\/uploads\/2024\/07\/1719846292_322_Oshi-no-Ko-nos-da-uma-nova-visao-de-sua.webp.webp\" alt=\"Oshi no Ko nos d\u00e1 uma nova vis\u00e3o de sua intrigante segunda temporada\" class=\"lazyload wp-image-629558\"\/><figcaption class=\"wp-element-caption\">Quelle: <em>Doga Kobo.<\/em><\/figcaption><\/figure>\n<\/div>\n<p>Daisuke Hiramaki f\u00fchrt Regie bei der zweiten Staffel von <em>Oshi no Ko<\/em>Jin Tanaka ist f\u00fcr die Drehb\u00fccher verantwortlich und Kanna Hirayama entwirft die Charaktere. Sie haben am Original-Anime mitgearbeitet, daher k\u00f6nnt ihr die gleiche Qualit\u00e4t erwarten.<\/p>\n<figure class=\"wp-block-embed is-type-video is-provider-youtube wp-block-embed-youtube wp-embed-aspect-16-9 wp-has-aspect-ratio\">\n<p>\n<iframe loading=\"lazy\" title=\"Elden Ring: Shadow of the Erdtree ist gut, aber nicht daf\u00fcr\" width=\"500\" height=\"281\" src=\"https:\/\/www.youtube.com\/embed\/lbogwHxEHqg?feature=oembed\" frameborder=\"0\" allow=\"accelerometer; autoplay; clipboard-write; encrypted-media; gyroscope; picture-in-picture; web-share\" referrerpolicy=\"strict-origin-when-cross-origin\" allowfullscreen><\/iframe><\/p>\n<\/figure>\n<\/div>\n<p><\/div>","protected":false},"excerpt":{"rendered":"<p>Der Anime \u201eOshi no Ko He\u201c kehrt diesen Sommer mit seiner zweiten Staffel zur\u00fcck und ein neuer Trailer ist verf\u00fcgbar, um ihn zu promoten. Dank dieses Trailers k\u00f6nnt ihr das Abspannthema \u201eBurning\u201c h\u00f6ren, das von Hitsujibungaku gesungen wird. Au\u00dferdem gab es Informationen zum Er\u00f6ffnungsthema bzw. Titelsong von\u2026 <a class=\"more-link\" href=\"https:\/\/animangeek.com\/de\/oshi-no-ko-nos-da-uma-nova-visao-de-sua-intrigante-segunda-temporada\/\">Weiterlesen <span class=\"screen-reader-text\">Oshi no Ko gibt uns einen neuen Blick auf seine faszinierende zweite Staffel<\/span><\/a><\/p>","protected":false},"author":0,"featured_media":13720,"comment_status":"open","ping_status":"open","sticky":false,"template":"","format":"standard","meta":{"footnotes":""},"categories":[3],"tags":[],"yoast_head":"<!-- This site is optimized with the Yoast SEO plugin v23.3 - https:\/\/yoast.com\/wordpress\/plugins\/seo\/ -->\n<title>Oshi no Ko nos d\u00e1 uma nova vis\u00e3o de sua intrigante segunda temporada - Animan Geek<\/title>\n<meta name=\"robots\" content=\"index, follow, max-snippet:-1, max-image-preview:large, max-video-preview:-1\" \/>\n<link rel=\"canonical\" href=\"https:\/\/animangeek.com\/de\/oshi-no-ko-nos-da-uma-nova-visao-de-sua-intrigante-segunda-temporada\/\" \/>\n<meta property=\"og:locale\" content=\"de_DE\" \/>\n<meta property=\"og:type\" content=\"article\" \/>\n<meta property=\"og:title\" content=\"Oshi no Ko nos d\u00e1 uma nova vis\u00e3o de sua intrigante segunda temporada - Animan Geek\" \/>\n<meta property=\"og:description\" content=\"o anime de Oshi no Ko Ele retornar\u00e1 no ver\u00e3o com sua segunda temporada, e para promov\u00ea-la est\u00e1 dispon\u00edvel um novo trailer. \u00c9 gra\u00e7as a isso que voc\u00ea pode ouvir seu tema de encerramento ou encerramento, que \u00e9 conhecido como queimando e \u00e9 cantada por Hitsujibungaku. Tamb\u00e9m havia informa\u00e7\u00f5es sobre a abertura ou m\u00fasica de&hellip; Continue reading Oshi no Ko nos d\u00e1 uma nova vis\u00e3o de sua intrigante segunda temporada\" \/>\n<meta property=\"og:url\" content=\"https:\/\/animangeek.com\/de\/oshi-no-ko-nos-da-uma-nova-visao-de-sua-intrigante-segunda-temporada\/\" \/>\n<meta property=\"og:site_name\" content=\"Animan Geek\" \/>\n<meta property=\"article:published_time\" content=\"2024-07-01T15:04:52+00:00\" \/>\n<meta property=\"og:image\" content=\"https:\/\/animangeek.com\/wp-content\/uploads\/sites\/106\/2024\/07\/1719846293_Oshi-no-Ko-nos-da-uma-nova-visao-de-sua.webp.webp\" \/>\n\t<meta property=\"og:image:width\" content=\"1280\" \/>\n\t<meta property=\"og:image:height\" content=\"720\" \/>\n\t<meta property=\"og:image:type\" content=\"image\/webp\" \/>\n<meta name=\"twitter:card\" content=\"summary_large_image\" \/>\n<meta name=\"twitter:label1\" content=\"Est. reading time\" \/>\n\t<meta name=\"twitter:data1\" content=\"2 Minuten\" \/>\n<script type=\"application\/ld+json\" class=\"yoast-schema-graph\">{\"@context\":\"https:\/\/schema.org\",\"@graph\":[{\"@type\":\"WebPage\",\"@id\":\"https:\/\/animangeek.com\/oshi-no-ko-nos-da-uma-nova-visao-de-sua-intrigante-segunda-temporada\/\",\"url\":\"https:\/\/animangeek.com\/oshi-no-ko-nos-da-uma-nova-visao-de-sua-intrigante-segunda-temporada\/\",\"name\":\"Oshi no Ko nos d\u00e1 uma nova vis\u00e3o de sua intrigante segunda temporada - Animan Geek\",\"isPartOf\":{\"@id\":\"https:\/\/animangeek.com\/#website\"},\"primaryImageOfPage\":{\"@id\":\"https:\/\/animangeek.com\/oshi-no-ko-nos-da-uma-nova-visao-de-sua-intrigante-segunda-temporada\/#primaryimage\"},\"image\":{\"@id\":\"https:\/\/animangeek.com\/oshi-no-ko-nos-da-uma-nova-visao-de-sua-intrigante-segunda-temporada\/#primaryimage\"},\"thumbnailUrl\":\"https:\/\/animangeek.com\/wp-content\/uploads\/sites\/106\/2024\/07\/1719846293_Oshi-no-Ko-nos-da-uma-nova-visao-de-sua.webp.webp\",\"datePublished\":\"2024-07-01T15:04:52+00:00\",\"dateModified\":\"2024-07-01T15:04:52+00:00\",\"author\":{\"@id\":\"\"},\"breadcrumb\":{\"@id\":\"https:\/\/animangeek.com\/oshi-no-ko-nos-da-uma-nova-visao-de-sua-intrigante-segunda-temporada\/#breadcrumb\"},\"inLanguage\":\"de-DE\",\"potentialAction\":[{\"@type\":\"ReadAction\",\"target\":[\"https:\/\/animangeek.com\/oshi-no-ko-nos-da-uma-nova-visao-de-sua-intrigante-segunda-temporada\/\"]}]},{\"@type\":\"ImageObject\",\"inLanguage\":\"de-DE\",\"@id\":\"https:\/\/animangeek.com\/oshi-no-ko-nos-da-uma-nova-visao-de-sua-intrigante-segunda-temporada\/#primaryimage\",\"url\":\"https:\/\/animangeek.com\/wp-content\/uploads\/sites\/106\/2024\/07\/1719846293_Oshi-no-Ko-nos-da-uma-nova-visao-de-sua.webp.webp\",\"contentUrl\":\"https:\/\/animangeek.com\/wp-content\/uploads\/sites\/106\/2024\/07\/1719846293_Oshi-no-Ko-nos-da-uma-nova-visao-de-sua.webp.webp\",\"width\":1280,\"height\":720},{\"@type\":\"BreadcrumbList\",\"@id\":\"https:\/\/animangeek.com\/oshi-no-ko-nos-da-uma-nova-visao-de-sua-intrigante-segunda-temporada\/#breadcrumb\",\"itemListElement\":[{\"@type\":\"ListItem\",\"position\":1,\"name\":\"Home\",\"item\":\"https:\/\/animangeek.com\/\"},{\"@type\":\"ListItem\",\"position\":2,\"name\":\"Oshi no Ko nos d\u00e1 uma nova vis\u00e3o de sua intrigante segunda temporada\"}]},{\"@type\":\"WebSite\",\"@id\":\"https:\/\/animangeek.com\/#website\",\"url\":\"https:\/\/animangeek.com\/\",\"name\":\"Animan Geek\",\"description\":\"\",\"potentialAction\":[{\"@type\":\"SearchAction\",\"target\":{\"@type\":\"EntryPoint\",\"urlTemplate\":\"https:\/\/animangeek.com\/?s={search_term_string}\"},\"query-input\":\"required name=search_term_string\"}],\"inLanguage\":\"de-DE\"}]}<\/script>\n<!-- \/ Yoast SEO plugin. -->","yoast_head_json":{"title":"Oshi no Ko nos d\u00e1 uma nova vis\u00e3o de sua intrigante segunda temporada - Animan Geek","robots":{"index":"index","follow":"follow","max-snippet":"max-snippet:-1","max-image-preview":"max-image-preview:large","max-video-preview":"max-video-preview:-1"},"canonical":"https:\/\/animangeek.com\/de\/oshi-no-ko-nos-da-uma-nova-visao-de-sua-intrigante-segunda-temporada\/","og_locale":"de_DE","og_type":"article","og_title":"Oshi no Ko nos d\u00e1 uma nova vis\u00e3o de sua intrigante segunda temporada - Animan Geek","og_description":"o anime de Oshi no Ko Ele retornar\u00e1 no ver\u00e3o com sua segunda temporada, e para promov\u00ea-la est\u00e1 dispon\u00edvel um novo trailer. \u00c9 gra\u00e7as a isso que voc\u00ea pode ouvir seu tema de encerramento ou encerramento, que \u00e9 conhecido como queimando e \u00e9 cantada por Hitsujibungaku. Tamb\u00e9m havia informa\u00e7\u00f5es sobre a abertura ou m\u00fasica de&hellip; Continue reading Oshi no Ko nos d\u00e1 uma nova vis\u00e3o de sua intrigante segunda temporada","og_url":"https:\/\/animangeek.com\/de\/oshi-no-ko-nos-da-uma-nova-visao-de-sua-intrigante-segunda-temporada\/","og_site_name":"Animan Geek","article_published_time":"2024-07-01T15:04:52+00:00","og_image":[{"width":1280,"height":720,"url":"https:\/\/animangeek.com\/wp-content\/uploads\/sites\/106\/2024\/07\/1719846293_Oshi-no-Ko-nos-da-uma-nova-visao-de-sua.webp.webp","type":"image\/webp"}],"twitter_card":"summary_large_image","twitter_misc":{"Est. reading time":"2 Minuten"},"schema":{"@context":"https:\/\/schema.org","@graph":[{"@type":"WebPage","@id":"https:\/\/animangeek.com\/oshi-no-ko-nos-da-uma-nova-visao-de-sua-intrigante-segunda-temporada\/","url":"https:\/\/animangeek.com\/oshi-no-ko-nos-da-uma-nova-visao-de-sua-intrigante-segunda-temporada\/","name":"Oshi no Ko nos d\u00e1 uma nova vis\u00e3o de sua intrigante segunda temporada - Animan Geek","isPartOf":{"@id":"https:\/\/animangeek.com\/#website"},"primaryImageOfPage":{"@id":"https:\/\/animangeek.com\/oshi-no-ko-nos-da-uma-nova-visao-de-sua-intrigante-segunda-temporada\/#primaryimage"},"image":{"@id":"https:\/\/animangeek.com\/oshi-no-ko-nos-da-uma-nova-visao-de-sua-intrigante-segunda-temporada\/#primaryimage"},"thumbnailUrl":"https:\/\/animangeek.com\/wp-content\/uploads\/sites\/106\/2024\/07\/1719846293_Oshi-no-Ko-nos-da-uma-nova-visao-de-sua.webp.webp","datePublished":"2024-07-01T15:04:52+00:00","dateModified":"2024-07-01T15:04:52+00:00","author":{"@id":""},"breadcrumb":{"@id":"https:\/\/animangeek.com\/oshi-no-ko-nos-da-uma-nova-visao-de-sua-intrigante-segunda-temporada\/#breadcrumb"},"inLanguage":"de-DE","potentialAction":[{"@type":"ReadAction","target":["https:\/\/animangeek.com\/oshi-no-ko-nos-da-uma-nova-visao-de-sua-intrigante-segunda-temporada\/"]}]},{"@type":"ImageObject","inLanguage":"de-DE","@id":"https:\/\/animangeek.com\/oshi-no-ko-nos-da-uma-nova-visao-de-sua-intrigante-segunda-temporada\/#primaryimage","url":"https:\/\/animangeek.com\/wp-content\/uploads\/sites\/106\/2024\/07\/1719846293_Oshi-no-Ko-nos-da-uma-nova-visao-de-sua.webp.webp","contentUrl":"https:\/\/animangeek.com\/wp-content\/uploads\/sites\/106\/2024\/07\/1719846293_Oshi-no-Ko-nos-da-uma-nova-visao-de-sua.webp.webp","width":1280,"height":720},{"@type":"BreadcrumbList","@id":"https:\/\/animangeek.com\/oshi-no-ko-nos-da-uma-nova-visao-de-sua-intrigante-segunda-temporada\/#breadcrumb","itemListElement":[{"@type":"ListItem","position":1,"name":"Home","item":"https:\/\/animangeek.com\/"},{"@type":"ListItem","position":2,"name":"Oshi no Ko nos d\u00e1 uma nova vis\u00e3o de sua intrigante segunda temporada"}]},{"@type":"WebSite","@id":"https:\/\/animangeek.com\/#website","url":"https:\/\/animangeek.com\/","name":"Animan Geek","description":"","potentialAction":[{"@type":"SearchAction","target":{"@type":"EntryPoint","urlTemplate":"https:\/\/animangeek.com\/?s={search_term_string}"},"query-input":"required name=search_term_string"}],"inLanguage":"de-DE"}]}},"_links":{"self":[{"href":"https:\/\/animangeek.com\/de\/wp-json\/wp\/v2\/posts\/13718"}],"collection":[{"href":"https:\/\/animangeek.com\/de\/wp-json\/wp\/v2\/posts"}],"about":[{"href":"https:\/\/animangeek.com\/de\/wp-json\/wp\/v2\/types\/post"}],"replies":[{"embeddable":true,"href":"https:\/\/animangeek.com\/de\/wp-json\/wp\/v2\/comments?post=13718"}],"version-history":[{"count":0,"href":"https:\/\/animangeek.com\/de\/wp-json\/wp\/v2\/posts\/13718\/revisions"}],"wp:featuredmedia":[{"embeddable":true,"href":"https:\/\/animangeek.com\/de\/wp-json\/wp\/v2\/media\/13720"}],"wp:attachment":[{"href":"https:\/\/animangeek.com\/de\/wp-json\/wp\/v2\/media?parent=13718"}],"wp:term":[{"taxonomy":"category","embeddable":true,"href":"https:\/\/animangeek.com\/de\/wp-json\/wp\/v2\/categories?post=13718"},{"taxonomy":"post_tag","embeddable":true,"href":"https:\/\/animangeek.com\/de\/wp-json\/wp\/v2\/tags?post=13718"}],"curies":[{"name":"wp","href":"https:\/\/api.w.org\/{rel}","templated":true}]}}