{"id":13753,"date":"2024-07-01T22:08:41","date_gmt":"2024-07-02T01:08:41","guid":{"rendered":"https:\/\/animangeek.com\/a-rosa-de-versalhes-retornara-em-2025\/"},"modified":"2024-07-01T22:08:41","modified_gmt":"2024-07-02T01:08:41","slug":"a-rosa-de-versalhes-retornara-em-2025","status":"publish","type":"post","link":"https:\/\/animangeek.com\/de\/a-rosa-de-versalhes-retornara-em-2025\/","title":{"rendered":"Die Rose von Versailles wird 2025 zur\u00fcckkehren"},"content":{"rendered":"<div class=\"mx-5 sm:mx-0 prose text-left mb-5\"><\/p>\n<div>\n<p>Auf der offiziellen Website der neuen Anime-Adaption des Mangas, geschrieben und illustriert von <strong>Riyoko Ikeda<\/strong>\u201e<strong>Die Rose von Versailles<\/strong> (<em>Versailles in Bara<\/em>)\u201c, wurde ein neues Werbevideo f\u00fcr das Projekt ver\u00f6ffentlicht. Das Video best\u00e4tigt dies <strong>Die Premiere ist f\u00fcr Anfang 2025 in den japanischen Kinos geplant.<\/strong>und listen Sie auf, dass die Studien <strong>KARTE<\/strong> Sie sind f\u00fcr die Produktion verantwortlich.<\/p>\n<p><iframe loading=\"lazy\" title=\"\u5287\u5834\u30a2\u30cb\u30e1\u300c\u30d9\u30eb\u30b5\u30a4\u30e6\u306e\u3070\u3089\u300d\u7279\u5831\u7b2c2\u5f3e\" width=\"500\" height=\"281\" src=\"https:\/\/www.youtube.com\/embed\/PVStQn_Py04?feature=oembed\" frameborder=\"0\" allow=\"accelerometer; autoplay; clipboard-write; encrypted-media; gyroscope; picture-in-picture; web-share\" referrerpolicy=\"strict-origin-when-cross-origin\" allowfullscreen><\/iframe><\/p>\n<p>Ikeda begann, den Manga \u00fcber das Magazin zu ver\u00f6ffentlichen <strong>G\u00e4nsebl\u00fcmchen<\/strong> vom Verlag <strong>Shueisha<\/strong> im Mai 1972 und setzte es im Dezember 1973 aus. Sp\u00e4ter ver\u00f6ffentlichte er es zwischen April 2013 und Februar 2018 erneut und sammelte vierzehn Kompilationsb\u00e4nde. Das Werk inspirierte eine vierzigteilige Anime-Adaption, die von den Studios produziert wurde <strong>TMS Entertainment<\/strong> und zwischen Oktober 1979 und September 1980 in Japan ausgestrahlt.<\/p>\n<p><strong>Shojo-Manga (M\u00e4dchen-Manga) der 1960er Jahre bestanden gr\u00f6\u00dftenteils aus einfachen Geschichten f\u00fcr M\u00e4dchen im Schulalter, die sich nicht mit Themen wie Politik und Sexualit\u00e4t befassten, die als Tabu galten.<\/strong> Diese Einstellung begann sich in den 1970er Jahren zu \u00e4ndern, als neue Autoren begannen, Shojo-Mangas nicht mehr nur auf Kinder auszurichten, sondern sie einem Publikum aus Teenagern und jungen Frauen zuzuwenden.<\/p>\n<p><strong>Dieser Wandel wurde durch eine neue Generation von Shojo-Manga-K\u00fcnstlern verk\u00f6rpert, die unter dem Begriff \u201e24 Years Group\u201c bekannt sind und zu deren Mitgliedern auch Ikeda geh\u00f6rte.<\/strong>; Die Gruppe wurde so genannt, weil ihre Mitglieder um das Jahr 24 der Showa-\u00c4ra (oder 1949 im gregorianischen Kalender) geboren wurden. Die Gruppe trug ma\u00dfgeblich zur Entwicklung des Shojo-Mangas bei und erweiterte das Genre um Elemente aus Science-Fiction, historischer Fiktion, Abenteuerromanen und gleichgeschlechtlicher Romanze: sowohl Mann-Mann-Romanzen (Yaoi) als auch Frau-Frau-Romanzen (Yuri).<\/p>\n<h3 class=\"wp-block-heading\"><strong>Stimmenbesetzung<\/strong><\/h3>\n<ul>\n<li><strong>Miyuki Sawashiro<\/strong> als Oscar Fran\u00e7ois de Jarjayes.<\/li>\n<li><strong>Aya Hirano<\/strong> wie Marie Antoinette.<\/li>\n<li><strong>Toshiyuki Toyonaga<\/strong> wie Andr\u00e9 Grandier.<\/li>\n<li><strong>Kazuki Katou<\/strong> als Hans Axel von Fersen.<\/li>\n<\/ul>\n<div class=\"wp-block-image\">\n<figure class=\"aligncenter size-full\"><img loading=\"lazy\" decoding=\"async\" width=\"2560\" height=\"2487\" src=\"https:\/\/animangeek.com\/wp-content\/uploads\/2024\/07\/A-Rosa-de-Versalhes-retornara-em-2025.jpg\" alt=\"A Rosa de Versalhes\" class=\"wp-image-332432\"  \/><\/figure>\n<\/div>\n<h3 class=\"wp-block-heading\"><strong>Produktionsteam<\/strong><\/h3>\n<ul>\n<li><strong>Oh Yoshimura<\/strong> (<em>Yahari Ore no Seishun Love Come wa Machigatteiru., Ao Haru Ride, Danshi Koukousei no Nichijou<\/em>) ist verantwortlich f\u00fcr das Projektmanagement im Studium <strong>KARTE<\/strong>.<\/li>\n<li><strong>Tomoko Konparu<\/strong> (<em>An Haru Ride, Kimi ni Todoke, NANA und Nodame Cantabile<\/em>) ist f\u00fcr das Schreiben und die Betreuung der Drehb\u00fccher verantwortlich.<\/li>\n<li><strong>Mariko Oka<\/strong> (<em>Jigoku Shoujo, Nurarihyon no Mago: Sennen Makyou, Hatsukoi-Monster<\/em>) ist f\u00fcr das Charakterdesign und die Animationsregie verantwortlich.<\/li>\n<li><strong>Hiroyuki Sawano<\/strong> (<em>Shingeki no Kyojin, Nanatsu no Taizai<\/em>) Und <strong>Kouta Yamamoto<\/strong> (<em>Shingeki no Kyojin: Die letzte Staffel, 86: Sechsundachtzig<\/em>) ist f\u00fcr die Komposition des Soundtracks verantwortlich.<\/li>\n<\/ul>\n<div class=\"wp-block-image\">\n<figure class=\"aligncenter size-full\"><img loading=\"lazy\" decoding=\"async\" width=\"1800\" height=\"2546\" src=\"https:\/\/animangeek.com\/wp-content\/uploads\/2024\/07\/1719882521_280_A-Rosa-de-Versalhes-retornara-em-2025.jpg\" alt=\"\" class=\"wp-image-332433\"  \/><\/figure>\n<\/div>\n<h3 class=\"wp-block-heading\"><strong>Inhaltsangabe von \u201eDie Rose von Versailles\u201c<\/strong><\/h3>\n<p><em>In der Hoffnung, ihre L\u00e4nder durch ein B\u00fcndnis zu vereinen, arrangiert die Kaiserin von \u00d6sterreich die Hochzeit ihrer Tochter, der charmanten, aber verw\u00f6hnten Marie Antoinette, mit dem franz\u00f6sischen Kronprinzen Ludwig XVI. Bei ihrer Ankunft in Versailles trifft die \u00f6sterreichische Prinzessin Oscar Fran\u00e7ois de Jarjayes, den Hauptmann der k\u00f6niglichen Garde, einen scheinbar eleganten jungen Mann, der zu Antoinettes \u00dcberraschung in Wirklichkeit eine Frau ist.<\/em><\/p>\n<p><em>Oscar, die j\u00fcngste Tochter einer Adelsfamilie ohne m\u00e4nnlichen Erben, wurde als Junge erzogen, um das milit\u00e4rische Erbe der Familie fortzuf\u00fchren. Antoinette, die von den strengen Regeln ihrer neuen Position eingeengt wird und sich nach Gesellschaft sehnt, findet auf Anhieb Gefallen an der faszinierenden jungen Frau und freundet sich sofort mit ihr an. Als die neue Kindk\u00f6nigin jedoch ihre Macht t\u00f6richt missbraucht, ger\u00e4t Oscar in einen Konflikt zwischen seiner Loyalit\u00e4t zur k\u00f6niglichen Familie und der wachsenden Sorge \u00fcber die Armut des einfachen Volkes.<\/em><\/p>\n<p>Quelle: <strong><a rel=\"nofollow noopener\" target=\"_blank\" href=\"https:\/\/natalie.mu\/comic\/news\/580343\">Natalie in Comics<\/a><\/strong><\/p>\n<p>(w)<\/p>\n<\/div>\n<p><\/div>","protected":false},"excerpt":{"rendered":"<p>Auf der offiziellen Website der neuen Anime-Adaption von Riyoko Ikedas Manga \u201eDie Rose von Versailles (Versailles no Bara)\u201c wurde ein neues Werbevideo f\u00fcr das Projekt ver\u00f6ffentlicht. Das Video best\u00e4tigt, dass die Premiere f\u00fcr Anfang 2025 in japanischen Kinos geplant ist. Au\u00dferdem hei\u00dft es, dass MAPA-Studien daf\u00fcr verantwortlich sind. <a class=\"more-link\" href=\"https:\/\/animangeek.com\/de\/a-rosa-de-versalhes-retornara-em-2025\/\">Weiterlesen <span class=\"screen-reader-text\">Die Rose von Versailles wird 2025 zur\u00fcckkehren<\/span><\/a><\/p>","protected":false},"author":0,"featured_media":13755,"comment_status":"open","ping_status":"open","sticky":false,"template":"","format":"standard","meta":{"footnotes":""},"categories":[3],"tags":[44,956,1449,1682],"yoast_head":"<!-- This site is optimized with the Yoast SEO plugin v23.3 - https:\/\/yoast.com\/wordpress\/plugins\/seo\/ -->\n<title>A Rosa de Versalhes retornar\u00e1 em 2025 - Animan Geek<\/title>\n<meta name=\"robots\" content=\"index, follow, max-snippet:-1, max-image-preview:large, max-video-preview:-1\" \/>\n<link rel=\"canonical\" href=\"https:\/\/animangeek.com\/de\/a-rosa-de-versalhes-retornara-em-2025\/\" \/>\n<meta property=\"og:locale\" content=\"de_DE\" \/>\n<meta property=\"og:type\" content=\"article\" \/>\n<meta property=\"og:title\" content=\"A Rosa de Versalhes retornar\u00e1 em 2025 - Animan Geek\" \/>\n<meta property=\"og:description\" content=\"No site oficial da nova adapta\u00e7\u00e3o para anime do mang\u00e1 escrito e ilustrado por Riyoko Ikeda\u201cA Rosa de Versalhes (Versalhes no Bara)\u201d, foi revelado um novo v\u00eddeo promocional do projeto. O v\u00eddeo confirma isso A estreia est\u00e1 prevista para o in\u00edcio de 2025 nos cinemas do Jap\u00e3o.e liste que os estudos MAPA Eles s\u00e3o respons\u00e1veis&hellip; Continue reading A Rosa de Versalhes retornar\u00e1 em 2025\" \/>\n<meta property=\"og:url\" content=\"https:\/\/animangeek.com\/de\/a-rosa-de-versalhes-retornara-em-2025\/\" \/>\n<meta property=\"og:site_name\" content=\"Animan Geek\" \/>\n<meta property=\"article:published_time\" content=\"2024-07-02T01:08:41+00:00\" \/>\n<meta property=\"og:image\" content=\"https:\/\/animangeek.com\/wp-content\/uploads\/sites\/106\/2024\/07\/1719882522_A-Rosa-de-Versalhes-retornara-em-2025.jpg\" \/>\n\t<meta property=\"og:image:width\" content=\"1920\" \/>\n\t<meta property=\"og:image:height\" content=\"1080\" \/>\n\t<meta property=\"og:image:type\" content=\"image\/jpeg\" \/>\n<meta name=\"twitter:card\" content=\"summary_large_image\" \/>\n<meta name=\"twitter:label1\" content=\"Est. reading time\" \/>\n\t<meta name=\"twitter:data1\" content=\"3 Minuten\" \/>\n<script type=\"application\/ld+json\" class=\"yoast-schema-graph\">{\"@context\":\"https:\/\/schema.org\",\"@graph\":[{\"@type\":\"WebPage\",\"@id\":\"https:\/\/animangeek.com\/a-rosa-de-versalhes-retornara-em-2025\/\",\"url\":\"https:\/\/animangeek.com\/a-rosa-de-versalhes-retornara-em-2025\/\",\"name\":\"A Rosa de Versalhes retornar\u00e1 em 2025 - Animan Geek\",\"isPartOf\":{\"@id\":\"https:\/\/animangeek.com\/#website\"},\"primaryImageOfPage\":{\"@id\":\"https:\/\/animangeek.com\/a-rosa-de-versalhes-retornara-em-2025\/#primaryimage\"},\"image\":{\"@id\":\"https:\/\/animangeek.com\/a-rosa-de-versalhes-retornara-em-2025\/#primaryimage\"},\"thumbnailUrl\":\"https:\/\/animangeek.com\/wp-content\/uploads\/sites\/106\/2024\/07\/1719882522_A-Rosa-de-Versalhes-retornara-em-2025.jpg\",\"datePublished\":\"2024-07-02T01:08:41+00:00\",\"dateModified\":\"2024-07-02T01:08:41+00:00\",\"author\":{\"@id\":\"\"},\"breadcrumb\":{\"@id\":\"https:\/\/animangeek.com\/a-rosa-de-versalhes-retornara-em-2025\/#breadcrumb\"},\"inLanguage\":\"de-DE\",\"potentialAction\":[{\"@type\":\"ReadAction\",\"target\":[\"https:\/\/animangeek.com\/a-rosa-de-versalhes-retornara-em-2025\/\"]}]},{\"@type\":\"ImageObject\",\"inLanguage\":\"de-DE\",\"@id\":\"https:\/\/animangeek.com\/a-rosa-de-versalhes-retornara-em-2025\/#primaryimage\",\"url\":\"https:\/\/animangeek.com\/wp-content\/uploads\/sites\/106\/2024\/07\/1719882522_A-Rosa-de-Versalhes-retornara-em-2025.jpg\",\"contentUrl\":\"https:\/\/animangeek.com\/wp-content\/uploads\/sites\/106\/2024\/07\/1719882522_A-Rosa-de-Versalhes-retornara-em-2025.jpg\",\"width\":1920,\"height\":1080},{\"@type\":\"BreadcrumbList\",\"@id\":\"https:\/\/animangeek.com\/a-rosa-de-versalhes-retornara-em-2025\/#breadcrumb\",\"itemListElement\":[{\"@type\":\"ListItem\",\"position\":1,\"name\":\"Home\",\"item\":\"https:\/\/animangeek.com\/\"},{\"@type\":\"ListItem\",\"position\":2,\"name\":\"A Rosa de Versalhes retornar\u00e1 em 2025\"}]},{\"@type\":\"WebSite\",\"@id\":\"https:\/\/animangeek.com\/#website\",\"url\":\"https:\/\/animangeek.com\/\",\"name\":\"Animan Geek\",\"description\":\"\",\"potentialAction\":[{\"@type\":\"SearchAction\",\"target\":{\"@type\":\"EntryPoint\",\"urlTemplate\":\"https:\/\/animangeek.com\/?s={search_term_string}\"},\"query-input\":\"required name=search_term_string\"}],\"inLanguage\":\"de-DE\"}]}<\/script>\n<!-- \/ Yoast SEO plugin. -->","yoast_head_json":{"title":"A Rosa de Versalhes retornar\u00e1 em 2025 - Animan Geek","robots":{"index":"index","follow":"follow","max-snippet":"max-snippet:-1","max-image-preview":"max-image-preview:large","max-video-preview":"max-video-preview:-1"},"canonical":"https:\/\/animangeek.com\/de\/a-rosa-de-versalhes-retornara-em-2025\/","og_locale":"de_DE","og_type":"article","og_title":"A Rosa de Versalhes retornar\u00e1 em 2025 - Animan Geek","og_description":"No site oficial da nova adapta\u00e7\u00e3o para anime do mang\u00e1 escrito e ilustrado por Riyoko Ikeda\u201cA Rosa de Versalhes (Versalhes no Bara)\u201d, foi revelado um novo v\u00eddeo promocional do projeto. O v\u00eddeo confirma isso A estreia est\u00e1 prevista para o in\u00edcio de 2025 nos cinemas do Jap\u00e3o.e liste que os estudos MAPA Eles s\u00e3o respons\u00e1veis&hellip; Continue reading A Rosa de Versalhes retornar\u00e1 em 2025","og_url":"https:\/\/animangeek.com\/de\/a-rosa-de-versalhes-retornara-em-2025\/","og_site_name":"Animan Geek","article_published_time":"2024-07-02T01:08:41+00:00","og_image":[{"width":1920,"height":1080,"url":"https:\/\/animangeek.com\/wp-content\/uploads\/sites\/106\/2024\/07\/1719882522_A-Rosa-de-Versalhes-retornara-em-2025.jpg","type":"image\/jpeg"}],"twitter_card":"summary_large_image","twitter_misc":{"Est. reading time":"3 Minuten"},"schema":{"@context":"https:\/\/schema.org","@graph":[{"@type":"WebPage","@id":"https:\/\/animangeek.com\/a-rosa-de-versalhes-retornara-em-2025\/","url":"https:\/\/animangeek.com\/a-rosa-de-versalhes-retornara-em-2025\/","name":"A Rosa de Versalhes retornar\u00e1 em 2025 - Animan Geek","isPartOf":{"@id":"https:\/\/animangeek.com\/#website"},"primaryImageOfPage":{"@id":"https:\/\/animangeek.com\/a-rosa-de-versalhes-retornara-em-2025\/#primaryimage"},"image":{"@id":"https:\/\/animangeek.com\/a-rosa-de-versalhes-retornara-em-2025\/#primaryimage"},"thumbnailUrl":"https:\/\/animangeek.com\/wp-content\/uploads\/sites\/106\/2024\/07\/1719882522_A-Rosa-de-Versalhes-retornara-em-2025.jpg","datePublished":"2024-07-02T01:08:41+00:00","dateModified":"2024-07-02T01:08:41+00:00","author":{"@id":""},"breadcrumb":{"@id":"https:\/\/animangeek.com\/a-rosa-de-versalhes-retornara-em-2025\/#breadcrumb"},"inLanguage":"de-DE","potentialAction":[{"@type":"ReadAction","target":["https:\/\/animangeek.com\/a-rosa-de-versalhes-retornara-em-2025\/"]}]},{"@type":"ImageObject","inLanguage":"de-DE","@id":"https:\/\/animangeek.com\/a-rosa-de-versalhes-retornara-em-2025\/#primaryimage","url":"https:\/\/animangeek.com\/wp-content\/uploads\/sites\/106\/2024\/07\/1719882522_A-Rosa-de-Versalhes-retornara-em-2025.jpg","contentUrl":"https:\/\/animangeek.com\/wp-content\/uploads\/sites\/106\/2024\/07\/1719882522_A-Rosa-de-Versalhes-retornara-em-2025.jpg","width":1920,"height":1080},{"@type":"BreadcrumbList","@id":"https:\/\/animangeek.com\/a-rosa-de-versalhes-retornara-em-2025\/#breadcrumb","itemListElement":[{"@type":"ListItem","position":1,"name":"Home","item":"https:\/\/animangeek.com\/"},{"@type":"ListItem","position":2,"name":"A Rosa de Versalhes retornar\u00e1 em 2025"}]},{"@type":"WebSite","@id":"https:\/\/animangeek.com\/#website","url":"https:\/\/animangeek.com\/","name":"Animan Geek","description":"","potentialAction":[{"@type":"SearchAction","target":{"@type":"EntryPoint","urlTemplate":"https:\/\/animangeek.com\/?s={search_term_string}"},"query-input":"required name=search_term_string"}],"inLanguage":"de-DE"}]}},"_links":{"self":[{"href":"https:\/\/animangeek.com\/de\/wp-json\/wp\/v2\/posts\/13753"}],"collection":[{"href":"https:\/\/animangeek.com\/de\/wp-json\/wp\/v2\/posts"}],"about":[{"href":"https:\/\/animangeek.com\/de\/wp-json\/wp\/v2\/types\/post"}],"replies":[{"embeddable":true,"href":"https:\/\/animangeek.com\/de\/wp-json\/wp\/v2\/comments?post=13753"}],"version-history":[{"count":0,"href":"https:\/\/animangeek.com\/de\/wp-json\/wp\/v2\/posts\/13753\/revisions"}],"wp:featuredmedia":[{"embeddable":true,"href":"https:\/\/animangeek.com\/de\/wp-json\/wp\/v2\/media\/13755"}],"wp:attachment":[{"href":"https:\/\/animangeek.com\/de\/wp-json\/wp\/v2\/media?parent=13753"}],"wp:term":[{"taxonomy":"category","embeddable":true,"href":"https:\/\/animangeek.com\/de\/wp-json\/wp\/v2\/categories?post=13753"},{"taxonomy":"post_tag","embeddable":true,"href":"https:\/\/animangeek.com\/de\/wp-json\/wp\/v2\/tags?post=13753"}],"curies":[{"name":"wp","href":"https:\/\/api.w.org\/{rel}","templated":true}]}}