{"id":13835,"date":"2024-07-04T13:12:37","date_gmt":"2024-07-04T16:12:37","guid":{"rendered":"https:\/\/animangeek.com\/oshi-no-ko-pede-que-nao-haja-spoilers\/"},"modified":"2025-11-27T15:53:31","modified_gmt":"2025-11-27T15:53:31","slug":"oshi-no-ko-pede-que-nao-haja-spoilers","status":"publish","type":"post","link":"https:\/\/animangeek.com\/de\/oshi-no-ko-pede-que-nao-haja-spoilers\/","title":{"rendered":"Oshi no Ko bittet um keine Spoiler"},"content":{"rendered":"<div class=\"mx-5 sm:mx-0 prose text-left mb-5\">\n<div>\n<p>Diese Woche die lang erwartete Premiere <strong>zweite Staffel des Anime \u201eOshi no Ko\u201c<\/strong>Generierung <strong>Gro\u00dfe Begeisterung bei Zuschauern und Fans<\/strong>Neben dem Inhalt des Animes selbst erregte jedoch auch ein w\u00e4hrend der Ausstrahlung gezeigter Werbespot die Aufmerksamkeit vieler.<\/p>\n<ul>\n<li>\u00ab<em>Kooperationsanfrage f\u00fcr den Manga \u201eOshi no Ko\u201c f\u00fcr alle<\/em>\u00bb.<\/li>\n<\/ul>\n<div class=\"wp-block-image\">\n<figure class=\"aligncenter size-full\"><img loading=\"lazy\" decoding=\"async\" class=\"wp-image-332596\" src=\"http:\/\/animangeek.com\/wp-content\/uploads\/sites\/106\/2024\/07\/Oshi-no-Ko-pede-que-nao-haja-spoilers.jpeg\" alt=\"Oshi no Ko\" width=\"1886\" height=\"1060\" \/><\/figure>\n<\/div>\n<ul>\n<li>\u00ab<em>Mit dem Start der zweiten Staffel wird mit einem deutlichen Anstieg der Anime-Fans gerechnet.<\/em>\u00bb.<\/li>\n<\/ul>\n<div class=\"wp-block-image\">\n<figure class=\"aligncenter size-full\"><img loading=\"lazy\" decoding=\"async\" class=\"wp-image-332595\" src=\"https:\/\/animangeek.com\/wp-content\/uploads\/2024\/07\/1720109556_937_Oshi-no-Ko-pede-que-nao-haja-spoilers.jpeg\" alt=\"Oshi no Ko\" width=\"1908\" height=\"1073\" \/><\/figure>\n<\/div>\n<ul>\n<li>\u00ab<em>Vermeiden Sie es, an \u00f6ffentlichen Orten \u00fcber die neueste Ausgabe zu sprechen.<\/em>\u00bb.<\/li>\n<\/ul>\n<div class=\"wp-block-image\">\n<figure class=\"aligncenter size-full\"><img loading=\"lazy\" decoding=\"async\" class=\"wp-image-332594\" src=\"https:\/\/animangeek.com\/wp-content\/uploads\/2024\/07\/1720109557_876_Oshi-no-Ko-pede-que-nao-haja-spoilers.jpeg\" alt=\"\" width=\"1914\" height=\"1077\" \/><\/figure>\n<\/div>\n<p>W\u00e4hrend der Ausstrahlung auf \u201eABEMA TV\u201c, der Plattform, die die schnellste und gleichzeitige \u00dcbertragung mit terrestrischem Fernsehen bietet, <strong>Nach dem Vorspann und vor dem ersten Teil der Folge wurde ein kurioser 15-Sekunden-Werbespot gezeigt<\/strong>Diese von Shueisha pr\u00e4sentierte Ank\u00fcndigung informiert \u00fcber die bevorstehende Ver\u00f6ffentlichung von Band 15 des Mangas &quot;Oshi no Ko&quot;, die f\u00fcr den 18. Juli geplant ist. <strong>Das Besondere an der Anzeige war ihr ungew\u00f6hnlich n\u00fcchterner und direkter Ton.<\/strong><\/p>\n<p>In der Werbebotschaft hie\u00df es lediglich: \u201e<em><strong>Im Namen des Mangas \u201eOshi no Ko\u201c bitten wir Sie um Ihre Mitarbeit.<\/strong><\/em>Anstelle der \u00fcblichen auff\u00e4lligen Bilder oder fr\u00f6hlicher Musik bestand die Anzeige lediglich aus Text auf schwarzem Hintergrund und einem ernsten Erz\u00e4hlton, der an Entschuldigungsanzeigen erinnerte. <strong>In der Erz\u00e4hlung wurden die Fans gebeten, Diskussionen \u00fcber die Ereignisse des neuen Bandes an \u00f6ffentlichen Orten wie Caf\u00e9s, Konzerthallen, Krankenh\u00e4usern, \u00f6ffentlichen Verkehrsmitteln und sogar Angelseen zu vermeiden, um Spoiler zu vermeiden.<\/strong><\/p>\n<p>Dieser ungew\u00f6hnliche Ansatz rief bei den Zuschauern unterschiedliche Reaktionen hervor. Viele w\u00fcrdigten die Wichtigkeit der Botschaft und kommentierten beispielsweise: \u201e<em><strong>Es war das Interessanteste (abgesehen von der Episode)<\/strong><\/em>\u00bb, \u00ab<em><strong>Ich denke, es ist sehr wichtig<\/strong><\/em>&quot;, Und &quot;<em><strong>Dies sollte auch f\u00fcr andere Serien gelten.<\/strong><\/em>Einige erinnerten sich sogar an einen Vorfall im Mai, als ein Mitarbeiter des Justizamts Kyoto nach einem Streit, der durch einen Manga-Spoiler ausgel\u00f6st wurde, verhaftet wurde, was die Relevanz dieser Art von Ank\u00fcndigung unterstreicht.<\/p>\n<p><iframe loading=\"lazy\" title=\"[\u63a8\u3057\u306e\u5b50]\u7b2c2\u671f\u30ce\u30f3\u30af\u30ec\u30b8\u30c3\u30c8\u30aa\u30fc\u30d7\u30cb\u30f3\u30b0\uff5cGEMN\u300c\u30d5\u30a1\u30bf\u30fc\u30eb\u300d\" width=\"500\" height=\"281\" src=\"https:\/\/www.youtube.com\/embed\/PAcf55v6zqQ?feature=oembed\" frameborder=\"0\" allow=\"accelerometer; autoplay; clipboard-write; encrypted-media; gyroscope; picture-in-picture; web-share\" referrerpolicy=\"strict-origin-when-cross-origin\" allowfullscreen><\/iframe><\/p>\n<p>Shueishas Warnung kommt auch zu einem entscheidenden Zeitpunkt, <strong>da der Manga vor kurzem seinen letzten Handlungsbogen erreicht hat<\/strong>Dies hat die Besorgnis der Fans hinsichtlich der bevorstehenden Entwicklungen der Geschichte verst\u00e4rkt. Angesichts dieser Situation hielt es der Verlag f\u00fcr ratsam, die Fans daran zu erinnern, R\u00fccksicht zu nehmen und anderen das Leseerlebnis nicht durch die \u00f6ffentliche Diskussion wichtiger Details zu verderben.<\/p>\n<p>Obwohl das Video nicht auf Fernsehkan\u00e4len oder Streaming-Diensten ausgestrahlt wurde, war es durch seine Exklusivit\u00e4t in der Live-\u00dcbertragung von ABEMA TV noch bemerkenswerter. <strong>Es ist unklar, ob die Anzeige in der n\u00e4chsten Folge wiederholt wird, aber die positive Reaktion und die Anerkennung der Bedeutung der Botschaft k\u00f6nnten zuk\u00fcnftige Entscheidungen beeinflussen.<\/strong><\/p>\n<p>Quelle: <strong>Yahoo! News Japan<\/strong><\/p>\n<\/div>\n<\/div>","protected":false},"excerpt":{"rendered":"<p>Diese Woche feierte die lang erwartete zweite Staffel des Anime \u201eOshi no Ko\u201c Premiere und sorgte bei Zuschauern und Fans f\u00fcr gro\u00dfe Begeisterung. Neben dem Inhalt des Anime erregte auch ein w\u00e4hrend der Ausstrahlung ausgestrahlter Werbespot die Aufmerksamkeit vieler Zuschauer. \u201eEine Bitte um Zusammenarbeit beim Manga \u201aOshi no Ko\u2018 an alle.\u201c \u201eMit dem Start der zweiten Staffel\u2026 <a class=\"more-link\" href=\"https:\/\/animangeek.com\/de\/oshi-no-ko-pede-que-nao-haja-spoilers\/\">Weiterlesen <span class=\"screen-reader-text\">Oshi no Ko bittet um keine Spoiler<\/span><\/a><\/p>","protected":false},"author":93,"featured_media":13837,"comment_status":"open","ping_status":"open","sticky":false,"template":"","format":"standard","meta":{"footnotes":""},"categories":[5],"tags":[444,1192,1449],"yoast_head":"<!-- This site is optimized with the Yoast SEO plugin v23.3 - https:\/\/yoast.com\/wordpress\/plugins\/seo\/ -->\n<title>Oshi no Ko pede que n\u00e3o haja spoilers - Animan Geek<\/title>\n<meta name=\"robots\" content=\"index, follow, max-snippet:-1, max-image-preview:large, max-video-preview:-1\" \/>\n<link rel=\"canonical\" href=\"https:\/\/animangeek.com\/de\/oshi-no-ko-pede-que-nao-haja-spoilers\/\" \/>\n<meta property=\"og:locale\" content=\"de_DE\" \/>\n<meta property=\"og:type\" content=\"article\" \/>\n<meta property=\"og:title\" content=\"Oshi no Ko pede que n\u00e3o haja spoilers - Animan Geek\" \/>\n<meta property=\"og:description\" content=\"Esta semana a t\u00e3o esperada estreia segunda temporada do anime \u201cOshi no Ko\u201dgerando grande entusiasmo entre espectadores e torcedores. Por\u00e9m, al\u00e9m do conte\u00fado do anime em si, um comercial veiculado durante a transmiss\u00e3o tamb\u00e9m chamou a aten\u00e7\u00e3o de muitos. \u00abPedido de colabora\u00e7\u00e3o para o mang\u00e1 \u2018Oshi no Ko\u2019 para todos\u00bb. \u00abCom o in\u00edcio da segunda&hellip; Continue reading Oshi no Ko pede que n\u00e3o haja spoilers\" \/>\n<meta property=\"og:url\" content=\"https:\/\/animangeek.com\/de\/oshi-no-ko-pede-que-nao-haja-spoilers\/\" \/>\n<meta property=\"og:site_name\" content=\"Animan Geek\" \/>\n<meta property=\"article:published_time\" content=\"2024-07-04T16:12:37+00:00\" \/>\n<meta property=\"article:modified_time\" content=\"2025-11-27T15:53:31+00:00\" \/>\n<meta property=\"og:image\" content=\"https:\/\/animangeek.com\/wp-content\/uploads\/sites\/106\/2024\/07\/Oshi-no-Ko-pede-que-nao-haja-spoilers.jpg\" \/>\n\t<meta property=\"og:image:width\" content=\"1920\" \/>\n\t<meta property=\"og:image:height\" content=\"1081\" \/>\n\t<meta property=\"og:image:type\" content=\"image\/jpeg\" \/>\n<meta name=\"author\" content=\"joaovitorjacintho1998\" \/>\n<meta name=\"twitter:card\" content=\"summary_large_image\" \/>\n<meta name=\"twitter:label1\" content=\"Written by\" \/>\n\t<meta name=\"twitter:data1\" content=\"joaovitorjacintho1998\" \/>\n\t<meta name=\"twitter:label2\" content=\"Est. reading time\" \/>\n\t<meta name=\"twitter:data2\" content=\"4 Minuten\" \/>\n<script type=\"application\/ld+json\" class=\"yoast-schema-graph\">{\"@context\":\"https:\/\/schema.org\",\"@graph\":[{\"@type\":\"WebPage\",\"@id\":\"https:\/\/animangeek.com\/oshi-no-ko-pede-que-nao-haja-spoilers\/\",\"url\":\"https:\/\/animangeek.com\/oshi-no-ko-pede-que-nao-haja-spoilers\/\",\"name\":\"Oshi no Ko pede que n\u00e3o haja spoilers - Animan Geek\",\"isPartOf\":{\"@id\":\"https:\/\/animangeek.com\/#website\"},\"primaryImageOfPage\":{\"@id\":\"https:\/\/animangeek.com\/oshi-no-ko-pede-que-nao-haja-spoilers\/#primaryimage\"},\"image\":{\"@id\":\"https:\/\/animangeek.com\/oshi-no-ko-pede-que-nao-haja-spoilers\/#primaryimage\"},\"thumbnailUrl\":\"https:\/\/animangeek.com\/wp-content\/uploads\/sites\/106\/2024\/07\/Oshi-no-Ko-pede-que-nao-haja-spoilers.jpg\",\"datePublished\":\"2024-07-04T16:12:37+00:00\",\"dateModified\":\"2025-11-27T15:53:31+00:00\",\"author\":{\"@id\":\"https:\/\/animangeek.com\/#\/schema\/person\/b0b94dcbe2f5caf90bfdf59817c675ed\"},\"breadcrumb\":{\"@id\":\"https:\/\/animangeek.com\/oshi-no-ko-pede-que-nao-haja-spoilers\/#breadcrumb\"},\"inLanguage\":\"de-DE\",\"potentialAction\":[{\"@type\":\"ReadAction\",\"target\":[\"https:\/\/animangeek.com\/oshi-no-ko-pede-que-nao-haja-spoilers\/\"]}]},{\"@type\":\"ImageObject\",\"inLanguage\":\"de-DE\",\"@id\":\"https:\/\/animangeek.com\/oshi-no-ko-pede-que-nao-haja-spoilers\/#primaryimage\",\"url\":\"https:\/\/animangeek.com\/wp-content\/uploads\/sites\/106\/2024\/07\/Oshi-no-Ko-pede-que-nao-haja-spoilers.jpg\",\"contentUrl\":\"https:\/\/animangeek.com\/wp-content\/uploads\/sites\/106\/2024\/07\/Oshi-no-Ko-pede-que-nao-haja-spoilers.jpg\",\"width\":1920,\"height\":1081},{\"@type\":\"BreadcrumbList\",\"@id\":\"https:\/\/animangeek.com\/oshi-no-ko-pede-que-nao-haja-spoilers\/#breadcrumb\",\"itemListElement\":[{\"@type\":\"ListItem\",\"position\":1,\"name\":\"Home\",\"item\":\"https:\/\/animangeek.com\/\"},{\"@type\":\"ListItem\",\"position\":2,\"name\":\"Oshi no Ko pede que n\u00e3o haja spoilers\"}]},{\"@type\":\"WebSite\",\"@id\":\"https:\/\/animangeek.com\/#website\",\"url\":\"https:\/\/animangeek.com\/\",\"name\":\"Animan Geek\",\"description\":\"\",\"potentialAction\":[{\"@type\":\"SearchAction\",\"target\":{\"@type\":\"EntryPoint\",\"urlTemplate\":\"https:\/\/animangeek.com\/?s={search_term_string}\"},\"query-input\":\"required name=search_term_string\"}],\"inLanguage\":\"de-DE\"},{\"@type\":\"Person\",\"@id\":\"https:\/\/animangeek.com\/#\/schema\/person\/b0b94dcbe2f5caf90bfdf59817c675ed\",\"name\":\"joaovitorjacintho1998\",\"image\":{\"@type\":\"ImageObject\",\"inLanguage\":\"de-DE\",\"@id\":\"https:\/\/animangeek.com\/#\/schema\/person\/image\/\",\"url\":\"https:\/\/secure.gravatar.com\/avatar\/2843227ca03ccf8cc7ccca45204c127e?s=96&d=mm&r=g\",\"contentUrl\":\"https:\/\/secure.gravatar.com\/avatar\/2843227ca03ccf8cc7ccca45204c127e?s=96&d=mm&r=g\",\"caption\":\"joaovitorjacintho1998\"},\"url\":\"https:\/\/animangeek.com\/de\/author\/joaovitorjacintho1998\/\"}]}<\/script>\n<!-- \/ Yoast SEO plugin. -->","yoast_head_json":{"title":"Oshi no Ko pede que n\u00e3o haja spoilers - Animan Geek","robots":{"index":"index","follow":"follow","max-snippet":"max-snippet:-1","max-image-preview":"max-image-preview:large","max-video-preview":"max-video-preview:-1"},"canonical":"https:\/\/animangeek.com\/de\/oshi-no-ko-pede-que-nao-haja-spoilers\/","og_locale":"de_DE","og_type":"article","og_title":"Oshi no Ko pede que n\u00e3o haja spoilers - Animan Geek","og_description":"Esta semana a t\u00e3o esperada estreia segunda temporada do anime \u201cOshi no Ko\u201dgerando grande entusiasmo entre espectadores e torcedores. Por\u00e9m, al\u00e9m do conte\u00fado do anime em si, um comercial veiculado durante a transmiss\u00e3o tamb\u00e9m chamou a aten\u00e7\u00e3o de muitos. \u00abPedido de colabora\u00e7\u00e3o para o mang\u00e1 \u2018Oshi no Ko\u2019 para todos\u00bb. \u00abCom o in\u00edcio da segunda&hellip; Continue reading Oshi no Ko pede que n\u00e3o haja spoilers","og_url":"https:\/\/animangeek.com\/de\/oshi-no-ko-pede-que-nao-haja-spoilers\/","og_site_name":"Animan Geek","article_published_time":"2024-07-04T16:12:37+00:00","article_modified_time":"2025-11-27T15:53:31+00:00","og_image":[{"width":1920,"height":1081,"url":"https:\/\/animangeek.com\/wp-content\/uploads\/sites\/106\/2024\/07\/Oshi-no-Ko-pede-que-nao-haja-spoilers.jpg","type":"image\/jpeg"}],"author":"joaovitorjacintho1998","twitter_card":"summary_large_image","twitter_misc":{"Written by":"joaovitorjacintho1998","Est. reading time":"4 Minuten"},"schema":{"@context":"https:\/\/schema.org","@graph":[{"@type":"WebPage","@id":"https:\/\/animangeek.com\/oshi-no-ko-pede-que-nao-haja-spoilers\/","url":"https:\/\/animangeek.com\/oshi-no-ko-pede-que-nao-haja-spoilers\/","name":"Oshi no Ko pede que n\u00e3o haja spoilers - Animan Geek","isPartOf":{"@id":"https:\/\/animangeek.com\/#website"},"primaryImageOfPage":{"@id":"https:\/\/animangeek.com\/oshi-no-ko-pede-que-nao-haja-spoilers\/#primaryimage"},"image":{"@id":"https:\/\/animangeek.com\/oshi-no-ko-pede-que-nao-haja-spoilers\/#primaryimage"},"thumbnailUrl":"https:\/\/animangeek.com\/wp-content\/uploads\/sites\/106\/2024\/07\/Oshi-no-Ko-pede-que-nao-haja-spoilers.jpg","datePublished":"2024-07-04T16:12:37+00:00","dateModified":"2025-11-27T15:53:31+00:00","author":{"@id":"https:\/\/animangeek.com\/#\/schema\/person\/b0b94dcbe2f5caf90bfdf59817c675ed"},"breadcrumb":{"@id":"https:\/\/animangeek.com\/oshi-no-ko-pede-que-nao-haja-spoilers\/#breadcrumb"},"inLanguage":"de-DE","potentialAction":[{"@type":"ReadAction","target":["https:\/\/animangeek.com\/oshi-no-ko-pede-que-nao-haja-spoilers\/"]}]},{"@type":"ImageObject","inLanguage":"de-DE","@id":"https:\/\/animangeek.com\/oshi-no-ko-pede-que-nao-haja-spoilers\/#primaryimage","url":"https:\/\/animangeek.com\/wp-content\/uploads\/sites\/106\/2024\/07\/Oshi-no-Ko-pede-que-nao-haja-spoilers.jpg","contentUrl":"https:\/\/animangeek.com\/wp-content\/uploads\/sites\/106\/2024\/07\/Oshi-no-Ko-pede-que-nao-haja-spoilers.jpg","width":1920,"height":1081},{"@type":"BreadcrumbList","@id":"https:\/\/animangeek.com\/oshi-no-ko-pede-que-nao-haja-spoilers\/#breadcrumb","itemListElement":[{"@type":"ListItem","position":1,"name":"Home","item":"https:\/\/animangeek.com\/"},{"@type":"ListItem","position":2,"name":"Oshi no Ko pede que n\u00e3o haja spoilers"}]},{"@type":"WebSite","@id":"https:\/\/animangeek.com\/#website","url":"https:\/\/animangeek.com\/","name":"Animan Geek","description":"","potentialAction":[{"@type":"SearchAction","target":{"@type":"EntryPoint","urlTemplate":"https:\/\/animangeek.com\/?s={search_term_string}"},"query-input":"required name=search_term_string"}],"inLanguage":"de-DE"},{"@type":"Person","@id":"https:\/\/animangeek.com\/#\/schema\/person\/b0b94dcbe2f5caf90bfdf59817c675ed","name":"joaovitorjacintho1998","image":{"@type":"ImageObject","inLanguage":"de-DE","@id":"https:\/\/animangeek.com\/#\/schema\/person\/image\/","url":"https:\/\/secure.gravatar.com\/avatar\/2843227ca03ccf8cc7ccca45204c127e?s=96&d=mm&r=g","contentUrl":"https:\/\/secure.gravatar.com\/avatar\/2843227ca03ccf8cc7ccca45204c127e?s=96&d=mm&r=g","caption":"joaovitorjacintho1998"},"url":"https:\/\/animangeek.com\/de\/author\/joaovitorjacintho1998\/"}]}},"_links":{"self":[{"href":"https:\/\/animangeek.com\/de\/wp-json\/wp\/v2\/posts\/13835"}],"collection":[{"href":"https:\/\/animangeek.com\/de\/wp-json\/wp\/v2\/posts"}],"about":[{"href":"https:\/\/animangeek.com\/de\/wp-json\/wp\/v2\/types\/post"}],"author":[{"embeddable":true,"href":"https:\/\/animangeek.com\/de\/wp-json\/wp\/v2\/users\/93"}],"replies":[{"embeddable":true,"href":"https:\/\/animangeek.com\/de\/wp-json\/wp\/v2\/comments?post=13835"}],"version-history":[{"count":1,"href":"https:\/\/animangeek.com\/de\/wp-json\/wp\/v2\/posts\/13835\/revisions"}],"predecessor-version":[{"id":20961,"href":"https:\/\/animangeek.com\/de\/wp-json\/wp\/v2\/posts\/13835\/revisions\/20961"}],"wp:featuredmedia":[{"embeddable":true,"href":"https:\/\/animangeek.com\/de\/wp-json\/wp\/v2\/media\/13837"}],"wp:attachment":[{"href":"https:\/\/animangeek.com\/de\/wp-json\/wp\/v2\/media?parent=13835"}],"wp:term":[{"taxonomy":"category","embeddable":true,"href":"https:\/\/animangeek.com\/de\/wp-json\/wp\/v2\/categories?post=13835"},{"taxonomy":"post_tag","embeddable":true,"href":"https:\/\/animangeek.com\/de\/wp-json\/wp\/v2\/tags?post=13835"}],"curies":[{"name":"wp","href":"https:\/\/api.w.org\/{rel}","templated":true}]}}