{"id":14145,"date":"2024-07-12T10:26:52","date_gmt":"2024-07-12T13:26:52","guid":{"rendered":"https:\/\/animangeek.com\/eiichiro-oda-recusou-a-oferta-inicial-de-adaptacao-de-anime-da-monster-em-consideracao-aos-fas-de-one-piece\/"},"modified":"2024-07-12T10:26:52","modified_gmt":"2024-07-12T13:26:52","slug":"eiichiro-oda-recusou-a-oferta-inicial-de-adaptacao-de-anime-da-monster-em-consideracao-aos-fas-de-one-piece","status":"publish","type":"post","link":"https:\/\/animangeek.com\/de\/eiichiro-oda-recusou-a-oferta-inicial-de-adaptacao-de-anime-da-monster-em-consideracao-aos-fas-de-one-piece\/","title":{"rendered":"Eiichiro Oda lehnte das urspr\u00fcngliche Angebot einer Anime-Adaption von MONSTER aus R\u00fccksicht auf One Piece-Fans ab"},"content":{"rendered":"<div class=\"mx-5 sm:mx-0 prose text-left mb-5\"><\/p>\n<div data-postid=\"85435\">\n<p>In einem k\u00fcrzlichen Interview verriet Eiichiro Oda, dass er zun\u00e4chst ein Angebot zur Adaption seines One-Shots abgelehnt hatte. <strong><em>MONSTER<\/em><\/strong>  in einem Anime vor \u00fcber einem Jahrzehnt. <\/p>\n<p>Oda sagte, dass er vor mehr als zehn Jahren w\u00e4hrend der Jump Festa oder einer Anime-Tour ein Angebot zur Animation erhielt <strong><em>MONSTER<\/em><\/strong>. Er lehnte das Angebot jedoch ab, da seine Hauptsorge darin bestand, dass Fans von <strong><em>Ein St\u00fcck<\/em><\/strong>  Vielleicht gef\u00e4llt Ihnen eine eigenst\u00e4ndige Geschichte vom Beginn Ihrer Karriere nicht.<\/p>\n<p>\u201e\u2026<em>Lange bevor diese Adaption stattfand, vor \u00fcber zehn Jahren, war das beim Jump Festa oder einer Anime-Tour? Es gab ein Angebot, MONSTERS zu animieren. Aber ich habe es damals abgelehnt. Ich dachte, es w\u00fcrde keinen Spa\u00df machen, dem Publikum, das gespannt auf ONE PIECE wartete, etwas zu zeigen, das ich in meiner Jugend geschaffen hatte (lacht).<\/em>\u201e<\/p>\n<p>Er erl\u00e4uterte seinen Gedankengang anhand einer pers\u00f6nlichen Anekdote. Er erinnerte sich an die Teilnahme an einer Anime-Tour f\u00fcr Akira Toriyama und daran, wie begeistert er war, als einer von Toriyamas fr\u00fcheren One-Shots als Anime adaptiert wurde. <\/p>\n<p>Trotzdem teilte Oda mit, dass er sich nicht vorstellen k\u00f6nne, <strong><em>Ein St\u00fcck<\/em><\/strong>  Fans f\u00fchlen das gleiche \u00fcber <strong><em>MONSTER<\/em><\/strong>  damals.<\/p>\n<p>Diskussionen \u00fcber die Anime-Adaption tauchten nach dem Abschluss des Wano Country Arc in <strong><em>Ein St\u00fcck<\/em><\/strong>wodurch Verbindungen zum Thriller Bark Arc hergestellt wurden. <\/p>\n<p>Laut Oda war dies der perfekte Zeitpunkt, um gr\u00fcnes Licht f\u00fcr die Adaption zu geben, da er <strong><em>MONSTER<\/em><\/strong>  als passende <strong><em>Ein St\u00fcck<\/em><\/strong>  Untergeschichte.<\/p>\n<p>\u201e<em>Ich habe einfach gr\u00fcnes Licht gegeben, aber nicht wirklich erkl\u00e4rt, welche Verbindung ONE PIECE zu ihnen hat. Aber dann tauchte Zoro am Ende im Storyboard auf, das sie mir geschickt haben, und ich dachte: \u201eJa, das ist perfekt.\u201c<\/em>\u201c, f\u00fcgte er hinzu.<\/p>\n<div class=\"wp-block-image\">\n<figure class=\"aligncenter size-full\"><img fetchpriority=\"high\" decoding=\"async\" width=\"486\" height=\"720\" alt=\"anime MONSTROS\" class=\"wp-image-76016 lzl\"  data-lzl- src=\"https:\/\/animangeek.com\/wp-content\/uploads\/2024\/07\/Eiichiro-Oda-recusou-a-oferta-inicial-de-adaptacao-de-anime.jpg\"><noscript lzl=\"\"><img fetchpriority=\"high\" decoding=\"async\" width=\"486\" height=\"720\" src=\"https:\/\/animangeek.com\/wp-content\/uploads\/2024\/07\/Eiichiro-Oda-recusou-a-oferta-inicial-de-adaptacao-de-anime.jpg\" alt=\"anime MONSTROS\" class=\"wp-image-76016\"  ><\/noscript><figcaption class=\"wp-element-caption\"> <\/figcaption><\/figure>\n<\/div>\n<p>Die Anime-Adaption von &#039;<strong><em>MONSTER<\/em><\/strong>&#039; Manga mit dem Titel <strong><em>MONSTER: 103 Gnaden, Drachenverh\u00e4ngnis<\/em><\/strong>Premiere auf Netflix am 22. Januar 2024.<\/p>\n<p>Der Anime wurde von Sunghoo Park gedreht, bekannt f\u00fcr die Regie <strong><em>Jujutsu Kaisen<\/em><\/strong> Staffel 1 und <strong><em>Jujutsu Kaisen 0<\/em><\/strong>.<\/p>\n<p>Der Anime wurde von E&amp;H Production produziert.<\/p>\n<p><strong><em>M<\/em><\/strong><em><strong>ONSTERS<\/strong><\/em>  ist ein One-Shot-Manga von Eiichiro Oda, der erstmals im Shonen Jump Autumn Special 1994 erschien. Sp\u00e4ter wurde er 1998 als Teil von \u201eWanted!\u201c neu aufgelegt, einer Zusammenstellung von Odas Werken vor One Piece.<\/p>\n<p>Im Rahmen der One Piece 100 We Are ONE-Feierlichkeiten wird eine Synchron-Comic-Adaption von \u201e<strong><em>MONSTER<\/em><\/strong>\u201e\u201c wurde produziert. Die Adaption wurde in zwei Teilen am 6. und 7. September 2021 auf dem Jump Comics Channel ver\u00f6ffentlicht.<\/p>\n<p>Quelle: <a rel=\"nofollow noopener\" target=\"_blank\" href=\"https:\/\/x.com\/pewpiece\/status\/1811540597620023663\">X<\/a><\/p>\n<\/p><\/div>\n<p><\/div>","protected":false},"excerpt":{"rendered":"<p>In einem aktuellen Interview verriet Eiichiro Oda, dass er vor \u00fcber einem Jahrzehnt zun\u00e4chst ein Angebot abgelehnt hatte, seinen One-Shot \u201eMONSTERS\u201c als Anime zu adaptieren. Oda sagte, dass er vor \u00fcber zehn Jahren w\u00e4hrend der Jump Festa, einer Anime-Tour, ein Angebot erhalten habe, \u201eMONSTERS\u201c zu animieren. Er lehnte das Angebot jedoch ab, weil \u2026 <a class=\"more-link\" href=\"https:\/\/animangeek.com\/de\/eiichiro-oda-recusou-a-oferta-inicial-de-adaptacao-de-anime-da-monster-em-consideracao-aos-fas-de-one-piece\/\">Weiterlesen <span class=\"screen-reader-text\">Eiichiro Oda lehnte das urspr\u00fcngliche Angebot einer Anime-Adaption von MONSTER aus R\u00fccksicht auf One Piece-Fans ab<\/span><\/a><\/p>","protected":false},"author":0,"featured_media":14146,"comment_status":"open","ping_status":"open","sticky":false,"template":"","format":"standard","meta":{"footnotes":""},"categories":[3],"tags":[],"yoast_head":"<!-- This site is optimized with the Yoast SEO plugin v23.3 - https:\/\/yoast.com\/wordpress\/plugins\/seo\/ -->\n<title>Eiichiro Oda recusou a oferta inicial de adapta\u00e7\u00e3o de anime da MONSTER em considera\u00e7\u00e3o aos f\u00e3s de One Piece - Animan Geek<\/title>\n<meta name=\"robots\" content=\"index, follow, max-snippet:-1, max-image-preview:large, max-video-preview:-1\" \/>\n<link rel=\"canonical\" href=\"https:\/\/animangeek.com\/de\/eiichiro-oda-recusou-a-oferta-inicial-de-adaptacao-de-anime-da-monster-em-consideracao-aos-fas-de-one-piece\/\" \/>\n<meta property=\"og:locale\" content=\"de_DE\" \/>\n<meta property=\"og:type\" content=\"article\" \/>\n<meta property=\"og:title\" content=\"Eiichiro Oda recusou a oferta inicial de adapta\u00e7\u00e3o de anime da MONSTER em considera\u00e7\u00e3o aos f\u00e3s de One Piece - Animan Geek\" \/>\n<meta property=\"og:description\" content=\"Em uma entrevista recente, Eiichiro Oda revelou que inicialmente recusou uma oferta para adaptar seu one-shot MONSTROS em um anime h\u00e1 mais de uma d\u00e9cada. Oda contou que h\u00e1 mais de dez anos, durante a Jump Festa ou uma Anime Tour, ele recebeu uma oferta para animar MONSTROS. No entanto, ele recusou a oferta, pois&hellip; Continue reading Eiichiro Oda recusou a oferta inicial de adapta\u00e7\u00e3o de anime da MONSTER em considera\u00e7\u00e3o aos f\u00e3s de One Piece\" \/>\n<meta property=\"og:url\" content=\"https:\/\/animangeek.com\/de\/eiichiro-oda-recusou-a-oferta-inicial-de-adaptacao-de-anime-da-monster-em-consideracao-aos-fas-de-one-piece\/\" \/>\n<meta property=\"og:site_name\" content=\"Animan Geek\" \/>\n<meta property=\"article:published_time\" content=\"2024-07-12T13:26:52+00:00\" \/>\n<meta property=\"og:image\" content=\"https:\/\/animangeek.com\/wp-content\/uploads\/sites\/106\/2024\/07\/1720790813_Eiichiro-Oda-recusou-a-oferta-inicial-de-adaptacao-de-anime.jpg\" \/>\n\t<meta property=\"og:image:width\" content=\"980\" \/>\n\t<meta property=\"og:image:height\" content=\"550\" \/>\n\t<meta property=\"og:image:type\" content=\"image\/jpeg\" \/>\n<meta name=\"twitter:card\" content=\"summary_large_image\" \/>\n<meta name=\"twitter:label1\" content=\"Est. reading time\" \/>\n\t<meta name=\"twitter:data1\" content=\"2 Minuten\" \/>\n<script type=\"application\/ld+json\" class=\"yoast-schema-graph\">{\"@context\":\"https:\/\/schema.org\",\"@graph\":[{\"@type\":\"WebPage\",\"@id\":\"https:\/\/animangeek.com\/eiichiro-oda-recusou-a-oferta-inicial-de-adaptacao-de-anime-da-monster-em-consideracao-aos-fas-de-one-piece\/\",\"url\":\"https:\/\/animangeek.com\/eiichiro-oda-recusou-a-oferta-inicial-de-adaptacao-de-anime-da-monster-em-consideracao-aos-fas-de-one-piece\/\",\"name\":\"Eiichiro Oda recusou a oferta inicial de adapta\u00e7\u00e3o de anime da MONSTER em considera\u00e7\u00e3o aos f\u00e3s de One Piece - Animan Geek\",\"isPartOf\":{\"@id\":\"https:\/\/animangeek.com\/#website\"},\"primaryImageOfPage\":{\"@id\":\"https:\/\/animangeek.com\/eiichiro-oda-recusou-a-oferta-inicial-de-adaptacao-de-anime-da-monster-em-consideracao-aos-fas-de-one-piece\/#primaryimage\"},\"image\":{\"@id\":\"https:\/\/animangeek.com\/eiichiro-oda-recusou-a-oferta-inicial-de-adaptacao-de-anime-da-monster-em-consideracao-aos-fas-de-one-piece\/#primaryimage\"},\"thumbnailUrl\":\"https:\/\/animangeek.com\/wp-content\/uploads\/sites\/106\/2024\/07\/1720790813_Eiichiro-Oda-recusou-a-oferta-inicial-de-adaptacao-de-anime.jpg\",\"datePublished\":\"2024-07-12T13:26:52+00:00\",\"dateModified\":\"2024-07-12T13:26:52+00:00\",\"author\":{\"@id\":\"\"},\"breadcrumb\":{\"@id\":\"https:\/\/animangeek.com\/eiichiro-oda-recusou-a-oferta-inicial-de-adaptacao-de-anime-da-monster-em-consideracao-aos-fas-de-one-piece\/#breadcrumb\"},\"inLanguage\":\"de-DE\",\"potentialAction\":[{\"@type\":\"ReadAction\",\"target\":[\"https:\/\/animangeek.com\/eiichiro-oda-recusou-a-oferta-inicial-de-adaptacao-de-anime-da-monster-em-consideracao-aos-fas-de-one-piece\/\"]}]},{\"@type\":\"ImageObject\",\"inLanguage\":\"de-DE\",\"@id\":\"https:\/\/animangeek.com\/eiichiro-oda-recusou-a-oferta-inicial-de-adaptacao-de-anime-da-monster-em-consideracao-aos-fas-de-one-piece\/#primaryimage\",\"url\":\"https:\/\/animangeek.com\/wp-content\/uploads\/sites\/106\/2024\/07\/1720790813_Eiichiro-Oda-recusou-a-oferta-inicial-de-adaptacao-de-anime.jpg\",\"contentUrl\":\"https:\/\/animangeek.com\/wp-content\/uploads\/sites\/106\/2024\/07\/1720790813_Eiichiro-Oda-recusou-a-oferta-inicial-de-adaptacao-de-anime.jpg\",\"width\":980,\"height\":550},{\"@type\":\"BreadcrumbList\",\"@id\":\"https:\/\/animangeek.com\/eiichiro-oda-recusou-a-oferta-inicial-de-adaptacao-de-anime-da-monster-em-consideracao-aos-fas-de-one-piece\/#breadcrumb\",\"itemListElement\":[{\"@type\":\"ListItem\",\"position\":1,\"name\":\"Home\",\"item\":\"https:\/\/animangeek.com\/\"},{\"@type\":\"ListItem\",\"position\":2,\"name\":\"Eiichiro Oda recusou a oferta inicial de adapta\u00e7\u00e3o de anime da MONSTER em considera\u00e7\u00e3o aos f\u00e3s de One Piece\"}]},{\"@type\":\"WebSite\",\"@id\":\"https:\/\/animangeek.com\/#website\",\"url\":\"https:\/\/animangeek.com\/\",\"name\":\"Animan Geek\",\"description\":\"\",\"potentialAction\":[{\"@type\":\"SearchAction\",\"target\":{\"@type\":\"EntryPoint\",\"urlTemplate\":\"https:\/\/animangeek.com\/?s={search_term_string}\"},\"query-input\":\"required name=search_term_string\"}],\"inLanguage\":\"de-DE\"}]}<\/script>\n<!-- \/ Yoast SEO plugin. -->","yoast_head_json":{"title":"Eiichiro Oda recusou a oferta inicial de adapta\u00e7\u00e3o de anime da MONSTER em considera\u00e7\u00e3o aos f\u00e3s de One Piece - Animan Geek","robots":{"index":"index","follow":"follow","max-snippet":"max-snippet:-1","max-image-preview":"max-image-preview:large","max-video-preview":"max-video-preview:-1"},"canonical":"https:\/\/animangeek.com\/de\/eiichiro-oda-recusou-a-oferta-inicial-de-adaptacao-de-anime-da-monster-em-consideracao-aos-fas-de-one-piece\/","og_locale":"de_DE","og_type":"article","og_title":"Eiichiro Oda recusou a oferta inicial de adapta\u00e7\u00e3o de anime da MONSTER em considera\u00e7\u00e3o aos f\u00e3s de One Piece - Animan Geek","og_description":"Em uma entrevista recente, Eiichiro Oda revelou que inicialmente recusou uma oferta para adaptar seu one-shot MONSTROS em um anime h\u00e1 mais de uma d\u00e9cada. Oda contou que h\u00e1 mais de dez anos, durante a Jump Festa ou uma Anime Tour, ele recebeu uma oferta para animar MONSTROS. No entanto, ele recusou a oferta, pois&hellip; Continue reading Eiichiro Oda recusou a oferta inicial de adapta\u00e7\u00e3o de anime da MONSTER em considera\u00e7\u00e3o aos f\u00e3s de One Piece","og_url":"https:\/\/animangeek.com\/de\/eiichiro-oda-recusou-a-oferta-inicial-de-adaptacao-de-anime-da-monster-em-consideracao-aos-fas-de-one-piece\/","og_site_name":"Animan Geek","article_published_time":"2024-07-12T13:26:52+00:00","og_image":[{"width":980,"height":550,"url":"https:\/\/animangeek.com\/wp-content\/uploads\/sites\/106\/2024\/07\/1720790813_Eiichiro-Oda-recusou-a-oferta-inicial-de-adaptacao-de-anime.jpg","type":"image\/jpeg"}],"twitter_card":"summary_large_image","twitter_misc":{"Est. reading time":"2 Minuten"},"schema":{"@context":"https:\/\/schema.org","@graph":[{"@type":"WebPage","@id":"https:\/\/animangeek.com\/eiichiro-oda-recusou-a-oferta-inicial-de-adaptacao-de-anime-da-monster-em-consideracao-aos-fas-de-one-piece\/","url":"https:\/\/animangeek.com\/eiichiro-oda-recusou-a-oferta-inicial-de-adaptacao-de-anime-da-monster-em-consideracao-aos-fas-de-one-piece\/","name":"Eiichiro Oda recusou a oferta inicial de adapta\u00e7\u00e3o de anime da MONSTER em considera\u00e7\u00e3o aos f\u00e3s de One Piece - Animan Geek","isPartOf":{"@id":"https:\/\/animangeek.com\/#website"},"primaryImageOfPage":{"@id":"https:\/\/animangeek.com\/eiichiro-oda-recusou-a-oferta-inicial-de-adaptacao-de-anime-da-monster-em-consideracao-aos-fas-de-one-piece\/#primaryimage"},"image":{"@id":"https:\/\/animangeek.com\/eiichiro-oda-recusou-a-oferta-inicial-de-adaptacao-de-anime-da-monster-em-consideracao-aos-fas-de-one-piece\/#primaryimage"},"thumbnailUrl":"https:\/\/animangeek.com\/wp-content\/uploads\/sites\/106\/2024\/07\/1720790813_Eiichiro-Oda-recusou-a-oferta-inicial-de-adaptacao-de-anime.jpg","datePublished":"2024-07-12T13:26:52+00:00","dateModified":"2024-07-12T13:26:52+00:00","author":{"@id":""},"breadcrumb":{"@id":"https:\/\/animangeek.com\/eiichiro-oda-recusou-a-oferta-inicial-de-adaptacao-de-anime-da-monster-em-consideracao-aos-fas-de-one-piece\/#breadcrumb"},"inLanguage":"de-DE","potentialAction":[{"@type":"ReadAction","target":["https:\/\/animangeek.com\/eiichiro-oda-recusou-a-oferta-inicial-de-adaptacao-de-anime-da-monster-em-consideracao-aos-fas-de-one-piece\/"]}]},{"@type":"ImageObject","inLanguage":"de-DE","@id":"https:\/\/animangeek.com\/eiichiro-oda-recusou-a-oferta-inicial-de-adaptacao-de-anime-da-monster-em-consideracao-aos-fas-de-one-piece\/#primaryimage","url":"https:\/\/animangeek.com\/wp-content\/uploads\/sites\/106\/2024\/07\/1720790813_Eiichiro-Oda-recusou-a-oferta-inicial-de-adaptacao-de-anime.jpg","contentUrl":"https:\/\/animangeek.com\/wp-content\/uploads\/sites\/106\/2024\/07\/1720790813_Eiichiro-Oda-recusou-a-oferta-inicial-de-adaptacao-de-anime.jpg","width":980,"height":550},{"@type":"BreadcrumbList","@id":"https:\/\/animangeek.com\/eiichiro-oda-recusou-a-oferta-inicial-de-adaptacao-de-anime-da-monster-em-consideracao-aos-fas-de-one-piece\/#breadcrumb","itemListElement":[{"@type":"ListItem","position":1,"name":"Home","item":"https:\/\/animangeek.com\/"},{"@type":"ListItem","position":2,"name":"Eiichiro Oda recusou a oferta inicial de adapta\u00e7\u00e3o de anime da MONSTER em considera\u00e7\u00e3o aos f\u00e3s de One Piece"}]},{"@type":"WebSite","@id":"https:\/\/animangeek.com\/#website","url":"https:\/\/animangeek.com\/","name":"Animan Geek","description":"","potentialAction":[{"@type":"SearchAction","target":{"@type":"EntryPoint","urlTemplate":"https:\/\/animangeek.com\/?s={search_term_string}"},"query-input":"required name=search_term_string"}],"inLanguage":"de-DE"}]}},"_links":{"self":[{"href":"https:\/\/animangeek.com\/de\/wp-json\/wp\/v2\/posts\/14145"}],"collection":[{"href":"https:\/\/animangeek.com\/de\/wp-json\/wp\/v2\/posts"}],"about":[{"href":"https:\/\/animangeek.com\/de\/wp-json\/wp\/v2\/types\/post"}],"replies":[{"embeddable":true,"href":"https:\/\/animangeek.com\/de\/wp-json\/wp\/v2\/comments?post=14145"}],"version-history":[{"count":0,"href":"https:\/\/animangeek.com\/de\/wp-json\/wp\/v2\/posts\/14145\/revisions"}],"wp:featuredmedia":[{"embeddable":true,"href":"https:\/\/animangeek.com\/de\/wp-json\/wp\/v2\/media\/14146"}],"wp:attachment":[{"href":"https:\/\/animangeek.com\/de\/wp-json\/wp\/v2\/media?parent=14145"}],"wp:term":[{"taxonomy":"category","embeddable":true,"href":"https:\/\/animangeek.com\/de\/wp-json\/wp\/v2\/categories?post=14145"},{"taxonomy":"post_tag","embeddable":true,"href":"https:\/\/animangeek.com\/de\/wp-json\/wp\/v2\/tags?post=14145"}],"curies":[{"name":"wp","href":"https:\/\/api.w.org\/{rel}","templated":true}]}}