{"id":14221,"date":"2024-07-12T22:49:32","date_gmt":"2024-07-13T01:49:32","guid":{"rendered":"https:\/\/animangeek.com\/girls-band-cry-ja-esta-com-problemas\/"},"modified":"2024-07-12T22:49:32","modified_gmt":"2024-07-13T01:49:32","slug":"girls-band-cry-ja-esta-com-problemas","status":"publish","type":"post","link":"https:\/\/animangeek.com\/de\/girls-band-cry-ja-esta-com-problemas\/","title":{"rendered":"Die M\u00e4dchenband Cry steckt bereits in Schwierigkeiten"},"content":{"rendered":"<div class=\"mx-5 sm:mx-0 prose text-left mb-5\"><\/p>\n<div>\n<p>Das Franchise \u201e<strong>Frauenband weint<\/strong>&quot;, einer der beliebtesten Anime-Stars, gab eine wichtige Erkl\u00e4rung ab, die seine Anh\u00e4nger beunruhigte. Die Hauptband, <strong>Togenashi Togeari<\/strong>bestehend aus <strong>K\u00e4mpfen<\/strong>, <strong>Ich sah<\/strong>, <strong>Juri<\/strong>, <strong>Shuri<\/strong> Und <strong>Natsu<\/strong>wird aus gesundheitlichen Gr\u00fcnden mit erheblichen \u00c4nderungen in der Besetzung konfrontiert sein.<\/p>\n<p><strong>Mirei und Natsu<\/strong>, die zuletzt aufgrund gesundheitlicher Probleme abwesend waren, wurden von \u00c4rzten untersucht und es wurde festgestellt, dass sie ihre Aktivit\u00e4ten derzeit nicht fortsetzen k\u00f6nnen. F\u00fcr ihn <strong>beschlossen, ihrer Gesundheit Priorit\u00e4t einzur\u00e4umen und eine unbefristete Pause einzulegen, um sich zu erholen<\/strong>. Dennoch, <strong>Rina, Yuuri und Shuri<\/strong> Sie werden die Aktivit\u00e4ten der Band fortsetzen.<\/p>\n<p>In der Erkl\u00e4rung hei\u00dft es:<\/p>\n<ul>\n<li>\u00ab<em>Wir sind Togenashi Togeari f\u00fcr seine Unterst\u00fctzung stets dankbar. Mirei und Natsu, die abwesend waren, k\u00f6nnen ihre Aktivit\u00e4ten aufgrund gesundheitlicher Probleme gem\u00e4\u00df medizinischer Einsch\u00e4tzung nicht fortsetzen. <strong>Da ihre Genesung Priorit\u00e4t hat, haben wir entschieden, dass sie eine Pause auf unbestimmte Zeit einlegen.<\/strong> W\u00e4hrend dieser Zeit werden Rina, Yuuri und Shuri ihre Aktivit\u00e4ten fortsetzen. Wir entschuldigen uns f\u00fcr die entstandenen Sorgen und Unannehmlichkeiten bei Fans und Beteiligten. Wir danken f\u00fcr Ihr Verst\u00e4ndnis und bitten Sie, Togenashi Togeari weiterhin tatkr\u00e4ftig zu unterst\u00fctzen.<\/em>\u00bb.<\/li>\n<\/ul>\n<div class=\"wp-block-image\">\n<figure class=\"aligncenter size-full\"><img loading=\"lazy\" decoding=\"async\" width=\"1280\" height=\"720\" src=\"http:\/\/animangeek.com\/wp-content\/uploads\/sites\/106\/2024\/07\/Girls-Band-Cry-ja-esta-com-problemas.png\" alt=\"\" class=\"wp-image-333112\"  \/><\/figure>\n<\/div>\n<p><strong>\u201eGirl Band Cry\u201c<\/strong>erstellt und produziert von <strong>Toei Animation<\/strong>ist eine Original-Anime-Serie unter der Regie von <strong>Kazuo Sakai<\/strong> und geschrieben von <strong>Jukki Hanada<\/strong>mit Charakterdesigns von <strong>Nari Teshima<\/strong>CGI-Regie von <strong>Mari Kondo und Jae Hoon Jung<\/strong>und Musik komponiert von <strong>Kenji Tamai<\/strong>Die Ausstrahlung erfolgte in der Fernsehsaison Fr\u00fchjahr 2024 (April-Juni) in Japan.<\/p>\n<p>Die Serie erz\u00e4hlt die Geschichte von <strong>Nina Iseri<\/strong>, ein 17-j\u00e4hriges M\u00e4dchen auf der Suche nach dem Sinn ihres Lebens und m\u00f6chte an eine gute Universit\u00e4t gehen. Ihr erster Tag in Tokio ist jedoch voller Schwierigkeiten, bis sie trifft <strong>Momoka Kawaragi<\/strong>Ihr Lieblingsgitarrist. <strong>Gemeinsam beschlie\u00dfen sie, eine Band zu gr\u00fcnden, mit Subaru Awa als Schlagzeuger, Tomo Ebizuka am Keyboard und Rupa am Bass.<\/strong>Die f\u00fcnf M\u00e4dchen stehen sowohl in der Musikbranche als auch in ihrem Privatleben vor unz\u00e4hligen Herausforderungen, aber ihre Leidenschaft f\u00fcr die Musik treibt sie an, niemals aufzugeben.<\/p>\n<p>Fans dr\u00fcckten ihre Besorgnis und Unterst\u00fctzung durch verschiedene Kommentare aus, beispielsweise:<\/p>\n<ul>\n<li>\u00ab<em>Wir freuen uns auf Ihre Genesung. Passen Sie gut auf sich auf!<\/em>\u00bb.<\/li>\n<li>\u00ab<em>Ich hoffe, ihr erholt euch bald wieder... Ich w\u00fcrde mich freuen, euch bei der n\u00e4chsten Show wiederzusehen! Das Wichtigste ist, dass ihr euch ohne Probleme erholt!<\/em>\u00bb.<\/li>\n<li>\u00ab<em>Ich bete f\u00fcr eure Genesung. Ich unterst\u00fctze immer alle bei Togetoge.<\/em>\u00bb.<\/li>\n<li>\u00ab<em>Lass es uns langsam angehen. Wir werden immer warten<\/em>\u00bb.<\/li>\n<li>\u00ab<em>Es ist toll, dass sie so viel zu tun haben, aber ich denke auch, dass es sie sehr unter Druck setzt. Bitte, Crew und Produktionsteam, k\u00fcmmert euch um das k\u00f6rperliche und seelische Wohlbefinden der Mitglieder. Wir werden immer auf euch warten, also sorgt daf\u00fcr, dass ihr eure Aktivit\u00e4ten stressfrei fortsetzt.<\/em>\u00bb.<\/li>\n<li>\u00ab<em>Ich unterst\u00fctze dich immer stillschweigend. Bitte k\u00fcmmere dich zuerst um deine Gesundheit. Beeil dich nicht, dich ohne Eile zu erholen.<\/em>\u00bb.<\/li>\n<li>\u00ab<em>Passt auf euch auf \u2026 Ich warte auf den Tag, an dem ihr f\u00fcnf gemeinsam in einer Show auftreten k\u00f6nnt.<\/em>\u00bb.<\/li>\n<li>\u00ab<em>Manchmal ist auch Ruhe wichtig. Beeilen Sie sich nicht, um sich zu erholen.<\/em>\u00bb.<\/li>\n<li>\u00ab<em>Es ist wichtig, sich eine Pause zu g\u00f6nnen und sich gut zu erholen. Den anderen drei Mitgliedern geht es auch gut, also wird Togetoge gut zurechtkommen!<\/em>\u00bb.<\/li>\n<\/ul>\n<p>Quelle: <strong><a rel=\"nofollow noopener\" target=\"_blank\" href=\"http:\/\/blog.esuteru.com\/archives\/10237524.html\">Hachika Kikou<\/a><\/strong><\/p>\n<\/div>\n<p><\/div>","protected":false},"excerpt":{"rendered":"<p>Das \u201eGirl Band Cry\u201c-Franchise, eines der beliebtesten der Anime-Welt, hat eine wichtige Erkl\u00e4rung abgegeben, die seine Fans beunruhigt. Die Hauptband Togenashi Togeari, bestehend aus Lutar, Mirei, Yuri, Shuri und Natsu, muss aufgrund gesundheitlicher Probleme mit erheblichen Ver\u00e4nderungen in ihrer Besetzung rechnen. Mirei und Natsu, die zuletzt aus gesundheitlichen Gr\u00fcnden abwesend waren,\u2026 <a class=\"more-link\" href=\"https:\/\/animangeek.com\/de\/girls-band-cry-ja-esta-com-problemas\/\">Weiterlesen <span class=\"screen-reader-text\">Die M\u00e4dchenband Cry steckt bereits in Schwierigkeiten<\/span><\/a><\/p>","protected":false},"author":0,"featured_media":14222,"comment_status":"open","ping_status":"open","sticky":false,"template":"","format":"standard","meta":{"footnotes":""},"categories":[5],"tags":[119,244],"yoast_head":"<!-- This site is optimized with the Yoast SEO plugin v23.3 - https:\/\/yoast.com\/wordpress\/plugins\/seo\/ -->\n<title>Girls Band Cry j\u00e1 est\u00e1 com problemas - Animan Geek<\/title>\n<meta name=\"robots\" content=\"index, follow, max-snippet:-1, max-image-preview:large, max-video-preview:-1\" \/>\n<link rel=\"canonical\" href=\"https:\/\/animangeek.com\/de\/girls-band-cry-ja-esta-com-problemas\/\" \/>\n<meta property=\"og:locale\" content=\"de_DE\" \/>\n<meta property=\"og:type\" content=\"article\" \/>\n<meta property=\"og:title\" content=\"Girls Band Cry j\u00e1 est\u00e1 com problemas - Animan Geek\" \/>\n<meta property=\"og:description\" content=\"A franquia &#8220;Banda feminina chora\u201c, uma das mais queridas do mundo dos animes, emitiu um comunicado importante que deixou seus seguidores preocupados. A banda principal, Togenashi Togearicomposta por Lutar, Mirei, Yuri, Shuri e natsuenfrentar\u00e1 mudan\u00e7as significativas em sua escala\u00e7\u00e3o devido a problemas de sa\u00fade. Mirei e Natsu, que estavam ausentes recentemente por problemas de sa\u00fade,&hellip; Continue reading Girls Band Cry j\u00e1 est\u00e1 com problemas\" \/>\n<meta property=\"og:url\" content=\"https:\/\/animangeek.com\/de\/girls-band-cry-ja-esta-com-problemas\/\" \/>\n<meta property=\"og:site_name\" content=\"Animan Geek\" \/>\n<meta property=\"article:published_time\" content=\"2024-07-13T01:49:32+00:00\" \/>\n<meta property=\"og:image\" content=\"https:\/\/animangeek.com\/wp-content\/uploads\/sites\/106\/2024\/07\/Girls-Band-Cry-ja-esta-com-problemas.jpg\" \/>\n\t<meta property=\"og:image:width\" content=\"1920\" \/>\n\t<meta property=\"og:image:height\" content=\"1080\" \/>\n\t<meta property=\"og:image:type\" content=\"image\/jpeg\" \/>\n<meta name=\"twitter:card\" content=\"summary_large_image\" \/>\n<meta name=\"twitter:label1\" content=\"Est. reading time\" \/>\n\t<meta name=\"twitter:data1\" content=\"3 Minuten\" \/>\n<script type=\"application\/ld+json\" class=\"yoast-schema-graph\">{\"@context\":\"https:\/\/schema.org\",\"@graph\":[{\"@type\":\"WebPage\",\"@id\":\"https:\/\/animangeek.com\/girls-band-cry-ja-esta-com-problemas\/\",\"url\":\"https:\/\/animangeek.com\/girls-band-cry-ja-esta-com-problemas\/\",\"name\":\"Girls Band Cry j\u00e1 est\u00e1 com problemas - Animan Geek\",\"isPartOf\":{\"@id\":\"https:\/\/animangeek.com\/#website\"},\"primaryImageOfPage\":{\"@id\":\"https:\/\/animangeek.com\/girls-band-cry-ja-esta-com-problemas\/#primaryimage\"},\"image\":{\"@id\":\"https:\/\/animangeek.com\/girls-band-cry-ja-esta-com-problemas\/#primaryimage\"},\"thumbnailUrl\":\"https:\/\/animangeek.com\/wp-content\/uploads\/sites\/106\/2024\/07\/Girls-Band-Cry-ja-esta-com-problemas.jpg\",\"datePublished\":\"2024-07-13T01:49:32+00:00\",\"dateModified\":\"2024-07-13T01:49:32+00:00\",\"author\":{\"@id\":\"\"},\"breadcrumb\":{\"@id\":\"https:\/\/animangeek.com\/girls-band-cry-ja-esta-com-problemas\/#breadcrumb\"},\"inLanguage\":\"de-DE\",\"potentialAction\":[{\"@type\":\"ReadAction\",\"target\":[\"https:\/\/animangeek.com\/girls-band-cry-ja-esta-com-problemas\/\"]}]},{\"@type\":\"ImageObject\",\"inLanguage\":\"de-DE\",\"@id\":\"https:\/\/animangeek.com\/girls-band-cry-ja-esta-com-problemas\/#primaryimage\",\"url\":\"https:\/\/animangeek.com\/wp-content\/uploads\/sites\/106\/2024\/07\/Girls-Band-Cry-ja-esta-com-problemas.jpg\",\"contentUrl\":\"https:\/\/animangeek.com\/wp-content\/uploads\/sites\/106\/2024\/07\/Girls-Band-Cry-ja-esta-com-problemas.jpg\",\"width\":1920,\"height\":1080},{\"@type\":\"BreadcrumbList\",\"@id\":\"https:\/\/animangeek.com\/girls-band-cry-ja-esta-com-problemas\/#breadcrumb\",\"itemListElement\":[{\"@type\":\"ListItem\",\"position\":1,\"name\":\"Home\",\"item\":\"https:\/\/animangeek.com\/\"},{\"@type\":\"ListItem\",\"position\":2,\"name\":\"Girls Band Cry j\u00e1 est\u00e1 com problemas\"}]},{\"@type\":\"WebSite\",\"@id\":\"https:\/\/animangeek.com\/#website\",\"url\":\"https:\/\/animangeek.com\/\",\"name\":\"Animan Geek\",\"description\":\"\",\"potentialAction\":[{\"@type\":\"SearchAction\",\"target\":{\"@type\":\"EntryPoint\",\"urlTemplate\":\"https:\/\/animangeek.com\/?s={search_term_string}\"},\"query-input\":\"required name=search_term_string\"}],\"inLanguage\":\"de-DE\"}]}<\/script>\n<!-- \/ Yoast SEO plugin. -->","yoast_head_json":{"title":"Girls Band Cry j\u00e1 est\u00e1 com problemas - Animan Geek","robots":{"index":"index","follow":"follow","max-snippet":"max-snippet:-1","max-image-preview":"max-image-preview:large","max-video-preview":"max-video-preview:-1"},"canonical":"https:\/\/animangeek.com\/de\/girls-band-cry-ja-esta-com-problemas\/","og_locale":"de_DE","og_type":"article","og_title":"Girls Band Cry j\u00e1 est\u00e1 com problemas - Animan Geek","og_description":"A franquia &#8220;Banda feminina chora\u201c, uma das mais queridas do mundo dos animes, emitiu um comunicado importante que deixou seus seguidores preocupados. A banda principal, Togenashi Togearicomposta por Lutar, Mirei, Yuri, Shuri e natsuenfrentar\u00e1 mudan\u00e7as significativas em sua escala\u00e7\u00e3o devido a problemas de sa\u00fade. Mirei e Natsu, que estavam ausentes recentemente por problemas de sa\u00fade,&hellip; Continue reading Girls Band Cry j\u00e1 est\u00e1 com problemas","og_url":"https:\/\/animangeek.com\/de\/girls-band-cry-ja-esta-com-problemas\/","og_site_name":"Animan Geek","article_published_time":"2024-07-13T01:49:32+00:00","og_image":[{"width":1920,"height":1080,"url":"https:\/\/animangeek.com\/wp-content\/uploads\/sites\/106\/2024\/07\/Girls-Band-Cry-ja-esta-com-problemas.jpg","type":"image\/jpeg"}],"twitter_card":"summary_large_image","twitter_misc":{"Est. reading time":"3 Minuten"},"schema":{"@context":"https:\/\/schema.org","@graph":[{"@type":"WebPage","@id":"https:\/\/animangeek.com\/girls-band-cry-ja-esta-com-problemas\/","url":"https:\/\/animangeek.com\/girls-band-cry-ja-esta-com-problemas\/","name":"Girls Band Cry j\u00e1 est\u00e1 com problemas - Animan Geek","isPartOf":{"@id":"https:\/\/animangeek.com\/#website"},"primaryImageOfPage":{"@id":"https:\/\/animangeek.com\/girls-band-cry-ja-esta-com-problemas\/#primaryimage"},"image":{"@id":"https:\/\/animangeek.com\/girls-band-cry-ja-esta-com-problemas\/#primaryimage"},"thumbnailUrl":"https:\/\/animangeek.com\/wp-content\/uploads\/sites\/106\/2024\/07\/Girls-Band-Cry-ja-esta-com-problemas.jpg","datePublished":"2024-07-13T01:49:32+00:00","dateModified":"2024-07-13T01:49:32+00:00","author":{"@id":""},"breadcrumb":{"@id":"https:\/\/animangeek.com\/girls-band-cry-ja-esta-com-problemas\/#breadcrumb"},"inLanguage":"de-DE","potentialAction":[{"@type":"ReadAction","target":["https:\/\/animangeek.com\/girls-band-cry-ja-esta-com-problemas\/"]}]},{"@type":"ImageObject","inLanguage":"de-DE","@id":"https:\/\/animangeek.com\/girls-band-cry-ja-esta-com-problemas\/#primaryimage","url":"https:\/\/animangeek.com\/wp-content\/uploads\/sites\/106\/2024\/07\/Girls-Band-Cry-ja-esta-com-problemas.jpg","contentUrl":"https:\/\/animangeek.com\/wp-content\/uploads\/sites\/106\/2024\/07\/Girls-Band-Cry-ja-esta-com-problemas.jpg","width":1920,"height":1080},{"@type":"BreadcrumbList","@id":"https:\/\/animangeek.com\/girls-band-cry-ja-esta-com-problemas\/#breadcrumb","itemListElement":[{"@type":"ListItem","position":1,"name":"Home","item":"https:\/\/animangeek.com\/"},{"@type":"ListItem","position":2,"name":"Girls Band Cry j\u00e1 est\u00e1 com problemas"}]},{"@type":"WebSite","@id":"https:\/\/animangeek.com\/#website","url":"https:\/\/animangeek.com\/","name":"Animan Geek","description":"","potentialAction":[{"@type":"SearchAction","target":{"@type":"EntryPoint","urlTemplate":"https:\/\/animangeek.com\/?s={search_term_string}"},"query-input":"required name=search_term_string"}],"inLanguage":"de-DE"}]}},"_links":{"self":[{"href":"https:\/\/animangeek.com\/de\/wp-json\/wp\/v2\/posts\/14221"}],"collection":[{"href":"https:\/\/animangeek.com\/de\/wp-json\/wp\/v2\/posts"}],"about":[{"href":"https:\/\/animangeek.com\/de\/wp-json\/wp\/v2\/types\/post"}],"replies":[{"embeddable":true,"href":"https:\/\/animangeek.com\/de\/wp-json\/wp\/v2\/comments?post=14221"}],"version-history":[{"count":0,"href":"https:\/\/animangeek.com\/de\/wp-json\/wp\/v2\/posts\/14221\/revisions"}],"wp:featuredmedia":[{"embeddable":true,"href":"https:\/\/animangeek.com\/de\/wp-json\/wp\/v2\/media\/14222"}],"wp:attachment":[{"href":"https:\/\/animangeek.com\/de\/wp-json\/wp\/v2\/media?parent=14221"}],"wp:term":[{"taxonomy":"category","embeddable":true,"href":"https:\/\/animangeek.com\/de\/wp-json\/wp\/v2\/categories?post=14221"},{"taxonomy":"post_tag","embeddable":true,"href":"https:\/\/animangeek.com\/de\/wp-json\/wp\/v2\/tags?post=14221"}],"curies":[{"name":"wp","href":"https:\/\/api.w.org\/{rel}","templated":true}]}}