{"id":14254,"date":"2024-07-15T10:19:40","date_gmt":"2024-07-15T13:19:40","guid":{"rendered":"https:\/\/animangeek.com\/o-arco-de-lua-de-mel-quintessencial-dos-quintuplos-ganha-exibicao-teatral-antecipada-novos-visuais-e-musicas-tema-revelados\/"},"modified":"2024-07-15T10:19:40","modified_gmt":"2024-07-15T13:19:40","slug":"o-arco-de-lua-de-mel-quintessencial-dos-quintuplos-ganha-exibicao-teatral-antecipada-novos-visuais-e-musicas-tema-revelados","status":"publish","type":"post","link":"https:\/\/animangeek.com\/de\/o-arco-de-lua-de-mel-quintessencial-dos-quintuplos-ganha-exibicao-teatral-antecipada-novos-visuais-e-musicas-tema-revelados\/","title":{"rendered":"Der Honeymoon-Arc \u201eThe Quintessential Quintuplets\u201c startet vorzeitig im Kino; neue Visuals und Titelsongs enth\u00fcllt"},"content":{"rendered":"<div class=\"mx-5 sm:mx-0 prose text-left mb-5\"><\/p>\n<div data-postid=\"85524\">\n<p>DER <strong><em>Quintessenz der F\u00fcnflinge<\/em><\/strong>&#039; neues Anime-Special mit dem Titel<strong><em>  Die Quintessenz der F\u00fcnflinge*<\/em><\/strong>wird ab dem 20. September 2024 drei Wochen lang in den Kinos zu sehen sein, bevor er im Fernsehen ausgestrahlt wird.<\/p>\n<p>Neben der neuen Ank\u00fcndigung wurden auch ein neues Bild, Titelmelodien am Anfang und Ende sowie Details zum Personal enth\u00fcllt.<\/p>\n<div class=\"wp-block-image\">\n<figure class=\"aligncenter size-full\"><img fetchpriority=\"high\" decoding=\"async\" width=\"750\" height=\"1057\" alt=\"imagem 62\" class=\"wp-image-85527 lzl\"  data-lzl- src=\"http:\/\/animangeek.com\/wp-content\/uploads\/sites\/106\/2024\/07\/O-Arco-de-Lua-de-Mel-Quintessencial-dos-Quintuplos-ganha.png\"><noscript lzl=\"\"><img fetchpriority=\"high\" decoding=\"async\" width=\"750\" height=\"1057\" src=\"http:\/\/animangeek.com\/wp-content\/uploads\/sites\/106\/2024\/07\/O-Arco-de-Lua-de-Mel-Quintessencial-dos-Quintuplos-ganha.png\" alt=\"imagem 62\" class=\"wp-image-85527\"  ><\/noscript><figcaption class=\"wp-element-caption\"> <\/figcaption><\/figure>\n<\/div>\n<p>Der Er\u00f6ffnungssong des Animes, \u201eGotobun no Egao\u201c, und der Abspannsong, \u201eMemories\u201c, werden von den Synchronsprechern der Nakano-F\u00fcnflinge vorgetragen.<\/p>\n<p>Masato Jinbo wird bei Bibury Animation Studio als Regisseur fungieren und die Drehb\u00fccher betreuen. Masato Katsumata ist f\u00fcr das Charakterdesign verantwortlich.<\/p>\n<p>Wie bereits bekannt wurde, wird das Anime-Special direkt vom Manga-K\u00fcnstler Negi Haruba betreut. Haruba hat nicht nur das urspr\u00fcngliche Story-Konzept f\u00fcr den Anime entwickelt, sondern wird auch alle Aspekte der Produktion beaufsichtigen.<\/p>\n<p>Das neue Special ist eine Originalgeschichte, die im Manga nicht zu sehen ist und die Flitterwochen von Futaro Uesugi mit allen f\u00fcnf Nakano-F\u00fcnflingen verfolgt.<\/p>\n<p><strong><em>Die Quintessenz der F\u00fcnflinge<\/em><\/strong> ist eine japanische Manga-Serie, geschrieben und illustriert von Negi Haruba. Sie erschien von August 2017 bis Februar 2020 in Kodanshas Weekly Shonen Magazine und umfasste vierzehn Tank\u014dbon-B\u00e4nde.<\/p>\n<p>Eine von Tezuka Productions produzierte Anime-Serienadaption wurde von Januar bis M\u00e4rz 2019 auf TBS und anderen Sendern ausgestrahlt. Eine zweite Staffel, produziert von Bibury Animation Studios, wurde von Januar bis M\u00e4rz 2021 ausgestrahlt. Die Fortsetzung der zweiten Staffel, <strong><em>Der Film \u201eDie Quintessenz der F\u00fcnflinge\u201c<\/em><\/strong>wurde im Mai 2022 als Film ver\u00f6ffentlicht. Ein von Shaft produziertes Anime-Fernsehspecial feierte im September 2023 Premiere.<\/p>\n<p>Quelle:<a rel=\"nofollow noopener\" target=\"_blank\" href=\"https:\/\/natalie.mu\/comic\/news\/582331\"> Natalie in Comics<\/a><\/p>\n<\/p><\/div>\n<p><\/div>","protected":false},"excerpt":{"rendered":"<p>Das neue Anime-Special \u201eThe Quintessential Quintuplets\u201c mit dem Titel \u201eThe Quintessential Quintuplets\u201c* wird ab dem 20. September 2024 drei Wochen lang in den Kinos zu sehen sein, bevor es im Fernsehen ausgestrahlt wird. Zusammen mit der neuen Ank\u00fcndigung wurden auch ein neues Visual, Vor- und Nachspann-Titelsongs sowie Details zum Team enth\u00fcllt. Der Titelsong\u2026 <a class=\"more-link\" href=\"https:\/\/animangeek.com\/de\/o-arco-de-lua-de-mel-quintessencial-dos-quintuplos-ganha-exibicao-teatral-antecipada-novos-visuais-e-musicas-tema-revelados\/\">Weiterlesen <span class=\"screen-reader-text\">Der Honeymoon-Arc \u201eThe Quintessential Quintuplets\u201c startet vorzeitig im Kino; neue Visuals und Titelsongs enth\u00fcllt<\/span><\/a><\/p>","protected":false},"author":0,"featured_media":14255,"comment_status":"open","ping_status":"open","sticky":false,"template":"","format":"standard","meta":{"footnotes":""},"categories":[3],"tags":[],"yoast_head":"<!-- This site is optimized with the Yoast SEO plugin v23.3 - https:\/\/yoast.com\/wordpress\/plugins\/seo\/ -->\n<title>O Arco de Lua de Mel Quintessencial dos Quintuplos ganha exibi\u00e7\u00e3o teatral antecipada; Novos visuais e m\u00fasicas-tema revelados - Animan Geek<\/title>\n<meta name=\"robots\" content=\"index, follow, max-snippet:-1, max-image-preview:large, max-video-preview:-1\" \/>\n<link rel=\"canonical\" href=\"https:\/\/animangeek.com\/de\/o-arco-de-lua-de-mel-quintessencial-dos-quintuplos-ganha-exibicao-teatral-antecipada-novos-visuais-e-musicas-tema-revelados\/\" \/>\n<meta property=\"og:locale\" content=\"de_DE\" \/>\n<meta property=\"og:type\" content=\"article\" \/>\n<meta property=\"og:title\" content=\"O Arco de Lua de Mel Quintessencial dos Quintuplos ganha exibi\u00e7\u00e3o teatral antecipada; Novos visuais e m\u00fasicas-tema revelados - Animan Geek\" \/>\n<meta property=\"og:description\" content=\"O Quintuplos Quintessenciais&#039; novo especial de anime, intitulado Os Quintuplos Quintessenciais*ser\u00e1 lan\u00e7ado nos cinemas por tr\u00eas semanas a partir de 20 de setembro de 2024, antes de sua transmiss\u00e3o na TV. Um novo visual, m\u00fasicas-tema de abertura e encerramento e detalhes da equipe tamb\u00e9m foram revelados junto com o novo an\u00fancio. A m\u00fasica tema de&hellip; Continue reading O Arco de Lua de Mel Quintessencial dos Quintuplos ganha exibi\u00e7\u00e3o teatral antecipada; Novos visuais e m\u00fasicas-tema revelados\" \/>\n<meta property=\"og:url\" content=\"https:\/\/animangeek.com\/de\/o-arco-de-lua-de-mel-quintessencial-dos-quintuplos-ganha-exibicao-teatral-antecipada-novos-visuais-e-musicas-tema-revelados\/\" \/>\n<meta property=\"og:site_name\" content=\"Animan Geek\" \/>\n<meta property=\"article:published_time\" content=\"2024-07-15T13:19:40+00:00\" \/>\n<meta property=\"og:image\" content=\"https:\/\/animangeek.com\/wp-content\/uploads\/sites\/106\/2024\/07\/O-Arco-de-Lua-de-Mel-Quintessencial-dos-Quintuplos-ganha.webp\" \/>\n\t<meta property=\"og:image:width\" content=\"980\" \/>\n\t<meta property=\"og:image:height\" content=\"550\" \/>\n\t<meta property=\"og:image:type\" content=\"image\/webp\" \/>\n<meta name=\"twitter:card\" content=\"summary_large_image\" \/>\n<meta name=\"twitter:label1\" content=\"Est. reading time\" \/>\n\t<meta name=\"twitter:data1\" content=\"1 Minute\" \/>\n<script type=\"application\/ld+json\" class=\"yoast-schema-graph\">{\"@context\":\"https:\/\/schema.org\",\"@graph\":[{\"@type\":\"WebPage\",\"@id\":\"https:\/\/animangeek.com\/o-arco-de-lua-de-mel-quintessencial-dos-quintuplos-ganha-exibicao-teatral-antecipada-novos-visuais-e-musicas-tema-revelados\/\",\"url\":\"https:\/\/animangeek.com\/o-arco-de-lua-de-mel-quintessencial-dos-quintuplos-ganha-exibicao-teatral-antecipada-novos-visuais-e-musicas-tema-revelados\/\",\"name\":\"O Arco de Lua de Mel Quintessencial dos Quintuplos ganha exibi\u00e7\u00e3o teatral antecipada; Novos visuais e m\u00fasicas-tema revelados - Animan Geek\",\"isPartOf\":{\"@id\":\"https:\/\/animangeek.com\/#website\"},\"primaryImageOfPage\":{\"@id\":\"https:\/\/animangeek.com\/o-arco-de-lua-de-mel-quintessencial-dos-quintuplos-ganha-exibicao-teatral-antecipada-novos-visuais-e-musicas-tema-revelados\/#primaryimage\"},\"image\":{\"@id\":\"https:\/\/animangeek.com\/o-arco-de-lua-de-mel-quintessencial-dos-quintuplos-ganha-exibicao-teatral-antecipada-novos-visuais-e-musicas-tema-revelados\/#primaryimage\"},\"thumbnailUrl\":\"https:\/\/animangeek.com\/wp-content\/uploads\/sites\/106\/2024\/07\/O-Arco-de-Lua-de-Mel-Quintessencial-dos-Quintuplos-ganha.webp\",\"datePublished\":\"2024-07-15T13:19:40+00:00\",\"dateModified\":\"2024-07-15T13:19:40+00:00\",\"author\":{\"@id\":\"\"},\"breadcrumb\":{\"@id\":\"https:\/\/animangeek.com\/o-arco-de-lua-de-mel-quintessencial-dos-quintuplos-ganha-exibicao-teatral-antecipada-novos-visuais-e-musicas-tema-revelados\/#breadcrumb\"},\"inLanguage\":\"de-DE\",\"potentialAction\":[{\"@type\":\"ReadAction\",\"target\":[\"https:\/\/animangeek.com\/o-arco-de-lua-de-mel-quintessencial-dos-quintuplos-ganha-exibicao-teatral-antecipada-novos-visuais-e-musicas-tema-revelados\/\"]}]},{\"@type\":\"ImageObject\",\"inLanguage\":\"de-DE\",\"@id\":\"https:\/\/animangeek.com\/o-arco-de-lua-de-mel-quintessencial-dos-quintuplos-ganha-exibicao-teatral-antecipada-novos-visuais-e-musicas-tema-revelados\/#primaryimage\",\"url\":\"https:\/\/animangeek.com\/wp-content\/uploads\/sites\/106\/2024\/07\/O-Arco-de-Lua-de-Mel-Quintessencial-dos-Quintuplos-ganha.webp\",\"contentUrl\":\"https:\/\/animangeek.com\/wp-content\/uploads\/sites\/106\/2024\/07\/O-Arco-de-Lua-de-Mel-Quintessencial-dos-Quintuplos-ganha.webp\",\"width\":980,\"height\":550},{\"@type\":\"BreadcrumbList\",\"@id\":\"https:\/\/animangeek.com\/o-arco-de-lua-de-mel-quintessencial-dos-quintuplos-ganha-exibicao-teatral-antecipada-novos-visuais-e-musicas-tema-revelados\/#breadcrumb\",\"itemListElement\":[{\"@type\":\"ListItem\",\"position\":1,\"name\":\"Home\",\"item\":\"https:\/\/animangeek.com\/\"},{\"@type\":\"ListItem\",\"position\":2,\"name\":\"O Arco de Lua de Mel Quintessencial dos Quintuplos ganha exibi\u00e7\u00e3o teatral antecipada; Novos visuais e m\u00fasicas-tema revelados\"}]},{\"@type\":\"WebSite\",\"@id\":\"https:\/\/animangeek.com\/#website\",\"url\":\"https:\/\/animangeek.com\/\",\"name\":\"Animan Geek\",\"description\":\"\",\"potentialAction\":[{\"@type\":\"SearchAction\",\"target\":{\"@type\":\"EntryPoint\",\"urlTemplate\":\"https:\/\/animangeek.com\/?s={search_term_string}\"},\"query-input\":\"required name=search_term_string\"}],\"inLanguage\":\"de-DE\"}]}<\/script>\n<!-- \/ Yoast SEO plugin. -->","yoast_head_json":{"title":"O Arco de Lua de Mel Quintessencial dos Quintuplos ganha exibi\u00e7\u00e3o teatral antecipada; Novos visuais e m\u00fasicas-tema revelados - Animan Geek","robots":{"index":"index","follow":"follow","max-snippet":"max-snippet:-1","max-image-preview":"max-image-preview:large","max-video-preview":"max-video-preview:-1"},"canonical":"https:\/\/animangeek.com\/de\/o-arco-de-lua-de-mel-quintessencial-dos-quintuplos-ganha-exibicao-teatral-antecipada-novos-visuais-e-musicas-tema-revelados\/","og_locale":"de_DE","og_type":"article","og_title":"O Arco de Lua de Mel Quintessencial dos Quintuplos ganha exibi\u00e7\u00e3o teatral antecipada; Novos visuais e m\u00fasicas-tema revelados - Animan Geek","og_description":"O Quintuplos Quintessenciais&#39; novo especial de anime, intitulado Os Quintuplos Quintessenciais*ser\u00e1 lan\u00e7ado nos cinemas por tr\u00eas semanas a partir de 20 de setembro de 2024, antes de sua transmiss\u00e3o na TV. Um novo visual, m\u00fasicas-tema de abertura e encerramento e detalhes da equipe tamb\u00e9m foram revelados junto com o novo an\u00fancio. A m\u00fasica tema de&hellip; Continue reading O Arco de Lua de Mel Quintessencial dos Quintuplos ganha exibi\u00e7\u00e3o teatral antecipada; Novos visuais e m\u00fasicas-tema revelados","og_url":"https:\/\/animangeek.com\/de\/o-arco-de-lua-de-mel-quintessencial-dos-quintuplos-ganha-exibicao-teatral-antecipada-novos-visuais-e-musicas-tema-revelados\/","og_site_name":"Animan Geek","article_published_time":"2024-07-15T13:19:40+00:00","og_image":[{"width":980,"height":550,"url":"https:\/\/animangeek.com\/wp-content\/uploads\/sites\/106\/2024\/07\/O-Arco-de-Lua-de-Mel-Quintessencial-dos-Quintuplos-ganha.webp","type":"image\/webp"}],"twitter_card":"summary_large_image","twitter_misc":{"Est. reading time":"1 Minute"},"schema":{"@context":"https:\/\/schema.org","@graph":[{"@type":"WebPage","@id":"https:\/\/animangeek.com\/o-arco-de-lua-de-mel-quintessencial-dos-quintuplos-ganha-exibicao-teatral-antecipada-novos-visuais-e-musicas-tema-revelados\/","url":"https:\/\/animangeek.com\/o-arco-de-lua-de-mel-quintessencial-dos-quintuplos-ganha-exibicao-teatral-antecipada-novos-visuais-e-musicas-tema-revelados\/","name":"O Arco de Lua de Mel Quintessencial dos Quintuplos ganha exibi\u00e7\u00e3o teatral antecipada; Novos visuais e m\u00fasicas-tema revelados - Animan Geek","isPartOf":{"@id":"https:\/\/animangeek.com\/#website"},"primaryImageOfPage":{"@id":"https:\/\/animangeek.com\/o-arco-de-lua-de-mel-quintessencial-dos-quintuplos-ganha-exibicao-teatral-antecipada-novos-visuais-e-musicas-tema-revelados\/#primaryimage"},"image":{"@id":"https:\/\/animangeek.com\/o-arco-de-lua-de-mel-quintessencial-dos-quintuplos-ganha-exibicao-teatral-antecipada-novos-visuais-e-musicas-tema-revelados\/#primaryimage"},"thumbnailUrl":"https:\/\/animangeek.com\/wp-content\/uploads\/sites\/106\/2024\/07\/O-Arco-de-Lua-de-Mel-Quintessencial-dos-Quintuplos-ganha.webp","datePublished":"2024-07-15T13:19:40+00:00","dateModified":"2024-07-15T13:19:40+00:00","author":{"@id":""},"breadcrumb":{"@id":"https:\/\/animangeek.com\/o-arco-de-lua-de-mel-quintessencial-dos-quintuplos-ganha-exibicao-teatral-antecipada-novos-visuais-e-musicas-tema-revelados\/#breadcrumb"},"inLanguage":"de-DE","potentialAction":[{"@type":"ReadAction","target":["https:\/\/animangeek.com\/o-arco-de-lua-de-mel-quintessencial-dos-quintuplos-ganha-exibicao-teatral-antecipada-novos-visuais-e-musicas-tema-revelados\/"]}]},{"@type":"ImageObject","inLanguage":"de-DE","@id":"https:\/\/animangeek.com\/o-arco-de-lua-de-mel-quintessencial-dos-quintuplos-ganha-exibicao-teatral-antecipada-novos-visuais-e-musicas-tema-revelados\/#primaryimage","url":"https:\/\/animangeek.com\/wp-content\/uploads\/sites\/106\/2024\/07\/O-Arco-de-Lua-de-Mel-Quintessencial-dos-Quintuplos-ganha.webp","contentUrl":"https:\/\/animangeek.com\/wp-content\/uploads\/sites\/106\/2024\/07\/O-Arco-de-Lua-de-Mel-Quintessencial-dos-Quintuplos-ganha.webp","width":980,"height":550},{"@type":"BreadcrumbList","@id":"https:\/\/animangeek.com\/o-arco-de-lua-de-mel-quintessencial-dos-quintuplos-ganha-exibicao-teatral-antecipada-novos-visuais-e-musicas-tema-revelados\/#breadcrumb","itemListElement":[{"@type":"ListItem","position":1,"name":"Home","item":"https:\/\/animangeek.com\/"},{"@type":"ListItem","position":2,"name":"O Arco de Lua de Mel Quintessencial dos Quintuplos ganha exibi\u00e7\u00e3o teatral antecipada; Novos visuais e m\u00fasicas-tema revelados"}]},{"@type":"WebSite","@id":"https:\/\/animangeek.com\/#website","url":"https:\/\/animangeek.com\/","name":"Animan Geek","description":"","potentialAction":[{"@type":"SearchAction","target":{"@type":"EntryPoint","urlTemplate":"https:\/\/animangeek.com\/?s={search_term_string}"},"query-input":"required name=search_term_string"}],"inLanguage":"de-DE"}]}},"_links":{"self":[{"href":"https:\/\/animangeek.com\/de\/wp-json\/wp\/v2\/posts\/14254"}],"collection":[{"href":"https:\/\/animangeek.com\/de\/wp-json\/wp\/v2\/posts"}],"about":[{"href":"https:\/\/animangeek.com\/de\/wp-json\/wp\/v2\/types\/post"}],"replies":[{"embeddable":true,"href":"https:\/\/animangeek.com\/de\/wp-json\/wp\/v2\/comments?post=14254"}],"version-history":[{"count":0,"href":"https:\/\/animangeek.com\/de\/wp-json\/wp\/v2\/posts\/14254\/revisions"}],"wp:featuredmedia":[{"embeddable":true,"href":"https:\/\/animangeek.com\/de\/wp-json\/wp\/v2\/media\/14255"}],"wp:attachment":[{"href":"https:\/\/animangeek.com\/de\/wp-json\/wp\/v2\/media?parent=14254"}],"wp:term":[{"taxonomy":"category","embeddable":true,"href":"https:\/\/animangeek.com\/de\/wp-json\/wp\/v2\/categories?post=14254"},{"taxonomy":"post_tag","embeddable":true,"href":"https:\/\/animangeek.com\/de\/wp-json\/wp\/v2\/tags?post=14254"}],"curies":[{"name":"wp","href":"https:\/\/api.w.org\/{rel}","templated":true}]}}