{"id":14560,"date":"2024-07-22T18:19:07","date_gmt":"2024-07-22T21:19:07","guid":{"rendered":"https:\/\/animangeek.com\/diretor-de-sakamoto-days-compartilha-sua-visao-para-a-adaptacao-do-anime\/"},"modified":"2024-07-22T18:19:07","modified_gmt":"2024-07-22T21:19:07","slug":"diretor-de-sakamoto-days-compartilha-sua-visao-para-a-adaptacao-do-anime","status":"publish","type":"post","link":"https:\/\/animangeek.com\/de\/diretor-de-sakamoto-days-compartilha-sua-visao-para-a-adaptacao-do-anime\/","title":{"rendered":"Der Regisseur von Sakamoto Days teilt seine Vision f\u00fcr die Anime-Adaption"},"content":{"rendered":"<div class=\"mx-5 sm:mx-0 prose text-left mb-5\"><\/p>\n<div data-postid=\"85780\">\n<p>TMS Entertainment hat eine exklusive Nachricht von Regisseur Masaki Watanabe \u00fcber das kommende <strong><em>Sakamoto-Tage<\/em><\/strong>  Anime-Adaption.<\/p>\n<p>In der Nachricht dr\u00fcckte Watanabe seine Begeisterung und Vision f\u00fcr das Projekt aus und gab den Fans einen Vorgeschmack darauf, was sie vom kommenden Anime erwarten k\u00f6nnen.<\/p>\n<p>Er verriet, dass er von den dynamischen Action-Sequenzen des Mangas sofort gefesselt war und betonte die Absicht des Studios, diese Energie durch den strategischen Einsatz von Bewegung, Farbe und Ton in den Anime zu \u00fcbertragen.<\/p>\n<blockquote class=\"wp-block-quote is-layout-flow wp-block-quote-is-layout-flow\">\n<p class=\"has-medium-font-size\"><em>Als ich den Manga \u201eSAKAMOTO DAYS\u201c zum ersten Mal las, war ich, wie ich mich erinnere, von den dynamischen Actionszenen begeistert.<\/em><\/p>\n<p class=\"has-medium-font-size\"><em>F\u00fcr den Anime wollten wir diese Emotion durch Aktion und Geschwindigkeit kanalisieren und dabei die f\u00fcr Animationen einzigartigen \u201eBewegung\u201c, \u201eFarbe\u201c und \u201eTon\u201c nutzen.<\/em><\/p>\n<\/blockquote>\n<p>Der Regisseur betonte au\u00dferdem, wie wichtig es sei, den Humor des Mangas und den unverwechselbaren Charakter des Protagonisten zu bewahren. <\/p>\n<p>Dieses Gleichgewicht aus Action, Humor und Charaktertiefe wird voraussichtlich ein bestimmendes Merkmal der kommenden Serie sein.<\/p>\n<blockquote class=\"wp-block-quote is-layout-flow wp-block-quote-is-layout-flow\">\n<p class=\"has-medium-font-size\"><em>Wir hoffen, den Humor der Geschichte zu bewahren und gleichzeitig Sakamotos Charakter als den familienliebenden Auftragskiller darzustellen, der er ist.<\/em><\/p>\n<\/blockquote>\n<p>W\u00e4hrend das Produktionsteam flei\u00dfig daran arbeitet, diese Vision zum Leben zu erwecken, bat Watanabe die Fans um Geduld.<\/p>\n<div class=\"wp-block-image\">\n<figure class=\"aligncenter size-full\"><img fetchpriority=\"high\" decoding=\"async\" width=\"960\" height=\"1200\" alt=\"Visual do anime Sakamoto Days\" class=\"wp-image-83567 lzl\"  data-lzl- src=\"https:\/\/animangeek.com\/wp-content\/uploads\/2024\/07\/Diretor-de-Sakamoto-Days-compartilha-sua-visao-para-a-adaptacao.jpg\"><noscript lzl=\"\"><img fetchpriority=\"high\" decoding=\"async\" width=\"960\" height=\"1200\" src=\"https:\/\/animangeek.com\/wp-content\/uploads\/2024\/07\/Diretor-de-Sakamoto-Days-compartilha-sua-visao-para-a-adaptacao.jpg\" alt=\"Visual do anime Sakamoto Days\" class=\"wp-image-83567\"  ><\/noscript><figcaption class=\"wp-element-caption\"> <\/figcaption><\/figure>\n<\/div>\n<p><strong><em>Sakamoto-Tage<\/em><\/strong>  Die Ver\u00f6ffentlichung des Animes wurde offiziell f\u00fcr Januar 2025 best\u00e4tigt.<\/p>\n<p>Tomokazu Sugita, bekannt f\u00fcr seine Rolle als Gintoki Sakata, wird der Hauptfigur Taro Sakamoto seine Stimme leihen.<\/p>\n<p>TMS Entertainment, das Studio dahinter <strong><em>Detektiv Conan<\/em><\/strong>,<strong><em> Obstkorb<\/em><\/strong> (2019) und<strong><em> Dr. Pedra<\/em><\/strong>soll die Animationsproduktion des Animes Sakamoto Days \u00fcbernehmen.<\/p>\n<p>Masaki Watanabe wird Regie f\u00fchren, Taku Kishimoto ist f\u00fcr die Komposition der Serie verantwortlich und Yo Moriyama \u00fcbernimmt das Charakterdesign.<\/p>\n<p><strong><em>Sakamoto-Tage<\/em><\/strong> ist eine japanische Manga-Serie, die von Yuto Suzuki geschrieben und illustriert wurde. Sie wird seit November 2020 in Shueishas Shonen-Manga-Magazin Weekly Shonen Jump ver\u00f6ffentlicht, wobei ihre Kapitel ab April 2024 in 16 Tank\u014dbon-B\u00e4nden zusammengefasst sind.<\/p>\n<p>Es wird gleichzeitig auf Englisch von Viz Media und der Online-Plattform Manga Plus ver\u00f6ffentlicht.<\/p>\n<p>Quelle: <a rel=\"nofollow noopener\" target=\"_blank\" href=\"https:\/\/x.com\/tmsanime\/status\/1815039033363546394\">X<\/a><\/p>\n<\/p><\/div>\n<p><\/div>","protected":false},"excerpt":{"rendered":"<p>TMS Entertainment hat eine exklusive Nachricht von Regisseur Masaki Watanabe zur bevorstehenden Anime-Adaption von Days of Sakamoto ver\u00f6ffentlicht. Darin dr\u00fcckte Watanabe seine Begeisterung und Vision f\u00fcr das Projekt aus und gab den Fans einen Vorgeschmack auf das, was sie vom kommenden Anime erwarten k\u00f6nnen. Er verriet, dass er sofort von den dynamischen Action-Sequenzen des \u2026 fasziniert war. <a class=\"more-link\" href=\"https:\/\/animangeek.com\/de\/diretor-de-sakamoto-days-compartilha-sua-visao-para-a-adaptacao-do-anime\/\">Weiterlesen <span class=\"screen-reader-text\">Der Regisseur von Sakamoto Days teilt seine Vision f\u00fcr die Anime-Adaption<\/span><\/a><\/p>","protected":false},"author":0,"featured_media":14561,"comment_status":"open","ping_status":"open","sticky":false,"template":"","format":"standard","meta":{"footnotes":""},"categories":[3],"tags":[],"yoast_head":"<!-- This site is optimized with the Yoast SEO plugin v23.3 - https:\/\/yoast.com\/wordpress\/plugins\/seo\/ -->\n<title>Diretor de Sakamoto Days compartilha sua vis\u00e3o para a adapta\u00e7\u00e3o do anime - Animan Geek<\/title>\n<meta name=\"robots\" content=\"index, follow, max-snippet:-1, max-image-preview:large, max-video-preview:-1\" \/>\n<link rel=\"canonical\" href=\"https:\/\/animangeek.com\/de\/diretor-de-sakamoto-days-compartilha-sua-visao-para-a-adaptacao-do-anime\/\" \/>\n<meta property=\"og:locale\" content=\"de_DE\" \/>\n<meta property=\"og:type\" content=\"article\" \/>\n<meta property=\"og:title\" content=\"Diretor de Sakamoto Days compartilha sua vis\u00e3o para a adapta\u00e7\u00e3o do anime - Animan Geek\" \/>\n<meta property=\"og:description\" content=\"A TMS Entertainment compartilhou uma mensagem exclusiva do diretor Masaki Watanabe sobre o pr\u00f3ximo Dias de Sakamoto adapta\u00e7\u00e3o de anime. Na mensagem, Watanabe expressou seu entusiasmo e vis\u00e3o para o projeto, dando aos f\u00e3s uma ideia do que podem esperar do pr\u00f3ximo anime. Ele revelou que ficou imediatamente cativado pelas sequ\u00eancias de a\u00e7\u00e3o din\u00e2micas do&hellip; Continue reading Diretor de Sakamoto Days compartilha sua vis\u00e3o para a adapta\u00e7\u00e3o do anime\" \/>\n<meta property=\"og:url\" content=\"https:\/\/animangeek.com\/de\/diretor-de-sakamoto-days-compartilha-sua-visao-para-a-adaptacao-do-anime\/\" \/>\n<meta property=\"og:site_name\" content=\"Animan Geek\" \/>\n<meta property=\"article:published_time\" content=\"2024-07-22T21:19:07+00:00\" \/>\n<meta property=\"og:image\" content=\"https:\/\/animangeek.com\/wp-content\/uploads\/sites\/106\/2024\/07\/1721683148_Diretor-de-Sakamoto-Days-compartilha-sua-visao-para-a-adaptacao.jpg\" \/>\n\t<meta property=\"og:image:width\" content=\"980\" \/>\n\t<meta property=\"og:image:height\" content=\"550\" \/>\n\t<meta property=\"og:image:type\" content=\"image\/jpeg\" \/>\n<meta name=\"twitter:card\" content=\"summary_large_image\" \/>\n<meta name=\"twitter:label1\" content=\"Est. reading time\" \/>\n\t<meta name=\"twitter:data1\" content=\"2 Minuten\" \/>\n<script type=\"application\/ld+json\" class=\"yoast-schema-graph\">{\"@context\":\"https:\/\/schema.org\",\"@graph\":[{\"@type\":\"WebPage\",\"@id\":\"https:\/\/animangeek.com\/diretor-de-sakamoto-days-compartilha-sua-visao-para-a-adaptacao-do-anime\/\",\"url\":\"https:\/\/animangeek.com\/diretor-de-sakamoto-days-compartilha-sua-visao-para-a-adaptacao-do-anime\/\",\"name\":\"Diretor de Sakamoto Days compartilha sua vis\u00e3o para a adapta\u00e7\u00e3o do anime - Animan Geek\",\"isPartOf\":{\"@id\":\"https:\/\/animangeek.com\/#website\"},\"primaryImageOfPage\":{\"@id\":\"https:\/\/animangeek.com\/diretor-de-sakamoto-days-compartilha-sua-visao-para-a-adaptacao-do-anime\/#primaryimage\"},\"image\":{\"@id\":\"https:\/\/animangeek.com\/diretor-de-sakamoto-days-compartilha-sua-visao-para-a-adaptacao-do-anime\/#primaryimage\"},\"thumbnailUrl\":\"https:\/\/animangeek.com\/wp-content\/uploads\/sites\/106\/2024\/07\/1721683148_Diretor-de-Sakamoto-Days-compartilha-sua-visao-para-a-adaptacao.jpg\",\"datePublished\":\"2024-07-22T21:19:07+00:00\",\"dateModified\":\"2024-07-22T21:19:07+00:00\",\"author\":{\"@id\":\"\"},\"breadcrumb\":{\"@id\":\"https:\/\/animangeek.com\/diretor-de-sakamoto-days-compartilha-sua-visao-para-a-adaptacao-do-anime\/#breadcrumb\"},\"inLanguage\":\"de-DE\",\"potentialAction\":[{\"@type\":\"ReadAction\",\"target\":[\"https:\/\/animangeek.com\/diretor-de-sakamoto-days-compartilha-sua-visao-para-a-adaptacao-do-anime\/\"]}]},{\"@type\":\"ImageObject\",\"inLanguage\":\"de-DE\",\"@id\":\"https:\/\/animangeek.com\/diretor-de-sakamoto-days-compartilha-sua-visao-para-a-adaptacao-do-anime\/#primaryimage\",\"url\":\"https:\/\/animangeek.com\/wp-content\/uploads\/sites\/106\/2024\/07\/1721683148_Diretor-de-Sakamoto-Days-compartilha-sua-visao-para-a-adaptacao.jpg\",\"contentUrl\":\"https:\/\/animangeek.com\/wp-content\/uploads\/sites\/106\/2024\/07\/1721683148_Diretor-de-Sakamoto-Days-compartilha-sua-visao-para-a-adaptacao.jpg\",\"width\":980,\"height\":550},{\"@type\":\"BreadcrumbList\",\"@id\":\"https:\/\/animangeek.com\/diretor-de-sakamoto-days-compartilha-sua-visao-para-a-adaptacao-do-anime\/#breadcrumb\",\"itemListElement\":[{\"@type\":\"ListItem\",\"position\":1,\"name\":\"Home\",\"item\":\"https:\/\/animangeek.com\/\"},{\"@type\":\"ListItem\",\"position\":2,\"name\":\"Diretor de Sakamoto Days compartilha sua vis\u00e3o para a adapta\u00e7\u00e3o do anime\"}]},{\"@type\":\"WebSite\",\"@id\":\"https:\/\/animangeek.com\/#website\",\"url\":\"https:\/\/animangeek.com\/\",\"name\":\"Animan Geek\",\"description\":\"\",\"potentialAction\":[{\"@type\":\"SearchAction\",\"target\":{\"@type\":\"EntryPoint\",\"urlTemplate\":\"https:\/\/animangeek.com\/?s={search_term_string}\"},\"query-input\":\"required name=search_term_string\"}],\"inLanguage\":\"de-DE\"}]}<\/script>\n<!-- \/ Yoast SEO plugin. -->","yoast_head_json":{"title":"Diretor de Sakamoto Days compartilha sua vis\u00e3o para a adapta\u00e7\u00e3o do anime - Animan Geek","robots":{"index":"index","follow":"follow","max-snippet":"max-snippet:-1","max-image-preview":"max-image-preview:large","max-video-preview":"max-video-preview:-1"},"canonical":"https:\/\/animangeek.com\/de\/diretor-de-sakamoto-days-compartilha-sua-visao-para-a-adaptacao-do-anime\/","og_locale":"de_DE","og_type":"article","og_title":"Diretor de Sakamoto Days compartilha sua vis\u00e3o para a adapta\u00e7\u00e3o do anime - Animan Geek","og_description":"A TMS Entertainment compartilhou uma mensagem exclusiva do diretor Masaki Watanabe sobre o pr\u00f3ximo Dias de Sakamoto adapta\u00e7\u00e3o de anime. Na mensagem, Watanabe expressou seu entusiasmo e vis\u00e3o para o projeto, dando aos f\u00e3s uma ideia do que podem esperar do pr\u00f3ximo anime. Ele revelou que ficou imediatamente cativado pelas sequ\u00eancias de a\u00e7\u00e3o din\u00e2micas do&hellip; Continue reading Diretor de Sakamoto Days compartilha sua vis\u00e3o para a adapta\u00e7\u00e3o do anime","og_url":"https:\/\/animangeek.com\/de\/diretor-de-sakamoto-days-compartilha-sua-visao-para-a-adaptacao-do-anime\/","og_site_name":"Animan Geek","article_published_time":"2024-07-22T21:19:07+00:00","og_image":[{"width":980,"height":550,"url":"https:\/\/animangeek.com\/wp-content\/uploads\/sites\/106\/2024\/07\/1721683148_Diretor-de-Sakamoto-Days-compartilha-sua-visao-para-a-adaptacao.jpg","type":"image\/jpeg"}],"twitter_card":"summary_large_image","twitter_misc":{"Est. reading time":"2 Minuten"},"schema":{"@context":"https:\/\/schema.org","@graph":[{"@type":"WebPage","@id":"https:\/\/animangeek.com\/diretor-de-sakamoto-days-compartilha-sua-visao-para-a-adaptacao-do-anime\/","url":"https:\/\/animangeek.com\/diretor-de-sakamoto-days-compartilha-sua-visao-para-a-adaptacao-do-anime\/","name":"Diretor de Sakamoto Days compartilha sua vis\u00e3o para a adapta\u00e7\u00e3o do anime - Animan Geek","isPartOf":{"@id":"https:\/\/animangeek.com\/#website"},"primaryImageOfPage":{"@id":"https:\/\/animangeek.com\/diretor-de-sakamoto-days-compartilha-sua-visao-para-a-adaptacao-do-anime\/#primaryimage"},"image":{"@id":"https:\/\/animangeek.com\/diretor-de-sakamoto-days-compartilha-sua-visao-para-a-adaptacao-do-anime\/#primaryimage"},"thumbnailUrl":"https:\/\/animangeek.com\/wp-content\/uploads\/sites\/106\/2024\/07\/1721683148_Diretor-de-Sakamoto-Days-compartilha-sua-visao-para-a-adaptacao.jpg","datePublished":"2024-07-22T21:19:07+00:00","dateModified":"2024-07-22T21:19:07+00:00","author":{"@id":""},"breadcrumb":{"@id":"https:\/\/animangeek.com\/diretor-de-sakamoto-days-compartilha-sua-visao-para-a-adaptacao-do-anime\/#breadcrumb"},"inLanguage":"de-DE","potentialAction":[{"@type":"ReadAction","target":["https:\/\/animangeek.com\/diretor-de-sakamoto-days-compartilha-sua-visao-para-a-adaptacao-do-anime\/"]}]},{"@type":"ImageObject","inLanguage":"de-DE","@id":"https:\/\/animangeek.com\/diretor-de-sakamoto-days-compartilha-sua-visao-para-a-adaptacao-do-anime\/#primaryimage","url":"https:\/\/animangeek.com\/wp-content\/uploads\/sites\/106\/2024\/07\/1721683148_Diretor-de-Sakamoto-Days-compartilha-sua-visao-para-a-adaptacao.jpg","contentUrl":"https:\/\/animangeek.com\/wp-content\/uploads\/sites\/106\/2024\/07\/1721683148_Diretor-de-Sakamoto-Days-compartilha-sua-visao-para-a-adaptacao.jpg","width":980,"height":550},{"@type":"BreadcrumbList","@id":"https:\/\/animangeek.com\/diretor-de-sakamoto-days-compartilha-sua-visao-para-a-adaptacao-do-anime\/#breadcrumb","itemListElement":[{"@type":"ListItem","position":1,"name":"Home","item":"https:\/\/animangeek.com\/"},{"@type":"ListItem","position":2,"name":"Diretor de Sakamoto Days compartilha sua vis\u00e3o para a adapta\u00e7\u00e3o do anime"}]},{"@type":"WebSite","@id":"https:\/\/animangeek.com\/#website","url":"https:\/\/animangeek.com\/","name":"Animan Geek","description":"","potentialAction":[{"@type":"SearchAction","target":{"@type":"EntryPoint","urlTemplate":"https:\/\/animangeek.com\/?s={search_term_string}"},"query-input":"required name=search_term_string"}],"inLanguage":"de-DE"}]}},"_links":{"self":[{"href":"https:\/\/animangeek.com\/de\/wp-json\/wp\/v2\/posts\/14560"}],"collection":[{"href":"https:\/\/animangeek.com\/de\/wp-json\/wp\/v2\/posts"}],"about":[{"href":"https:\/\/animangeek.com\/de\/wp-json\/wp\/v2\/types\/post"}],"replies":[{"embeddable":true,"href":"https:\/\/animangeek.com\/de\/wp-json\/wp\/v2\/comments?post=14560"}],"version-history":[{"count":0,"href":"https:\/\/animangeek.com\/de\/wp-json\/wp\/v2\/posts\/14560\/revisions"}],"wp:featuredmedia":[{"embeddable":true,"href":"https:\/\/animangeek.com\/de\/wp-json\/wp\/v2\/media\/14561"}],"wp:attachment":[{"href":"https:\/\/animangeek.com\/de\/wp-json\/wp\/v2\/media?parent=14560"}],"wp:term":[{"taxonomy":"category","embeddable":true,"href":"https:\/\/animangeek.com\/de\/wp-json\/wp\/v2\/categories?post=14560"},{"taxonomy":"post_tag","embeddable":true,"href":"https:\/\/animangeek.com\/de\/wp-json\/wp\/v2\/tags?post=14560"}],"curies":[{"name":"wp","href":"https:\/\/api.w.org\/{rel}","templated":true}]}}