{"id":14863,"date":"2024-07-27T14:24:49","date_gmt":"2024-07-27T17:24:49","guid":{"rendered":"https:\/\/animangeek.com\/por-que-eu-odeio-tanto-o-timeskip-de-shingeki-no-kyojin\/"},"modified":"2024-07-27T14:24:49","modified_gmt":"2024-07-27T17:24:49","slug":"por-que-eu-odeio-tanto-o-timeskip-de-shingeki-no-kyojin","status":"publish","type":"post","link":"https:\/\/animangeek.com\/de\/por-que-eu-odeio-tanto-o-timeskip-de-shingeki-no-kyojin\/","title":{"rendered":"Warum hasse ich den Zeitsprung von Shingeki no Kyojin so sehr?"},"content":{"rendered":"<div class=\"mx-5 sm:mx-0 prose text-left mb-5\"><\/p>\n<div>\n<p>In einer k\u00fcrzlichen Debatte auf der Reddit-Plattform haben Fans des Franchise \u201e<strong>Shingeki no Kyojin<\/strong> (<em>Angriff auf Titan<\/em>)\u201c diskutierten die Gr\u00fcnde, warum <strong>Die allgemeine Meinung zur Serie verschlechtert sich nach dem Ende der dritten Staffel des Anime.<\/strong>Dieser Wahrnehmungswandel war nicht nur bei der Zeichentrickadaption zu beobachten, die von WIT STUDIO zu MAPPA wechselte, sondern auch bei der Rezeption des Original-Mangas.<\/p>\n<p>Die Debatte entstand aus einem Kommentar mit der Frage:<\/p>\n<ul>\n<li>\u00ab<em><strong>Was macht Shingeki no Kyojin nach dem Zeitsprung f\u00fcr manche Leute unangenehm?<\/strong> Ich habe AoT vielen Leuten empfohlen. W\u00e4hrend die meisten bis zum Ende Spa\u00df hatten, \u00e4u\u00dferte ein Teil nach der dritten Staffel eine gewisse Abneigung gegen die Serie. <strong>Auf die Frage, warum ihnen die Serie nach der dritten Staffel nicht gefallen habe, antworteten die meisten, dass ihnen die politische Wendung nicht gefallen habe oder dass die R\u00e4tsel gel\u00f6st worden seien.<\/strong> Ich bin sicher, dass es in diesem Sub einige Leute gibt, die das nachvollziehen k\u00f6nnen. Warum mochten Sie Shingeki no Kyojin nach dem Ende der dritten Staffel nicht mehr?<\/em>\u00bb.<\/li>\n<\/ul>\n<div class=\"wp-block-image\">\n<figure class=\"aligncenter size-full\"><img loading=\"lazy\" decoding=\"async\" width=\"1280\" height=\"720\" src=\"http:\/\/animangeek.com\/wp-content\/uploads\/sites\/106\/2024\/07\/Por-que-eu-odeio-tanto-o-timeskip-de-Shingeki-no.png\" alt=\"Shingeki no Kyojin\" class=\"wp-image-333833\"  \/><\/figure>\n<\/div>\n<p>Unter den Antworten wiesen mehrere Benutzer darauf hin, <strong>die drastische Ver\u00e4nderung im Ton der Geschichte<\/strong> als einer der Hauptfaktoren, die den Genuss beeinflussten. Laut Kommentaren lie\u00df die Serie den Fokus auf Action und Mystery hinter sich, um sich mehr auf <strong>politische Verschw\u00f6rungen und ideologische Konflikte<\/strong>, was nicht allen Followern gefiel. Die Debatte auf Reddit spiegelt eine Spaltung in der \u201eShingeki no Kyojin\u201c-Fangemeinde wider, mit widerspr\u00fcchlichen Meinungen \u00fcber die Entwicklung der Serie sowohl in der Zeichentrickadaption als auch im Original-Manga.<\/p>\n<ul>\n<li>\u00ab<em>Nach dem Zeitsprung wird Shingeki no Kyojin zu einem radikal anderen Anime\/Manga. Meiner Meinung nach (die letzten zehn Kapitel ausgenommen) wird es nach dem Zeitsprung sogar noch besser, aber ich kann gut verstehen, dass jemand, der bestimmte Aspekte der ersten H\u00e4lfte wirklich mochte, die zweite am Ende hasst. Die Vinland Saga besch\u00e4ftigt sich mit einem ziemlich \u00e4hnlichen, aber etwas extremeren Problem. Obwohl beide Teile exzellent sind (wobei die zweite H\u00e4lfte wohl besser ist), f\u00fchlen sie sich inhaltlich und klanglich so unterschiedlich an, dass ein eingefleischter Fan der ersten Staffel die zweite Staffel leicht hassen k\u00f6nnte, weil sie nicht das ist, was er dachte. Lese gerade.<\/em>\u00bb.<\/li>\n<li>\u00ab<em>Ich wei\u00df nicht, die ersten drei Staffeln konzentrierten sich auf Erens Sichtweise, und dann machte Eren in der letzten Staffel einen radikalen Zeitsprung, der erst am Ende gezeigt wurde. Er wirkte fehl am Platz. Ich fand es auch furchtbar, wie die letzten Teile endeten. \u00dcber ein Jahr zwischen den einst\u00fcndigen Episoden zu vergehen, war furchtbar, und es w\u00e4re viel besser gewesen, wenn sie einen einzigen Film oder mehrere Episoden auf einmal ver\u00f6ffentlicht h\u00e4tten. Im Grunde haben sie den Hype f\u00fcr das Finale aufgebaut und ihn dann verloren, weil sie so lange auf den n\u00e4chsten Teil gewartet haben.<\/em>\u00bb.<\/li>\n<li>\u00ab<em>Ich habe den Manga gelesen. Nachdem die Geheimnisse der Welt gel\u00fcftet waren, verlor ich allm\u00e4hlich das Interesse an der Geschichte. Irgendwann hatte ich selbst bei einem monatlichen Manga M\u00fche, ein Kapitel zu Ende zu lesen, und habe schlie\u00dflich aufgeh\u00f6rt.<\/em>\u00bb.<\/li>\n<li>\u00ab<em>Aus Erens Perspektive erfahren wir deutlich weniger. Mir pers\u00f6nlich hat Staffel 4 gefallen, aber nachdem das Chaos ausgebrochen war, hat sie mir nicht mehr gefallen. Haupts\u00e4chlich, weil mir die Idee, dass sie sich zusammentun, um Eren aufzuhalten, nicht gefiel und es sich anf\u00fchlte, als g\u00e4be es weder Geheimnis noch Spannung mehr.<\/em>\u00bb.<\/li>\n<li>\u00ab<em>Vor dem Zeitsprung war die Geschichte (einigerma\u00dfen) gut getaktet, aber nach dem Zeitsprung f\u00fchlte es sich an, als w\u00fcrde sie zu Ende gehen.<\/em>\u00bb.<\/li>\n<li>\u00ab<em>Als Manga-Leser kam der Zeitsprung aus dem Nichts, und zwar genau in einem der am meisten erwarteten Momente der Geschichte. Es war beunruhigend; man bekommt endlich, worauf man gewartet hat, und im n\u00e4chsten Kapitel ist die Geschichte v\u00f6llig anders, mit anderen Charakteren und ohne Erw\u00e4hnung des Geschehens.<\/em>\u00bb.<\/li>\n<li>\u00ab<em>Das ist zun\u00e4chst einmal ein gewaltiger Tonwechsel. Es hilft auch nicht, dass die Handlung nicht in der richtigen Reihenfolge erz\u00e4hlt wird. Fr\u00fchere Staffeln haben vielleicht ein oder zwei Episoden nicht in der richtigen Reihenfolge erz\u00e4hlt, aber die gesamte erste Staffel von \u201eStaffel 4\u201c ist v\u00f6llig ungeordnet. Sie beginnt damit, dass die Marleyaner bereits auf Paradis sind, und zeigt erst zur H\u00e4lfte, wie sie dorthin gelangt sind. Eren verh\u00e4lt sich bis dahin v\u00f6llig untypisch und gibt sich v\u00f6llig der Eugenik hin, und es dauert eine Weile, bis klar wird, dass alles nur Schwindel war. Hinzu kommt dieser schwache Versuch, uns mit Zeke sympathisieren zu lassen, obwohl er die ganze Serie \u00fcber ein ziemliches Arschloch war und ist. Ehrlich gesagt wirkten die ersten drei Staffeln sehr gut zusammengestellt, und die letzten drei \u201eTeilstaffeln\u201c wirkten wirklich zusammenh\u00e4ngend. Ich muss ihnen zugutehalten: Nichts ist epischer als die Szene, in der Eren seinen Vater in einer R\u00fcckblende emotional erpresst, was eigentlich unm\u00f6glich sein sollte.<\/em>\u00bb.<\/li>\n<li>\u00ab<em>Mir hat Staffel 4 nicht gefallen, weil es viel um Erens Gr\u00fcnde und Motivation ging, sich als Charakter zu ver\u00e4ndern und seinen Plan auszuf\u00fchren. Und ich finde, die Motivation, die am Ende enth\u00fcllt wurde, war Unsinn.<\/em>\u00bb.<\/li>\n<li>\u00ab<em>Die Charaktere waren vor dem Zeitsprung viel besser<\/em>\u00bb.<\/li>\n<li>\u00ab<em>Staffel 4, Teil 1 war gro\u00dfartig, die Geschichte erreichte an diesem Punkt ihren H\u00f6hepunkt, danach wurde es mit der Welt der Stra\u00dfen und Zeitreisen seltsam und verwirrend, mir gefiel grunds\u00e4tzlich nichts, was mit Ymir und den Pfaden zu tun hatte, es war selbst f\u00fcr eine Show mit einer so absurden Pr\u00e4misse wie Shingeki no Kyojin zu absurd<\/em>\u00bb.<\/li>\n<li>\u00ab<em>Abrupter Zeitsprung, anderer Protagonist, CGI-Titanen, schlechter Ver\u00f6ffentlichungsplan (Anime), geskriptete R\u00fcstung (Levi), verwirrendes Ende (Manga). Nicht, dass es keine Momente gegeben h\u00e4tte, aber als jemand, der nicht sehr emotional involviert war <em>Shingeki no Kyojin<\/em>Mir hat die dritte Staffel besser gefallen<\/em>\u00bb.<\/li>\n<li>\u00ab<em>Vielen Leuten gefiel der Wechsel zu hochpolitischen Themen nicht. Ich fand das Ende absolut schrecklich. Es hat mir die ganze Geschichte verdorben.<\/em>\u00bb.<\/li>\n<\/ul>\n<p>Quelle: <strong><a rel=\"nofollow noopener\" target=\"_blank\" href=\"https:\/\/www.reddit.com\/r\/anime\/comments\/1ecnt43\/what_makes_post_time_skip_aot_unlikeable_for_some\/\">reddit<\/a><\/strong><\/p>\n<\/div>\n<p><\/div>","protected":false},"excerpt":{"rendered":"<p>In einer k\u00fcrzlichen Reddit-Debatte diskutierten Fans der \u201eAttack on Titan\u201c-Reihe die Gr\u00fcnde, warum die allgemeine Meinung zur Serie nach dem Ende der dritten Staffel des Animes nachlie\u00df. Dieser Wandel in der Wahrnehmung beschr\u00e4nkte sich nicht nur auf die Zeichentrickadaption, die von WIT STUDIO produziert wurde, um\u2026 <a class=\"more-link\" href=\"https:\/\/animangeek.com\/de\/por-que-eu-odeio-tanto-o-timeskip-de-shingeki-no-kyojin\/\">Weiterlesen <span class=\"screen-reader-text\">Warum hasse ich den Zeitsprung von Shingeki no Kyojin so sehr?<\/span><\/a><\/p>","protected":false},"author":0,"featured_media":14864,"comment_status":"open","ping_status":"open","sticky":false,"template":"","format":"standard","meta":{"footnotes":""},"categories":[5],"tags":[529,842,955,1432],"yoast_head":"<!-- This site is optimized with the Yoast SEO plugin v23.3 - https:\/\/yoast.com\/wordpress\/plugins\/seo\/ -->\n<title>Por que eu odeio tanto o timeskip de Shingeki no Kyojin? - Animan Geek<\/title>\n<meta name=\"robots\" content=\"index, follow, max-snippet:-1, max-image-preview:large, max-video-preview:-1\" \/>\n<link rel=\"canonical\" href=\"https:\/\/animangeek.com\/de\/por-que-eu-odeio-tanto-o-timeskip-de-shingeki-no-kyojin\/\" \/>\n<meta property=\"og:locale\" content=\"de_DE\" \/>\n<meta property=\"og:type\" content=\"article\" \/>\n<meta property=\"og:title\" content=\"Por que eu odeio tanto o timeskip de Shingeki no Kyojin? - Animan Geek\" \/>\n<meta property=\"og:description\" content=\"Em recente debate na plataforma Reddit, f\u00e3s da franquia \u201cShingeki no Kyojin (Ataque ao tit\u00e3)\u201d discutiram as raz\u00f5es pelas quais A opini\u00e3o geral sobre a s\u00e9rie diminui ap\u00f3s o final da terceira temporada do anime. Essa mudan\u00e7a de percep\u00e7\u00e3o n\u00e3o foi observada apenas na adapta\u00e7\u00e3o animada, que passou de produzida pelo WIT STUDIO para o&hellip; Continue reading Por que eu odeio tanto o timeskip de Shingeki no Kyojin?\" \/>\n<meta property=\"og:url\" content=\"https:\/\/animangeek.com\/de\/por-que-eu-odeio-tanto-o-timeskip-de-shingeki-no-kyojin\/\" \/>\n<meta property=\"og:site_name\" content=\"Animan Geek\" \/>\n<meta property=\"article:published_time\" content=\"2024-07-27T17:24:49+00:00\" \/>\n<meta property=\"og:image\" content=\"https:\/\/animangeek.com\/wp-content\/uploads\/sites\/106\/2024\/07\/Por-que-eu-odeio-tanto-o-timeskip-de-Shingeki-no.jpg\" \/>\n\t<meta property=\"og:image:width\" content=\"1920\" \/>\n\t<meta property=\"og:image:height\" content=\"1080\" \/>\n\t<meta property=\"og:image:type\" content=\"image\/jpeg\" \/>\n<meta name=\"twitter:card\" content=\"summary_large_image\" \/>\n<meta name=\"twitter:label1\" content=\"Est. reading time\" \/>\n\t<meta name=\"twitter:data1\" content=\"5 Minuten\" \/>\n<script type=\"application\/ld+json\" class=\"yoast-schema-graph\">{\"@context\":\"https:\/\/schema.org\",\"@graph\":[{\"@type\":\"WebPage\",\"@id\":\"https:\/\/animangeek.com\/por-que-eu-odeio-tanto-o-timeskip-de-shingeki-no-kyojin\/\",\"url\":\"https:\/\/animangeek.com\/por-que-eu-odeio-tanto-o-timeskip-de-shingeki-no-kyojin\/\",\"name\":\"Por que eu odeio tanto o timeskip de Shingeki no Kyojin? - Animan Geek\",\"isPartOf\":{\"@id\":\"https:\/\/animangeek.com\/#website\"},\"primaryImageOfPage\":{\"@id\":\"https:\/\/animangeek.com\/por-que-eu-odeio-tanto-o-timeskip-de-shingeki-no-kyojin\/#primaryimage\"},\"image\":{\"@id\":\"https:\/\/animangeek.com\/por-que-eu-odeio-tanto-o-timeskip-de-shingeki-no-kyojin\/#primaryimage\"},\"thumbnailUrl\":\"https:\/\/animangeek.com\/wp-content\/uploads\/sites\/106\/2024\/07\/Por-que-eu-odeio-tanto-o-timeskip-de-Shingeki-no.jpg\",\"datePublished\":\"2024-07-27T17:24:49+00:00\",\"dateModified\":\"2024-07-27T17:24:49+00:00\",\"author\":{\"@id\":\"\"},\"breadcrumb\":{\"@id\":\"https:\/\/animangeek.com\/por-que-eu-odeio-tanto-o-timeskip-de-shingeki-no-kyojin\/#breadcrumb\"},\"inLanguage\":\"de-DE\",\"potentialAction\":[{\"@type\":\"ReadAction\",\"target\":[\"https:\/\/animangeek.com\/por-que-eu-odeio-tanto-o-timeskip-de-shingeki-no-kyojin\/\"]}]},{\"@type\":\"ImageObject\",\"inLanguage\":\"de-DE\",\"@id\":\"https:\/\/animangeek.com\/por-que-eu-odeio-tanto-o-timeskip-de-shingeki-no-kyojin\/#primaryimage\",\"url\":\"https:\/\/animangeek.com\/wp-content\/uploads\/sites\/106\/2024\/07\/Por-que-eu-odeio-tanto-o-timeskip-de-Shingeki-no.jpg\",\"contentUrl\":\"https:\/\/animangeek.com\/wp-content\/uploads\/sites\/106\/2024\/07\/Por-que-eu-odeio-tanto-o-timeskip-de-Shingeki-no.jpg\",\"width\":1920,\"height\":1080},{\"@type\":\"BreadcrumbList\",\"@id\":\"https:\/\/animangeek.com\/por-que-eu-odeio-tanto-o-timeskip-de-shingeki-no-kyojin\/#breadcrumb\",\"itemListElement\":[{\"@type\":\"ListItem\",\"position\":1,\"name\":\"Home\",\"item\":\"https:\/\/animangeek.com\/\"},{\"@type\":\"ListItem\",\"position\":2,\"name\":\"Por que eu odeio tanto o timeskip de Shingeki no Kyojin?\"}]},{\"@type\":\"WebSite\",\"@id\":\"https:\/\/animangeek.com\/#website\",\"url\":\"https:\/\/animangeek.com\/\",\"name\":\"Animan Geek\",\"description\":\"\",\"potentialAction\":[{\"@type\":\"SearchAction\",\"target\":{\"@type\":\"EntryPoint\",\"urlTemplate\":\"https:\/\/animangeek.com\/?s={search_term_string}\"},\"query-input\":\"required name=search_term_string\"}],\"inLanguage\":\"de-DE\"}]}<\/script>\n<!-- \/ Yoast SEO plugin. -->","yoast_head_json":{"title":"Por que eu odeio tanto o timeskip de Shingeki no Kyojin? - Animan Geek","robots":{"index":"index","follow":"follow","max-snippet":"max-snippet:-1","max-image-preview":"max-image-preview:large","max-video-preview":"max-video-preview:-1"},"canonical":"https:\/\/animangeek.com\/de\/por-que-eu-odeio-tanto-o-timeskip-de-shingeki-no-kyojin\/","og_locale":"de_DE","og_type":"article","og_title":"Por que eu odeio tanto o timeskip de Shingeki no Kyojin? - Animan Geek","og_description":"Em recente debate na plataforma Reddit, f\u00e3s da franquia \u201cShingeki no Kyojin (Ataque ao tit\u00e3)\u201d discutiram as raz\u00f5es pelas quais A opini\u00e3o geral sobre a s\u00e9rie diminui ap\u00f3s o final da terceira temporada do anime. Essa mudan\u00e7a de percep\u00e7\u00e3o n\u00e3o foi observada apenas na adapta\u00e7\u00e3o animada, que passou de produzida pelo WIT STUDIO para o&hellip; Continue reading Por que eu odeio tanto o timeskip de Shingeki no Kyojin?","og_url":"https:\/\/animangeek.com\/de\/por-que-eu-odeio-tanto-o-timeskip-de-shingeki-no-kyojin\/","og_site_name":"Animan Geek","article_published_time":"2024-07-27T17:24:49+00:00","og_image":[{"width":1920,"height":1080,"url":"https:\/\/animangeek.com\/wp-content\/uploads\/sites\/106\/2024\/07\/Por-que-eu-odeio-tanto-o-timeskip-de-Shingeki-no.jpg","type":"image\/jpeg"}],"twitter_card":"summary_large_image","twitter_misc":{"Est. reading time":"5 Minuten"},"schema":{"@context":"https:\/\/schema.org","@graph":[{"@type":"WebPage","@id":"https:\/\/animangeek.com\/por-que-eu-odeio-tanto-o-timeskip-de-shingeki-no-kyojin\/","url":"https:\/\/animangeek.com\/por-que-eu-odeio-tanto-o-timeskip-de-shingeki-no-kyojin\/","name":"Por que eu odeio tanto o timeskip de Shingeki no Kyojin? - Animan Geek","isPartOf":{"@id":"https:\/\/animangeek.com\/#website"},"primaryImageOfPage":{"@id":"https:\/\/animangeek.com\/por-que-eu-odeio-tanto-o-timeskip-de-shingeki-no-kyojin\/#primaryimage"},"image":{"@id":"https:\/\/animangeek.com\/por-que-eu-odeio-tanto-o-timeskip-de-shingeki-no-kyojin\/#primaryimage"},"thumbnailUrl":"https:\/\/animangeek.com\/wp-content\/uploads\/sites\/106\/2024\/07\/Por-que-eu-odeio-tanto-o-timeskip-de-Shingeki-no.jpg","datePublished":"2024-07-27T17:24:49+00:00","dateModified":"2024-07-27T17:24:49+00:00","author":{"@id":""},"breadcrumb":{"@id":"https:\/\/animangeek.com\/por-que-eu-odeio-tanto-o-timeskip-de-shingeki-no-kyojin\/#breadcrumb"},"inLanguage":"de-DE","potentialAction":[{"@type":"ReadAction","target":["https:\/\/animangeek.com\/por-que-eu-odeio-tanto-o-timeskip-de-shingeki-no-kyojin\/"]}]},{"@type":"ImageObject","inLanguage":"de-DE","@id":"https:\/\/animangeek.com\/por-que-eu-odeio-tanto-o-timeskip-de-shingeki-no-kyojin\/#primaryimage","url":"https:\/\/animangeek.com\/wp-content\/uploads\/sites\/106\/2024\/07\/Por-que-eu-odeio-tanto-o-timeskip-de-Shingeki-no.jpg","contentUrl":"https:\/\/animangeek.com\/wp-content\/uploads\/sites\/106\/2024\/07\/Por-que-eu-odeio-tanto-o-timeskip-de-Shingeki-no.jpg","width":1920,"height":1080},{"@type":"BreadcrumbList","@id":"https:\/\/animangeek.com\/por-que-eu-odeio-tanto-o-timeskip-de-shingeki-no-kyojin\/#breadcrumb","itemListElement":[{"@type":"ListItem","position":1,"name":"Home","item":"https:\/\/animangeek.com\/"},{"@type":"ListItem","position":2,"name":"Por que eu odeio tanto o timeskip de Shingeki no Kyojin?"}]},{"@type":"WebSite","@id":"https:\/\/animangeek.com\/#website","url":"https:\/\/animangeek.com\/","name":"Animan Geek","description":"","potentialAction":[{"@type":"SearchAction","target":{"@type":"EntryPoint","urlTemplate":"https:\/\/animangeek.com\/?s={search_term_string}"},"query-input":"required name=search_term_string"}],"inLanguage":"de-DE"}]}},"_links":{"self":[{"href":"https:\/\/animangeek.com\/de\/wp-json\/wp\/v2\/posts\/14863"}],"collection":[{"href":"https:\/\/animangeek.com\/de\/wp-json\/wp\/v2\/posts"}],"about":[{"href":"https:\/\/animangeek.com\/de\/wp-json\/wp\/v2\/types\/post"}],"replies":[{"embeddable":true,"href":"https:\/\/animangeek.com\/de\/wp-json\/wp\/v2\/comments?post=14863"}],"version-history":[{"count":0,"href":"https:\/\/animangeek.com\/de\/wp-json\/wp\/v2\/posts\/14863\/revisions"}],"wp:featuredmedia":[{"embeddable":true,"href":"https:\/\/animangeek.com\/de\/wp-json\/wp\/v2\/media\/14864"}],"wp:attachment":[{"href":"https:\/\/animangeek.com\/de\/wp-json\/wp\/v2\/media?parent=14863"}],"wp:term":[{"taxonomy":"category","embeddable":true,"href":"https:\/\/animangeek.com\/de\/wp-json\/wp\/v2\/categories?post=14863"},{"taxonomy":"post_tag","embeddable":true,"href":"https:\/\/animangeek.com\/de\/wp-json\/wp\/v2\/tags?post=14863"}],"curies":[{"name":"wp","href":"https:\/\/api.w.org\/{rel}","templated":true}]}}