{"id":15245,"date":"2024-07-31T17:05:29","date_gmt":"2024-07-31T20:05:29","guid":{"rendered":"https:\/\/animangeek.com\/?p=15245"},"modified":"2024-07-31T17:05:29","modified_gmt":"2024-07-31T20:05:29","slug":"as-emocoes-ocultas-de-deku-e-uraraka-devem-surgir-em-my-hero-academia-antes-do-final","status":"publish","type":"post","link":"https:\/\/animangeek.com\/de\/as-emocoes-ocultas-de-deku-e-uraraka-devem-surgir-em-my-hero-academia-antes-do-final\/","title":{"rendered":"Es wird erwartet, dass die verborgenen Emotionen von Deku und Uraraka vor dem Finale in My Hero Academia zum Vorschein kommen"},"content":{"rendered":"<div class=\"mx-5 sm:mx-0 prose text-left mb-5\">\n<div><\/div>\n<p>&nbsp;<\/p>\n<p>Die Beziehung zwischen Deku und Uraraka war schon immer eine der beliebtesten im My Hero Academia-Fandom. W\u00e4hrend die Serie stark darauf hindeutet, dass beide Charaktere Gef\u00fchle f\u00fcreinander haben, l\u00e4sst sie die Fans auch hoffen, dass sie aufh\u00f6ren, diese Gef\u00fchle zu verbergen.<\/p>\n<p>Die Ereignisse in Kapitel 428 k\u00f6nnten dazu f\u00fchren, dass diese beiden Turteltauben endlich ein offizielles Paar werden, da sie einander jetzt mehr denn je brauchen.<\/p>\n<p>Auf den letzten Seiten dieses Kapitels trauert Ochako \u00fcber den m\u00f6glichen Tod von Himiko Toga, einer B\u00f6sewichtin, die sie w\u00e4hrend des Finalen Krieges zu retten versuchte. Deku erscheint kurz nachdem sie zu weinen beginnt, besorgt um seinen besten Freund. Beide Helden haben ihre Gef\u00fchle viele Monate lang zur\u00fcckgehalten, doch vielleicht sind sie genau das, was der andere braucht, um die Vergangenheit hinter sich zu lassen.<\/p>\n<h2><strong>My Hero Academia, Kapitel 428: Deku und Urarakas gemeinsame Schuld wegen Shigaraki und Toga<\/strong><\/h2>\n<p>Auf den letzten Seiten von My Hero Academia, Kapitel 428, sieht man Uraraka \u00fcber die Stadt blicken und sich an ihren Kampf mit Toga erinnern. Die junge Frau ist traurig, als sie erf\u00e4hrt, dass Himikos Opfer, um sie zu retten, nicht im Fernsehen \u00fcbertragen wurde. Das bedeutet, dass die \u00d6ffentlichkeit nicht wei\u00df, wie die B\u00f6sewichtin ihr Leben gab, um Uraraka vor dem Blutverlust zu bewahren.<\/p>\n<figure id=\"attachment_1571355\" class=\"wp-caption alignnone\" style=\"width: 1920px;\" aria-describedby=\"caption-attachment-1571355\"><img loading=\"lazy\" decoding=\"async\" class=\"size-full wp-image-1571355\" src=\"https:\/\/animangeek.com\/wp-content\/uploads\/2024\/07\/Deku-and-Uraraka-2.jpg\" alt=\"Deku e Uraraka\" width=\"1920\" height=\"1080\" \/><figcaption id=\"caption-attachment-1571355\" class=\"wp-caption-text\">My Hero Academia-Franchise (Credits: Shueisha, K\u014dhei Horikoshi)<\/figcaption><\/figure>\n<p>In den letzten Augenblicken des Kampfes brachte Ochako Toga zum L\u00e4cheln, indem sie ihr mitteilte, dass mit ihr alles in Ordnung sei. Damit rettete sie die B\u00f6sewichtin effektiv vor dem Hass, der ihr Leben lang plagte.<\/p>\n<p>Der Manga deutet stark darauf hin, dass Urarakas Schmerz daher r\u00fchrt, dass sie Toga nicht retten konnte und die \u00d6ffentlichkeit sie immer noch f\u00fcr ein Monster h\u00e4lt, weil sie sich mit All For One verb\u00fcndet hat. W\u00e4hrend sie \u00fcber ihr Leiden nachdenkt, kommt Deku mit besorgtem Gesichtsausdruck, um mit ihr zu sprechen. Seit Kapitel 424, kurz nach Shigarakis Tod, wird Izuku nicht mehr l\u00e4chelnd gezeigt.<\/p>\n<p>Der Manga macht deutlich, dass sein fehlendes L\u00e4cheln auf sein Bedauern zur\u00fcckzuf\u00fchren ist, Shigaraki nicht gerettet zu haben. Deku und Ochako sind die einzigen unter allen Helden und Sch\u00fclern, die Schuldgef\u00fchle zeigen.<\/p>\n<figure id=\"attachment_1571356\" class=\"wp-caption alignnone\" style=\"width: 1920px;\" aria-describedby=\"caption-attachment-1571356\"><img loading=\"lazy\" decoding=\"async\" class=\"size-full wp-image-1571356\" src=\"https:\/\/animangeek.com\/wp-content\/uploads\/2024\/07\/Deku-and-Uraraka-3.jpg\" alt=\"Deku e Uraraka\" width=\"1920\" height=\"1080\" \/><figcaption id=\"caption-attachment-1571356\" class=\"wp-caption-text\">My Hero Academia-Franchise (Credits: Shueisha, K\u014dhei Horikoshi)<\/figcaption><\/figure>\n<p>Kapitel 428 deutet darauf hin, dass Izuku mit Uraraka \u00fcber die Gef\u00fchle sprechen m\u00f6chte, die sie seit Kriegsende verbirgt. Er ist einer der wenigen Menschen in ihrem Leben, der ihre Gef\u00fchle versteht. Deku k\u00f6nnte Ochako erneut retten, wie er es w\u00e4hrend der UA getan hat.<\/p>\n<p>Aufnahmepr\u00fcfung, diesmal f\u00fcr seine selbstzerst\u00f6rerischen Gedanken. Das Gespr\u00e4ch mit Uraraka kann Izuku auch helfen, seine Schuldgef\u00fchle, Shigaraki nicht gerettet zu haben, zu verstehen und loszulassen, und beiden helfen, das L\u00e4cheln wiederzuerlangen, das ihnen der Krieg genommen hat.<\/p>\n<h2><strong>Die Serie deutet im Epilog auf ein lang erwartetes Gest\u00e4ndnis zwischen Deku und Uraraka hin<\/strong><\/h2>\n<p>W\u00e4hrend der Abschlusspr\u00fcfungen der My Hero Academia-Reihe erkannte Ochako, dass sie mehr als nur Freundschaft f\u00fcr Izuku empfand. Anstatt dieser Anziehung jedoch nachzugeben, beschloss sie, ihre Gef\u00fchle zu verbergen, um weder Izuku noch sich selbst vom Lernen abzulenken.<\/p>\n<p>Obwohl es in der Serie nie explizit erw\u00e4hnt wurde, wurde Deku oft gezeigt, wie er seine Gef\u00fchle verbarg. Er verriet seiner Mutter nie, dass er in der Schule gemobbt und beschimpft wurde, und versuchte oft so zu tun, als ginge es ihm gut, um seine Freunde nicht zu beunruhigen.<\/p>\n<figure id=\"attachment_1571357\" class=\"wp-caption alignnone\" style=\"width: 1920px;\" aria-describedby=\"caption-attachment-1571357\"><img loading=\"lazy\" decoding=\"async\" class=\"size-full wp-image-1571357\" src=\"https:\/\/animangeek.com\/wp-content\/uploads\/2024\/07\/Deku-and-Uraraka-4.jpg\" alt=\"Deku e Uraraka\" width=\"1920\" height=\"1080\" \/><figcaption id=\"caption-attachment-1571357\" class=\"wp-caption-text\">My Hero Academia-Franchise (Credits: Shueisha, K\u014dhei Horikoshi)<\/figcaption><\/figure>\n<p>Urarakas Wunsch, eine gro\u00dfe Heldin zu werden und ihrer Familie finanziell zu helfen, war ebenso sch\u00e4dlich wie Izukus extremer Altruismus. Dies wurde im Epilog der Serie deutlich, in dem sich beide Charaktere hinter Masken versteckten, anstatt sich ihren Schuldgef\u00fchlen zu stellen.<\/p>\n<p>Das Duo muss sich gegenseitig seine Gef\u00fchle mitteilen, da es nicht l\u00e4nger allein leiden kann und sollte. Indem Kohei Horikoshi, der Sch\u00f6pfer des Mangas, endlich dar\u00fcber spricht, was sie verheimlicht haben, gibt er den Fans wahrscheinlich das Gest\u00e4ndnis, auf das sie jahrelang gewartet haben.<\/p>\n<h2><strong>Werden Izuku und Ochako endlich ihre Gef\u00fchle gestehen?<\/strong><\/h2>\n<p>Da die Serie sich dem Ende n\u00e4hert und seit dem Handlungsstrang \u201eAbschlusspr\u00fcfungen\u201c klar ist, dass Izuku und Ochako irgendwann ein Paar werden, ist dies die perfekte Gelegenheit f\u00fcr sie, ihre Liebe zu gestehen.<\/p>\n<p>Dadurch w\u00fcrden sie mehr als nur Freund und Freundin werden; sie w\u00fcrden sich gegenseitig bei der Bew\u00e4ltigung des Kriegstraumas unterst\u00fctzen. Es w\u00e4re eine wunderbare M\u00f6glichkeit, das L\u00e4cheln zur\u00fcckzubringen, das ihnen seit mehreren Kapiteln fehlte, und sie w\u00fcrden gleichzeitig eine liebevolle und gesunde Beziehung aufbauen.<\/p>\n<figure id=\"attachment_1571358\" class=\"wp-caption alignnone\" style=\"width: 1920px;\" aria-describedby=\"caption-attachment-1571358\"><img loading=\"lazy\" decoding=\"async\" class=\"size-full wp-image-1571358\" src=\"https:\/\/animangeek.com\/wp-content\/uploads\/2024\/07\/Deku-and-Uraraka-5.jpg\" alt=\"Deku e Uraraka\" width=\"1920\" height=\"1080\" \/><figcaption id=\"caption-attachment-1571358\" class=\"wp-caption-text\">My Hero Academia-Franchise (Credits: Shueisha, K\u014dhei Horikoshi)<\/figcaption><\/figure>\n<p>Ob sie ein Paar werden oder nicht, es ist fast sicher, dass Deku und Uraraka fr\u00fcher oder sp\u00e4ter \u00fcber ihre verborgenen Gef\u00fchle sprechen m\u00fcssen.<\/p>\n<p>Sie sind die einzigen beiden Charaktere, die wirklich verstehen, was der andere gerade durchmacht. Sollten sie ein Paar werden, w\u00e4re das eine unglaubliche und willkommene \u00dcberraschung f\u00fcr My Hero Academia-Fans, die seit Jahren darauf warten, dass sie ihre Gef\u00fchle gestehen.<\/p>\n<p>Lesen Sie den vollst\u00e4ndigen Beitrag \u00fcber die verborgenen Emotionen von Deku und Uraraka, die vor dem Finale in My Hero Academia ans Licht kommen werden<\/p><\/div>","protected":false},"excerpt":{"rendered":"<p>&nbsp; Die Beziehung zwischen Deku und Uraraka war schon immer eine der beliebtesten in der My Hero Academia-Fangemeinde. W\u00e4hrend die Serie deutlich darauf hindeutet, dass beide Charaktere Gef\u00fchle f\u00fcreinander haben, l\u00e4sst sie die Fans auch hoffen, dass sie diese Gef\u00fchle nicht mehr verbergen. Die Ereignisse in Kapitel 428 k\u00f6nnten dazu f\u00fchren, dass die beiden\u2026 <a class=\"more-link\" href=\"https:\/\/animangeek.com\/de\/as-emocoes-ocultas-de-deku-e-uraraka-devem-surgir-em-my-hero-academia-antes-do-final\/\">Weiterlesen <span class=\"screen-reader-text\">Es wird erwartet, dass die verborgenen Emotionen von Deku und Uraraka vor dem Finale in My Hero Academia zum Vorschein kommen<\/span><\/a><\/p>","protected":false},"author":0,"featured_media":15246,"comment_status":"open","ping_status":"open","sticky":false,"template":"","format":"standard","meta":{"footnotes":""},"categories":[8],"tags":[],"yoast_head":"<!-- This site is optimized with the Yoast SEO plugin v23.3 - https:\/\/yoast.com\/wordpress\/plugins\/seo\/ -->\n<title>As emo\u00e7\u00f5es ocultas de Deku e Uraraka devem surgir em My Hero Academia antes do final - Animan Geek<\/title>\n<meta name=\"robots\" content=\"index, follow, max-snippet:-1, max-image-preview:large, max-video-preview:-1\" \/>\n<link rel=\"canonical\" href=\"https:\/\/animangeek.com\/de\/as-emocoes-ocultas-de-deku-e-uraraka-devem-surgir-em-my-hero-academia-antes-do-final\/\" \/>\n<meta property=\"og:locale\" content=\"de_DE\" \/>\n<meta property=\"og:type\" content=\"article\" \/>\n<meta property=\"og:title\" content=\"As emo\u00e7\u00f5es ocultas de Deku e Uraraka devem surgir em My Hero Academia antes do final - Animan Geek\" \/>\n<meta property=\"og:description\" content=\"&nbsp; O relacionamento entre Deku e Uraraka sempre esteve entre os mais populares no fandom de My Hero Academia. Embora a s\u00e9rie tenha fortemente sugerido que ambos os personagens t\u00eam sentimentos um pelo outro, tamb\u00e9m deixou os f\u00e3s esperando que eles parassem de esconder essas emo\u00e7\u00f5es. Os eventos do cap\u00edtulo 428 podem levar esses dois&hellip; Continue reading As emo\u00e7\u00f5es ocultas de Deku e Uraraka devem surgir em My Hero Academia antes do final\" \/>\n<meta property=\"og:url\" content=\"https:\/\/animangeek.com\/de\/as-emocoes-ocultas-de-deku-e-uraraka-devem-surgir-em-my-hero-academia-antes-do-final\/\" \/>\n<meta property=\"og:site_name\" content=\"Animan Geek\" \/>\n<meta property=\"article:published_time\" content=\"2024-07-31T20:05:29+00:00\" \/>\n<meta property=\"og:image\" content=\"https:\/\/animangeek.com\/wp-content\/uploads\/sites\/106\/2024\/07\/Deku-and-Uraraka-1.jpg\" \/>\n\t<meta property=\"og:image:width\" content=\"1920\" \/>\n\t<meta property=\"og:image:height\" content=\"1080\" \/>\n\t<meta property=\"og:image:type\" content=\"image\/jpeg\" \/>\n<meta name=\"twitter:card\" content=\"summary_large_image\" \/>\n<meta name=\"twitter:label1\" content=\"Est. reading time\" \/>\n\t<meta name=\"twitter:data1\" content=\"5 Minuten\" \/>\n<script type=\"application\/ld+json\" class=\"yoast-schema-graph\">{\"@context\":\"https:\/\/schema.org\",\"@graph\":[{\"@type\":\"WebPage\",\"@id\":\"https:\/\/animangeek.com\/as-emocoes-ocultas-de-deku-e-uraraka-devem-surgir-em-my-hero-academia-antes-do-final\/\",\"url\":\"https:\/\/animangeek.com\/as-emocoes-ocultas-de-deku-e-uraraka-devem-surgir-em-my-hero-academia-antes-do-final\/\",\"name\":\"As emo\u00e7\u00f5es ocultas de Deku e Uraraka devem surgir em My Hero Academia antes do final - Animan Geek\",\"isPartOf\":{\"@id\":\"https:\/\/animangeek.com\/#website\"},\"primaryImageOfPage\":{\"@id\":\"https:\/\/animangeek.com\/as-emocoes-ocultas-de-deku-e-uraraka-devem-surgir-em-my-hero-academia-antes-do-final\/#primaryimage\"},\"image\":{\"@id\":\"https:\/\/animangeek.com\/as-emocoes-ocultas-de-deku-e-uraraka-devem-surgir-em-my-hero-academia-antes-do-final\/#primaryimage\"},\"thumbnailUrl\":\"https:\/\/animangeek.com\/wp-content\/uploads\/sites\/106\/2024\/07\/Deku-and-Uraraka-1.jpg\",\"datePublished\":\"2024-07-31T20:05:29+00:00\",\"dateModified\":\"2024-07-31T20:05:29+00:00\",\"author\":{\"@id\":\"\"},\"breadcrumb\":{\"@id\":\"https:\/\/animangeek.com\/as-emocoes-ocultas-de-deku-e-uraraka-devem-surgir-em-my-hero-academia-antes-do-final\/#breadcrumb\"},\"inLanguage\":\"de-DE\",\"potentialAction\":[{\"@type\":\"ReadAction\",\"target\":[\"https:\/\/animangeek.com\/as-emocoes-ocultas-de-deku-e-uraraka-devem-surgir-em-my-hero-academia-antes-do-final\/\"]}]},{\"@type\":\"ImageObject\",\"inLanguage\":\"de-DE\",\"@id\":\"https:\/\/animangeek.com\/as-emocoes-ocultas-de-deku-e-uraraka-devem-surgir-em-my-hero-academia-antes-do-final\/#primaryimage\",\"url\":\"https:\/\/animangeek.com\/wp-content\/uploads\/sites\/106\/2024\/07\/Deku-and-Uraraka-1.jpg\",\"contentUrl\":\"https:\/\/animangeek.com\/wp-content\/uploads\/sites\/106\/2024\/07\/Deku-and-Uraraka-1.jpg\",\"width\":1920,\"height\":1080},{\"@type\":\"BreadcrumbList\",\"@id\":\"https:\/\/animangeek.com\/as-emocoes-ocultas-de-deku-e-uraraka-devem-surgir-em-my-hero-academia-antes-do-final\/#breadcrumb\",\"itemListElement\":[{\"@type\":\"ListItem\",\"position\":1,\"name\":\"Home\",\"item\":\"https:\/\/animangeek.com\/\"},{\"@type\":\"ListItem\",\"position\":2,\"name\":\"As emo\u00e7\u00f5es ocultas de Deku e Uraraka devem surgir em My Hero Academia antes do final\"}]},{\"@type\":\"WebSite\",\"@id\":\"https:\/\/animangeek.com\/#website\",\"url\":\"https:\/\/animangeek.com\/\",\"name\":\"Animan Geek\",\"description\":\"\",\"potentialAction\":[{\"@type\":\"SearchAction\",\"target\":{\"@type\":\"EntryPoint\",\"urlTemplate\":\"https:\/\/animangeek.com\/?s={search_term_string}\"},\"query-input\":\"required name=search_term_string\"}],\"inLanguage\":\"de-DE\"}]}<\/script>\n<!-- \/ Yoast SEO plugin. -->","yoast_head_json":{"title":"As emo\u00e7\u00f5es ocultas de Deku e Uraraka devem surgir em My Hero Academia antes do final - Animan Geek","robots":{"index":"index","follow":"follow","max-snippet":"max-snippet:-1","max-image-preview":"max-image-preview:large","max-video-preview":"max-video-preview:-1"},"canonical":"https:\/\/animangeek.com\/de\/as-emocoes-ocultas-de-deku-e-uraraka-devem-surgir-em-my-hero-academia-antes-do-final\/","og_locale":"de_DE","og_type":"article","og_title":"As emo\u00e7\u00f5es ocultas de Deku e Uraraka devem surgir em My Hero Academia antes do final - Animan Geek","og_description":"&nbsp; O relacionamento entre Deku e Uraraka sempre esteve entre os mais populares no fandom de My Hero Academia. Embora a s\u00e9rie tenha fortemente sugerido que ambos os personagens t\u00eam sentimentos um pelo outro, tamb\u00e9m deixou os f\u00e3s esperando que eles parassem de esconder essas emo\u00e7\u00f5es. Os eventos do cap\u00edtulo 428 podem levar esses dois&hellip; Continue reading As emo\u00e7\u00f5es ocultas de Deku e Uraraka devem surgir em My Hero Academia antes do final","og_url":"https:\/\/animangeek.com\/de\/as-emocoes-ocultas-de-deku-e-uraraka-devem-surgir-em-my-hero-academia-antes-do-final\/","og_site_name":"Animan Geek","article_published_time":"2024-07-31T20:05:29+00:00","og_image":[{"width":1920,"height":1080,"url":"https:\/\/animangeek.com\/wp-content\/uploads\/sites\/106\/2024\/07\/Deku-and-Uraraka-1.jpg","type":"image\/jpeg"}],"twitter_card":"summary_large_image","twitter_misc":{"Est. reading time":"5 Minuten"},"schema":{"@context":"https:\/\/schema.org","@graph":[{"@type":"WebPage","@id":"https:\/\/animangeek.com\/as-emocoes-ocultas-de-deku-e-uraraka-devem-surgir-em-my-hero-academia-antes-do-final\/","url":"https:\/\/animangeek.com\/as-emocoes-ocultas-de-deku-e-uraraka-devem-surgir-em-my-hero-academia-antes-do-final\/","name":"As emo\u00e7\u00f5es ocultas de Deku e Uraraka devem surgir em My Hero Academia antes do final - Animan Geek","isPartOf":{"@id":"https:\/\/animangeek.com\/#website"},"primaryImageOfPage":{"@id":"https:\/\/animangeek.com\/as-emocoes-ocultas-de-deku-e-uraraka-devem-surgir-em-my-hero-academia-antes-do-final\/#primaryimage"},"image":{"@id":"https:\/\/animangeek.com\/as-emocoes-ocultas-de-deku-e-uraraka-devem-surgir-em-my-hero-academia-antes-do-final\/#primaryimage"},"thumbnailUrl":"https:\/\/animangeek.com\/wp-content\/uploads\/sites\/106\/2024\/07\/Deku-and-Uraraka-1.jpg","datePublished":"2024-07-31T20:05:29+00:00","dateModified":"2024-07-31T20:05:29+00:00","author":{"@id":""},"breadcrumb":{"@id":"https:\/\/animangeek.com\/as-emocoes-ocultas-de-deku-e-uraraka-devem-surgir-em-my-hero-academia-antes-do-final\/#breadcrumb"},"inLanguage":"de-DE","potentialAction":[{"@type":"ReadAction","target":["https:\/\/animangeek.com\/as-emocoes-ocultas-de-deku-e-uraraka-devem-surgir-em-my-hero-academia-antes-do-final\/"]}]},{"@type":"ImageObject","inLanguage":"de-DE","@id":"https:\/\/animangeek.com\/as-emocoes-ocultas-de-deku-e-uraraka-devem-surgir-em-my-hero-academia-antes-do-final\/#primaryimage","url":"https:\/\/animangeek.com\/wp-content\/uploads\/sites\/106\/2024\/07\/Deku-and-Uraraka-1.jpg","contentUrl":"https:\/\/animangeek.com\/wp-content\/uploads\/sites\/106\/2024\/07\/Deku-and-Uraraka-1.jpg","width":1920,"height":1080},{"@type":"BreadcrumbList","@id":"https:\/\/animangeek.com\/as-emocoes-ocultas-de-deku-e-uraraka-devem-surgir-em-my-hero-academia-antes-do-final\/#breadcrumb","itemListElement":[{"@type":"ListItem","position":1,"name":"Home","item":"https:\/\/animangeek.com\/"},{"@type":"ListItem","position":2,"name":"As emo\u00e7\u00f5es ocultas de Deku e Uraraka devem surgir em My Hero Academia antes do final"}]},{"@type":"WebSite","@id":"https:\/\/animangeek.com\/#website","url":"https:\/\/animangeek.com\/","name":"Animan Geek","description":"","potentialAction":[{"@type":"SearchAction","target":{"@type":"EntryPoint","urlTemplate":"https:\/\/animangeek.com\/?s={search_term_string}"},"query-input":"required name=search_term_string"}],"inLanguage":"de-DE"}]}},"_links":{"self":[{"href":"https:\/\/animangeek.com\/de\/wp-json\/wp\/v2\/posts\/15245"}],"collection":[{"href":"https:\/\/animangeek.com\/de\/wp-json\/wp\/v2\/posts"}],"about":[{"href":"https:\/\/animangeek.com\/de\/wp-json\/wp\/v2\/types\/post"}],"replies":[{"embeddable":true,"href":"https:\/\/animangeek.com\/de\/wp-json\/wp\/v2\/comments?post=15245"}],"version-history":[{"count":0,"href":"https:\/\/animangeek.com\/de\/wp-json\/wp\/v2\/posts\/15245\/revisions"}],"wp:featuredmedia":[{"embeddable":true,"href":"https:\/\/animangeek.com\/de\/wp-json\/wp\/v2\/media\/15246"}],"wp:attachment":[{"href":"https:\/\/animangeek.com\/de\/wp-json\/wp\/v2\/media?parent=15245"}],"wp:term":[{"taxonomy":"category","embeddable":true,"href":"https:\/\/animangeek.com\/de\/wp-json\/wp\/v2\/categories?post=15245"},{"taxonomy":"post_tag","embeddable":true,"href":"https:\/\/animangeek.com\/de\/wp-json\/wp\/v2\/tags?post=15245"}],"curies":[{"name":"wp","href":"https:\/\/api.w.org\/{rel}","templated":true}]}}