{"id":15462,"date":"2024-08-01T11:43:51","date_gmt":"2024-08-01T14:43:51","guid":{"rendered":"https:\/\/animangeek.com\/um-velho-se-torna-um-waifu-em-akuyaku-reijou-tensei-oji-san\/"},"modified":"2024-08-01T11:43:51","modified_gmt":"2024-08-01T14:43:51","slug":"um-velho-se-torna-um-waifu-em-akuyaku-reijou-tensei-oji-san","status":"publish","type":"post","link":"https:\/\/animangeek.com\/de\/um-velho-se-torna-um-waifu-em-akuyaku-reijou-tensei-oji-san\/","title":{"rendered":"In Akuyaku Reijou Tensei Oji-san wird ein alter Mann zum Waifu"},"content":{"rendered":"<div class=\"mx-5 sm:mx-0 prose text-left mb-5\"><\/p>\n<div>\n<p>Auf der offiziellen Website der Anime-Adaption des Mangas, geschrieben und illustriert von <strong>Michiro Ueyama<\/strong>\u201e<strong>Akuyaku Reijou Tensei Oji-san<\/strong> (<em>Der alte Mann wurde als B\u00f6sewicht wiedergeboren<\/em>)\u201c, wurde ein neues Werbevideo f\u00fcr das Projekt ver\u00f6ffentlicht. Das Video best\u00e4tigt dies <strong>Die Premiere ist f\u00fcr den Winter 2025 (Januar-M\u00e4rz) geplant.<\/strong>und listet Produktionsdetails und die Besetzung der Sprecher auf.<\/p>\n<p><iframe loading=\"lazy\" title=\"PV\uff5c2025 am 1. Januar 2025\" width=\"500\" height=\"281\" src=\"https:\/\/www.youtube.com\/embed\/c69-nnnAfU4?feature=oembed\" frameborder=\"0\" allow=\"accelerometer; autoplay; clipboard-write; encrypted-media; gyroscope; picture-in-picture; web-share\" referrerpolicy=\"strict-origin-when-cross-origin\" allowfullscreen><\/iframe><\/p>\n<p>F\u00fcr seinen Teil, <strong>Michiro Ueyama<\/strong> Der Manga wurde \u00fcber das Magazin ver\u00f6ffentlicht <strong>Monatlicher Youngking Unser GH<\/strong> vom Verlag <strong>Shonengahosha<\/strong> im M\u00e4rz 2020, wo es noch immer als Fortsetzungsroman erscheint. Zuvor schrieb er andere Werke wie \u201e<strong>Alter &#039;87<\/strong>\u201c,\u201c<strong>Kampfstadt Tsumanuda<\/strong>&quot;, Und &quot;<strong>Kijuushin Seiki Zoids<\/strong>\u201e.<\/p>\n<h3 class=\"wp-block-heading\"><strong>Stimmenbesetzung<\/strong><\/h3>\n<ul>\n<li><strong>Kazuhiko Inoue<\/strong> als Kenzaburo Tondabayashi.<\/li>\n<li><strong>Mao Ichimichi<\/strong> als Grace Auvergne.<\/li>\n<\/ul>\n<h3 class=\"wp-block-heading\"><strong>Produktionsteam<\/strong><\/h3>\n<ul>\n<li><strong>Tetsuya Takeuchi<\/strong> (<em>Sword Art Online II, Lycoris Recoil, Tengoku Daimakyou<\/em>) ist f\u00fcr die Regie des Anime in den Studios verantwortlich <strong>Ajia-do<\/strong>.<\/li>\n<li><strong>Shingo Irie<\/strong> (<em>Shoumetsu Toshi, Hakata Mentai! Pirikarako-chan<\/em>) ist f\u00fcr das Schreiben und die Betreuung der Drehb\u00fccher verantwortlich.<\/li>\n<li><strong>Haruka Matsunae<\/strong> (<em>Honzuki no Gekokujou: Shisho ni Naru Tame ni wa Shudan wo Erandeiraremasen Staffel 3<\/em>) ist f\u00fcr das Charakterdesign und die Animationsregie verantwortlich.<\/li>\n<li><strong>Kaho Sawada<\/strong>, <strong>Natsumi Tabuchi<\/strong>, <strong>Tsugumi Tanaka<\/strong>Und <strong>Misaki Tsuchida<\/strong> Sie sind f\u00fcr die Komposition des Soundtracks verantwortlich.<\/li>\n<\/ul>\n<div class=\"wp-block-image\">\n<figure class=\"aligncenter size-full\"><img loading=\"lazy\" decoding=\"async\" width=\"1060\" height=\"1500\" src=\"https:\/\/animangeek.com\/wp-content\/uploads\/2024\/08\/Um-velho-se-torna-um-waifu-em-Akuyaku-Reijou-Tensei.jpg\" alt=\"\" class=\"wp-image-334061\"  \/><\/figure>\n<\/div>\n<h3 class=\"wp-block-heading\"><strong>Zusammenfassung von Akuyaku Reijou Tensei Oji-san<\/strong><\/h3>\n<p><em>In ihrem fr\u00fcheren Leben im heutigen Japan war sie Kenzaburou Tondabayashi, eine 52-j\u00e4hrige Beamtin \u2026 und jetzt ist sie die B\u00f6sewichtin! Kenzaburou wird als Grace Auvergne wiedergeboren, die langhaarige B\u00f6sewichtin aus einem Otome-Spiel, das seine Tochter immer gespielt hat, und ist ziemlich verwirrt. Aufgrund der wenigen Informationen, die er hat, wei\u00df Kenzaburou, dass sie eine arrogante Adlige sein soll, aber der disziplinierte alte Mann ist einfach nicht in der Lage, sich so zu verhalten. Seine ruhige und sanfte Aura f\u00fchrt dazu, dass er sich mit der Heldin anfreundet und sich die Anerkennung der Sch\u00fclerschaft als Inbegriff der Eleganz verdient. W\u00e4hrend er versucht, der Geschichte zu folgen, muss Kenzaburou seine jahrelange Berufserfahrung, seine perfekten japanischen Manieren und seine Familienmoral nutzen, um sich unter seine Altersgenossen zu f\u00fcgen.<\/em><\/p>\n<p>Quelle: <strong><a rel=\"nofollow noopener\" target=\"_blank\" href=\"https:\/\/natalie.mu\/comic\/news\/584735\">Natalie in Comics<\/a><\/strong><\/p>\n<p>(c) \u60aa \u5f79 \u4ee4 \u5b22 \u8ee2 \u751f empfehlung \u3058 \u3055 \u3093 \u88fd \u4f5c \u59d4 \u54e1 \u4f1a \u30fb MBS<\/p>\n<\/div>\n<p><\/div>","protected":false},"excerpt":{"rendered":"<p>Auf der offiziellen Website der Anime-Adaption von Michiro Ueyamas Manga \u201eAkuyaku Reijou Tensei Oji-san (Der alte Mann, der als Schurke wiedergeboren wurde)\u201c wurde ein neues Werbevideo f\u00fcr das Projekt ver\u00f6ffentlicht. Das Video best\u00e4tigt, dass die Premiere f\u00fcr Winter 2025 (Januar-M\u00e4rz) geplant ist, und listet Produktionsdetails und die Besetzung der Sprecher auf. F\u00fcr seine\u2026 <a class=\"more-link\" href=\"https:\/\/animangeek.com\/de\/um-velho-se-torna-um-waifu-em-akuyaku-reijou-tensei-oji-san\/\">Weiterlesen <span class=\"screen-reader-text\">In Akuyaku Reijou Tensei Oji-san wird ein alter Mann zum Waifu<\/span><\/a><\/p>","protected":false},"author":0,"featured_media":15464,"comment_status":"open","ping_status":"open","sticky":false,"template":"","format":"standard","meta":{"footnotes":""},"categories":[3],"tags":[67,75,1160,1442],"yoast_head":"<!-- This site is optimized with the Yoast SEO plugin v23.3 - https:\/\/yoast.com\/wordpress\/plugins\/seo\/ -->\n<title>Um velho se torna um waifu em Akuyaku Reijou Tensei Oji-san - Animan Geek<\/title>\n<meta name=\"robots\" content=\"index, follow, max-snippet:-1, max-image-preview:large, max-video-preview:-1\" \/>\n<link rel=\"canonical\" href=\"https:\/\/animangeek.com\/de\/um-velho-se-torna-um-waifu-em-akuyaku-reijou-tensei-oji-san\/\" \/>\n<meta property=\"og:locale\" content=\"de_DE\" \/>\n<meta property=\"og:type\" content=\"article\" \/>\n<meta property=\"og:title\" content=\"Um velho se torna um waifu em Akuyaku Reijou Tensei Oji-san - Animan Geek\" \/>\n<meta property=\"og:description\" content=\"No site oficial da adapta\u00e7\u00e3o para anime do mang\u00e1 escrito e ilustrado por Michiro Ueyama\u201cAkuyaku Reijou Tensei Oji-san (O velho reencarnou como uma vil\u00e3)\u201d, foi revelado um novo v\u00eddeo promocional do projeto. O v\u00eddeo confirma isso A estreia est\u00e1 prevista para o per\u00edodo inverno-2025 (janeiro-mar\u00e7o)e lista detalhes de produ\u00e7\u00e3o e elenco de voz. Por sua&hellip; Continue reading Um velho se torna um waifu em Akuyaku Reijou Tensei Oji-san\" \/>\n<meta property=\"og:url\" content=\"https:\/\/animangeek.com\/de\/um-velho-se-torna-um-waifu-em-akuyaku-reijou-tensei-oji-san\/\" \/>\n<meta property=\"og:site_name\" content=\"Animan Geek\" \/>\n<meta property=\"article:published_time\" content=\"2024-08-01T14:43:51+00:00\" \/>\n<meta property=\"og:image\" content=\"https:\/\/animangeek.com\/wp-content\/uploads\/sites\/106\/2024\/08\/1722523432_Um-velho-se-torna-um-waifu-em-Akuyaku-Reijou-Tensei.jpg\" \/>\n\t<meta property=\"og:image:width\" content=\"1920\" \/>\n\t<meta property=\"og:image:height\" content=\"1080\" \/>\n\t<meta property=\"og:image:type\" content=\"image\/jpeg\" \/>\n<meta name=\"twitter:card\" content=\"summary_large_image\" \/>\n<meta name=\"twitter:label1\" content=\"Est. reading time\" \/>\n\t<meta name=\"twitter:data1\" content=\"2 Minuten\" \/>\n<script type=\"application\/ld+json\" class=\"yoast-schema-graph\">{\"@context\":\"https:\/\/schema.org\",\"@graph\":[{\"@type\":\"WebPage\",\"@id\":\"https:\/\/animangeek.com\/um-velho-se-torna-um-waifu-em-akuyaku-reijou-tensei-oji-san\/\",\"url\":\"https:\/\/animangeek.com\/um-velho-se-torna-um-waifu-em-akuyaku-reijou-tensei-oji-san\/\",\"name\":\"Um velho se torna um waifu em Akuyaku Reijou Tensei Oji-san - Animan Geek\",\"isPartOf\":{\"@id\":\"https:\/\/animangeek.com\/#website\"},\"primaryImageOfPage\":{\"@id\":\"https:\/\/animangeek.com\/um-velho-se-torna-um-waifu-em-akuyaku-reijou-tensei-oji-san\/#primaryimage\"},\"image\":{\"@id\":\"https:\/\/animangeek.com\/um-velho-se-torna-um-waifu-em-akuyaku-reijou-tensei-oji-san\/#primaryimage\"},\"thumbnailUrl\":\"https:\/\/animangeek.com\/wp-content\/uploads\/sites\/106\/2024\/08\/1722523432_Um-velho-se-torna-um-waifu-em-Akuyaku-Reijou-Tensei.jpg\",\"datePublished\":\"2024-08-01T14:43:51+00:00\",\"dateModified\":\"2024-08-01T14:43:51+00:00\",\"author\":{\"@id\":\"\"},\"breadcrumb\":{\"@id\":\"https:\/\/animangeek.com\/um-velho-se-torna-um-waifu-em-akuyaku-reijou-tensei-oji-san\/#breadcrumb\"},\"inLanguage\":\"de-DE\",\"potentialAction\":[{\"@type\":\"ReadAction\",\"target\":[\"https:\/\/animangeek.com\/um-velho-se-torna-um-waifu-em-akuyaku-reijou-tensei-oji-san\/\"]}]},{\"@type\":\"ImageObject\",\"inLanguage\":\"de-DE\",\"@id\":\"https:\/\/animangeek.com\/um-velho-se-torna-um-waifu-em-akuyaku-reijou-tensei-oji-san\/#primaryimage\",\"url\":\"https:\/\/animangeek.com\/wp-content\/uploads\/sites\/106\/2024\/08\/1722523432_Um-velho-se-torna-um-waifu-em-Akuyaku-Reijou-Tensei.jpg\",\"contentUrl\":\"https:\/\/animangeek.com\/wp-content\/uploads\/sites\/106\/2024\/08\/1722523432_Um-velho-se-torna-um-waifu-em-Akuyaku-Reijou-Tensei.jpg\",\"width\":1920,\"height\":1080},{\"@type\":\"BreadcrumbList\",\"@id\":\"https:\/\/animangeek.com\/um-velho-se-torna-um-waifu-em-akuyaku-reijou-tensei-oji-san\/#breadcrumb\",\"itemListElement\":[{\"@type\":\"ListItem\",\"position\":1,\"name\":\"Home\",\"item\":\"https:\/\/animangeek.com\/\"},{\"@type\":\"ListItem\",\"position\":2,\"name\":\"Um velho se torna um waifu em Akuyaku Reijou Tensei Oji-san\"}]},{\"@type\":\"WebSite\",\"@id\":\"https:\/\/animangeek.com\/#website\",\"url\":\"https:\/\/animangeek.com\/\",\"name\":\"Animan Geek\",\"description\":\"\",\"potentialAction\":[{\"@type\":\"SearchAction\",\"target\":{\"@type\":\"EntryPoint\",\"urlTemplate\":\"https:\/\/animangeek.com\/?s={search_term_string}\"},\"query-input\":\"required name=search_term_string\"}],\"inLanguage\":\"de-DE\"}]}<\/script>\n<!-- \/ Yoast SEO plugin. -->","yoast_head_json":{"title":"Um velho se torna um waifu em Akuyaku Reijou Tensei Oji-san - Animan Geek","robots":{"index":"index","follow":"follow","max-snippet":"max-snippet:-1","max-image-preview":"max-image-preview:large","max-video-preview":"max-video-preview:-1"},"canonical":"https:\/\/animangeek.com\/de\/um-velho-se-torna-um-waifu-em-akuyaku-reijou-tensei-oji-san\/","og_locale":"de_DE","og_type":"article","og_title":"Um velho se torna um waifu em Akuyaku Reijou Tensei Oji-san - Animan Geek","og_description":"No site oficial da adapta\u00e7\u00e3o para anime do mang\u00e1 escrito e ilustrado por Michiro Ueyama\u201cAkuyaku Reijou Tensei Oji-san (O velho reencarnou como uma vil\u00e3)\u201d, foi revelado um novo v\u00eddeo promocional do projeto. O v\u00eddeo confirma isso A estreia est\u00e1 prevista para o per\u00edodo inverno-2025 (janeiro-mar\u00e7o)e lista detalhes de produ\u00e7\u00e3o e elenco de voz. Por sua&hellip; Continue reading Um velho se torna um waifu em Akuyaku Reijou Tensei Oji-san","og_url":"https:\/\/animangeek.com\/de\/um-velho-se-torna-um-waifu-em-akuyaku-reijou-tensei-oji-san\/","og_site_name":"Animan Geek","article_published_time":"2024-08-01T14:43:51+00:00","og_image":[{"width":1920,"height":1080,"url":"https:\/\/animangeek.com\/wp-content\/uploads\/sites\/106\/2024\/08\/1722523432_Um-velho-se-torna-um-waifu-em-Akuyaku-Reijou-Tensei.jpg","type":"image\/jpeg"}],"twitter_card":"summary_large_image","twitter_misc":{"Est. reading time":"2 Minuten"},"schema":{"@context":"https:\/\/schema.org","@graph":[{"@type":"WebPage","@id":"https:\/\/animangeek.com\/um-velho-se-torna-um-waifu-em-akuyaku-reijou-tensei-oji-san\/","url":"https:\/\/animangeek.com\/um-velho-se-torna-um-waifu-em-akuyaku-reijou-tensei-oji-san\/","name":"Um velho se torna um waifu em Akuyaku Reijou Tensei Oji-san - Animan Geek","isPartOf":{"@id":"https:\/\/animangeek.com\/#website"},"primaryImageOfPage":{"@id":"https:\/\/animangeek.com\/um-velho-se-torna-um-waifu-em-akuyaku-reijou-tensei-oji-san\/#primaryimage"},"image":{"@id":"https:\/\/animangeek.com\/um-velho-se-torna-um-waifu-em-akuyaku-reijou-tensei-oji-san\/#primaryimage"},"thumbnailUrl":"https:\/\/animangeek.com\/wp-content\/uploads\/sites\/106\/2024\/08\/1722523432_Um-velho-se-torna-um-waifu-em-Akuyaku-Reijou-Tensei.jpg","datePublished":"2024-08-01T14:43:51+00:00","dateModified":"2024-08-01T14:43:51+00:00","author":{"@id":""},"breadcrumb":{"@id":"https:\/\/animangeek.com\/um-velho-se-torna-um-waifu-em-akuyaku-reijou-tensei-oji-san\/#breadcrumb"},"inLanguage":"de-DE","potentialAction":[{"@type":"ReadAction","target":["https:\/\/animangeek.com\/um-velho-se-torna-um-waifu-em-akuyaku-reijou-tensei-oji-san\/"]}]},{"@type":"ImageObject","inLanguage":"de-DE","@id":"https:\/\/animangeek.com\/um-velho-se-torna-um-waifu-em-akuyaku-reijou-tensei-oji-san\/#primaryimage","url":"https:\/\/animangeek.com\/wp-content\/uploads\/sites\/106\/2024\/08\/1722523432_Um-velho-se-torna-um-waifu-em-Akuyaku-Reijou-Tensei.jpg","contentUrl":"https:\/\/animangeek.com\/wp-content\/uploads\/sites\/106\/2024\/08\/1722523432_Um-velho-se-torna-um-waifu-em-Akuyaku-Reijou-Tensei.jpg","width":1920,"height":1080},{"@type":"BreadcrumbList","@id":"https:\/\/animangeek.com\/um-velho-se-torna-um-waifu-em-akuyaku-reijou-tensei-oji-san\/#breadcrumb","itemListElement":[{"@type":"ListItem","position":1,"name":"Home","item":"https:\/\/animangeek.com\/"},{"@type":"ListItem","position":2,"name":"Um velho se torna um waifu em Akuyaku Reijou Tensei Oji-san"}]},{"@type":"WebSite","@id":"https:\/\/animangeek.com\/#website","url":"https:\/\/animangeek.com\/","name":"Animan Geek","description":"","potentialAction":[{"@type":"SearchAction","target":{"@type":"EntryPoint","urlTemplate":"https:\/\/animangeek.com\/?s={search_term_string}"},"query-input":"required name=search_term_string"}],"inLanguage":"de-DE"}]}},"_links":{"self":[{"href":"https:\/\/animangeek.com\/de\/wp-json\/wp\/v2\/posts\/15462"}],"collection":[{"href":"https:\/\/animangeek.com\/de\/wp-json\/wp\/v2\/posts"}],"about":[{"href":"https:\/\/animangeek.com\/de\/wp-json\/wp\/v2\/types\/post"}],"replies":[{"embeddable":true,"href":"https:\/\/animangeek.com\/de\/wp-json\/wp\/v2\/comments?post=15462"}],"version-history":[{"count":0,"href":"https:\/\/animangeek.com\/de\/wp-json\/wp\/v2\/posts\/15462\/revisions"}],"wp:featuredmedia":[{"embeddable":true,"href":"https:\/\/animangeek.com\/de\/wp-json\/wp\/v2\/media\/15464"}],"wp:attachment":[{"href":"https:\/\/animangeek.com\/de\/wp-json\/wp\/v2\/media?parent=15462"}],"wp:term":[{"taxonomy":"category","embeddable":true,"href":"https:\/\/animangeek.com\/de\/wp-json\/wp\/v2\/categories?post=15462"},{"taxonomy":"post_tag","embeddable":true,"href":"https:\/\/animangeek.com\/de\/wp-json\/wp\/v2\/tags?post=15462"}],"curies":[{"name":"wp","href":"https:\/\/api.w.org\/{rel}","templated":true}]}}