{"id":15985,"date":"2024-08-05T14:21:21","date_gmt":"2024-08-05T17:21:21","guid":{"rendered":"https:\/\/animangeek.com\/fas-de-anime-debatem-sobre-otakus-e-seus-gostos-em-usar-roupas-kawaii\/"},"modified":"2024-08-05T14:21:21","modified_gmt":"2024-08-05T17:21:21","slug":"fas-de-anime-debatem-sobre-otakus-e-seus-gostos-em-usar-roupas-kawaii","status":"publish","type":"post","link":"https:\/\/animangeek.com\/de\/fas-de-anime-debatem-sobre-otakus-e-seus-gostos-em-usar-roupas-kawaii\/","title":{"rendered":"Anime-Fans diskutieren Otakus und ihren Geschmack in Sachen Kawaii-Kleidung"},"content":{"rendered":"<div class=\"mx-5 sm:mx-0 prose text-left mb-5\">\n<div itemprop=\"articleBody\">\n<p>Kleidung spiegelt oft die Gef\u00fchle von Menschen wider und beeinflusst den Geschmack des Tr\u00e4gers, wie beispielsweise Anime. Daher ist die gro\u00dfe Auswahl an Kleidung nicht immer f\u00fcr jeden Geschmack geeignet, insbesondere wenn Fragen auftauchen, wie zum Beispiel die in japanischen Foren: Wollen Otaku-Kinder s\u00fc\u00dfe Kleidung tragen? Es ist erw\u00e4hnenswert, dass in Diskussionen, in denen diese Frage aufkam, der Begriff \u201es\u00fc\u00dfe Kleidung\u201c oft mit Damenbekleidung in Verbindung gebracht wurde. Dies f\u00fchrte zu unterschiedlichen Meinungen: einerseits Bef\u00fcrworter dieser Idee, die auf ihre eigenen Erfahrungen mit dem Tragen dieser Art von Kleidung anspielten, andererseits andere mit gegenteiliger Ansicht, die sie f\u00fcr kategorisch unangemessen hielten.<\/p>\n<h3 class=\"wp-block-heading has-text-align-center\">In japanischen Foren wird erneut nach der Kleidung von Otaku-Jungs gefragt, wobei der Schwerpunkt auf Kawaii-Anime liegt.<\/h3>\n<div class=\"wp-block-image\">\n<figure class=\"aligncenter size-full\"><noscript><img loading=\"lazy\" decoding=\"async\" width=\"1280\" height=\"720\" src=\"https:\/\/animangeek.com\/wp-content\/uploads\/2024\/08\/vestimenta.webp.webp\" alt=\"Anime\" class=\"wp-image-426488\" title=\"Anime-Fans diskutieren \u00fcber Otakus und was sie gerne tragen Kawaii-Kleidung 2\"  \/><\/noscript><img loading=\"lazy\" decoding=\"async\" width=\"1280\" height=\"720\" src=\"https:\/\/animangeek.com\/wp-content\/uploads\/2024\/08\/vestimenta.webp.webp\" alt=\"Anime\" class=\"lazyload wp-image-426488\" title=\"Anime-Fans diskutieren \u00fcber Otakus und was sie gerne tragen Kawaii-Kleidung 2\"  data-><\/figure>\n<\/div>\n<p>Die Diskussion \u00fcber Kleidung und Mode im Allgemeinen ist kein neues Thema, da sich die Art und Weise, wie sich Menschen kleiden, im Laufe der Zeit ver\u00e4ndert hat und die Kleidungsstile von M\u00e4nnern und Frauen je nach Zeit und Kultur definiert wurden. Im Kontext der Otaku-Welt in Japan, wo die Geschlechterrollen tendenziell klarer definiert sind, gewinnt diese Debatte jedoch besondere Bedeutung, da sie eine weitere, viel relevantere und interessantere Frage aufwirft: Inwieweit k\u00f6nnen Otaku-Kinder ihre Individualit\u00e4t ausdr\u00fccken, ohne verurteilt oder stereotypisiert zu werden? Wir laden die Leser ein, dieser Frage nachzugehen.<\/p>\n<p>Um beim Thema zu landen: Da es sich um Anime handelt, besteht in gewissem Sinne eine starke Verbindung, denn in vielen Produktionen sind m\u00e4nnliche Charaktere in Frauenkleidung zu sehen, um nur einige der bekanntesten zu nennen. <strong>Astolfo (Apokryphes Schicksal)<\/strong>, <strong>Hideri Kanzaki (Mix S)<\/strong>, <strong>Felix Argyle (Re:Zero)<\/strong> unter anderem. Aus diesem Grund ist diese Debatte in mehreren japanischen Foren innerhalb der Anime-Kultur wieder aufgetaucht, da es viele Fans dieses Mediums gibt, die gerne viel kawaiiartigere Kleidung tragen, oft inspiriert von dem, was sie in Animes wie den oben genannten gesehen haben.<\/p>\n<div class=\"wp-block-image\">\n<figure class=\"aligncenter size-full\"><noscript><img loading=\"lazy\" decoding=\"async\" width=\"1390\" height=\"880\" src=\"https:\/\/animangeek.com\/wp-content\/uploads\/2024\/08\/Fate-Apocrypha-Astolfo.jpg\" alt=\"Destino Ap\u00f3crifo Astolfo\" class=\"wp-image-65313\" title=\"Anime-Fans diskutieren \u00fcber Otakus und was sie gerne tragen Kawaii-Kleidung 3\"  \/><\/noscript><img loading=\"lazy\" decoding=\"async\" width=\"1390\" height=\"880\" src=\"https:\/\/animangeek.com\/wp-content\/uploads\/2024\/08\/Fate-Apocrypha-Astolfo.jpg\" alt=\"Destino Ap\u00f3crifo Astolfo\" class=\"lazyload wp-image-65313\" title=\"Anime-Fans diskutieren \u00fcber Otakus und was sie gerne tragen Kawaii-Kleidung 3\"  data-><\/figure>\n<\/div>\n<p>F\u00fcr diejenigen, die aus erster Hand erfahren m\u00f6chten, wo das Thema Kleidung unter Anime-Fans diskutiert wurde, haben wir Folgendes f\u00fcr Sie: <a rel=\"nofollow noopener\" target=\"_blank\" href=\"http:\/\/otakomu.jp\/archives\/36426577.html\">Link<\/a> mit einem der japanischen Portale, auf denen das Thema diskutiert wurde. Und bevor wir zum Schluss kommen, eine kurze Reflexion \u00fcber das, was heute besprochen wurde: \u00dcber die Otaku-Kultur hinaus l\u00e4dt uns diese Debatte ein, \u00fcber die Bedeutung von Meinungsfreiheit und Akzeptanz nachzudenken. Mode wird in diesem Sinne zu einer universellen Sprache, die es uns erm\u00f6glicht, mit anderen zu kommunizieren und uns mit ihnen zu verbinden, ungeachtet unserer Unterschiede.<\/p>\n<div class=\"wp-block-image\">\n<figure class=\"aligncenter size-full\"><noscript><img loading=\"lazy\" decoding=\"async\" width=\"1000\" height=\"1414\" src=\"https:\/\/animangeek.com\/wp-content\/uploads\/2024\/08\/Senpai-wa-Otokonoko-revela-miembros-elenco-de-voces-y-miebros-del-staff-visual.webp.webp\" alt=\"Senpai Wa Otokonoko revela membros do elenco de voz e membros da equipe visual\" class=\"wp-image-389438\" title=\"Anime-Fans diskutieren \u00fcber Otakus und was sie gerne tragen Kawaii-Kleidung 4\"  \/><\/noscript><img loading=\"lazy\" decoding=\"async\" width=\"1000\" height=\"1414\" src=\"https:\/\/animangeek.com\/wp-content\/uploads\/2024\/08\/Senpai-wa-Otokonoko-revela-miembros-elenco-de-voces-y-miebros-del-staff-visual.webp.webp\" alt=\"Senpai Wa Otokonoko revela membros do elenco de voz e membros da equipe visual\" class=\"lazyload wp-image-389438\" title=\"Anime-Fans diskutieren \u00fcber Otakus und was sie gerne tragen Kawaii-Kleidung 4\"  data-><\/figure>\n<\/div>\n<\/div>\n<\/div>","protected":false},"excerpt":{"rendered":"<p>Kleidung spiegelt oft die Gef\u00fchle von Menschen wider und spiegelt den Geschmack des Tr\u00e4gers wider, wie zum Beispiel Anime. Daher ist die gro\u00dfe Auswahl an Kleidung nicht immer f\u00fcr jeden Geschmack geeignet, insbesondere wenn Fragen auftauchen, wie zum Beispiel die, die in japanischen Foren wieder auftauchte: \u201eWollen Otaku-Kids s\u00fc\u00dfe Kleidung tragen?\u201c Es ist erw\u00e4hnenswert \u2026 <a class=\"more-link\" href=\"https:\/\/animangeek.com\/de\/fas-de-anime-debatem-sobre-otakus-e-seus-gostos-em-usar-roupas-kawaii\/\">Weiterlesen <span class=\"screen-reader-text\">Anime-Fans diskutieren Otakus und ihren Geschmack in Sachen Kawaii-Kleidung<\/span><\/a><\/p>","protected":false},"author":0,"featured_media":15986,"comment_status":"open","ping_status":"open","sticky":false,"template":"","format":"standard","meta":{"footnotes":""},"categories":[5],"tags":[120],"yoast_head":"<!-- This site is optimized with the Yoast SEO plugin v23.3 - https:\/\/yoast.com\/wordpress\/plugins\/seo\/ -->\n<title>F\u00e3s de anime debatem sobre otakus e seus gostos em usar roupas Kawaii - Animan Geek<\/title>\n<meta name=\"robots\" content=\"index, follow, max-snippet:-1, max-image-preview:large, max-video-preview:-1\" \/>\n<link rel=\"canonical\" href=\"https:\/\/animangeek.com\/de\/fas-de-anime-debatem-sobre-otakus-e-seus-gostos-em-usar-roupas-kawaii\/\" \/>\n<meta property=\"og:locale\" content=\"de_DE\" \/>\n<meta property=\"og:type\" content=\"article\" \/>\n<meta property=\"og:title\" content=\"F\u00e3s de anime debatem sobre otakus e seus gostos em usar roupas Kawaii - Animan Geek\" \/>\n<meta property=\"og:description\" content=\"As roupas geralmente representam os sentimentos das pessoas e refletem parte dos gostos de quem as veste, como os animes, portanto a quantidade de roupas que h\u00e1 para escolher nem sempre satisfaz os gostos e ainda mais quando surgem d\u00favidas como o que ressurgiu em F\u00f3runs japoneses: as crian\u00e7as otaku querem usar roupas fofas? Ressalta-se&hellip; Continue reading F\u00e3s de anime debatem sobre otakus e seus gostos em usar roupas Kawaii\" \/>\n<meta property=\"og:url\" content=\"https:\/\/animangeek.com\/de\/fas-de-anime-debatem-sobre-otakus-e-seus-gostos-em-usar-roupas-kawaii\/\" \/>\n<meta property=\"og:site_name\" content=\"Animan Geek\" \/>\n<meta property=\"article:published_time\" content=\"2024-08-05T17:21:21+00:00\" \/>\n<meta property=\"og:image\" content=\"https:\/\/animangeek.com\/wp-content\/uploads\/sites\/106\/2024\/08\/Fas-de-anime-debatem-sobre-otakus-e-seus-gostos-em.jpg\" \/>\n\t<meta property=\"og:image:width\" content=\"1280\" \/>\n\t<meta property=\"og:image:height\" content=\"720\" \/>\n\t<meta property=\"og:image:type\" content=\"image\/jpeg\" \/>\n<meta name=\"twitter:card\" content=\"summary_large_image\" \/>\n<meta name=\"twitter:label1\" content=\"Est. reading time\" \/>\n\t<meta name=\"twitter:data1\" content=\"2 Minuten\" \/>\n<script type=\"application\/ld+json\" class=\"yoast-schema-graph\">{\"@context\":\"https:\/\/schema.org\",\"@graph\":[{\"@type\":\"WebPage\",\"@id\":\"https:\/\/animangeek.com\/fas-de-anime-debatem-sobre-otakus-e-seus-gostos-em-usar-roupas-kawaii\/\",\"url\":\"https:\/\/animangeek.com\/fas-de-anime-debatem-sobre-otakus-e-seus-gostos-em-usar-roupas-kawaii\/\",\"name\":\"F\u00e3s de anime debatem sobre otakus e seus gostos em usar roupas Kawaii - Animan Geek\",\"isPartOf\":{\"@id\":\"https:\/\/animangeek.com\/#website\"},\"primaryImageOfPage\":{\"@id\":\"https:\/\/animangeek.com\/fas-de-anime-debatem-sobre-otakus-e-seus-gostos-em-usar-roupas-kawaii\/#primaryimage\"},\"image\":{\"@id\":\"https:\/\/animangeek.com\/fas-de-anime-debatem-sobre-otakus-e-seus-gostos-em-usar-roupas-kawaii\/#primaryimage\"},\"thumbnailUrl\":\"https:\/\/animangeek.com\/wp-content\/uploads\/sites\/106\/2024\/08\/Fas-de-anime-debatem-sobre-otakus-e-seus-gostos-em.jpg\",\"datePublished\":\"2024-08-05T17:21:21+00:00\",\"dateModified\":\"2024-08-05T17:21:21+00:00\",\"author\":{\"@id\":\"\"},\"breadcrumb\":{\"@id\":\"https:\/\/animangeek.com\/fas-de-anime-debatem-sobre-otakus-e-seus-gostos-em-usar-roupas-kawaii\/#breadcrumb\"},\"inLanguage\":\"de-DE\",\"potentialAction\":[{\"@type\":\"ReadAction\",\"target\":[\"https:\/\/animangeek.com\/fas-de-anime-debatem-sobre-otakus-e-seus-gostos-em-usar-roupas-kawaii\/\"]}]},{\"@type\":\"ImageObject\",\"inLanguage\":\"de-DE\",\"@id\":\"https:\/\/animangeek.com\/fas-de-anime-debatem-sobre-otakus-e-seus-gostos-em-usar-roupas-kawaii\/#primaryimage\",\"url\":\"https:\/\/animangeek.com\/wp-content\/uploads\/sites\/106\/2024\/08\/Fas-de-anime-debatem-sobre-otakus-e-seus-gostos-em.jpg\",\"contentUrl\":\"https:\/\/animangeek.com\/wp-content\/uploads\/sites\/106\/2024\/08\/Fas-de-anime-debatem-sobre-otakus-e-seus-gostos-em.jpg\",\"width\":1280,\"height\":720},{\"@type\":\"BreadcrumbList\",\"@id\":\"https:\/\/animangeek.com\/fas-de-anime-debatem-sobre-otakus-e-seus-gostos-em-usar-roupas-kawaii\/#breadcrumb\",\"itemListElement\":[{\"@type\":\"ListItem\",\"position\":1,\"name\":\"Home\",\"item\":\"https:\/\/animangeek.com\/\"},{\"@type\":\"ListItem\",\"position\":2,\"name\":\"F\u00e3s de anime debatem sobre otakus e seus gostos em usar roupas Kawaii\"}]},{\"@type\":\"WebSite\",\"@id\":\"https:\/\/animangeek.com\/#website\",\"url\":\"https:\/\/animangeek.com\/\",\"name\":\"Animan Geek\",\"description\":\"\",\"potentialAction\":[{\"@type\":\"SearchAction\",\"target\":{\"@type\":\"EntryPoint\",\"urlTemplate\":\"https:\/\/animangeek.com\/?s={search_term_string}\"},\"query-input\":\"required name=search_term_string\"}],\"inLanguage\":\"de-DE\"}]}<\/script>\n<!-- \/ Yoast SEO plugin. -->","yoast_head_json":{"title":"F\u00e3s de anime debatem sobre otakus e seus gostos em usar roupas Kawaii - Animan Geek","robots":{"index":"index","follow":"follow","max-snippet":"max-snippet:-1","max-image-preview":"max-image-preview:large","max-video-preview":"max-video-preview:-1"},"canonical":"https:\/\/animangeek.com\/de\/fas-de-anime-debatem-sobre-otakus-e-seus-gostos-em-usar-roupas-kawaii\/","og_locale":"de_DE","og_type":"article","og_title":"F\u00e3s de anime debatem sobre otakus e seus gostos em usar roupas Kawaii - Animan Geek","og_description":"As roupas geralmente representam os sentimentos das pessoas e refletem parte dos gostos de quem as veste, como os animes, portanto a quantidade de roupas que h\u00e1 para escolher nem sempre satisfaz os gostos e ainda mais quando surgem d\u00favidas como o que ressurgiu em F\u00f3runs japoneses: as crian\u00e7as otaku querem usar roupas fofas? Ressalta-se&hellip; Continue reading F\u00e3s de anime debatem sobre otakus e seus gostos em usar roupas Kawaii","og_url":"https:\/\/animangeek.com\/de\/fas-de-anime-debatem-sobre-otakus-e-seus-gostos-em-usar-roupas-kawaii\/","og_site_name":"Animan Geek","article_published_time":"2024-08-05T17:21:21+00:00","og_image":[{"width":1280,"height":720,"url":"https:\/\/animangeek.com\/wp-content\/uploads\/sites\/106\/2024\/08\/Fas-de-anime-debatem-sobre-otakus-e-seus-gostos-em.jpg","type":"image\/jpeg"}],"twitter_card":"summary_large_image","twitter_misc":{"Est. reading time":"2 Minuten"},"schema":{"@context":"https:\/\/schema.org","@graph":[{"@type":"WebPage","@id":"https:\/\/animangeek.com\/fas-de-anime-debatem-sobre-otakus-e-seus-gostos-em-usar-roupas-kawaii\/","url":"https:\/\/animangeek.com\/fas-de-anime-debatem-sobre-otakus-e-seus-gostos-em-usar-roupas-kawaii\/","name":"F\u00e3s de anime debatem sobre otakus e seus gostos em usar roupas Kawaii - Animan Geek","isPartOf":{"@id":"https:\/\/animangeek.com\/#website"},"primaryImageOfPage":{"@id":"https:\/\/animangeek.com\/fas-de-anime-debatem-sobre-otakus-e-seus-gostos-em-usar-roupas-kawaii\/#primaryimage"},"image":{"@id":"https:\/\/animangeek.com\/fas-de-anime-debatem-sobre-otakus-e-seus-gostos-em-usar-roupas-kawaii\/#primaryimage"},"thumbnailUrl":"https:\/\/animangeek.com\/wp-content\/uploads\/sites\/106\/2024\/08\/Fas-de-anime-debatem-sobre-otakus-e-seus-gostos-em.jpg","datePublished":"2024-08-05T17:21:21+00:00","dateModified":"2024-08-05T17:21:21+00:00","author":{"@id":""},"breadcrumb":{"@id":"https:\/\/animangeek.com\/fas-de-anime-debatem-sobre-otakus-e-seus-gostos-em-usar-roupas-kawaii\/#breadcrumb"},"inLanguage":"de-DE","potentialAction":[{"@type":"ReadAction","target":["https:\/\/animangeek.com\/fas-de-anime-debatem-sobre-otakus-e-seus-gostos-em-usar-roupas-kawaii\/"]}]},{"@type":"ImageObject","inLanguage":"de-DE","@id":"https:\/\/animangeek.com\/fas-de-anime-debatem-sobre-otakus-e-seus-gostos-em-usar-roupas-kawaii\/#primaryimage","url":"https:\/\/animangeek.com\/wp-content\/uploads\/sites\/106\/2024\/08\/Fas-de-anime-debatem-sobre-otakus-e-seus-gostos-em.jpg","contentUrl":"https:\/\/animangeek.com\/wp-content\/uploads\/sites\/106\/2024\/08\/Fas-de-anime-debatem-sobre-otakus-e-seus-gostos-em.jpg","width":1280,"height":720},{"@type":"BreadcrumbList","@id":"https:\/\/animangeek.com\/fas-de-anime-debatem-sobre-otakus-e-seus-gostos-em-usar-roupas-kawaii\/#breadcrumb","itemListElement":[{"@type":"ListItem","position":1,"name":"Home","item":"https:\/\/animangeek.com\/"},{"@type":"ListItem","position":2,"name":"F\u00e3s de anime debatem sobre otakus e seus gostos em usar roupas Kawaii"}]},{"@type":"WebSite","@id":"https:\/\/animangeek.com\/#website","url":"https:\/\/animangeek.com\/","name":"Animan Geek","description":"","potentialAction":[{"@type":"SearchAction","target":{"@type":"EntryPoint","urlTemplate":"https:\/\/animangeek.com\/?s={search_term_string}"},"query-input":"required name=search_term_string"}],"inLanguage":"de-DE"}]}},"_links":{"self":[{"href":"https:\/\/animangeek.com\/de\/wp-json\/wp\/v2\/posts\/15985"}],"collection":[{"href":"https:\/\/animangeek.com\/de\/wp-json\/wp\/v2\/posts"}],"about":[{"href":"https:\/\/animangeek.com\/de\/wp-json\/wp\/v2\/types\/post"}],"replies":[{"embeddable":true,"href":"https:\/\/animangeek.com\/de\/wp-json\/wp\/v2\/comments?post=15985"}],"version-history":[{"count":0,"href":"https:\/\/animangeek.com\/de\/wp-json\/wp\/v2\/posts\/15985\/revisions"}],"wp:featuredmedia":[{"embeddable":true,"href":"https:\/\/animangeek.com\/de\/wp-json\/wp\/v2\/media\/15986"}],"wp:attachment":[{"href":"https:\/\/animangeek.com\/de\/wp-json\/wp\/v2\/media?parent=15985"}],"wp:term":[{"taxonomy":"category","embeddable":true,"href":"https:\/\/animangeek.com\/de\/wp-json\/wp\/v2\/categories?post=15985"},{"taxonomy":"post_tag","embeddable":true,"href":"https:\/\/animangeek.com\/de\/wp-json\/wp\/v2\/tags?post=15985"}],"curies":[{"name":"wp","href":"https:\/\/api.w.org\/{rel}","templated":true}]}}