{"id":16256,"date":"2024-08-07T16:06:37","date_gmt":"2024-08-07T19:06:37","guid":{"rendered":"https:\/\/animangeek.com\/zero-sofre-vazamento-de-sua-terceira-temporada\/"},"modified":"2024-08-07T16:06:37","modified_gmt":"2024-08-07T19:06:37","slug":"zero-sofre-vazamento-de-sua-terceira-temporada","status":"publish","type":"post","link":"https:\/\/animangeek.com\/de\/zero-sofre-vazamento-de-sua-terceira-temporada\/","title":{"rendered":"Die dritte Staffel von Zero ist durchgesickert"},"content":{"rendered":"<div class=\"mx-5 sm:mx-0 prose text-left mb-5\">\n<div itemprop=\"articleBody\">\n<p>Die Anime-Adaption der Light Novel \u00ab<strong>Re:Zero kara Hajimeru Isekai Seikatsu<\/strong>\u00bb (<strong>Re: Zero \u2013 Ein Leben in einer anderen Welt beginnen<\/strong>) war in den letzten Stunden auf verschiedenen Plattformen, Foren und in den sozialen Medien Gespr\u00e4chsthema, und es scheint, dass die erste Folge der mit Spannung erwarteten dritten Staffel geleakt wurde. Bemerkenswert ist laut Bericht, dass dieser Leak ein Wasserzeichen des Events enth\u00e4lt \u00ab<strong>Japan Expo 2024<\/strong>\u00ab, die vom 11. bis 14. Juli in Frankreich stattfand.<\/p>\n<h3 class=\"wp-block-heading has-text-align-center\">Die erste Folge der dritten Staffel von Re:Zero ist durchgesickert.<\/h3>\n<div class=\"wp-block-image\">\n<figure class=\"aligncenter size-full\"><noscript><img loading=\"lazy\" decoding=\"async\" width=\"1280\" height=\"720\" src=\"https:\/\/animangeek.com\/wp-content\/uploads\/2024\/08\/Re-Zero-Emilia-min-2.webp.webp\" alt=\"Re: Zero sofre vazamento de sua terceira temporada\" class=\"wp-image-401697\" title=\"Betreff: Leaks zu Zero Staffel 3\"  \/><\/noscript><img loading=\"lazy\" decoding=\"async\" width=\"1280\" height=\"720\" src=\"https:\/\/animangeek.com\/wp-content\/uploads\/2024\/08\/Re-Zero-Emilia-min-2.webp.webp\" alt=\"Re: Zero sofre vazamento de sua terceira temporada\" class=\"lazyload wp-image-401697\" title=\"Betreff: Leaks zu Zero Staffel 3\"  data-><\/figure>\n<\/div>\n<p>Ein weiterer zu erw\u00e4hnender Punkt ist, dass es bei diesen Veranstaltungen absolut verboten ist, das, was in den Veranstaltungsprojektionen gezeigt wird, aufzuzeichnen oder festzuhalten. Dieser Fall ist also aufgrund der strengen Regeln, die das Serienproduktionskomitee den Organisatoren in solchen Situationen auferlegt, eine \u00dcberraschung.<\/p>\n<p>Erinnern wir uns daran, dass die dritte Staffel des Anime <a rel=\"nofollow noopener\" target=\"_blank\" href=\"https:\/\/x.com\/rezero_official?lang=es\"><strong>Re:Zero kara Hajimeru Isekai Seikatsu<\/strong> <\/a>Die Premiere in Japan ist f\u00fcr den Monat Oktober dieses Jahres geplant und das Animationsstudio <strong>Wei\u00dfer Fuchs<\/strong> wird die Produktion \u00fcbernehmen. Zuvor best\u00e4tigten die offiziellen Medien des Animes, dass die erste Folge der Neuauflage <strong>Betreff: Null<\/strong> Es w\u00fcrde ungef\u00e4hr 90 Minuten dauern.<\/p>\n<div class=\"wp-block-image\">\n<figure class=\"aligncenter size-full\"><noscript><img loading=\"lazy\" decoding=\"async\" width=\"1500\" height=\"1974\" src=\"https:\/\/animangeek.com\/wp-content\/uploads\/2024\/08\/Re-Zero-Temporada-3-visual.webp.webp\" alt=\"Visual da 3\u00aa temporada de Re:Zero\" class=\"wp-image-358945\" title=\"Betreff: Leaks zu Zero Staffel 3\"  \/><\/noscript><img loading=\"lazy\" decoding=\"async\" width=\"1500\" height=\"1974\" src=\"https:\/\/animangeek.com\/wp-content\/uploads\/2024\/08\/Re-Zero-Temporada-3-visual.webp.webp\" alt=\"Visual da 3\u00aa temporada de Re:Zero\" class=\"lazyload wp-image-358945\" title=\"Betreff: Leaks zu Zero Staffel 3\"  data-><\/figure>\n<\/div>\n<p><strong>Re:Zero kara Hajimeru Isekai Seikatsu<\/strong>bekannt als <strong>Betreff: Null<\/strong> und auch wie <strong>Re: Zero \u2013 Ein Leben in einer anderen Welt beginnen<\/strong> Im Westen ist es ein Isekai-Light-Novel, der Fantasy und Spannung verbindet. Dieses Werk wurde geschrieben von <strong>Tappei Nagatsuki<\/strong> und illustriert von <strong>Shinichirou Otsuka<\/strong> und begann seine Ver\u00f6ffentlichung im Januar 2014 in der Typografie <strong>MF Bunko J<\/strong> vom Verlag <strong>Medienfabrik<\/strong> und befindet sich noch in der Serialisierung.<\/p>\n<p>Am 4. April 2016 fand die Premiere der Anime-Adaption von <strong>Betreff: Null<\/strong>, die aus 2 Staffeln mit insgesamt 50 Episoden besteht, darunter Specials und 2 OVAs. Das Animationsstudio <strong>Wei\u00dfer Fuchs<\/strong> war verantwortlich f\u00fcr die Produktion der Serie unter der Leitung von <strong>Masaharu Watanabe<\/strong>Die Serie ist legal auf der Plattform verf\u00fcgbar <strong>Knusprige Rolle<\/strong>wo es auch ins lateinische Spanisch synchronisiert wird.<\/p>\n<p>\u00a9\u9577\u6708\u9054\u5e73\u30fb\u682a\u5f0f\u4f1a\u793eKADOKAWA\u520a\uff0fRe:\u30bc\u30ed\u304b\u3089\u59cb\u3081\u308b\u7570\u4e16\u754c\u751f\u6d3b3\u88fd\u4f5c\u59d4\u54e1\u4f1a<\/p>\n<\/div>\n<\/div>","protected":false},"excerpt":{"rendered":"<p>Die Anime-Adaption der Light Novel \u201eRe:Zero kara Hajimeru Isekai Seikatsu\u201c (Re:Zero \u2013 Starting Life in Another World) hat in den letzten Stunden auf verschiedenen Plattformen, Foren und Social-Media-Plattformen f\u00fcr Aufsehen gesorgt, und nun scheint die erste Folge der mit Spannung erwarteten dritten Staffel durchgesickert zu sein. Dem Bericht zufolge... <a class=\"more-link\" href=\"https:\/\/animangeek.com\/de\/zero-sofre-vazamento-de-sua-terceira-temporada\/\">Weiterlesen <span class=\"screen-reader-text\">Die dritte Staffel von Zero ist durchgesickert<\/span><\/a><\/p>","protected":false},"author":0,"featured_media":16257,"comment_status":"open","ping_status":"open","sticky":false,"template":"","format":"standard","meta":{"footnotes":""},"categories":[5],"tags":[1308,1309,1312,1326],"yoast_head":"<!-- This site is optimized with the Yoast SEO plugin v23.3 - https:\/\/yoast.com\/wordpress\/plugins\/seo\/ -->\n<title>Zero sofre vazamento de sua terceira temporada - Animan Geek<\/title>\n<meta name=\"robots\" content=\"index, follow, max-snippet:-1, max-image-preview:large, max-video-preview:-1\" \/>\n<link rel=\"canonical\" href=\"https:\/\/animangeek.com\/de\/zero-sofre-vazamento-de-sua-terceira-temporada\/\" \/>\n<meta property=\"og:locale\" content=\"de_DE\" \/>\n<meta property=\"og:type\" content=\"article\" \/>\n<meta property=\"og:title\" content=\"Zero sofre vazamento de sua terceira temporada - Animan Geek\" \/>\n<meta property=\"og:description\" content=\"A adapta\u00e7\u00e3o para anime do romance leve \u00abRe:Zero kara Hajimeru Isekai Seikatsu\u00bb (Re: Zero &#8211; Come\u00e7ando a vida em outro mundo) tem dado o que falar em diversas plataformas, f\u00f3runs e redes sociais na internet nas \u00faltimas horas, e parece que vazou o primeiro epis\u00f3dio da t\u00e3o aguardada terceira temporada. De acordo com o relato&hellip; Continue reading Zero sofre vazamento de sua terceira temporada\" \/>\n<meta property=\"og:url\" content=\"https:\/\/animangeek.com\/de\/zero-sofre-vazamento-de-sua-terceira-temporada\/\" \/>\n<meta property=\"og:site_name\" content=\"Animan Geek\" \/>\n<meta property=\"article:published_time\" content=\"2024-08-07T19:06:37+00:00\" \/>\n<meta property=\"og:image\" content=\"https:\/\/animangeek.com\/wp-content\/uploads\/sites\/106\/2024\/08\/Zero-sofre-vazamento-de-sua-terceira-temporada.webp.webp\" \/>\n\t<meta property=\"og:image:width\" content=\"1280\" \/>\n\t<meta property=\"og:image:height\" content=\"720\" \/>\n\t<meta property=\"og:image:type\" content=\"image\/webp\" \/>\n<meta name=\"twitter:card\" content=\"summary_large_image\" \/>\n<meta name=\"twitter:label1\" content=\"Est. reading time\" \/>\n\t<meta name=\"twitter:data1\" content=\"2 Minuten\" \/>\n<script type=\"application\/ld+json\" class=\"yoast-schema-graph\">{\"@context\":\"https:\/\/schema.org\",\"@graph\":[{\"@type\":\"WebPage\",\"@id\":\"https:\/\/animangeek.com\/zero-sofre-vazamento-de-sua-terceira-temporada\/\",\"url\":\"https:\/\/animangeek.com\/zero-sofre-vazamento-de-sua-terceira-temporada\/\",\"name\":\"Zero sofre vazamento de sua terceira temporada - Animan Geek\",\"isPartOf\":{\"@id\":\"https:\/\/animangeek.com\/#website\"},\"primaryImageOfPage\":{\"@id\":\"https:\/\/animangeek.com\/zero-sofre-vazamento-de-sua-terceira-temporada\/#primaryimage\"},\"image\":{\"@id\":\"https:\/\/animangeek.com\/zero-sofre-vazamento-de-sua-terceira-temporada\/#primaryimage\"},\"thumbnailUrl\":\"https:\/\/animangeek.com\/wp-content\/uploads\/sites\/106\/2024\/08\/Zero-sofre-vazamento-de-sua-terceira-temporada.webp.webp\",\"datePublished\":\"2024-08-07T19:06:37+00:00\",\"dateModified\":\"2024-08-07T19:06:37+00:00\",\"author\":{\"@id\":\"\"},\"breadcrumb\":{\"@id\":\"https:\/\/animangeek.com\/zero-sofre-vazamento-de-sua-terceira-temporada\/#breadcrumb\"},\"inLanguage\":\"de-DE\",\"potentialAction\":[{\"@type\":\"ReadAction\",\"target\":[\"https:\/\/animangeek.com\/zero-sofre-vazamento-de-sua-terceira-temporada\/\"]}]},{\"@type\":\"ImageObject\",\"inLanguage\":\"de-DE\",\"@id\":\"https:\/\/animangeek.com\/zero-sofre-vazamento-de-sua-terceira-temporada\/#primaryimage\",\"url\":\"https:\/\/animangeek.com\/wp-content\/uploads\/sites\/106\/2024\/08\/Zero-sofre-vazamento-de-sua-terceira-temporada.webp.webp\",\"contentUrl\":\"https:\/\/animangeek.com\/wp-content\/uploads\/sites\/106\/2024\/08\/Zero-sofre-vazamento-de-sua-terceira-temporada.webp.webp\",\"width\":1280,\"height\":720},{\"@type\":\"BreadcrumbList\",\"@id\":\"https:\/\/animangeek.com\/zero-sofre-vazamento-de-sua-terceira-temporada\/#breadcrumb\",\"itemListElement\":[{\"@type\":\"ListItem\",\"position\":1,\"name\":\"Home\",\"item\":\"https:\/\/animangeek.com\/\"},{\"@type\":\"ListItem\",\"position\":2,\"name\":\"Zero sofre vazamento de sua terceira temporada\"}]},{\"@type\":\"WebSite\",\"@id\":\"https:\/\/animangeek.com\/#website\",\"url\":\"https:\/\/animangeek.com\/\",\"name\":\"Animan Geek\",\"description\":\"\",\"potentialAction\":[{\"@type\":\"SearchAction\",\"target\":{\"@type\":\"EntryPoint\",\"urlTemplate\":\"https:\/\/animangeek.com\/?s={search_term_string}\"},\"query-input\":\"required name=search_term_string\"}],\"inLanguage\":\"de-DE\"}]}<\/script>\n<!-- \/ Yoast SEO plugin. -->","yoast_head_json":{"title":"Zero sofre vazamento de sua terceira temporada - Animan Geek","robots":{"index":"index","follow":"follow","max-snippet":"max-snippet:-1","max-image-preview":"max-image-preview:large","max-video-preview":"max-video-preview:-1"},"canonical":"https:\/\/animangeek.com\/de\/zero-sofre-vazamento-de-sua-terceira-temporada\/","og_locale":"de_DE","og_type":"article","og_title":"Zero sofre vazamento de sua terceira temporada - Animan Geek","og_description":"A adapta\u00e7\u00e3o para anime do romance leve \u00abRe:Zero kara Hajimeru Isekai Seikatsu\u00bb (Re: Zero &#8211; Come\u00e7ando a vida em outro mundo) tem dado o que falar em diversas plataformas, f\u00f3runs e redes sociais na internet nas \u00faltimas horas, e parece que vazou o primeiro epis\u00f3dio da t\u00e3o aguardada terceira temporada. De acordo com o relato&hellip; Continue reading Zero sofre vazamento de sua terceira temporada","og_url":"https:\/\/animangeek.com\/de\/zero-sofre-vazamento-de-sua-terceira-temporada\/","og_site_name":"Animan Geek","article_published_time":"2024-08-07T19:06:37+00:00","og_image":[{"width":1280,"height":720,"url":"https:\/\/animangeek.com\/wp-content\/uploads\/sites\/106\/2024\/08\/Zero-sofre-vazamento-de-sua-terceira-temporada.webp.webp","type":"image\/webp"}],"twitter_card":"summary_large_image","twitter_misc":{"Est. reading time":"2 Minuten"},"schema":{"@context":"https:\/\/schema.org","@graph":[{"@type":"WebPage","@id":"https:\/\/animangeek.com\/zero-sofre-vazamento-de-sua-terceira-temporada\/","url":"https:\/\/animangeek.com\/zero-sofre-vazamento-de-sua-terceira-temporada\/","name":"Zero sofre vazamento de sua terceira temporada - Animan Geek","isPartOf":{"@id":"https:\/\/animangeek.com\/#website"},"primaryImageOfPage":{"@id":"https:\/\/animangeek.com\/zero-sofre-vazamento-de-sua-terceira-temporada\/#primaryimage"},"image":{"@id":"https:\/\/animangeek.com\/zero-sofre-vazamento-de-sua-terceira-temporada\/#primaryimage"},"thumbnailUrl":"https:\/\/animangeek.com\/wp-content\/uploads\/sites\/106\/2024\/08\/Zero-sofre-vazamento-de-sua-terceira-temporada.webp.webp","datePublished":"2024-08-07T19:06:37+00:00","dateModified":"2024-08-07T19:06:37+00:00","author":{"@id":""},"breadcrumb":{"@id":"https:\/\/animangeek.com\/zero-sofre-vazamento-de-sua-terceira-temporada\/#breadcrumb"},"inLanguage":"de-DE","potentialAction":[{"@type":"ReadAction","target":["https:\/\/animangeek.com\/zero-sofre-vazamento-de-sua-terceira-temporada\/"]}]},{"@type":"ImageObject","inLanguage":"de-DE","@id":"https:\/\/animangeek.com\/zero-sofre-vazamento-de-sua-terceira-temporada\/#primaryimage","url":"https:\/\/animangeek.com\/wp-content\/uploads\/sites\/106\/2024\/08\/Zero-sofre-vazamento-de-sua-terceira-temporada.webp.webp","contentUrl":"https:\/\/animangeek.com\/wp-content\/uploads\/sites\/106\/2024\/08\/Zero-sofre-vazamento-de-sua-terceira-temporada.webp.webp","width":1280,"height":720},{"@type":"BreadcrumbList","@id":"https:\/\/animangeek.com\/zero-sofre-vazamento-de-sua-terceira-temporada\/#breadcrumb","itemListElement":[{"@type":"ListItem","position":1,"name":"Home","item":"https:\/\/animangeek.com\/"},{"@type":"ListItem","position":2,"name":"Zero sofre vazamento de sua terceira temporada"}]},{"@type":"WebSite","@id":"https:\/\/animangeek.com\/#website","url":"https:\/\/animangeek.com\/","name":"Animan Geek","description":"","potentialAction":[{"@type":"SearchAction","target":{"@type":"EntryPoint","urlTemplate":"https:\/\/animangeek.com\/?s={search_term_string}"},"query-input":"required name=search_term_string"}],"inLanguage":"de-DE"}]}},"_links":{"self":[{"href":"https:\/\/animangeek.com\/de\/wp-json\/wp\/v2\/posts\/16256"}],"collection":[{"href":"https:\/\/animangeek.com\/de\/wp-json\/wp\/v2\/posts"}],"about":[{"href":"https:\/\/animangeek.com\/de\/wp-json\/wp\/v2\/types\/post"}],"replies":[{"embeddable":true,"href":"https:\/\/animangeek.com\/de\/wp-json\/wp\/v2\/comments?post=16256"}],"version-history":[{"count":0,"href":"https:\/\/animangeek.com\/de\/wp-json\/wp\/v2\/posts\/16256\/revisions"}],"wp:featuredmedia":[{"embeddable":true,"href":"https:\/\/animangeek.com\/de\/wp-json\/wp\/v2\/media\/16257"}],"wp:attachment":[{"href":"https:\/\/animangeek.com\/de\/wp-json\/wp\/v2\/media?parent=16256"}],"wp:term":[{"taxonomy":"category","embeddable":true,"href":"https:\/\/animangeek.com\/de\/wp-json\/wp\/v2\/categories?post=16256"},{"taxonomy":"post_tag","embeddable":true,"href":"https:\/\/animangeek.com\/de\/wp-json\/wp\/v2\/tags?post=16256"}],"curies":[{"name":"wp","href":"https:\/\/api.w.org\/{rel}","templated":true}]}}