{"id":17227,"date":"2024-08-14T17:15:51","date_gmt":"2024-08-14T20:15:51","guid":{"rendered":"https:\/\/animangeek.com\/a-razao-pela-qual-highschool-of-the-dead-nao-tera-uma-segunda-temporada\/"},"modified":"2024-08-14T17:15:51","modified_gmt":"2024-08-14T20:15:51","slug":"a-razao-pela-qual-highschool-of-the-dead-nao-tera-uma-segunda-temporada","status":"publish","type":"post","link":"https:\/\/animangeek.com\/de\/a-razao-pela-qual-highschool-of-the-dead-nao-tera-uma-segunda-temporada\/","title":{"rendered":"Der Grund, warum es von Highschool of the Dead keine zweite Staffel geben wird"},"content":{"rendered":"<div class=\"mx-5 sm:mx-0 prose text-left mb-5\">\n<div itemprop=\"articleBody\">\n<p><strong>High School der Toten<\/strong> Die Geschichte ist sehr popul\u00e4r geworden, und selbst mehr als zehn Jahre nach der Ausstrahlung der Anime-Adaption warten viele Fans immer noch auf die Best\u00e4tigung einer Fortsetzung. Doch die Zeit ist vergangen, und es gibt keine Neuigkeiten dazu. Viele behaupten, dass eine Fortsetzung nicht mehr m\u00f6glich sei, und in diesem Artikel erl\u00e4utern wir die Gr\u00fcnde, die Fans f\u00fcr diese Behauptung angeben.<\/p>\n<h3 class=\"wp-block-heading has-text-align-center\">Fans von \u201eHighschool of the Dead\u201c diskutieren online, warum es keine Fortsetzung des Anime geben wird<\/h3>\n<figure class=\"wp-block-image size-full\"><noscript><img loading=\"lazy\" decoding=\"async\" width=\"1129\" height=\"720\" src=\"https:\/\/animangeek.com\/wp-content\/uploads\/2024\/08\/hotd-.jpg\" alt=\"Escola Secund\u00e1ria dos Mortos\" class=\"wp-image-185720\" title=\" Der Grund, warum es keine zweite Staffel von Highschool Of The Dead geben wird\"  \/><\/noscript><img loading=\"lazy\" decoding=\"async\" width=\"1129\" height=\"720\" src=\"https:\/\/animangeek.com\/wp-content\/uploads\/2024\/08\/hotd-.jpg\" alt=\"Escola secund\u00e1ria dos mortos\" class=\"lazyload wp-image-185720\" title=\" Der Grund, warum es keine zweite Staffel von Highschool Of The Dead geben wird\"  data-><\/figure>\n<p>Ein Benutzer der beliebten Plattform <strong><a rel=\"nofollow noopener\" target=\"_blank\" href=\"https:\/\/www.reddit.com\/r\/anime\/comments\/18zwew9\/high_school_of_the_dead_season_2_ever_coming\/?rdt=46745&amp;onetap_auto=true&amp;one_tap=true\" data-type=\"link\" data-id=\"https:\/\/www.reddit.com\/r\/anime\/comments\/18zwew9\/high_school_of_the_dead_season_2_ever_coming\/?rdt=46745&amp;onetap_auto=true&amp;one_tap=true\">reddit<\/a><\/strong>er\u00f6ffnete das Gespr\u00e4ch mit der Frage: \u201eWerden wir jemals eine zweite Staffel von <strong>High School der Toten<\/strong>?&quot; Ebenso f\u00fcgte er den folgenden Kommentar hinzu: \u201eJetzt, da wir im Jahr 2024 sind, hat irgendjemand Neuigkeiten dar\u00fcber, ob es jemals eine zweite Staffel geben wird? Ich habe geh\u00f6rt, dass es m\u00f6glich sein k\u00f6nnte, aber ich frage mich, ob das irgendjemand wei\u00df.\u201c \u201eEs ist mein Lieblingsanime\u201c, und aufgrund dieser Frage begannen viele Benutzer, sich zu der Angelegenheit zu \u00e4u\u00dfern.<\/p>\n<p>Der erste Benutzer antwortete, dass dies eigentlich sehr unwahrscheinlich sei, da der Autor des Werkes <strong>\u201eDaisuke Sato\u201c<\/strong> Er starb 2017, daher blieb die Geschichte unvollendet. Der Manga <strong>High School der Toten<\/strong> Er tat dies zusammen mit seinem Bruder <strong>\u201eShouji Sato\u201c<\/strong>der sich weigerte, mit der Arbeit fortzufahren, da er nur f\u00fcr die Illustrationen verantwortlich war und es sich au\u00dferdem um eine Geschichte handelte, die ihn sehr traurig machte, sodass er sich nicht in der Lage f\u00fchlte, weiterzumachen.<\/p>\n<p>In Bezug auf dieses vorherige Argument fragte ein anderer Benutzer, ob es nicht bereits viel Material g\u00e4be, das adaptiert werden k\u00f6nnte, obwohl die Geschichte vielleicht ge\u00e4ndert werden m\u00fcsste, um einen Abschluss zu erzielen und ihr ein angemessenes Ende zu geben, etwas, das zuvor mit Animes wie <strong>\u201eAkame ga Kill\u201c<\/strong>. Eine Person, die anderer Meinung war, meinte dazu: \u201eWarum sollten sie das tun? Der Anime dient als Propaganda f\u00fcr den Manga und ohne Fortsetzung des Mangas (von? <strong>High School der Toten<\/strong>), die vor Jahren abgesetzt wurde, wird es auf keinen Fall eine zweite Staffel geben.<\/p>\n<figure class=\"wp-block-image size-large\"><noscript><img loading=\"lazy\" decoding=\"async\" width=\"1200\" height=\"675\" src=\"https:\/\/animangeek.com\/wp-content\/uploads\/2024\/08\/hotd-1200x675.jpg\" alt=\"quente\" class=\"wp-image-185601\" title=\" Der Grund, warum es keine zweite Staffel 3 von Highschool Of The Dead geben wird\"  \/><\/noscript><img loading=\"lazy\" decoding=\"async\" width=\"1200\" height=\"675\" src=\"https:\/\/animangeek.com\/wp-content\/uploads\/2024\/08\/hotd-1200x675.jpg\" alt=\"quente\" class=\"lazyload wp-image-185601\" title=\" Der Grund, warum es keine zweite Staffel 3 von Highschool Of The Dead geben wird\"  data-><\/figure>\n<p>Die Debatte ging weiter, und ein Benutzer fragte, ob <strong>High School der Toten<\/strong> Die Serie ist hierzulande sehr beliebt. Warum also nicht eine Neuauflage mit einem neuen Autor und der Beteiligung von Shouji Sato an der Entwicklung versuchen? Auf diese Frage antwortete jemand, dass Shouji der gesamte Manga und Anime geh\u00f6rt, da Daisuke ihm die Rechte nach seinem Tod \u00fcberschrieben hat. Der K\u00fcnstler weigert sich jedoch, die Serie neu zu verfilmen oder die Rechte zu verkaufen.<\/p>\n<p>Etwas, das auch viel kommentiert wurde, ist, dass aufgrund der Themen oder des Humors, die behandelt werden <strong>High School der Toten<\/strong>Eine Fortsetzung dieser Geschichte w\u00e4re keine gute Idee, da sie wahrscheinlich schlecht ankommen w\u00fcrde, da sie Themen behandelt, die derzeit in der Gesellschaft verp\u00f6nt sind. Trotzdem schlug jemand vor, eine Fortsetzung dieser Adaption zu machen, indem er sie als <strong>\u00abAnime h\u00bb<\/strong>die in letzter Zeit wieder an Popularit\u00e4t gewonnen haben.<\/p>\n<p>Letztendlich bedauerten viele Fans die Aussicht, weiterhin eine Adaption von <strong>High School der Toten<\/strong>Viele Leute meinten beispielsweise, sie sollten den Anime aufgeben, weil er nach \u00fcber zehn Jahren nicht mehr erscheinen w\u00fcrde. Fans wollten das jedoch nicht. Andere sagten, sie h\u00e4tten den Anime k\u00fcrzlich noch einmal angeschaut und seien sehr traurig gewesen, als sie sich an die Geschichte erinnerten und erfuhren, dass es kein weiteres Material aus der Anime-Adaption gab.<\/p>\n<figure class=\"wp-block-image size-large\"><noscript><img loading=\"lazy\" decoding=\"async\" width=\"1200\" height=\"675\" src=\"https:\/\/animangeek.com\/wp-content\/uploads\/2024\/08\/Highschool-of-the-Dead-min-1200x675.jpg\" alt=\"Escola Secund\u00e1ria dos Mortos\" class=\"wp-image-216976\" title=\" Der Grund, warum es keine zweite Staffel 4 von Highschool Of The Dead geben wird\"  \/><\/noscript><img loading=\"lazy\" decoding=\"async\" width=\"1200\" height=\"675\" src=\"https:\/\/animangeek.com\/wp-content\/uploads\/2024\/08\/Highschool-of-the-Dead-min-1200x675.jpg\" alt=\"Escola Secund\u00e1ria dos Mortos\" class=\"lazyload wp-image-216976\" title=\" Der Grund, warum es keine zweite Staffel 4 von Highschool Of The Dead geben wird\"  data-><\/figure>\n<p><strong>\u00a9\u4f50\u85e4\u5927\u8f14\u30fb\u4f50\u85e4\u30b7\u30e7\u30a6\u30b8\/\u5bcc\u58eb\u898b\u66f8\u623f\/HOTD \u88fd\u4f5c\u59d4\u54e1\u4f1a<\/strong><\/p>\n<\/div>\n<\/div>","protected":false},"excerpt":{"rendered":"<p>\u201eHigh School of the Dead\u201c ist zu einer sehr beliebten Geschichte geworden, und selbst mehr als zehn Jahre nach der Ausstrahlung der Anime-Adaption warten viele Fans immer noch auf die Best\u00e4tigung einer Fortsetzung. Doch die Zeit ist vergangen, und es gibt keine Neuigkeiten dazu. Viele behaupten, dass es nicht mehr m\u00f6glich sei, \u2026 <a class=\"more-link\" href=\"https:\/\/animangeek.com\/de\/a-razao-pela-qual-highschool-of-the-dead-nao-tera-uma-segunda-temporada\/\">Weiterlesen <span class=\"screen-reader-text\">Der Grund, warum es von Highschool of the Dead keine zweite Staffel geben wird<\/span><\/a><\/p>","protected":false},"author":0,"featured_media":17228,"comment_status":"open","ping_status":"open","sticky":false,"template":"","format":"standard","meta":{"footnotes":""},"categories":[5],"tags":[503,1325],"yoast_head":"<!-- This site is optimized with the Yoast SEO plugin v23.3 - https:\/\/yoast.com\/wordpress\/plugins\/seo\/ -->\n<title>A raz\u00e3o pela qual Highschool of the Dead n\u00e3o ter\u00e1 uma segunda temporada - Animan Geek<\/title>\n<meta name=\"robots\" content=\"index, follow, max-snippet:-1, max-image-preview:large, max-video-preview:-1\" \/>\n<link rel=\"canonical\" href=\"https:\/\/animangeek.com\/de\/a-razao-pela-qual-highschool-of-the-dead-nao-tera-uma-segunda-temporada\/\" \/>\n<meta property=\"og:locale\" content=\"de_DE\" \/>\n<meta property=\"og:type\" content=\"article\" \/>\n<meta property=\"og:title\" content=\"A raz\u00e3o pela qual Highschool of the Dead n\u00e3o ter\u00e1 uma segunda temporada - Animan Geek\" \/>\n<meta property=\"og:description\" content=\"Escola Secund\u00e1ria dos Mortos Tornou-se uma hist\u00f3ria bastante popular e por isso, mesmo depois de mais de dez anos ap\u00f3s a transmiss\u00e3o de sua adapta\u00e7\u00e3o para anime, muitos f\u00e3s ainda aguardam a confirma\u00e7\u00e3o de uma continua\u00e7\u00e3o; Por\u00e9m, o tempo passou e n\u00e3o h\u00e1 not\u00edcias sobre isso. Muitos mais afirmam que n\u00e3o \u00e9 mais poss\u00edvel ter&hellip; Continue reading A raz\u00e3o pela qual Highschool of the Dead n\u00e3o ter\u00e1 uma segunda temporada\" \/>\n<meta property=\"og:url\" content=\"https:\/\/animangeek.com\/de\/a-razao-pela-qual-highschool-of-the-dead-nao-tera-uma-segunda-temporada\/\" \/>\n<meta property=\"og:site_name\" content=\"Animan Geek\" \/>\n<meta property=\"article:published_time\" content=\"2024-08-14T20:15:51+00:00\" \/>\n<meta property=\"og:image\" content=\"https:\/\/animangeek.com\/wp-content\/uploads\/sites\/106\/2024\/08\/A-razao-pela-qual-Highschool-of-the-Dead-nao-tera.webp.webp\" \/>\n\t<meta property=\"og:image:width\" content=\"1280\" \/>\n\t<meta property=\"og:image:height\" content=\"720\" \/>\n\t<meta property=\"og:image:type\" content=\"image\/webp\" \/>\n<meta name=\"twitter:card\" content=\"summary_large_image\" \/>\n<meta name=\"twitter:label1\" content=\"Est. reading time\" \/>\n\t<meta name=\"twitter:data1\" content=\"3 Minuten\" \/>\n<script type=\"application\/ld+json\" class=\"yoast-schema-graph\">{\"@context\":\"https:\/\/schema.org\",\"@graph\":[{\"@type\":\"WebPage\",\"@id\":\"https:\/\/animangeek.com\/a-razao-pela-qual-highschool-of-the-dead-nao-tera-uma-segunda-temporada\/\",\"url\":\"https:\/\/animangeek.com\/a-razao-pela-qual-highschool-of-the-dead-nao-tera-uma-segunda-temporada\/\",\"name\":\"A raz\u00e3o pela qual Highschool of the Dead n\u00e3o ter\u00e1 uma segunda temporada - Animan Geek\",\"isPartOf\":{\"@id\":\"https:\/\/animangeek.com\/#website\"},\"primaryImageOfPage\":{\"@id\":\"https:\/\/animangeek.com\/a-razao-pela-qual-highschool-of-the-dead-nao-tera-uma-segunda-temporada\/#primaryimage\"},\"image\":{\"@id\":\"https:\/\/animangeek.com\/a-razao-pela-qual-highschool-of-the-dead-nao-tera-uma-segunda-temporada\/#primaryimage\"},\"thumbnailUrl\":\"https:\/\/animangeek.com\/wp-content\/uploads\/sites\/106\/2024\/08\/A-razao-pela-qual-Highschool-of-the-Dead-nao-tera.webp.webp\",\"datePublished\":\"2024-08-14T20:15:51+00:00\",\"dateModified\":\"2024-08-14T20:15:51+00:00\",\"author\":{\"@id\":\"\"},\"breadcrumb\":{\"@id\":\"https:\/\/animangeek.com\/a-razao-pela-qual-highschool-of-the-dead-nao-tera-uma-segunda-temporada\/#breadcrumb\"},\"inLanguage\":\"de-DE\",\"potentialAction\":[{\"@type\":\"ReadAction\",\"target\":[\"https:\/\/animangeek.com\/a-razao-pela-qual-highschool-of-the-dead-nao-tera-uma-segunda-temporada\/\"]}]},{\"@type\":\"ImageObject\",\"inLanguage\":\"de-DE\",\"@id\":\"https:\/\/animangeek.com\/a-razao-pela-qual-highschool-of-the-dead-nao-tera-uma-segunda-temporada\/#primaryimage\",\"url\":\"https:\/\/animangeek.com\/wp-content\/uploads\/sites\/106\/2024\/08\/A-razao-pela-qual-Highschool-of-the-Dead-nao-tera.webp.webp\",\"contentUrl\":\"https:\/\/animangeek.com\/wp-content\/uploads\/sites\/106\/2024\/08\/A-razao-pela-qual-Highschool-of-the-Dead-nao-tera.webp.webp\",\"width\":1280,\"height\":720},{\"@type\":\"BreadcrumbList\",\"@id\":\"https:\/\/animangeek.com\/a-razao-pela-qual-highschool-of-the-dead-nao-tera-uma-segunda-temporada\/#breadcrumb\",\"itemListElement\":[{\"@type\":\"ListItem\",\"position\":1,\"name\":\"Home\",\"item\":\"https:\/\/animangeek.com\/\"},{\"@type\":\"ListItem\",\"position\":2,\"name\":\"A raz\u00e3o pela qual Highschool of the Dead n\u00e3o ter\u00e1 uma segunda temporada\"}]},{\"@type\":\"WebSite\",\"@id\":\"https:\/\/animangeek.com\/#website\",\"url\":\"https:\/\/animangeek.com\/\",\"name\":\"Animan Geek\",\"description\":\"\",\"potentialAction\":[{\"@type\":\"SearchAction\",\"target\":{\"@type\":\"EntryPoint\",\"urlTemplate\":\"https:\/\/animangeek.com\/?s={search_term_string}\"},\"query-input\":\"required name=search_term_string\"}],\"inLanguage\":\"de-DE\"}]}<\/script>\n<!-- \/ Yoast SEO plugin. -->","yoast_head_json":{"title":"A raz\u00e3o pela qual Highschool of the Dead n\u00e3o ter\u00e1 uma segunda temporada - Animan Geek","robots":{"index":"index","follow":"follow","max-snippet":"max-snippet:-1","max-image-preview":"max-image-preview:large","max-video-preview":"max-video-preview:-1"},"canonical":"https:\/\/animangeek.com\/de\/a-razao-pela-qual-highschool-of-the-dead-nao-tera-uma-segunda-temporada\/","og_locale":"de_DE","og_type":"article","og_title":"A raz\u00e3o pela qual Highschool of the Dead n\u00e3o ter\u00e1 uma segunda temporada - Animan Geek","og_description":"Escola Secund\u00e1ria dos Mortos Tornou-se uma hist\u00f3ria bastante popular e por isso, mesmo depois de mais de dez anos ap\u00f3s a transmiss\u00e3o de sua adapta\u00e7\u00e3o para anime, muitos f\u00e3s ainda aguardam a confirma\u00e7\u00e3o de uma continua\u00e7\u00e3o; Por\u00e9m, o tempo passou e n\u00e3o h\u00e1 not\u00edcias sobre isso. Muitos mais afirmam que n\u00e3o \u00e9 mais poss\u00edvel ter&hellip; Continue reading A raz\u00e3o pela qual Highschool of the Dead n\u00e3o ter\u00e1 uma segunda temporada","og_url":"https:\/\/animangeek.com\/de\/a-razao-pela-qual-highschool-of-the-dead-nao-tera-uma-segunda-temporada\/","og_site_name":"Animan Geek","article_published_time":"2024-08-14T20:15:51+00:00","og_image":[{"width":1280,"height":720,"url":"https:\/\/animangeek.com\/wp-content\/uploads\/sites\/106\/2024\/08\/A-razao-pela-qual-Highschool-of-the-Dead-nao-tera.webp.webp","type":"image\/webp"}],"twitter_card":"summary_large_image","twitter_misc":{"Est. reading time":"3 Minuten"},"schema":{"@context":"https:\/\/schema.org","@graph":[{"@type":"WebPage","@id":"https:\/\/animangeek.com\/a-razao-pela-qual-highschool-of-the-dead-nao-tera-uma-segunda-temporada\/","url":"https:\/\/animangeek.com\/a-razao-pela-qual-highschool-of-the-dead-nao-tera-uma-segunda-temporada\/","name":"A raz\u00e3o pela qual Highschool of the Dead n\u00e3o ter\u00e1 uma segunda temporada - Animan Geek","isPartOf":{"@id":"https:\/\/animangeek.com\/#website"},"primaryImageOfPage":{"@id":"https:\/\/animangeek.com\/a-razao-pela-qual-highschool-of-the-dead-nao-tera-uma-segunda-temporada\/#primaryimage"},"image":{"@id":"https:\/\/animangeek.com\/a-razao-pela-qual-highschool-of-the-dead-nao-tera-uma-segunda-temporada\/#primaryimage"},"thumbnailUrl":"https:\/\/animangeek.com\/wp-content\/uploads\/sites\/106\/2024\/08\/A-razao-pela-qual-Highschool-of-the-Dead-nao-tera.webp.webp","datePublished":"2024-08-14T20:15:51+00:00","dateModified":"2024-08-14T20:15:51+00:00","author":{"@id":""},"breadcrumb":{"@id":"https:\/\/animangeek.com\/a-razao-pela-qual-highschool-of-the-dead-nao-tera-uma-segunda-temporada\/#breadcrumb"},"inLanguage":"de-DE","potentialAction":[{"@type":"ReadAction","target":["https:\/\/animangeek.com\/a-razao-pela-qual-highschool-of-the-dead-nao-tera-uma-segunda-temporada\/"]}]},{"@type":"ImageObject","inLanguage":"de-DE","@id":"https:\/\/animangeek.com\/a-razao-pela-qual-highschool-of-the-dead-nao-tera-uma-segunda-temporada\/#primaryimage","url":"https:\/\/animangeek.com\/wp-content\/uploads\/sites\/106\/2024\/08\/A-razao-pela-qual-Highschool-of-the-Dead-nao-tera.webp.webp","contentUrl":"https:\/\/animangeek.com\/wp-content\/uploads\/sites\/106\/2024\/08\/A-razao-pela-qual-Highschool-of-the-Dead-nao-tera.webp.webp","width":1280,"height":720},{"@type":"BreadcrumbList","@id":"https:\/\/animangeek.com\/a-razao-pela-qual-highschool-of-the-dead-nao-tera-uma-segunda-temporada\/#breadcrumb","itemListElement":[{"@type":"ListItem","position":1,"name":"Home","item":"https:\/\/animangeek.com\/"},{"@type":"ListItem","position":2,"name":"A raz\u00e3o pela qual Highschool of the Dead n\u00e3o ter\u00e1 uma segunda temporada"}]},{"@type":"WebSite","@id":"https:\/\/animangeek.com\/#website","url":"https:\/\/animangeek.com\/","name":"Animan Geek","description":"","potentialAction":[{"@type":"SearchAction","target":{"@type":"EntryPoint","urlTemplate":"https:\/\/animangeek.com\/?s={search_term_string}"},"query-input":"required name=search_term_string"}],"inLanguage":"de-DE"}]}},"_links":{"self":[{"href":"https:\/\/animangeek.com\/de\/wp-json\/wp\/v2\/posts\/17227"}],"collection":[{"href":"https:\/\/animangeek.com\/de\/wp-json\/wp\/v2\/posts"}],"about":[{"href":"https:\/\/animangeek.com\/de\/wp-json\/wp\/v2\/types\/post"}],"replies":[{"embeddable":true,"href":"https:\/\/animangeek.com\/de\/wp-json\/wp\/v2\/comments?post=17227"}],"version-history":[{"count":0,"href":"https:\/\/animangeek.com\/de\/wp-json\/wp\/v2\/posts\/17227\/revisions"}],"wp:featuredmedia":[{"embeddable":true,"href":"https:\/\/animangeek.com\/de\/wp-json\/wp\/v2\/media\/17228"}],"wp:attachment":[{"href":"https:\/\/animangeek.com\/de\/wp-json\/wp\/v2\/media?parent=17227"}],"wp:term":[{"taxonomy":"category","embeddable":true,"href":"https:\/\/animangeek.com\/de\/wp-json\/wp\/v2\/categories?post=17227"},{"taxonomy":"post_tag","embeddable":true,"href":"https:\/\/animangeek.com\/de\/wp-json\/wp\/v2\/tags?post=17227"}],"curies":[{"name":"wp","href":"https:\/\/api.w.org\/{rel}","templated":true}]}}