{"id":17495,"date":"2024-08-17T12:05:12","date_gmt":"2024-08-17T15:05:12","guid":{"rendered":"https:\/\/animangeek.com\/a-nova-waifu-da-america-latina-acabou-por-ser-do-brasil\/"},"modified":"2024-08-17T12:05:12","modified_gmt":"2024-08-17T15:05:12","slug":"a-nova-waifu-da-america-latina-acabou-por-ser-do-brasil","status":"publish","type":"post","link":"https:\/\/animangeek.com\/de\/a-nova-waifu-da-america-latina-acabou-por-ser-do-brasil\/","title":{"rendered":"Lateinamerikas neue Waifu stammt aus Brasilien"},"content":{"rendered":"<div class=\"mx-5 sm:mx-0 prose text-left mb-5\">\n<div>\n<p>Der Autor der kommenden romantischen Kom\u00f6die Light Novel \u201e<strong>Kasshoku Museum ist ein lateinamerikanisches Museum, in dem es keine Karada mehr gibt<\/strong> (<em>Dunkelbraune Latina-san zielt auf meinen K\u00f6rper<\/em>)\u201c \u00fcberraschte ihre Follower, indem sie auf Twitter Details \u00fcber die lateinamerikanische Herkunft der Protagonistin preisgab. <strong>Laut der Autorin stammt Latina urspr\u00fcnglich aus dem Amazonasgebiet und ihre Zweitsprache ist Portugiesisch, was best\u00e4tigt, dass sie urspr\u00fcnglich aus Brasilien stammt.<\/strong> Diese Enth\u00fcllung l\u00f6ste eine Welle von Reaktionen in den sozialen Medien aus, wo die Seifenoper bereits die Aufmerksamkeit der Fans erregt hatte, die spekulierten, dass Latina aus einem spanischsprachigen Land wie Peru, Kolumbien oder einem anderen in der Region stammen k\u00f6nnte.<\/p>\n<p>Der Autor teilte \u00fcber seinen Twitter-Account die folgende Nachricht:<\/p>\n<ul>\n<li>\u00ab<em>Ich bin der Autor. <strong>Diese Heldin stammt aus dem Amazonasgebiet und spricht Portugiesisch als Zweitsprache. Ich habe den Namen \u201eLatina\u201c aus einer Liste repr\u00e4sentativer s\u00fcdamerikanischer Frauennamen ausgew\u00e4hlt, die mir die KI auf meine Anfrage hin vorgeschlagen hat. <\/strong>Ich hatte nicht erwartet, dass dieses Wort allgemein f\u00fcr Latina-Frauen steht.<\/em>\u00bb.<\/li>\n<\/ul>\n<div class=\"wp-block-image\">\n<figure class=\"aligncenter size-full\"><img loading=\"lazy\" decoding=\"async\" width=\"1200\" height=\"627\" src=\"https:\/\/animangeek.com\/wp-content\/uploads\/2024\/08\/A-nova-waifu-da-America-Latina-acabou-por-ser-do.jpg\" alt=\"\" class=\"wp-image-335366\"  \/><figcaption class=\"wp-element-caption\">\u00a9\u5cb8\u99ac\u304d\u3089\u304f\/TWITTER<\/figcaption><\/figure>\n<\/div>\n<ul>\n<li>\u00ab<em>Es stammt urspr\u00fcnglich aus S\u00fcdamerika. Da es sich jedoch um eine indigene Frau aus dem Amazonasgebiet handelt, denke ich, dass die kulturelle Interaktion mit den Protagonisten im Mittelpunkt stehen wird. <strong>Dennoch k\u00f6nnte es interessant sein, einen Freund aus Brasilien einzubeziehen, wo die Heldin eine Zeit lang lebte.<\/strong><\/em>\u00bb.<\/li>\n<\/ul>\n<div class=\"wp-block-image\">\n<figure class=\"aligncenter size-full\"><img loading=\"lazy\" decoding=\"async\" width=\"1200\" height=\"627\" src=\"https:\/\/animangeek.com\/wp-content\/uploads\/2024\/08\/1723907112_641_A-nova-waifu-da-America-Latina-acabou-por-ser-do.jpg\" alt=\"\" class=\"wp-image-335365\"  \/><figcaption class=\"wp-element-caption\">\u00a9\u5cb8\u99ac\u304d\u3089\u304f\/TWITTER<\/figcaption><\/figure>\n<\/div>\n<p>Die Geschichte von \u201eThe Dark Brown Latina-san is Aiming for My Body\u201c handelt von Makoto Itou, einem Highschool-Sch\u00fcler mit einem scheinbar gew\u00f6hnlichen Leben. <strong>Seine Welt ver\u00e4ndert sich dramatisch, als er Latina kennenlernt, eine fr\u00f6hliche Austauschstudentin mit gebr\u00e4unter Haut, die Energie ausstrahlt.<\/strong> Schon bei ihrer ersten Begegnung, als Makoto sie vor einem Angreifer rettet, trifft Latina eine mutige Entscheidung: Sie macht Makoto einen Heiratsantrag und besteht darauf, dass sie gemeinsam ein Kind bekommen. <strong>Diese unerwartete Wendung der Ereignisse im Leben des Protagonisten markiert den Beginn einer Reihe komischer und fesselnder Situationen, w\u00e4hrend Makoto versucht, sich an diese neue Realit\u00e4t anzupassen und einen bedeutenden Misserfolg in seinem Schulleben zu \u00fcberwinden.<\/strong><\/p>\n<p>Die Enth\u00fcllung der brasilianischen Herkunft der Latina l\u00f6ste in den sozialen Medien schnell breite Kritik aus. Einige begr\u00fc\u00dften die Einbeziehung Brasiliens in den japanischen Inhalt, andere zeigten sich entt\u00e4uscht \u00fcber die mangelnde Originalit\u00e4t bei der Wahl des Herkunftslandes der Protagonistin.<em><strong>Es scheint, dass die Japaner glauben, dass es in Amerika nur Brasilien und die Vereinigten Staaten gibt.<\/strong><\/em>\u201e, kommentierte ein Benutzer.\u201c<em><strong>Sie kommen immer aus Brasilien<\/strong><\/em>\u201esagte ein anderer frustriert.\u201c<em><strong>Wann immer sie Lateinamerika in einen Anime oder Manga einbauen, packen sie Dschungel und satanische Kulte<\/strong><\/em>\u201ef\u00fcgte ein Dritter hinzu und verwies auf g\u00e4ngige Stereotypen in der Darstellung der Region in den japanischen Medien.<\/p>\n<p>Auf der anderen Seite gab es auch Stimmen, die die Entscheidung des Autors verteidigten und argumentierten, dass durch die Wahl des Protagonisten als Brasilianer eine m\u00f6gliche gr\u00f6\u00dfere Kontroverse vermieden werden k\u00f6nne.<em><strong>Vorhersehbar und besser. W\u00e4re es aus einem anderen lateinamerikanischen Land gekommen, w\u00e4re die Kontroverse gr\u00f6\u00dfer gewesen.<\/strong><\/em>\u201c, sagte ein Benutzer und betonte die Rivalit\u00e4t, die zwischen Benutzern aus verschiedenen lateinamerikanischen L\u00e4ndern im Internet besteht.<\/p>\n<div class=\"wp-block-image\">\n<figure class=\"aligncenter size-full\"><img loading=\"lazy\" decoding=\"async\" width=\"1682\" height=\"2400\" src=\"https:\/\/animangeek.com\/wp-content\/uploads\/2024\/08\/1723907112_220_A-nova-waifu-da-America-Latina-acabou-por-ser-do.jpg\" alt=\"\" class=\"wp-image-335368\"  \/><figcaption class=\"wp-element-caption\">\u00a9\u8457\u8005\uff1a\u5cb8\u99ac \u304d\u3089\u304f\/\u753b\uff1a\u304a\u308a\u3087\u3046\/SHUEISHA<\/figcaption><\/figure>\n<\/div>\n<p>Die Vorfreude auf die Light Novel w\u00e4chst jedenfalls weiter, und <strong>Es wird interessant sein zu sehen, wie sich die Geschichte von Makoto und Latina in einem Kontext entwickelt, der zwar vertraut erscheint, aber mehr \u00dcberraschungen bereith\u00e4lt als erwartet.<\/strong>In der Zwischenzeit werden die Fans weiterhin \u00fcber die Wahl des Autors und ihre Bedeutung f\u00fcr die Darstellung Lateinamerikas in der Welt des Anime und Manga diskutieren.<\/p>\n<p>Quelle: <strong><a rel=\"nofollow noopener\" target=\"_blank\" href=\"https:\/\/x.com\/ej3lHqlQqk3WIsr\/status\/1824657747440439363\">Offizieller Twitter-Account<\/a><\/strong><\/p>\n<\/div>\n<\/div>","protected":false},"excerpt":{"rendered":"<p>Der Autor der kommenden romantischen Kom\u00f6die \u201eKasshoku Musume no Latina-san ni Ore no Karada ga Nerawarete iru (Dark Brown Latina-san is Aiming for My Body)\u201c \u00fcberraschte seine Follower mit der Ver\u00f6ffentlichung von Details \u00fcber die Herkunft der Protagonistin auf Twitter. Laut dem Autor stammt Latina urspr\u00fcnglich aus dem Amazonasgebiet und ihre zweite\u2026 <a class=\"more-link\" href=\"https:\/\/animangeek.com\/de\/a-nova-waifu-da-america-latina-acabou-por-ser-do-brasil\/\">Weiterlesen <span class=\"screen-reader-text\">Lateinamerikas neue Waifu stammt aus Brasilien<\/span><\/a><\/p>","protected":false},"author":0,"featured_media":17496,"comment_status":"open","ping_status":"open","sticky":false,"template":"","format":"standard","meta":{"footnotes":""},"categories":[5],"tags":[812,1449],"yoast_head":"<!-- This site is optimized with the Yoast SEO plugin v23.3 - https:\/\/yoast.com\/wordpress\/plugins\/seo\/ -->\n<title>A nova waifu da Am\u00e9rica Latina acabou por ser do Brasil - Animan Geek<\/title>\n<meta name=\"robots\" content=\"index, follow, max-snippet:-1, max-image-preview:large, max-video-preview:-1\" \/>\n<link rel=\"canonical\" href=\"https:\/\/animangeek.com\/de\/a-nova-waifu-da-america-latina-acabou-por-ser-do-brasil\/\" \/>\n<meta property=\"og:locale\" content=\"de_DE\" \/>\n<meta property=\"og:type\" content=\"article\" \/>\n<meta property=\"og:title\" content=\"A nova waifu da Am\u00e9rica Latina acabou por ser do Brasil - Animan Geek\" \/>\n<meta property=\"og:description\" content=\"O autor do pr\u00f3ximo romance leve de com\u00e9dia rom\u00e2ntica \u201cKasshoku Musume no Latina-san ni Ore no Karada ga Nerawarete iru (A Dark Brown Latina-san est\u00e1 mirando no meu corpo)\u201d surpreendeu seus seguidores ao revelar no Twitter detalhes sobre a origem da protagonista, Latina. Segundo a autora, Latina \u00e9 origin\u00e1ria da regi\u00e3o amaz\u00f4nica e sua segunda&hellip; Continue reading A nova waifu da Am\u00e9rica Latina acabou por ser do Brasil\" \/>\n<meta property=\"og:url\" content=\"https:\/\/animangeek.com\/de\/a-nova-waifu-da-america-latina-acabou-por-ser-do-brasil\/\" \/>\n<meta property=\"og:site_name\" content=\"Animan Geek\" \/>\n<meta property=\"article:published_time\" content=\"2024-08-17T15:05:12+00:00\" \/>\n<meta property=\"og:image\" content=\"https:\/\/animangeek.com\/wp-content\/uploads\/sites\/106\/2024\/08\/1723907113_A-nova-waifu-da-America-Latina-acabou-por-ser-do.jpg\" \/>\n\t<meta property=\"og:image:width\" content=\"1920\" \/>\n\t<meta property=\"og:image:height\" content=\"1080\" \/>\n\t<meta property=\"og:image:type\" content=\"image\/jpeg\" \/>\n<meta name=\"twitter:card\" content=\"summary_large_image\" \/>\n<meta name=\"twitter:label1\" content=\"Est. reading time\" \/>\n\t<meta name=\"twitter:data1\" content=\"3 Minuten\" \/>\n<script type=\"application\/ld+json\" class=\"yoast-schema-graph\">{\"@context\":\"https:\/\/schema.org\",\"@graph\":[{\"@type\":\"WebPage\",\"@id\":\"https:\/\/animangeek.com\/a-nova-waifu-da-america-latina-acabou-por-ser-do-brasil\/\",\"url\":\"https:\/\/animangeek.com\/a-nova-waifu-da-america-latina-acabou-por-ser-do-brasil\/\",\"name\":\"A nova waifu da Am\u00e9rica Latina acabou por ser do Brasil - Animan Geek\",\"isPartOf\":{\"@id\":\"https:\/\/animangeek.com\/#website\"},\"primaryImageOfPage\":{\"@id\":\"https:\/\/animangeek.com\/a-nova-waifu-da-america-latina-acabou-por-ser-do-brasil\/#primaryimage\"},\"image\":{\"@id\":\"https:\/\/animangeek.com\/a-nova-waifu-da-america-latina-acabou-por-ser-do-brasil\/#primaryimage\"},\"thumbnailUrl\":\"https:\/\/animangeek.com\/wp-content\/uploads\/sites\/106\/2024\/08\/1723907113_A-nova-waifu-da-America-Latina-acabou-por-ser-do.jpg\",\"datePublished\":\"2024-08-17T15:05:12+00:00\",\"dateModified\":\"2024-08-17T15:05:12+00:00\",\"author\":{\"@id\":\"\"},\"breadcrumb\":{\"@id\":\"https:\/\/animangeek.com\/a-nova-waifu-da-america-latina-acabou-por-ser-do-brasil\/#breadcrumb\"},\"inLanguage\":\"de-DE\",\"potentialAction\":[{\"@type\":\"ReadAction\",\"target\":[\"https:\/\/animangeek.com\/a-nova-waifu-da-america-latina-acabou-por-ser-do-brasil\/\"]}]},{\"@type\":\"ImageObject\",\"inLanguage\":\"de-DE\",\"@id\":\"https:\/\/animangeek.com\/a-nova-waifu-da-america-latina-acabou-por-ser-do-brasil\/#primaryimage\",\"url\":\"https:\/\/animangeek.com\/wp-content\/uploads\/sites\/106\/2024\/08\/1723907113_A-nova-waifu-da-America-Latina-acabou-por-ser-do.jpg\",\"contentUrl\":\"https:\/\/animangeek.com\/wp-content\/uploads\/sites\/106\/2024\/08\/1723907113_A-nova-waifu-da-America-Latina-acabou-por-ser-do.jpg\",\"width\":1920,\"height\":1080},{\"@type\":\"BreadcrumbList\",\"@id\":\"https:\/\/animangeek.com\/a-nova-waifu-da-america-latina-acabou-por-ser-do-brasil\/#breadcrumb\",\"itemListElement\":[{\"@type\":\"ListItem\",\"position\":1,\"name\":\"Home\",\"item\":\"https:\/\/animangeek.com\/\"},{\"@type\":\"ListItem\",\"position\":2,\"name\":\"A nova waifu da Am\u00e9rica Latina acabou por ser do Brasil\"}]},{\"@type\":\"WebSite\",\"@id\":\"https:\/\/animangeek.com\/#website\",\"url\":\"https:\/\/animangeek.com\/\",\"name\":\"Animan Geek\",\"description\":\"\",\"potentialAction\":[{\"@type\":\"SearchAction\",\"target\":{\"@type\":\"EntryPoint\",\"urlTemplate\":\"https:\/\/animangeek.com\/?s={search_term_string}\"},\"query-input\":\"required name=search_term_string\"}],\"inLanguage\":\"de-DE\"}]}<\/script>\n<!-- \/ Yoast SEO plugin. -->","yoast_head_json":{"title":"A nova waifu da Am\u00e9rica Latina acabou por ser do Brasil - Animan Geek","robots":{"index":"index","follow":"follow","max-snippet":"max-snippet:-1","max-image-preview":"max-image-preview:large","max-video-preview":"max-video-preview:-1"},"canonical":"https:\/\/animangeek.com\/de\/a-nova-waifu-da-america-latina-acabou-por-ser-do-brasil\/","og_locale":"de_DE","og_type":"article","og_title":"A nova waifu da Am\u00e9rica Latina acabou por ser do Brasil - Animan Geek","og_description":"O autor do pr\u00f3ximo romance leve de com\u00e9dia rom\u00e2ntica \u201cKasshoku Musume no Latina-san ni Ore no Karada ga Nerawarete iru (A Dark Brown Latina-san est\u00e1 mirando no meu corpo)\u201d surpreendeu seus seguidores ao revelar no Twitter detalhes sobre a origem da protagonista, Latina. Segundo a autora, Latina \u00e9 origin\u00e1ria da regi\u00e3o amaz\u00f4nica e sua segunda&hellip; Continue reading A nova waifu da Am\u00e9rica Latina acabou por ser do Brasil","og_url":"https:\/\/animangeek.com\/de\/a-nova-waifu-da-america-latina-acabou-por-ser-do-brasil\/","og_site_name":"Animan Geek","article_published_time":"2024-08-17T15:05:12+00:00","og_image":[{"width":1920,"height":1080,"url":"https:\/\/animangeek.com\/wp-content\/uploads\/sites\/106\/2024\/08\/1723907113_A-nova-waifu-da-America-Latina-acabou-por-ser-do.jpg","type":"image\/jpeg"}],"twitter_card":"summary_large_image","twitter_misc":{"Est. reading time":"3 Minuten"},"schema":{"@context":"https:\/\/schema.org","@graph":[{"@type":"WebPage","@id":"https:\/\/animangeek.com\/a-nova-waifu-da-america-latina-acabou-por-ser-do-brasil\/","url":"https:\/\/animangeek.com\/a-nova-waifu-da-america-latina-acabou-por-ser-do-brasil\/","name":"A nova waifu da Am\u00e9rica Latina acabou por ser do Brasil - Animan Geek","isPartOf":{"@id":"https:\/\/animangeek.com\/#website"},"primaryImageOfPage":{"@id":"https:\/\/animangeek.com\/a-nova-waifu-da-america-latina-acabou-por-ser-do-brasil\/#primaryimage"},"image":{"@id":"https:\/\/animangeek.com\/a-nova-waifu-da-america-latina-acabou-por-ser-do-brasil\/#primaryimage"},"thumbnailUrl":"https:\/\/animangeek.com\/wp-content\/uploads\/sites\/106\/2024\/08\/1723907113_A-nova-waifu-da-America-Latina-acabou-por-ser-do.jpg","datePublished":"2024-08-17T15:05:12+00:00","dateModified":"2024-08-17T15:05:12+00:00","author":{"@id":""},"breadcrumb":{"@id":"https:\/\/animangeek.com\/a-nova-waifu-da-america-latina-acabou-por-ser-do-brasil\/#breadcrumb"},"inLanguage":"de-DE","potentialAction":[{"@type":"ReadAction","target":["https:\/\/animangeek.com\/a-nova-waifu-da-america-latina-acabou-por-ser-do-brasil\/"]}]},{"@type":"ImageObject","inLanguage":"de-DE","@id":"https:\/\/animangeek.com\/a-nova-waifu-da-america-latina-acabou-por-ser-do-brasil\/#primaryimage","url":"https:\/\/animangeek.com\/wp-content\/uploads\/sites\/106\/2024\/08\/1723907113_A-nova-waifu-da-America-Latina-acabou-por-ser-do.jpg","contentUrl":"https:\/\/animangeek.com\/wp-content\/uploads\/sites\/106\/2024\/08\/1723907113_A-nova-waifu-da-America-Latina-acabou-por-ser-do.jpg","width":1920,"height":1080},{"@type":"BreadcrumbList","@id":"https:\/\/animangeek.com\/a-nova-waifu-da-america-latina-acabou-por-ser-do-brasil\/#breadcrumb","itemListElement":[{"@type":"ListItem","position":1,"name":"Home","item":"https:\/\/animangeek.com\/"},{"@type":"ListItem","position":2,"name":"A nova waifu da Am\u00e9rica Latina acabou por ser do Brasil"}]},{"@type":"WebSite","@id":"https:\/\/animangeek.com\/#website","url":"https:\/\/animangeek.com\/","name":"Animan Geek","description":"","potentialAction":[{"@type":"SearchAction","target":{"@type":"EntryPoint","urlTemplate":"https:\/\/animangeek.com\/?s={search_term_string}"},"query-input":"required name=search_term_string"}],"inLanguage":"de-DE"}]}},"_links":{"self":[{"href":"https:\/\/animangeek.com\/de\/wp-json\/wp\/v2\/posts\/17495"}],"collection":[{"href":"https:\/\/animangeek.com\/de\/wp-json\/wp\/v2\/posts"}],"about":[{"href":"https:\/\/animangeek.com\/de\/wp-json\/wp\/v2\/types\/post"}],"replies":[{"embeddable":true,"href":"https:\/\/animangeek.com\/de\/wp-json\/wp\/v2\/comments?post=17495"}],"version-history":[{"count":0,"href":"https:\/\/animangeek.com\/de\/wp-json\/wp\/v2\/posts\/17495\/revisions"}],"wp:featuredmedia":[{"embeddable":true,"href":"https:\/\/animangeek.com\/de\/wp-json\/wp\/v2\/media\/17496"}],"wp:attachment":[{"href":"https:\/\/animangeek.com\/de\/wp-json\/wp\/v2\/media?parent=17495"}],"wp:term":[{"taxonomy":"category","embeddable":true,"href":"https:\/\/animangeek.com\/de\/wp-json\/wp\/v2\/categories?post=17495"},{"taxonomy":"post_tag","embeddable":true,"href":"https:\/\/animangeek.com\/de\/wp-json\/wp\/v2\/tags?post=17495"}],"curies":[{"name":"wp","href":"https:\/\/api.w.org\/{rel}","templated":true}]}}