{"id":17651,"date":"2024-08-19T20:03:47","date_gmt":"2024-08-19T23:03:47","guid":{"rendered":"https:\/\/animangeek.com\/artista-latino-causa-polemica-ao-redesenhar-a-waifu-brasileira\/"},"modified":"2024-08-19T20:03:47","modified_gmt":"2024-08-19T23:03:47","slug":"artista-latino-causa-polemica-ao-redesenhar-a-waifu-brasileira","status":"publish","type":"post","link":"https:\/\/animangeek.com\/de\/artista-latino-causa-polemica-ao-redesenhar-a-waifu-brasileira\/","title":{"rendered":"Lateinamerikanischer K\u00fcnstler sorgt mit Neugestaltung brasilianischer Waifu f\u00fcr Kontroversen"},"content":{"rendered":"<div class=\"mx-5 sm:mx-0 prose text-left mb-5\">\n<div itemprop=\"articleBody\">\n<p>Seit der Ver\u00f6ffentlichung des Visual Novels  <strong>Kasshoku Musume no Latina-san<\/strong>hat unter Anime- und Manga-Fans f\u00fcr viel Kontroverse gesorgt. Einerseits sind einige von der ersten Latina-Protagonistin begeistert und sogar fasziniert, andererseits sind viele mit verschiedenen Aspekten der Geschichte nicht einverstanden. Diesmal ist eine neue Kontroverse entstanden, da ein K\u00fcnstler diese \u201eLatino-Waifu\u201c in seinem eigenen Stil gezeichnet hat und nicht jedem die Idee gefiel.<\/p>\n<h3 class=\"wp-block-heading has-text-align-center\">Die Neuinterpretation des lateinischen Waifu von Kasshoku Musume no latina-san ver\u00e4rgerte die japanische \u00d6ffentlichkeit in den sozialen Medien<\/h3>\n<figure class=\"wp-block-image size-full\"><noscript><img loading=\"lazy\" decoding=\"async\" width=\"1000\" height=\"1281\" src=\"https:\/\/animangeek.com\/wp-content\/uploads\/2024\/08\/Kasshoku-Musume-no-latina-san-fanart.webp.webp\" alt=\"Kasshoku Musume No Latina-San Fanart\" class=\"wp-image-428223\" title=\"Kasshoku Musume No Latina-San: Lateinamerikanischer K\u00fcnstler sorgt mit Neugestaltung der Brazilian Waifu 2 f\u00fcr Kontroversen\"  \/><\/noscript><img loading=\"lazy\" decoding=\"async\" width=\"1000\" height=\"1281\" src=\"https:\/\/animangeek.com\/wp-content\/uploads\/2024\/08\/Kasshoku-Musume-no-latina-san-fanart.webp.webp\" alt=\"Kasshoku Musume No Latina-San Fanart\" class=\"lazyload wp-image-428223\" title=\"Kasshoku Musume No Latina-San: Lateinamerikanischer K\u00fcnstler sorgt mit Neugestaltung der Brazilian Waifu 2 f\u00fcr Kontroversen\"  data-><\/figure>\n<p>\u00dcber Ihr Profil <strong>Twitter\/X<\/strong>der Benutzer <a rel=\"nofollow noopener\" target=\"_blank\" href=\"https:\/\/x.com\/Tidal___\">@Tide___<\/a>teilte seine eigene Version von \u201eLatina\u201c, dem Namen der Protagonistin dieser Geschichte. In diesem Beitrag f\u00fcgte der K\u00fcnstler als Beschreibung hinzu: \u201eIch habe Latina-chan neu gestaltet\u201c, was jedoch offenbar den Zorn vieler Fans, insbesondere japanischer, ausl\u00f6ste, die sich dar\u00fcber beschwerten, dass am urspr\u00fcnglichen Design dieser sensationellen brasilianischen Waifu \u00c4nderungen vorgenommen worden seien.<\/p>\n<p>Einige der Kommentare zeigten ihre Ablehnung dieser Arbeit zur Neugestaltung der Waifu von <strong>Kasshoku Musume ist keine Latina, San<\/strong> Sie sagten: \u201eMal sehen, was haben wir letztes Jahr, das Jahr danach und das Jahr davor zum Thema \u201adie Kunst anderer Leute manipulieren\u2018 gesagt?\u201c \u201eIch bin einfach von der Moral einer Person entt\u00e4uscht, die so w\u00e4hlerisch ist, was die Nationalit\u00e4t ihrer Figuren angeht.\u201c Viele Leute waren ver\u00e4rgert, dass dieser K\u00fcnstler versucht hat, ein Remake der Waifu Kasshoku Musume no Latina-san zu machen, weil sie das Original besser fanden.<\/p>\n<p>Der K\u00fcnstler stellte klar, dass er zu keinem Zeitpunkt versucht habe, das Originalbild zu \u201ereparieren\u201c oder zu \u201ever\u00e4ndern\u201c. Er wollte die Waifu einfach in seinem eigenen Stil zeichnen. Viele Menschen, insbesondere Latinos, lobten daher das Talent des K\u00fcnstlers und die hervorragende Arbeit, die er mit dieser Zeichnung geleistet hatte. Sie sagten sogar, es handele sich um eine Latino-Darstellung und nicht um den \u201egenerischen Affen mit einem anderen Hautton\u201c, den sie f\u00fcr die Visual Novel verwendet hatten.<\/p>\n<figure class=\"wp-block-image size-full\"><noscript><img loading=\"lazy\" decoding=\"async\" width=\"1082\" height=\"1544\" src=\"https:\/\/animangeek.com\/wp-content\/uploads\/2024\/08\/Novela-Ligera-Kasshoku-Musume-no-Latina-san-ni-ore-no-karada-ga-nerawarete-iru-1.webp.webp\" alt=\"Light Novel Kasshoku Musume No Latina San Ni Ore No Karada Ga Nerawarete Iru 1\" class=\"wp-image-427709\" title=\"Kasshoku Musume No Latina-San: Lateinamerikanischer K\u00fcnstler sorgt mit Neugestaltung der Brazilian Waifu 3 f\u00fcr Kontroversen\"  \/><\/noscript><img loading=\"lazy\" decoding=\"async\" width=\"1082\" height=\"1544\" src=\"https:\/\/animangeek.com\/wp-content\/uploads\/2024\/08\/Novela-Ligera-Kasshoku-Musume-no-Latina-san-ni-ore-no-karada-ga-nerawarete-iru-1.webp.webp\" alt=\"Light Novel Kasshoku Musume No Latina San Ni Ore No Karada Ga Nerawarete Iru 1\" class=\"lazyload wp-image-427709\" title=\"Kasshoku Musume No Latina-San: Lateinamerikanischer K\u00fcnstler sorgt mit Neugestaltung der Brazilian Waifu 3 f\u00fcr Kontroversen\"  data-><\/figure>\n<figure class=\"wp-block-image size-large\"><noscript><img loading=\"lazy\" decoding=\"async\" width=\"1200\" height=\"792\" src=\"https:\/\/animangeek.com\/wp-content\/uploads\/2024\/08\/Novela-Ligera-Kasshoku-Musume-no-Latina-san-ni-ore-no-karada-ga-nerawarete-iru-3-1200x792.webp.webp\" alt=\"Light Novel Kasshoku Musume No Latina San Ni Ore No Karada Ga Nerawarete Iru 3\" class=\"wp-image-427710\" title=\"Kasshoku Musume No Latina-San: Latino-K\u00fcnstler sorgt mit Neugestaltung der brasilianischen Waifu 4 f\u00fcr Kontroversen\"  \/><\/noscript><img loading=\"lazy\" decoding=\"async\" width=\"1200\" height=\"792\" src=\"https:\/\/animangeek.com\/wp-content\/uploads\/2024\/08\/Novela-Ligera-Kasshoku-Musume-no-Latina-san-ni-ore-no-karada-ga-nerawarete-iru-3-1200x792.webp.webp\" alt=\"Light Novel Kasshoku Musume No Latina San Ni Ore No Karada Ga Nerawarete Iru 3\" class=\"lazyload wp-image-427710\" title=\"Kasshoku Musume No Latina-San: Latino-K\u00fcnstler sorgt mit Neugestaltung der brasilianischen Waifu 4 f\u00fcr Kontroversen\"  data-><\/figure>\n<p>Einige dieser Kommentare loben das Redesign der Waifu<strong> Kasshoku Musume ist keine Latina, San<\/strong> sind: \u201eEs steht dir super\u201c, \u201eEs sieht episch an dir aus\u201c, \u201eAbsolut lebensecht\u201c, \u201eOkay, mit dem neuen Design sieht es wundersch\u00f6n aus\u201c, \u201eIch habe mich darin verliebt\u201c, \u201eDie Haare sind wirklich wundersch\u00f6n\u201c, \u201eDiese Version ist brasilianischer als die Brasilianer selbst.\u201c Und einige Leute betonten, dass der K\u00fcnstler das Wort \u201eneu gestalten\u201c und nicht \u201everbessern\u201c oder \u201ereparieren\u201c verwendet habe, also zu keinem Zeitpunkt die Kunst anderer missachtet habe.<\/p>\n<p>Wenn Sie auch an der Geschichte von interessiert sind <strong>Kasshoku Musume ist keine Latina, San<\/strong> Hier haben wir Makoto Itou, einen Highschool-Sch\u00fcler, der scheinbar ein normales Leben f\u00fchrt. Sein Leben \u00e4ndert sich drastisch, als er \u201eLatina\u201c trifft, eine Austauschsch\u00fclerin mit gebr\u00e4unter Haut und einem sehr lebhaften und energiegeladenen M\u00e4dchen. Von ihrer ersten Begegnung an \u00fcberrascht dieses M\u00e4dchen Makoto. Nachdem sie sie vor einem Angriff gerettet hat, trifft Latina eine mutige Entscheidung und macht ihr einen Heiratsantrag. Sie besteht darauf, dass sie gemeinsam Kinder haben.<\/p>\n<p>Diese unerwartete Situation f\u00fcr Makoto wird zu vielen lustigen und aufregenden Ereignissen f\u00fchren, die Makoto begleiten, w\u00e4hrend er sich an seine neue Realit\u00e4t anpasst und einen gro\u00dfen R\u00fcckschlag in seinem Studentenleben erleidet. F\u00fcr alle Fans, die die Geschichte von <strong>Kasshoku Musume ist keine Latina, San<\/strong>Die Ver\u00f6ffentlichung erfolgt am 23. August, daher ist die Geschichte dieser interessanten lateinamerikanischen Waifu noch lange nicht vollst\u00e4ndig bekannt.<\/p>\n<figure class=\"wp-block-image size-large\"><noscript><img loading=\"lazy\" decoding=\"async\" width=\"1200\" height=\"675\" src=\"https:\/\/animangeek.com\/wp-content\/uploads\/2024\/08\/Kasshoku-Musume-no-Latina-san-1-1200x675.webp.webp\" alt=\"Kasshoku Musume No Latina-San\" class=\"wp-image-428050\" title=\"Kasshoku Musume No Latina-San: Lateinamerikanische K\u00fcnstlerin sorgt mit Neugestaltung der brasilianischen Waifu 5 f\u00fcr Kontroversen\"  \/><\/noscript><img loading=\"lazy\" decoding=\"async\" width=\"1200\" height=\"675\" src=\"https:\/\/animangeek.com\/wp-content\/uploads\/2024\/08\/Kasshoku-Musume-no-Latina-san-1-1200x675.webp.webp\" alt=\"Kasshoku Musume No Latina-San\" class=\"lazyload wp-image-428050\" title=\"Kasshoku Musume No Latina-San: Lateinamerikanische K\u00fcnstlerin sorgt mit Neugestaltung der brasilianischen Waifu 5 f\u00fcr Kontroversen\"  data-><\/figure>\n<p><strong>\u00a9KIRAKU KISHIMA 2024 \u00a9SHUEISHA inc. Alle Rechte vorbehalten.<\/strong><\/p>\n<\/div>\n<\/div>","protected":false},"excerpt":{"rendered":"<p>Seit der Ank\u00fcndigung der Visual Novel \u201eKasshoku Musume no Latina-sante\u201c hat sie unter Anime- und Manga-Fans f\u00fcr heftige Kontroversen gesorgt. Einerseits sind einige von der ersten Latina-Protagonistin begeistert und sogar fasziniert, andererseits sind viele mit verschiedenen Aspekten der Geschichte nicht einverstanden. Dieses Mal l\u00f6ste es \u2026 aus. <a class=\"more-link\" href=\"https:\/\/animangeek.com\/de\/artista-latino-causa-polemica-ao-redesenhar-a-waifu-brasileira\/\">Weiterlesen <span class=\"screen-reader-text\">Lateinamerikanischer K\u00fcnstler sorgt mit Neugestaltung brasilianischer Waifu f\u00fcr Kontroversen<\/span><\/a><\/p>","protected":false},"author":0,"featured_media":17652,"comment_status":"open","ping_status":"open","sticky":false,"template":"","format":"standard","meta":{"footnotes":""},"categories":[5],"tags":[812,1723],"yoast_head":"<!-- This site is optimized with the Yoast SEO plugin v23.3 - https:\/\/yoast.com\/wordpress\/plugins\/seo\/ -->\n<title>Artista latino causa pol\u00eamica ao redesenhar a waifu brasileira - Animan Geek<\/title>\n<meta name=\"robots\" content=\"index, follow, max-snippet:-1, max-image-preview:large, max-video-preview:-1\" \/>\n<link rel=\"canonical\" href=\"https:\/\/animangeek.com\/de\/artista-latino-causa-polemica-ao-redesenhar-a-waifu-brasileira\/\" \/>\n<meta property=\"og:locale\" content=\"de_DE\" \/>\n<meta property=\"og:type\" content=\"article\" \/>\n<meta property=\"og:title\" content=\"Artista latino causa pol\u00eamica ao redesenhar a waifu brasileira - Animan Geek\" \/>\n<meta property=\"og:description\" content=\"Desde que o lan\u00e7amento do romance visual foi anunciado Kasshoku Musume no Latina-santem causado muita pol\u00eamica entre os f\u00e3s de anime e mang\u00e1. Por um lado, h\u00e1 quem fique entusiasmado e at\u00e9 intrigado por ter pela primeira vez uma protagonista latina, mas por outro, muita gente discorda em v\u00e1rios aspectos da hist\u00f3ria. Nesta ocasi\u00e3o, gerou-se&hellip; Continue reading Artista latino causa pol\u00eamica ao redesenhar a waifu brasileira\" \/>\n<meta property=\"og:url\" content=\"https:\/\/animangeek.com\/de\/artista-latino-causa-polemica-ao-redesenhar-a-waifu-brasileira\/\" \/>\n<meta property=\"og:site_name\" content=\"Animan Geek\" \/>\n<meta property=\"article:published_time\" content=\"2024-08-19T23:03:47+00:00\" \/>\n<meta property=\"og:image\" content=\"https:\/\/animangeek.com\/wp-content\/uploads\/sites\/106\/2024\/08\/Artista-latino-causa-polemica-ao-redesenhar-a-waifu-brasileira.webp.webp\" \/>\n\t<meta property=\"og:image:width\" content=\"1280\" \/>\n\t<meta property=\"og:image:height\" content=\"720\" \/>\n\t<meta property=\"og:image:type\" content=\"image\/webp\" \/>\n<meta name=\"twitter:card\" content=\"summary_large_image\" \/>\n<meta name=\"twitter:label1\" content=\"Est. reading time\" \/>\n\t<meta name=\"twitter:data1\" content=\"3 Minuten\" \/>\n<script type=\"application\/ld+json\" class=\"yoast-schema-graph\">{\"@context\":\"https:\/\/schema.org\",\"@graph\":[{\"@type\":\"WebPage\",\"@id\":\"https:\/\/animangeek.com\/artista-latino-causa-polemica-ao-redesenhar-a-waifu-brasileira\/\",\"url\":\"https:\/\/animangeek.com\/artista-latino-causa-polemica-ao-redesenhar-a-waifu-brasileira\/\",\"name\":\"Artista latino causa pol\u00eamica ao redesenhar a waifu brasileira - Animan Geek\",\"isPartOf\":{\"@id\":\"https:\/\/animangeek.com\/#website\"},\"primaryImageOfPage\":{\"@id\":\"https:\/\/animangeek.com\/artista-latino-causa-polemica-ao-redesenhar-a-waifu-brasileira\/#primaryimage\"},\"image\":{\"@id\":\"https:\/\/animangeek.com\/artista-latino-causa-polemica-ao-redesenhar-a-waifu-brasileira\/#primaryimage\"},\"thumbnailUrl\":\"https:\/\/animangeek.com\/wp-content\/uploads\/sites\/106\/2024\/08\/Artista-latino-causa-polemica-ao-redesenhar-a-waifu-brasileira.webp.webp\",\"datePublished\":\"2024-08-19T23:03:47+00:00\",\"dateModified\":\"2024-08-19T23:03:47+00:00\",\"author\":{\"@id\":\"\"},\"breadcrumb\":{\"@id\":\"https:\/\/animangeek.com\/artista-latino-causa-polemica-ao-redesenhar-a-waifu-brasileira\/#breadcrumb\"},\"inLanguage\":\"de-DE\",\"potentialAction\":[{\"@type\":\"ReadAction\",\"target\":[\"https:\/\/animangeek.com\/artista-latino-causa-polemica-ao-redesenhar-a-waifu-brasileira\/\"]}]},{\"@type\":\"ImageObject\",\"inLanguage\":\"de-DE\",\"@id\":\"https:\/\/animangeek.com\/artista-latino-causa-polemica-ao-redesenhar-a-waifu-brasileira\/#primaryimage\",\"url\":\"https:\/\/animangeek.com\/wp-content\/uploads\/sites\/106\/2024\/08\/Artista-latino-causa-polemica-ao-redesenhar-a-waifu-brasileira.webp.webp\",\"contentUrl\":\"https:\/\/animangeek.com\/wp-content\/uploads\/sites\/106\/2024\/08\/Artista-latino-causa-polemica-ao-redesenhar-a-waifu-brasileira.webp.webp\",\"width\":1280,\"height\":720},{\"@type\":\"BreadcrumbList\",\"@id\":\"https:\/\/animangeek.com\/artista-latino-causa-polemica-ao-redesenhar-a-waifu-brasileira\/#breadcrumb\",\"itemListElement\":[{\"@type\":\"ListItem\",\"position\":1,\"name\":\"Home\",\"item\":\"https:\/\/animangeek.com\/\"},{\"@type\":\"ListItem\",\"position\":2,\"name\":\"Artista latino causa pol\u00eamica ao redesenhar a waifu brasileira\"}]},{\"@type\":\"WebSite\",\"@id\":\"https:\/\/animangeek.com\/#website\",\"url\":\"https:\/\/animangeek.com\/\",\"name\":\"Animan Geek\",\"description\":\"\",\"potentialAction\":[{\"@type\":\"SearchAction\",\"target\":{\"@type\":\"EntryPoint\",\"urlTemplate\":\"https:\/\/animangeek.com\/?s={search_term_string}\"},\"query-input\":\"required name=search_term_string\"}],\"inLanguage\":\"de-DE\"}]}<\/script>\n<!-- \/ Yoast SEO plugin. -->","yoast_head_json":{"title":"Artista latino causa pol\u00eamica ao redesenhar a waifu brasileira - Animan Geek","robots":{"index":"index","follow":"follow","max-snippet":"max-snippet:-1","max-image-preview":"max-image-preview:large","max-video-preview":"max-video-preview:-1"},"canonical":"https:\/\/animangeek.com\/de\/artista-latino-causa-polemica-ao-redesenhar-a-waifu-brasileira\/","og_locale":"de_DE","og_type":"article","og_title":"Artista latino causa pol\u00eamica ao redesenhar a waifu brasileira - Animan Geek","og_description":"Desde que o lan\u00e7amento do romance visual foi anunciado Kasshoku Musume no Latina-santem causado muita pol\u00eamica entre os f\u00e3s de anime e mang\u00e1. Por um lado, h\u00e1 quem fique entusiasmado e at\u00e9 intrigado por ter pela primeira vez uma protagonista latina, mas por outro, muita gente discorda em v\u00e1rios aspectos da hist\u00f3ria. Nesta ocasi\u00e3o, gerou-se&hellip; Continue reading Artista latino causa pol\u00eamica ao redesenhar a waifu brasileira","og_url":"https:\/\/animangeek.com\/de\/artista-latino-causa-polemica-ao-redesenhar-a-waifu-brasileira\/","og_site_name":"Animan Geek","article_published_time":"2024-08-19T23:03:47+00:00","og_image":[{"width":1280,"height":720,"url":"https:\/\/animangeek.com\/wp-content\/uploads\/sites\/106\/2024\/08\/Artista-latino-causa-polemica-ao-redesenhar-a-waifu-brasileira.webp.webp","type":"image\/webp"}],"twitter_card":"summary_large_image","twitter_misc":{"Est. reading time":"3 Minuten"},"schema":{"@context":"https:\/\/schema.org","@graph":[{"@type":"WebPage","@id":"https:\/\/animangeek.com\/artista-latino-causa-polemica-ao-redesenhar-a-waifu-brasileira\/","url":"https:\/\/animangeek.com\/artista-latino-causa-polemica-ao-redesenhar-a-waifu-brasileira\/","name":"Artista latino causa pol\u00eamica ao redesenhar a waifu brasileira - Animan Geek","isPartOf":{"@id":"https:\/\/animangeek.com\/#website"},"primaryImageOfPage":{"@id":"https:\/\/animangeek.com\/artista-latino-causa-polemica-ao-redesenhar-a-waifu-brasileira\/#primaryimage"},"image":{"@id":"https:\/\/animangeek.com\/artista-latino-causa-polemica-ao-redesenhar-a-waifu-brasileira\/#primaryimage"},"thumbnailUrl":"https:\/\/animangeek.com\/wp-content\/uploads\/sites\/106\/2024\/08\/Artista-latino-causa-polemica-ao-redesenhar-a-waifu-brasileira.webp.webp","datePublished":"2024-08-19T23:03:47+00:00","dateModified":"2024-08-19T23:03:47+00:00","author":{"@id":""},"breadcrumb":{"@id":"https:\/\/animangeek.com\/artista-latino-causa-polemica-ao-redesenhar-a-waifu-brasileira\/#breadcrumb"},"inLanguage":"de-DE","potentialAction":[{"@type":"ReadAction","target":["https:\/\/animangeek.com\/artista-latino-causa-polemica-ao-redesenhar-a-waifu-brasileira\/"]}]},{"@type":"ImageObject","inLanguage":"de-DE","@id":"https:\/\/animangeek.com\/artista-latino-causa-polemica-ao-redesenhar-a-waifu-brasileira\/#primaryimage","url":"https:\/\/animangeek.com\/wp-content\/uploads\/sites\/106\/2024\/08\/Artista-latino-causa-polemica-ao-redesenhar-a-waifu-brasileira.webp.webp","contentUrl":"https:\/\/animangeek.com\/wp-content\/uploads\/sites\/106\/2024\/08\/Artista-latino-causa-polemica-ao-redesenhar-a-waifu-brasileira.webp.webp","width":1280,"height":720},{"@type":"BreadcrumbList","@id":"https:\/\/animangeek.com\/artista-latino-causa-polemica-ao-redesenhar-a-waifu-brasileira\/#breadcrumb","itemListElement":[{"@type":"ListItem","position":1,"name":"Home","item":"https:\/\/animangeek.com\/"},{"@type":"ListItem","position":2,"name":"Artista latino causa pol\u00eamica ao redesenhar a waifu brasileira"}]},{"@type":"WebSite","@id":"https:\/\/animangeek.com\/#website","url":"https:\/\/animangeek.com\/","name":"Animan Geek","description":"","potentialAction":[{"@type":"SearchAction","target":{"@type":"EntryPoint","urlTemplate":"https:\/\/animangeek.com\/?s={search_term_string}"},"query-input":"required name=search_term_string"}],"inLanguage":"de-DE"}]}},"_links":{"self":[{"href":"https:\/\/animangeek.com\/de\/wp-json\/wp\/v2\/posts\/17651"}],"collection":[{"href":"https:\/\/animangeek.com\/de\/wp-json\/wp\/v2\/posts"}],"about":[{"href":"https:\/\/animangeek.com\/de\/wp-json\/wp\/v2\/types\/post"}],"replies":[{"embeddable":true,"href":"https:\/\/animangeek.com\/de\/wp-json\/wp\/v2\/comments?post=17651"}],"version-history":[{"count":0,"href":"https:\/\/animangeek.com\/de\/wp-json\/wp\/v2\/posts\/17651\/revisions"}],"wp:featuredmedia":[{"embeddable":true,"href":"https:\/\/animangeek.com\/de\/wp-json\/wp\/v2\/media\/17652"}],"wp:attachment":[{"href":"https:\/\/animangeek.com\/de\/wp-json\/wp\/v2\/media?parent=17651"}],"wp:term":[{"taxonomy":"category","embeddable":true,"href":"https:\/\/animangeek.com\/de\/wp-json\/wp\/v2\/categories?post=17651"},{"taxonomy":"post_tag","embeddable":true,"href":"https:\/\/animangeek.com\/de\/wp-json\/wp\/v2\/tags?post=17651"}],"curies":[{"name":"wp","href":"https:\/\/api.w.org\/{rel}","templated":true}]}}