{"id":18015,"date":"2024-08-27T22:44:28","date_gmt":"2024-08-28T01:44:28","guid":{"rendered":"https:\/\/animangeek.com\/fas-de-anime-sao-mais-uma-vez-ridicularizados-na-internet\/"},"modified":"2024-08-27T22:44:28","modified_gmt":"2024-08-28T01:44:28","slug":"fas-de-anime-sao-mais-uma-vez-ridicularizados-na-internet","status":"publish","type":"post","link":"https:\/\/animangeek.com\/de\/fas-de-anime-sao-mais-uma-vez-ridicularizados-na-internet\/","title":{"rendered":"Anime-Fans werden im Internet erneut verspottet"},"content":{"rendered":"<div class=\"mx-5 sm:mx-0 prose text-left mb-5\">\n<div itemprop=\"articleBody\">\n<p>Es ist nichts Neues, dass Fans von<strong> Anime<\/strong> Sie sind seit vielen Jahren Zielscheibe des Spotts, und obwohl dies im Anime-Geschmack allm\u00e4hlich normalisiert wurde, h\u00e4lt Spott und Antipathie gegen\u00fcber dieser Gruppe von Menschen bis heute an. Ein Beispiel daf\u00fcr ist das Video eines Ereignisses, das im ber\u00fchmten <strong>Anime Expo<\/strong> in Los Angeles, wo ein Cosplayer in einem Cosplay von<strong> Kana Arima <\/strong>aus dem beliebten Anime <strong>Oshi no Ko<\/strong>in dem viele schlechte Kommentare zu Otakus gefunden wurden.<\/p>\n<h3 class=\"wp-block-heading has-text-align-center\">Otakus werden f\u00fcr ein Video kritisiert, das bei einer Veranstaltung w\u00e4hrend der AnimeExpo popul\u00e4r wurde<\/h3>\n<figure class=\"wp-block-image size-large\"><noscript><img loading=\"lazy\" decoding=\"async\" width=\"1200\" height=\"675\" src=\"https:\/\/animangeek.com\/wp-content\/uploads\/2024\/08\/arima-kana-oshi-no-ko-1200x675.jpeg\" alt=\"Oshi No Ko atrasar\u00e1 o pr\u00f3ximo cap\u00edtulo em uma semana\" class=\"wp-image-328955\" title=\"Anime-Fans werden im Internet erneut verspottet 2\"  \/><\/noscript><img loading=\"lazy\" decoding=\"async\" width=\"1200\" height=\"675\" src=\"https:\/\/animangeek.com\/wp-content\/uploads\/2024\/08\/arima-kana-oshi-no-ko-1200x675.jpeg\" alt=\"Oshi No Ko atrasar\u00e1 o pr\u00f3ximo cap\u00edtulo em uma semana\" class=\"lazyload wp-image-328955\" title=\"Anime-Fans werden im Internet erneut verspottet 2\"  data-><\/figure>\n<p>Dieses \u201ekontroverse\u201c Video stammt vom Instagram-Account des Cosplayers <strong><a rel=\"nofollow noopener\" target=\"_blank\" href=\"https:\/\/www.instagram.com\/p\/C9VxRo6SlVC\/?utm_source=ig_embed&amp;utm_campaign=embed_video_watch_again\">@hamu_cotton<\/a><\/strong>wo sie einen Cosplay-Auftritt als Kana Arima macht, eine der wundersch\u00f6nen Waifus aus dem beliebten Anime \u201eOshi no Ko\u201c. Bei diesem Auftritt tanzt sie zum Lied <strong>\u00abL0li Requiem Gottes\u00bb<\/strong> durchgef\u00fchrt von VTuber <strong>Ui Shigure<\/strong> Das Video verbreitete sich im letzten Jahr in den sozialen Medien wie ein Lauffeuer und war als Angriff auf \u00e4ltere M\u00e4nner gedacht, die gerne unangemessenes Material \u00fcber Minderj\u00e4hrige konsumieren.<\/p>\n<p>In diesem kurzen Video, das <strong>Cosplayer<\/strong> Er erz\u00e4hlt uns von seinem Auftritt auf der Convention. Wir sehen auch eine Gruppe von Fans, ebenfalls in Cosplay, die auf den erw\u00e4hnten Tanz reagieren, schreien und sich auf den Boden werfen. Diese Aktion l\u00f6ste mehrere negative Reaktionen von Online-Nutzern aus, die ihrem Unmut in den Kommentaren Ausdruck verliehen. Interessanterweise kamen diese negativen Kommentare sogar aus der Otaku-Community selbst.<\/p>\n<p>Viele <strong>Otaku<\/strong> Sie sagten Dinge wie \u201eIch bin ein Fan von <strong>Anime<\/strong> und ich habe nichts mit ihnen zu tun\u201c \u201ePl\u00f6tzlich schaue ich keine Anime mehr\u201c \u201eDeshalb habe ich aufgeh\u00f6rt, Anime zu schauen\u201c \u201eDie Stereotypen stimmen\u201c \u201eWas zur H\u00f6lle ist los mit euch?\u201c \u201eIch mag Anime und Manga, aber ich identifiziere mich nicht einmal mit der Luft, die sie atmen\u201c<\/p>\n<figure class=\"wp-block-image size-large\"><noscript><img loading=\"lazy\" decoding=\"async\" width=\"1200\" height=\"675\" src=\"https:\/\/animangeek.com\/wp-content\/uploads\/2024\/08\/kana-arima-oshi-no-ko-molesta-polemica-ia-traduccion-anime-1200x675.webp.webp\" alt=\"Kana Arima Oshi No Ko chateado controv\u00e9rsia Ia tradu\u00e7\u00e3o de anime\" class=\"wp-image-427176\" title=\"Anime-Fans werden im Internet erneut verspottet 3\"  \/><\/noscript><img loading=\"lazy\" decoding=\"async\" width=\"1200\" height=\"675\" src=\"https:\/\/animangeek.com\/wp-content\/uploads\/2024\/08\/kana-arima-oshi-no-ko-molesta-polemica-ia-traduccion-anime-1200x675.webp.webp\" alt=\"Kana Arima Oshi No Ko chateado controv\u00e9rsia Ia tradu\u00e7\u00e3o de anime\" class=\"lazyload wp-image-427176\" title=\"Anime-Fans werden im Internet erneut verspottet 3\"  data-><\/figure>\n<p>Zu den h\u00e4ufigsten negativen Reaktionen auf dieses Video geh\u00f6rte der \u00fcble Geruch, der sicherlich vom Publikum ausging, und damit ein klarer Hinweis auf das Stereotyp, das die Leute \u00fcber<strong> \u00abotakus<\/strong>\u00bb Sie duschen nicht. Kommentare dieser Art lauteten: \u201eStell dir den Geruch da drin vor\u201c, \u201eIch kann mir den Geruch nicht einmal vorstellen\u201c, \u201eWarum rieche ich ihn sogar durch das Telefon?\u201c \u201eWer putzt, verdient eine Bef\u00f6rderung.\u201c<\/p>\n<p>Eine andere Sache, die oft erw\u00e4hnt wurde, ist, dass das Problem nicht wirklich darin besteht, dass die Leute das <strong>Anime<\/strong> und es ist nicht so, dass die Leute diese Art von Geschichten hassen, aber was sie st\u00f6rt, ist diese Art von Geschichten. <strong>\u201eOtaku\u201c<\/strong> die f\u00fcr Unmut sorgen. Ein Social-Media-Nutzer nannte sogar das Beispiel, dass viele Athleten bei den Olympischen Spielen 2024 in Paris als Anime-Fans wahrgenommen wurden, ihr Verhalten aber nicht so \u00fcbertrieben war wie beispielsweise das der Personen im Video.<\/p>\n<p>Trotz der vielen Leute, die diese Art von sehr negativen Kommentaren \u00fcber diese Veranstaltung machten, an der viele teilnahmen <strong>Otaku<\/strong>Es gab auch viele Leute, die Menschen verteidigten, die in Wirklichkeit nichts falsch gemacht hatten, au\u00dfer einer Aktivit\u00e4t nachzugehen, die mit einem ihrer Hobbys zusammenh\u00e4ngt. In einigen Kommentaren hie\u00df es beispielsweise: \u201eWarum machen sie sich \u00fcber sie lustig? Sie haben doch nur Spa\u00df an ihrem Hobby.\u201c Sie sind einfach nur gl\u00fccklich. Wir hassen sie einfach, aber sie sind wahrscheinlich gl\u00fccklicher als wir.\u201c<\/p>\n<figure class=\"wp-block-image size-large\"><noscript><img loading=\"lazy\" decoding=\"async\" width=\"1200\" height=\"675\" src=\"https:\/\/animangeek.com\/wp-content\/uploads\/2024\/08\/Oshi-no-Ko-Kana-Arima-portada-1200x675.webp.webp\" alt=\"Capa de Oshi No Ko Kana Arima\" class=\"wp-image-417013\" title=\"Anime-Fans werden im Internet erneut verspottet 4\"  \/><\/noscript><img loading=\"lazy\" decoding=\"async\" width=\"1200\" height=\"675\" src=\"https:\/\/animangeek.com\/wp-content\/uploads\/2024\/08\/Oshi-no-Ko-Kana-Arima-portada-1200x675.webp.webp\" alt=\"Capa de Oshi No Ko Kana Arima\" class=\"lazyload wp-image-417013\" title=\"Anime-Fans werden im Internet erneut verspottet 4\"  data-><\/figure>\n<\/div>\n<p><script async src=\"\/\/www.instagram.com\/embed.js\"><\/script>\n<\/div>","protected":false},"excerpt":{"rendered":"<p>Es ist nichts Neues, dass Anime-Fans seit Jahren Zielscheibe von Spott sind, und obwohl sich dies in der Anime-Fangemeinde allm\u00e4hlich normalisiert hat, bleiben Spott und Antipathie gegen\u00fcber dieser Gruppe bestehen. Ein Beispiel daf\u00fcr ist ein Video eines Ereignisses, das sich ereignet hat... <a class=\"more-link\" href=\"https:\/\/animangeek.com\/de\/fas-de-anime-sao-mais-uma-vez-ridicularizados-na-internet\/\">Weiterlesen <span class=\"screen-reader-text\">Anime-Fans werden im Internet erneut verspottet<\/span><\/a><\/p>","protected":false},"author":0,"featured_media":18016,"comment_status":"open","ping_status":"open","sticky":false,"template":"","format":"standard","meta":{"footnotes":""},"categories":[5],"tags":[551,806,1195],"yoast_head":"<!-- This site is optimized with the Yoast SEO plugin v23.3 - https:\/\/yoast.com\/wordpress\/plugins\/seo\/ -->\n<title>F\u00e3s de anime s\u00e3o mais uma vez ridicularizados na internet - Animan Geek<\/title>\n<meta name=\"robots\" content=\"index, follow, max-snippet:-1, max-image-preview:large, max-video-preview:-1\" \/>\n<link rel=\"canonical\" href=\"https:\/\/animangeek.com\/de\/fas-de-anime-sao-mais-uma-vez-ridicularizados-na-internet\/\" \/>\n<meta property=\"og:locale\" content=\"de_DE\" \/>\n<meta property=\"og:type\" content=\"article\" \/>\n<meta property=\"og:title\" content=\"F\u00e3s de anime s\u00e3o mais uma vez ridicularizados na internet - Animan Geek\" \/>\n<meta property=\"og:description\" content=\"N\u00e3o \u00e9 algo novo que os f\u00e3s de anime H\u00e1 muitos anos que s\u00e3o alvo de rid\u00edculo e, embora isso seja algo que aos poucos se normalizou no gosto pela anime, o rid\u00edculo e a antipatia para com este grupo de pessoas ainda hoje persistem. Um exemplo disso \u00e9 o v\u00eddeo de um evento ocorrido&hellip; Continue reading F\u00e3s de anime s\u00e3o mais uma vez ridicularizados na internet\" \/>\n<meta property=\"og:url\" content=\"https:\/\/animangeek.com\/de\/fas-de-anime-sao-mais-uma-vez-ridicularizados-na-internet\/\" \/>\n<meta property=\"og:site_name\" content=\"Animan Geek\" \/>\n<meta property=\"article:published_time\" content=\"2024-08-28T01:44:28+00:00\" \/>\n<meta property=\"og:image\" content=\"https:\/\/animangeek.com\/wp-content\/uploads\/sites\/106\/2024\/08\/Fas-de-anime-sao-mais-uma-vez-ridicularizados-na-internet.webp.webp\" \/>\n\t<meta property=\"og:image:width\" content=\"1280\" \/>\n\t<meta property=\"og:image:height\" content=\"720\" \/>\n\t<meta property=\"og:image:type\" content=\"image\/webp\" \/>\n<meta name=\"twitter:card\" content=\"summary_large_image\" \/>\n<meta name=\"twitter:label1\" content=\"Est. reading time\" \/>\n\t<meta name=\"twitter:data1\" content=\"3 Minuten\" \/>\n<script type=\"application\/ld+json\" class=\"yoast-schema-graph\">{\"@context\":\"https:\/\/schema.org\",\"@graph\":[{\"@type\":\"WebPage\",\"@id\":\"https:\/\/animangeek.com\/fas-de-anime-sao-mais-uma-vez-ridicularizados-na-internet\/\",\"url\":\"https:\/\/animangeek.com\/fas-de-anime-sao-mais-uma-vez-ridicularizados-na-internet\/\",\"name\":\"F\u00e3s de anime s\u00e3o mais uma vez ridicularizados na internet - Animan Geek\",\"isPartOf\":{\"@id\":\"https:\/\/animangeek.com\/#website\"},\"primaryImageOfPage\":{\"@id\":\"https:\/\/animangeek.com\/fas-de-anime-sao-mais-uma-vez-ridicularizados-na-internet\/#primaryimage\"},\"image\":{\"@id\":\"https:\/\/animangeek.com\/fas-de-anime-sao-mais-uma-vez-ridicularizados-na-internet\/#primaryimage\"},\"thumbnailUrl\":\"https:\/\/animangeek.com\/wp-content\/uploads\/sites\/106\/2024\/08\/Fas-de-anime-sao-mais-uma-vez-ridicularizados-na-internet.webp.webp\",\"datePublished\":\"2024-08-28T01:44:28+00:00\",\"dateModified\":\"2024-08-28T01:44:28+00:00\",\"author\":{\"@id\":\"\"},\"breadcrumb\":{\"@id\":\"https:\/\/animangeek.com\/fas-de-anime-sao-mais-uma-vez-ridicularizados-na-internet\/#breadcrumb\"},\"inLanguage\":\"de-DE\",\"potentialAction\":[{\"@type\":\"ReadAction\",\"target\":[\"https:\/\/animangeek.com\/fas-de-anime-sao-mais-uma-vez-ridicularizados-na-internet\/\"]}]},{\"@type\":\"ImageObject\",\"inLanguage\":\"de-DE\",\"@id\":\"https:\/\/animangeek.com\/fas-de-anime-sao-mais-uma-vez-ridicularizados-na-internet\/#primaryimage\",\"url\":\"https:\/\/animangeek.com\/wp-content\/uploads\/sites\/106\/2024\/08\/Fas-de-anime-sao-mais-uma-vez-ridicularizados-na-internet.webp.webp\",\"contentUrl\":\"https:\/\/animangeek.com\/wp-content\/uploads\/sites\/106\/2024\/08\/Fas-de-anime-sao-mais-uma-vez-ridicularizados-na-internet.webp.webp\",\"width\":1280,\"height\":720},{\"@type\":\"BreadcrumbList\",\"@id\":\"https:\/\/animangeek.com\/fas-de-anime-sao-mais-uma-vez-ridicularizados-na-internet\/#breadcrumb\",\"itemListElement\":[{\"@type\":\"ListItem\",\"position\":1,\"name\":\"Home\",\"item\":\"https:\/\/animangeek.com\/\"},{\"@type\":\"ListItem\",\"position\":2,\"name\":\"F\u00e3s de anime s\u00e3o mais uma vez ridicularizados na internet\"}]},{\"@type\":\"WebSite\",\"@id\":\"https:\/\/animangeek.com\/#website\",\"url\":\"https:\/\/animangeek.com\/\",\"name\":\"Animan Geek\",\"description\":\"\",\"potentialAction\":[{\"@type\":\"SearchAction\",\"target\":{\"@type\":\"EntryPoint\",\"urlTemplate\":\"https:\/\/animangeek.com\/?s={search_term_string}\"},\"query-input\":\"required name=search_term_string\"}],\"inLanguage\":\"de-DE\"}]}<\/script>\n<!-- \/ Yoast SEO plugin. -->","yoast_head_json":{"title":"F\u00e3s de anime s\u00e3o mais uma vez ridicularizados na internet - Animan Geek","robots":{"index":"index","follow":"follow","max-snippet":"max-snippet:-1","max-image-preview":"max-image-preview:large","max-video-preview":"max-video-preview:-1"},"canonical":"https:\/\/animangeek.com\/de\/fas-de-anime-sao-mais-uma-vez-ridicularizados-na-internet\/","og_locale":"de_DE","og_type":"article","og_title":"F\u00e3s de anime s\u00e3o mais uma vez ridicularizados na internet - Animan Geek","og_description":"N\u00e3o \u00e9 algo novo que os f\u00e3s de anime H\u00e1 muitos anos que s\u00e3o alvo de rid\u00edculo e, embora isso seja algo que aos poucos se normalizou no gosto pela anime, o rid\u00edculo e a antipatia para com este grupo de pessoas ainda hoje persistem. Um exemplo disso \u00e9 o v\u00eddeo de um evento ocorrido&hellip; Continue reading F\u00e3s de anime s\u00e3o mais uma vez ridicularizados na internet","og_url":"https:\/\/animangeek.com\/de\/fas-de-anime-sao-mais-uma-vez-ridicularizados-na-internet\/","og_site_name":"Animan Geek","article_published_time":"2024-08-28T01:44:28+00:00","og_image":[{"width":1280,"height":720,"url":"https:\/\/animangeek.com\/wp-content\/uploads\/sites\/106\/2024\/08\/Fas-de-anime-sao-mais-uma-vez-ridicularizados-na-internet.webp.webp","type":"image\/webp"}],"twitter_card":"summary_large_image","twitter_misc":{"Est. reading time":"3 Minuten"},"schema":{"@context":"https:\/\/schema.org","@graph":[{"@type":"WebPage","@id":"https:\/\/animangeek.com\/fas-de-anime-sao-mais-uma-vez-ridicularizados-na-internet\/","url":"https:\/\/animangeek.com\/fas-de-anime-sao-mais-uma-vez-ridicularizados-na-internet\/","name":"F\u00e3s de anime s\u00e3o mais uma vez ridicularizados na internet - Animan Geek","isPartOf":{"@id":"https:\/\/animangeek.com\/#website"},"primaryImageOfPage":{"@id":"https:\/\/animangeek.com\/fas-de-anime-sao-mais-uma-vez-ridicularizados-na-internet\/#primaryimage"},"image":{"@id":"https:\/\/animangeek.com\/fas-de-anime-sao-mais-uma-vez-ridicularizados-na-internet\/#primaryimage"},"thumbnailUrl":"https:\/\/animangeek.com\/wp-content\/uploads\/sites\/106\/2024\/08\/Fas-de-anime-sao-mais-uma-vez-ridicularizados-na-internet.webp.webp","datePublished":"2024-08-28T01:44:28+00:00","dateModified":"2024-08-28T01:44:28+00:00","author":{"@id":""},"breadcrumb":{"@id":"https:\/\/animangeek.com\/fas-de-anime-sao-mais-uma-vez-ridicularizados-na-internet\/#breadcrumb"},"inLanguage":"de-DE","potentialAction":[{"@type":"ReadAction","target":["https:\/\/animangeek.com\/fas-de-anime-sao-mais-uma-vez-ridicularizados-na-internet\/"]}]},{"@type":"ImageObject","inLanguage":"de-DE","@id":"https:\/\/animangeek.com\/fas-de-anime-sao-mais-uma-vez-ridicularizados-na-internet\/#primaryimage","url":"https:\/\/animangeek.com\/wp-content\/uploads\/sites\/106\/2024\/08\/Fas-de-anime-sao-mais-uma-vez-ridicularizados-na-internet.webp.webp","contentUrl":"https:\/\/animangeek.com\/wp-content\/uploads\/sites\/106\/2024\/08\/Fas-de-anime-sao-mais-uma-vez-ridicularizados-na-internet.webp.webp","width":1280,"height":720},{"@type":"BreadcrumbList","@id":"https:\/\/animangeek.com\/fas-de-anime-sao-mais-uma-vez-ridicularizados-na-internet\/#breadcrumb","itemListElement":[{"@type":"ListItem","position":1,"name":"Home","item":"https:\/\/animangeek.com\/"},{"@type":"ListItem","position":2,"name":"F\u00e3s de anime s\u00e3o mais uma vez ridicularizados na internet"}]},{"@type":"WebSite","@id":"https:\/\/animangeek.com\/#website","url":"https:\/\/animangeek.com\/","name":"Animan Geek","description":"","potentialAction":[{"@type":"SearchAction","target":{"@type":"EntryPoint","urlTemplate":"https:\/\/animangeek.com\/?s={search_term_string}"},"query-input":"required name=search_term_string"}],"inLanguage":"de-DE"}]}},"_links":{"self":[{"href":"https:\/\/animangeek.com\/de\/wp-json\/wp\/v2\/posts\/18015"}],"collection":[{"href":"https:\/\/animangeek.com\/de\/wp-json\/wp\/v2\/posts"}],"about":[{"href":"https:\/\/animangeek.com\/de\/wp-json\/wp\/v2\/types\/post"}],"replies":[{"embeddable":true,"href":"https:\/\/animangeek.com\/de\/wp-json\/wp\/v2\/comments?post=18015"}],"version-history":[{"count":0,"href":"https:\/\/animangeek.com\/de\/wp-json\/wp\/v2\/posts\/18015\/revisions"}],"wp:featuredmedia":[{"embeddable":true,"href":"https:\/\/animangeek.com\/de\/wp-json\/wp\/v2\/media\/18016"}],"wp:attachment":[{"href":"https:\/\/animangeek.com\/de\/wp-json\/wp\/v2\/media?parent=18015"}],"wp:term":[{"taxonomy":"category","embeddable":true,"href":"https:\/\/animangeek.com\/de\/wp-json\/wp\/v2\/categories?post=18015"},{"taxonomy":"post_tag","embeddable":true,"href":"https:\/\/animangeek.com\/de\/wp-json\/wp\/v2\/tags?post=18015"}],"curies":[{"name":"wp","href":"https:\/\/api.w.org\/{rel}","templated":true}]}}