{"id":18290,"date":"2024-09-03T23:27:34","date_gmt":"2024-09-04T02:27:34","guid":{"rendered":"https:\/\/animangeek.com\/depois-de-uma-decada-twin-star-exorcists-terminou\/"},"modified":"2025-11-27T20:49:03","modified_gmt":"2025-11-27T20:49:03","slug":"depois-de-uma-decada-twin-star-exorcists-terminou","status":"publish","type":"post","link":"https:\/\/animangeek.com\/de\/depois-de-uma-decada-twin-star-exorcists-terminou\/","title":{"rendered":"Nach einem Jahrzehnt ist Twin Star Exorcists zu Ende"},"content":{"rendered":"<div class=\"mx-5 sm:mx-0 prose text-left mb-5\">\n<div>\n<p class=\"has-text-align-center has-white-color has-vivid-red-background-color has-text-color has-background has-link-color wp-elements-b030d8c9e1b1634cf4afd515450857c8\"><strong>Dieser Artikel enth\u00e4lt Spoiler zum Manga \u201eTwin Star Exorcists\u201c. Der Leser sollte den Artikel sorgf\u00e4ltig lesen.<\/strong><\/p>\n<p>In der neuesten Ausgabe des Jump SQ Magazins wurde das letzte Kapitel des Mangas ver\u00f6ffentlicht \u201e<strong>Twin Star Exorcists<\/strong> (<em>Sousei no Onmyouji<\/em>)\u201c, geschrieben und illustriert von <strong>Yoshiaki Sukeno<\/strong>Dieses Werk schlie\u00dft nach einer erfolgreichen Fortsetzungsgeschichte ab, die elf Jahre dauerte, von ihrem Deb\u00fct im Oktober 2013 bis September 2024. In diesem Zeitraum umfasste die Serie mehr als drei\u00dfig Sammelb\u00e4nde und etablierte sich als eine der beliebtesten Serien des Magazins.<\/p>\n<div class=\"wp-block-image\">\n<figure class=\"aligncenter size-full\"><img loading=\"lazy\" decoding=\"async\" class=\"wp-image-336245\" src=\"https:\/\/animangeek.com\/wp-content\/uploads\/2024\/09\/Depois-de-uma-decada-Twin-Star-Exorcists-terminou.jpg\" alt=\"\" width=\"1568\" height=\"2290\" \/><figcaption class=\"wp-element-caption\">\u00a9 Y.SUKENO\/SHUEISHA<\/figcaption><\/figure>\n<\/div>\n<p><strong>\u201eTwin Star Exorcists\u201c erz\u00e4hlt die Geschichte von Rokuro Enmado und Benio Adashino, zwei jungen und talentierten Exorzisten, die einer Prophezeiung zufolge dazu bestimmt sind, zu heiraten und ein Kind zu bekommen, das der ultimative Exorzist, bekannt als \u201eMiko\u201c, werden soll.<\/strong> Dieses h\u00f6chste Wesen, bekannt als Kegare, wird in der Lage sein, alle b\u00f6sen Geister zu reinigen und einen uralten Krieg zu beenden. Die Handlung beginnt, als Rokuro, einst ein vielversprechender Exorzist, seine Berufung nach einem tragischen Vorfall aufgibt, der das Leben seiner Freunde kostete. Seine Begegnung mit Benio, einem ber\u00fchmten Exorzisten aus dem Osten, zwingt ihn jedoch, sich erneut seinem Schicksal zu stellen.<\/p>\n<p><strong>Aufgrund der Popularit\u00e4t des Mangas wurde er in eine von Pierrot Studios produzierte Anime-Serie adaptiert, die zwischen April 2016 und M\u00e4rz 2017 ausgestrahlt wurde und insgesamt f\u00fcnfzig Episoden umfasste.<\/strong> Der Anime vergr\u00f6\u00dferte die Fangemeinde des Franchise noch weiter, indem er eine animierte Version der Geschichte pr\u00e4sentierte, die die Essenz des Mangas einfing, sich bei der Entwicklung aber gewisse kreative Freiheiten nahm.<\/p>\n<p>Neben dem Manga und Anime brachte \u201eTwin Star Exorcists\u201c auch andere Spin-off-Produkte hervor, darunter drei Light Novels und zwei Spin-off-Mangas, die verschiedene Aspekte des von Sukeno geschaffenen Universums erkundeten. <strong>Ebenso entwickelte Bandai Namco Entertainment ein Videospiel f\u00fcr PS Vita, das im Januar 2017 erschien und es den Spielern erm\u00f6glichte, noch tiefer in den Kampf gegen die Kegare einzutauchen.<\/strong><\/p>\n<p>Mit dem Abschluss von \u201eTwin Star Exorcists\u201c verabschieden sich die Fans von einer Serie, die nicht nur eine packende Erz\u00e4hlung und fesselnde Charaktere bot, sondern auch ma\u00dfgebliche Spuren im Manga- und Anime-Bereich hinterlie\u00df. <strong>Yoshiaki Sukenos Werk verabschiedet sich nach elf Jahren intensiver Geschichten, epischer Schlachten und eines Verm\u00e4chtnisses, das in der Erinnerung seiner Anh\u00e4nger weiterleben wird.<\/strong><\/p>\n<ul>\n<li>\u00ab<em>Morgend\u00e4mmerung. Sonne, Mond und unz\u00e4hlige Sterne erwarteten diesen Anbruch des Universums. Dies ist die Geschichte einer Familie: eines Jungen und eines M\u00e4dchens. Sie trafen viele Menschen und trennten sich von einigen. Sie wuchsen heran. Sie kamen sich n\u00e4her. Sie sprachen \u00fcber Liebe und gestalteten ihr Leben. Dies ist die Geschichte eines Jungen und eines M\u00e4dchens, die ihrem grausamen Schicksal trotzten, und die Geschichte ihres Kindes, das die Macht erhielt, dieses Schicksal zu \u00e4ndern und die Welt zu retten. Dies ist die Geschichte, wie eine Familie gl\u00fccklich wurde.<\/em>\u00bb.<\/li>\n<\/ul>\n<figure class=\"wp-block-gallery aligncenter has-nested-images columns-1 is-cropped wp-block-gallery-1 is-layout-flex wp-block-gallery-is-layout-flex\">\n<figure class=\"wp-block-image size-full\"><img loading=\"lazy\" decoding=\"async\" class=\"wp-image-336243\" src=\"https:\/\/animangeek.com\/wp-content\/uploads\/2024\/09\/1725416854_836_Depois-de-uma-decada-Twin-Star-Exorcists-terminou.jpg\" alt=\"\" width=\"1568\" height=\"2290\" data-id=\"336243\" \/><\/figure>\n<figure class=\"wp-block-image size-full\"><img loading=\"lazy\" decoding=\"async\" class=\"wp-image-336244\" src=\"https:\/\/animangeek.com\/wp-content\/uploads\/2024\/09\/1725416854_785_Depois-de-uma-decada-Twin-Star-Exorcists-terminou.jpg\" alt=\"\" width=\"1568\" height=\"2290\" data-id=\"336244\" \/><\/figure><figcaption class=\"blocks-gallery-caption wp-element-caption\">\u00a9 Y.SUKENO\/SHUEISHA<\/figcaption><\/figure>\n<p>Quelle: <strong>Offizielle Website<\/strong><\/p>\n<\/div>\n<\/div>","protected":false},"excerpt":{"rendered":"<p>Dieser Artikel enth\u00e4lt Spoiler zum Manga \u201eTwin Star Exorcists\u201c. Leser sollten sich vor der Lekt\u00fcre in Ruhe informieren. In der neuesten Ausgabe des Jump SQ Magazins wurde das letzte Kapitel des Mangas \u201eTwin Star Exorcists (Sousei no Onmyouji)\u201c ver\u00f6ffentlicht, geschrieben und illustriert von Yoshiaki Sukeno. Dieses Werk bildet den Abschluss einer erfolgreichen Fortsetzungsgeschichte, die elf Jahre dauerte, seit\u2026 <a class=\"more-link\" href=\"https:\/\/animangeek.com\/de\/depois-de-uma-decada-twin-star-exorcists-terminou\/\">Weiterlesen <span class=\"screen-reader-text\">Nach einem Jahrzehnt ist Twin Star Exorcists zu Ende<\/span><\/a><\/p>","protected":false},"author":93,"featured_media":18291,"comment_status":"open","ping_status":"open","sticky":false,"template":"","format":"standard","meta":{"footnotes":""},"categories":[8],"tags":[549,1449,1471],"yoast_head":"<!-- This site is optimized with the Yoast SEO plugin v23.3 - https:\/\/yoast.com\/wordpress\/plugins\/seo\/ -->\n<title>Depois de uma d\u00e9cada, Twin Star Exorcists terminou - Animan Geek<\/title>\n<meta name=\"robots\" content=\"index, follow, max-snippet:-1, max-image-preview:large, max-video-preview:-1\" \/>\n<link rel=\"canonical\" href=\"https:\/\/animangeek.com\/de\/depois-de-uma-decada-twin-star-exorcists-terminou\/\" \/>\n<meta property=\"og:locale\" content=\"de_DE\" \/>\n<meta property=\"og:type\" content=\"article\" \/>\n<meta property=\"og:title\" content=\"Depois de uma d\u00e9cada, Twin Star Exorcists terminou - Animan Geek\" \/>\n<meta property=\"og:description\" content=\"Este artigo inclui spoilers do mang\u00e1 \u201cTwin Star Exorcists\u201d. A discri\u00e7\u00e3o do leitor \u00e9 aconselhada. Na edi\u00e7\u00e3o mais recente da revista Jump SQ foi publicado o cap\u00edtulo final do mang\u00e1 \u201cExorcistas de Estrelas G\u00eameas (Sousei no Onmyouji)\u201d, escrito e ilustrado por Yoshiaki Sukeno. Este trabalho termina ap\u00f3s uma serializa\u00e7\u00e3o bem-sucedida que durou onze anos, desde&hellip; Continue reading Depois de uma d\u00e9cada, Twin Star Exorcists terminou\" \/>\n<meta property=\"og:url\" content=\"https:\/\/animangeek.com\/de\/depois-de-uma-decada-twin-star-exorcists-terminou\/\" \/>\n<meta property=\"og:site_name\" content=\"Animan Geek\" \/>\n<meta property=\"article:published_time\" content=\"2024-09-04T02:27:34+00:00\" \/>\n<meta property=\"article:modified_time\" content=\"2025-11-27T20:49:03+00:00\" \/>\n<meta property=\"og:image\" content=\"https:\/\/animangeek.com\/wp-content\/uploads\/sites\/106\/2024\/09\/1725416855_Depois-de-uma-decada-Twin-Star-Exorcists-terminou.jpg\" \/>\n\t<meta property=\"og:image:width\" content=\"1920\" \/>\n\t<meta property=\"og:image:height\" content=\"1080\" \/>\n\t<meta property=\"og:image:type\" content=\"image\/jpeg\" \/>\n<meta name=\"author\" content=\"joaovitorjacintho1998\" \/>\n<meta name=\"twitter:card\" content=\"summary_large_image\" \/>\n<meta name=\"twitter:label1\" content=\"Written by\" \/>\n\t<meta name=\"twitter:data1\" content=\"joaovitorjacintho1998\" \/>\n\t<meta name=\"twitter:label2\" content=\"Est. reading time\" \/>\n\t<meta name=\"twitter:data2\" content=\"4 Minuten\" \/>\n<script type=\"application\/ld+json\" class=\"yoast-schema-graph\">{\"@context\":\"https:\/\/schema.org\",\"@graph\":[{\"@type\":\"WebPage\",\"@id\":\"https:\/\/animangeek.com\/depois-de-uma-decada-twin-star-exorcists-terminou\/\",\"url\":\"https:\/\/animangeek.com\/depois-de-uma-decada-twin-star-exorcists-terminou\/\",\"name\":\"Depois de uma d\u00e9cada, Twin Star Exorcists terminou - Animan Geek\",\"isPartOf\":{\"@id\":\"https:\/\/animangeek.com\/#website\"},\"primaryImageOfPage\":{\"@id\":\"https:\/\/animangeek.com\/depois-de-uma-decada-twin-star-exorcists-terminou\/#primaryimage\"},\"image\":{\"@id\":\"https:\/\/animangeek.com\/depois-de-uma-decada-twin-star-exorcists-terminou\/#primaryimage\"},\"thumbnailUrl\":\"https:\/\/animangeek.com\/wp-content\/uploads\/sites\/106\/2024\/09\/1725416855_Depois-de-uma-decada-Twin-Star-Exorcists-terminou.jpg\",\"datePublished\":\"2024-09-04T02:27:34+00:00\",\"dateModified\":\"2025-11-27T20:49:03+00:00\",\"author\":{\"@id\":\"https:\/\/animangeek.com\/#\/schema\/person\/b0b94dcbe2f5caf90bfdf59817c675ed\"},\"breadcrumb\":{\"@id\":\"https:\/\/animangeek.com\/depois-de-uma-decada-twin-star-exorcists-terminou\/#breadcrumb\"},\"inLanguage\":\"de-DE\",\"potentialAction\":[{\"@type\":\"ReadAction\",\"target\":[\"https:\/\/animangeek.com\/depois-de-uma-decada-twin-star-exorcists-terminou\/\"]}]},{\"@type\":\"ImageObject\",\"inLanguage\":\"de-DE\",\"@id\":\"https:\/\/animangeek.com\/depois-de-uma-decada-twin-star-exorcists-terminou\/#primaryimage\",\"url\":\"https:\/\/animangeek.com\/wp-content\/uploads\/sites\/106\/2024\/09\/1725416855_Depois-de-uma-decada-Twin-Star-Exorcists-terminou.jpg\",\"contentUrl\":\"https:\/\/animangeek.com\/wp-content\/uploads\/sites\/106\/2024\/09\/1725416855_Depois-de-uma-decada-Twin-Star-Exorcists-terminou.jpg\",\"width\":1920,\"height\":1080},{\"@type\":\"BreadcrumbList\",\"@id\":\"https:\/\/animangeek.com\/depois-de-uma-decada-twin-star-exorcists-terminou\/#breadcrumb\",\"itemListElement\":[{\"@type\":\"ListItem\",\"position\":1,\"name\":\"Home\",\"item\":\"https:\/\/animangeek.com\/\"},{\"@type\":\"ListItem\",\"position\":2,\"name\":\"Depois de uma d\u00e9cada, Twin Star Exorcists terminou\"}]},{\"@type\":\"WebSite\",\"@id\":\"https:\/\/animangeek.com\/#website\",\"url\":\"https:\/\/animangeek.com\/\",\"name\":\"Animan Geek\",\"description\":\"\",\"potentialAction\":[{\"@type\":\"SearchAction\",\"target\":{\"@type\":\"EntryPoint\",\"urlTemplate\":\"https:\/\/animangeek.com\/?s={search_term_string}\"},\"query-input\":\"required name=search_term_string\"}],\"inLanguage\":\"de-DE\"},{\"@type\":\"Person\",\"@id\":\"https:\/\/animangeek.com\/#\/schema\/person\/b0b94dcbe2f5caf90bfdf59817c675ed\",\"name\":\"joaovitorjacintho1998\",\"image\":{\"@type\":\"ImageObject\",\"inLanguage\":\"de-DE\",\"@id\":\"https:\/\/animangeek.com\/#\/schema\/person\/image\/\",\"url\":\"https:\/\/secure.gravatar.com\/avatar\/2843227ca03ccf8cc7ccca45204c127e?s=96&d=mm&r=g\",\"contentUrl\":\"https:\/\/secure.gravatar.com\/avatar\/2843227ca03ccf8cc7ccca45204c127e?s=96&d=mm&r=g\",\"caption\":\"joaovitorjacintho1998\"},\"url\":\"https:\/\/animangeek.com\/de\/author\/joaovitorjacintho1998\/\"}]}<\/script>\n<!-- \/ Yoast SEO plugin. -->","yoast_head_json":{"title":"Depois de uma d\u00e9cada, Twin Star Exorcists terminou - Animan Geek","robots":{"index":"index","follow":"follow","max-snippet":"max-snippet:-1","max-image-preview":"max-image-preview:large","max-video-preview":"max-video-preview:-1"},"canonical":"https:\/\/animangeek.com\/de\/depois-de-uma-decada-twin-star-exorcists-terminou\/","og_locale":"de_DE","og_type":"article","og_title":"Depois de uma d\u00e9cada, Twin Star Exorcists terminou - Animan Geek","og_description":"Este artigo inclui spoilers do mang\u00e1 \u201cTwin Star Exorcists\u201d. A discri\u00e7\u00e3o do leitor \u00e9 aconselhada. Na edi\u00e7\u00e3o mais recente da revista Jump SQ foi publicado o cap\u00edtulo final do mang\u00e1 \u201cExorcistas de Estrelas G\u00eameas (Sousei no Onmyouji)\u201d, escrito e ilustrado por Yoshiaki Sukeno. Este trabalho termina ap\u00f3s uma serializa\u00e7\u00e3o bem-sucedida que durou onze anos, desde&hellip; Continue reading Depois de uma d\u00e9cada, Twin Star Exorcists terminou","og_url":"https:\/\/animangeek.com\/de\/depois-de-uma-decada-twin-star-exorcists-terminou\/","og_site_name":"Animan Geek","article_published_time":"2024-09-04T02:27:34+00:00","article_modified_time":"2025-11-27T20:49:03+00:00","og_image":[{"width":1920,"height":1080,"url":"https:\/\/animangeek.com\/wp-content\/uploads\/sites\/106\/2024\/09\/1725416855_Depois-de-uma-decada-Twin-Star-Exorcists-terminou.jpg","type":"image\/jpeg"}],"author":"joaovitorjacintho1998","twitter_card":"summary_large_image","twitter_misc":{"Written by":"joaovitorjacintho1998","Est. reading time":"4 Minuten"},"schema":{"@context":"https:\/\/schema.org","@graph":[{"@type":"WebPage","@id":"https:\/\/animangeek.com\/depois-de-uma-decada-twin-star-exorcists-terminou\/","url":"https:\/\/animangeek.com\/depois-de-uma-decada-twin-star-exorcists-terminou\/","name":"Depois de uma d\u00e9cada, Twin Star Exorcists terminou - Animan Geek","isPartOf":{"@id":"https:\/\/animangeek.com\/#website"},"primaryImageOfPage":{"@id":"https:\/\/animangeek.com\/depois-de-uma-decada-twin-star-exorcists-terminou\/#primaryimage"},"image":{"@id":"https:\/\/animangeek.com\/depois-de-uma-decada-twin-star-exorcists-terminou\/#primaryimage"},"thumbnailUrl":"https:\/\/animangeek.com\/wp-content\/uploads\/sites\/106\/2024\/09\/1725416855_Depois-de-uma-decada-Twin-Star-Exorcists-terminou.jpg","datePublished":"2024-09-04T02:27:34+00:00","dateModified":"2025-11-27T20:49:03+00:00","author":{"@id":"https:\/\/animangeek.com\/#\/schema\/person\/b0b94dcbe2f5caf90bfdf59817c675ed"},"breadcrumb":{"@id":"https:\/\/animangeek.com\/depois-de-uma-decada-twin-star-exorcists-terminou\/#breadcrumb"},"inLanguage":"de-DE","potentialAction":[{"@type":"ReadAction","target":["https:\/\/animangeek.com\/depois-de-uma-decada-twin-star-exorcists-terminou\/"]}]},{"@type":"ImageObject","inLanguage":"de-DE","@id":"https:\/\/animangeek.com\/depois-de-uma-decada-twin-star-exorcists-terminou\/#primaryimage","url":"https:\/\/animangeek.com\/wp-content\/uploads\/sites\/106\/2024\/09\/1725416855_Depois-de-uma-decada-Twin-Star-Exorcists-terminou.jpg","contentUrl":"https:\/\/animangeek.com\/wp-content\/uploads\/sites\/106\/2024\/09\/1725416855_Depois-de-uma-decada-Twin-Star-Exorcists-terminou.jpg","width":1920,"height":1080},{"@type":"BreadcrumbList","@id":"https:\/\/animangeek.com\/depois-de-uma-decada-twin-star-exorcists-terminou\/#breadcrumb","itemListElement":[{"@type":"ListItem","position":1,"name":"Home","item":"https:\/\/animangeek.com\/"},{"@type":"ListItem","position":2,"name":"Depois de uma d\u00e9cada, Twin Star Exorcists terminou"}]},{"@type":"WebSite","@id":"https:\/\/animangeek.com\/#website","url":"https:\/\/animangeek.com\/","name":"Animan Geek","description":"","potentialAction":[{"@type":"SearchAction","target":{"@type":"EntryPoint","urlTemplate":"https:\/\/animangeek.com\/?s={search_term_string}"},"query-input":"required name=search_term_string"}],"inLanguage":"de-DE"},{"@type":"Person","@id":"https:\/\/animangeek.com\/#\/schema\/person\/b0b94dcbe2f5caf90bfdf59817c675ed","name":"joaovitorjacintho1998","image":{"@type":"ImageObject","inLanguage":"de-DE","@id":"https:\/\/animangeek.com\/#\/schema\/person\/image\/","url":"https:\/\/secure.gravatar.com\/avatar\/2843227ca03ccf8cc7ccca45204c127e?s=96&d=mm&r=g","contentUrl":"https:\/\/secure.gravatar.com\/avatar\/2843227ca03ccf8cc7ccca45204c127e?s=96&d=mm&r=g","caption":"joaovitorjacintho1998"},"url":"https:\/\/animangeek.com\/de\/author\/joaovitorjacintho1998\/"}]}},"_links":{"self":[{"href":"https:\/\/animangeek.com\/de\/wp-json\/wp\/v2\/posts\/18290"}],"collection":[{"href":"https:\/\/animangeek.com\/de\/wp-json\/wp\/v2\/posts"}],"about":[{"href":"https:\/\/animangeek.com\/de\/wp-json\/wp\/v2\/types\/post"}],"author":[{"embeddable":true,"href":"https:\/\/animangeek.com\/de\/wp-json\/wp\/v2\/users\/93"}],"replies":[{"embeddable":true,"href":"https:\/\/animangeek.com\/de\/wp-json\/wp\/v2\/comments?post=18290"}],"version-history":[{"count":1,"href":"https:\/\/animangeek.com\/de\/wp-json\/wp\/v2\/posts\/18290\/revisions"}],"predecessor-version":[{"id":21039,"href":"https:\/\/animangeek.com\/de\/wp-json\/wp\/v2\/posts\/18290\/revisions\/21039"}],"wp:featuredmedia":[{"embeddable":true,"href":"https:\/\/animangeek.com\/de\/wp-json\/wp\/v2\/media\/18291"}],"wp:attachment":[{"href":"https:\/\/animangeek.com\/de\/wp-json\/wp\/v2\/media?parent=18290"}],"wp:term":[{"taxonomy":"category","embeddable":true,"href":"https:\/\/animangeek.com\/de\/wp-json\/wp\/v2\/categories?post=18290"},{"taxonomy":"post_tag","embeddable":true,"href":"https:\/\/animangeek.com\/de\/wp-json\/wp\/v2\/tags?post=18290"}],"curies":[{"name":"wp","href":"https:\/\/api.w.org\/{rel}","templated":true}]}}