{"id":18639,"date":"2024-09-12T13:45:50","date_gmt":"2024-09-12T16:45:50","guid":{"rendered":"https:\/\/animangeek.com\/fas-de-evangelion-comemoram-o-dia-em-que-quase-morremos\/"},"modified":"2024-09-12T13:45:50","modified_gmt":"2024-09-12T16:45:50","slug":"fas-de-evangelion-comemoram-o-dia-em-que-quase-morremos","status":"publish","type":"post","link":"https:\/\/animangeek.com\/de\/fas-de-evangelion-comemoram-o-dia-em-que-quase-morremos\/","title":{"rendered":"Evangelion-Fans feiern den Tag, an dem wir fast gestorben w\u00e4ren"},"content":{"rendered":"<div class=\"mx-5 sm:mx-0 prose text-left mb-5\">\n<div>\n<p>Da in Japan der 13. September ist, feiern wir ein entscheidendes Ereignis in der Geschichte des Franchise.<strong>Neon Genesis Evangelion<\/strong>\u201e, da im Jahr 2000, gem\u00e4\u00df der Anime-Tradition, <strong>Es kam zum verheerenden Second Impact, einem katastrophalen Ereignis, das das Schicksal der Menschheit f\u00fcr immer ver\u00e4nderte.<\/strong><\/p>\n<div class=\"wp-block-image\">\n<figure class=\"aligncenter size-full\"><img loading=\"lazy\" decoding=\"async\" width=\"1024\" height=\"576\" src=\"https:\/\/animangeek.com\/wp-content\/uploads\/2024\/09\/Fas-de-Evangelion-comemoram-o-dia-em-que-quase-morremos.png\" alt=\"\" class=\"wp-image-336650\"  \/><figcaption class=\"wp-element-caption\">\u00a9\u30ab\u30e9\u30fc\uff0fEva Project. \u00a9\u30ab\u30e9\u30fc\uff0fEVA\u88fd\u4f5c\u59d4\u54e1\u4f1a \u00a9\u30ab\u30e9\u30fc<\/figcaption><\/figure>\n<\/div>\n<p>Second Impact ist eines der bedeutendsten Ereignisse im Evangelion-Universum. <strong>Diese Katastrophe ereignete sich, als die Katsuragi-Expedition unter der Leitung von Dr. Katsuragi ein Kontaktexperiment mit Adam durchf\u00fchrte, dem ersten himmlischen humanoiden Wesen oder \u201eEngel\u201c.<\/strong> Das Experiment weckte Adam und verursachte eine gewaltige Explosion, die die antarktischen Eiskappen zum Schmelzen brachte und die Erdachse verschob, was zu Tsunamis, extremen Wetter\u00e4nderungen und einem Anstieg des Meeresspiegels f\u00fchrte. <strong>Diese Naturkatastrophen f\u00fchrten zusammen mit den darauf folgenden kriegerischen Auseinandersetzungen zum Verlust der H\u00e4lfte der Weltbev\u00f6lkerung.<\/strong><\/p>\n<p><strong>SEELE, die mysteri\u00f6se Organisation, die hinter vielen Ereignissen in Evangelion steckt, verbarg die Wahrheit \u00fcber Second Impact und behauptete, dieser sei durch einen Meteoriten verursacht worden, der in der Antarktis einschlug. <\/strong>Der offiziellen Version zufolge war der angebliche Meteorit nur 10 Zentimeter gro\u00df und bewegte sich mit 95% Lichtgeschwindigkeit, sodass er nicht rechtzeitig entdeckt werden konnte. Diese Information wurde vom mexikanischen Astronomen Ceimoa Nan best\u00e4tigt, der das Objekt angeblich wenige Minuten vor dem Einschlag entdeckte.<\/p>\n<ul>\n<li>\u00ab<em>Der in der Antarktis einschlagende Meteorit hatte einen Durchmesser von weniger als zehn Zentimetern und war damit ein sehr kleiner Meteorit. Mit einer enormen Geschwindigkeit von 95% Lichtgeschwindigkeit betrug seine effektive Masse jedoch mehr als 4,02 mal 20\u00b2 hoch 10. F\u00fcnfzehn Minuten vor seinem Einschlag wurde er vom mexikanischen Astronomen Ceimoa Nan entdeckt.<\/em>\u00bb.<\/li>\n<\/ul>\n<div class=\"wp-block-image\">\n<figure class=\"aligncenter size-full\"><img loading=\"lazy\" decoding=\"async\" width=\"1264\" height=\"960\" src=\"https:\/\/animangeek.com\/wp-content\/uploads\/2024\/09\/Fas-de-Evangelion-comemoram-o-dia-em-que-quase-morremos.jpg\" alt=\"\" class=\"wp-image-336654\"  \/><figcaption class=\"wp-element-caption\">\u00a9\u30ab\u30e9\u30fc\uff0fEva Project. \u00a9\u30ab\u30e9\u30fc\uff0fEVA\u88fd\u4f5c\u59d4\u54e1\u4f1a \u00a9\u30ab\u30e9\u30fc<\/figcaption><\/figure>\n<\/div>\n<p><strong>In der Realit\u00e4t des Animes war Second Impact jedoch eine absichtliche, von SEELE orchestrierte Tat, die den Vorhersagen der Schriftrollen vom Toten Meer folgte.<\/strong> Die Organisation wollte Adam in einen embryonalen Zustand versetzen, um ihn daran zu hindern, mit seinen Nachkommen, den Engeln, in Kontakt zu kommen, deren Ankunft f\u00fcr 15 Jahre sp\u00e4ter geplant war. Obwohl sie wussten, dass dieser Plan den Tod von Milliarden von Menschen und dauerhafte Ver\u00e4nderungen auf dem Planeten zur Folge haben w\u00fcrde, beschlossen sie, weiterzumachen. <strong>Gendo Ikari, eine der Hauptfiguren der Serie, verlie\u00df die Antarktis kurz vor Beginn des Experiments, wohl wissend, welche zerst\u00f6rerischen Folgen es haben w\u00fcrde.<\/strong><\/p>\n<p><strong>Neben der Verw\u00fcstung, die Second Impact anrichtete, ist dieser Tag auch f\u00fcr die Geburt einer der r\u00e4tselhaftesten Figuren der Serie in Erinnerung geblieben: Kaworu Nagisa, der menschliche Engel.<\/strong> der eine wesentliche Rolle in der Entwicklung der Handlung und im Leben des Protagonisten Shinji Ikari spielt. Die Symbolik von Kaworus Geburt an diesem Tag f\u00fcgt der heutigen Evangelion-Erz\u00e4hlung eine weitere Bedeutungsebene hinzu.<\/p>\n<div class=\"wp-block-image\">\n<figure class=\"aligncenter size-full\"><img loading=\"lazy\" decoding=\"async\" width=\"1400\" height=\"1978\" src=\"https:\/\/animangeek.com\/wp-content\/uploads\/2024\/09\/1726159550_448_Fas-de-Evangelion-comemoram-o-dia-em-que-quase-morremos.jpg\" alt=\"\" class=\"wp-image-336649\"  \/><figcaption class=\"wp-element-caption\">\u00a9\u30ab\u30e9\u30fc\uff0fEva Project. \u00a9\u30ab\u30e9\u30fc\uff0fEVA\u88fd\u4f5c\u59d4\u54e1\u4f1a \u00a9\u30ab\u30e9\u30fc<\/figcaption><\/figure>\n<\/div>\n<p><strong>Im Laufe der Jahre haben Fans den 13. September als Jahrestag genutzt, um \u00fcber die tiefe und komplexe Geschichte von Evangelion nachzudenken.<\/strong>sowie das Teilen von Theorien und Hommagen an Hideaki Annos Werk. In den sozialen Medien ist der Second Impact Day zu einem wiederkehrenden Trend geworden, bei dem sowohl \u00fcber die Handlung des Anime als auch \u00fcber seinen Einfluss auf die Popkultur diskutiert wird.<\/p>\n<p>Quelle: <strong><a rel=\"nofollow noopener\" target=\"_blank\" href=\"https:\/\/x.com\/livedoornews\/status\/1834245834965135474\">Live-Nachrichten<\/a><\/strong><\/p>\n<\/div>\n<\/div>","protected":false},"excerpt":{"rendered":"<p>Da in Japan bereits der 13. September ist, feiern wir ein entscheidendes Ereignis in der Geschichte des Franchise \u201eNeon Genesis Evangelion\u201c, denn im Jahr 2000 ereignete sich der Anime-\u00dcberlieferung zufolge der verheerende Second Impact, ein katastrophales Ereignis, das das Schicksal der Menschheit f\u00fcr immer ver\u00e4nderte. \u00a9\u30ab\u30e9\u30fc\uff0fProject Eva. \u00a9\u30ab\u30e9\u30fc\uff0fEVA\u88fd\u4f5c\u59d4\u54e1\u4f1a \u00a9\u30ab\u30e9\u30fc Second Impact ist ein\u2026 <a class=\"more-link\" href=\"https:\/\/animangeek.com\/de\/fas-de-evangelion-comemoram-o-dia-em-que-quase-morremos\/\">Weiterlesen <span class=\"screen-reader-text\">Evangelion-Fans feiern den Tag, an dem wir fast gestorben w\u00e4ren<\/span><\/a><\/p>","protected":false},"author":0,"featured_media":18640,"comment_status":"open","ping_status":"open","sticky":false,"template":"","format":"standard","meta":{"footnotes":""},"categories":[5],"tags":[1089],"yoast_head":"<!-- This site is optimized with the Yoast SEO plugin v23.3 - https:\/\/yoast.com\/wordpress\/plugins\/seo\/ -->\n<title>F\u00e3s de Evangelion comemoram o dia em que quase morremos - Animan Geek<\/title>\n<meta name=\"robots\" content=\"index, follow, max-snippet:-1, max-image-preview:large, max-video-preview:-1\" \/>\n<link rel=\"canonical\" href=\"https:\/\/animangeek.com\/de\/fas-de-evangelion-comemoram-o-dia-em-que-quase-morremos\/\" \/>\n<meta property=\"og:locale\" content=\"de_DE\" \/>\n<meta property=\"og:type\" content=\"article\" \/>\n<meta property=\"og:title\" content=\"F\u00e3s de Evangelion comemoram o dia em que quase morremos - Animan Geek\" \/>\n<meta property=\"og:description\" content=\"Sendo j\u00e1 dia 13 de setembro no Jap\u00e3o, comemora-se um acontecimento crucial na hist\u00f3ria da franquia.Neon Genesis Evangelion\u201c, j\u00e1 que no ano 2000, de acordo com a tradi\u00e7\u00e3o do anime, Ocorreu o devastador Segundo Impacto, um evento catastr\u00f3fico que mudou para sempre o destino da humanidade. \u00a9\u30ab\u30e9\u30fc\uff0fProjeto Eva. \u00a9\u30ab\u30e9\u30fc\uff0fEVA\u88fd\u4f5c\u59d4\u54e1\u4f1a \u00a9\u30ab\u30e9\u30fc O Segundo Impacto \u00e9 um&hellip; Continue reading F\u00e3s de Evangelion comemoram o dia em que quase morremos\" \/>\n<meta property=\"og:url\" content=\"https:\/\/animangeek.com\/de\/fas-de-evangelion-comemoram-o-dia-em-que-quase-morremos\/\" \/>\n<meta property=\"og:site_name\" content=\"Animan Geek\" \/>\n<meta property=\"article:published_time\" content=\"2024-09-12T16:45:50+00:00\" \/>\n<meta property=\"og:image\" content=\"https:\/\/animangeek.com\/wp-content\/uploads\/sites\/106\/2024\/09\/1726159551_Fas-de-Evangelion-comemoram-o-dia-em-que-quase-morremos.jpg\" \/>\n\t<meta property=\"og:image:width\" content=\"1920\" \/>\n\t<meta property=\"og:image:height\" content=\"1080\" \/>\n\t<meta property=\"og:image:type\" content=\"image\/jpeg\" \/>\n<meta name=\"twitter:card\" content=\"summary_large_image\" \/>\n<meta name=\"twitter:label1\" content=\"Est. reading time\" \/>\n\t<meta name=\"twitter:data1\" content=\"3 Minuten\" \/>\n<script type=\"application\/ld+json\" class=\"yoast-schema-graph\">{\"@context\":\"https:\/\/schema.org\",\"@graph\":[{\"@type\":\"WebPage\",\"@id\":\"https:\/\/animangeek.com\/fas-de-evangelion-comemoram-o-dia-em-que-quase-morremos\/\",\"url\":\"https:\/\/animangeek.com\/fas-de-evangelion-comemoram-o-dia-em-que-quase-morremos\/\",\"name\":\"F\u00e3s de Evangelion comemoram o dia em que quase morremos - Animan Geek\",\"isPartOf\":{\"@id\":\"https:\/\/animangeek.com\/#website\"},\"primaryImageOfPage\":{\"@id\":\"https:\/\/animangeek.com\/fas-de-evangelion-comemoram-o-dia-em-que-quase-morremos\/#primaryimage\"},\"image\":{\"@id\":\"https:\/\/animangeek.com\/fas-de-evangelion-comemoram-o-dia-em-que-quase-morremos\/#primaryimage\"},\"thumbnailUrl\":\"https:\/\/animangeek.com\/wp-content\/uploads\/sites\/106\/2024\/09\/1726159551_Fas-de-Evangelion-comemoram-o-dia-em-que-quase-morremos.jpg\",\"datePublished\":\"2024-09-12T16:45:50+00:00\",\"dateModified\":\"2024-09-12T16:45:50+00:00\",\"author\":{\"@id\":\"\"},\"breadcrumb\":{\"@id\":\"https:\/\/animangeek.com\/fas-de-evangelion-comemoram-o-dia-em-que-quase-morremos\/#breadcrumb\"},\"inLanguage\":\"de-DE\",\"potentialAction\":[{\"@type\":\"ReadAction\",\"target\":[\"https:\/\/animangeek.com\/fas-de-evangelion-comemoram-o-dia-em-que-quase-morremos\/\"]}]},{\"@type\":\"ImageObject\",\"inLanguage\":\"de-DE\",\"@id\":\"https:\/\/animangeek.com\/fas-de-evangelion-comemoram-o-dia-em-que-quase-morremos\/#primaryimage\",\"url\":\"https:\/\/animangeek.com\/wp-content\/uploads\/sites\/106\/2024\/09\/1726159551_Fas-de-Evangelion-comemoram-o-dia-em-que-quase-morremos.jpg\",\"contentUrl\":\"https:\/\/animangeek.com\/wp-content\/uploads\/sites\/106\/2024\/09\/1726159551_Fas-de-Evangelion-comemoram-o-dia-em-que-quase-morremos.jpg\",\"width\":1920,\"height\":1080},{\"@type\":\"BreadcrumbList\",\"@id\":\"https:\/\/animangeek.com\/fas-de-evangelion-comemoram-o-dia-em-que-quase-morremos\/#breadcrumb\",\"itemListElement\":[{\"@type\":\"ListItem\",\"position\":1,\"name\":\"Home\",\"item\":\"https:\/\/animangeek.com\/\"},{\"@type\":\"ListItem\",\"position\":2,\"name\":\"F\u00e3s de Evangelion comemoram o dia em que quase morremos\"}]},{\"@type\":\"WebSite\",\"@id\":\"https:\/\/animangeek.com\/#website\",\"url\":\"https:\/\/animangeek.com\/\",\"name\":\"Animan Geek\",\"description\":\"\",\"potentialAction\":[{\"@type\":\"SearchAction\",\"target\":{\"@type\":\"EntryPoint\",\"urlTemplate\":\"https:\/\/animangeek.com\/?s={search_term_string}\"},\"query-input\":\"required name=search_term_string\"}],\"inLanguage\":\"de-DE\"}]}<\/script>\n<!-- \/ Yoast SEO plugin. -->","yoast_head_json":{"title":"F\u00e3s de Evangelion comemoram o dia em que quase morremos - Animan Geek","robots":{"index":"index","follow":"follow","max-snippet":"max-snippet:-1","max-image-preview":"max-image-preview:large","max-video-preview":"max-video-preview:-1"},"canonical":"https:\/\/animangeek.com\/de\/fas-de-evangelion-comemoram-o-dia-em-que-quase-morremos\/","og_locale":"de_DE","og_type":"article","og_title":"F\u00e3s de Evangelion comemoram o dia em que quase morremos - Animan Geek","og_description":"Sendo j\u00e1 dia 13 de setembro no Jap\u00e3o, comemora-se um acontecimento crucial na hist\u00f3ria da franquia.Neon Genesis Evangelion\u201c, j\u00e1 que no ano 2000, de acordo com a tradi\u00e7\u00e3o do anime, Ocorreu o devastador Segundo Impacto, um evento catastr\u00f3fico que mudou para sempre o destino da humanidade. \u00a9\u30ab\u30e9\u30fc\uff0fProjeto Eva. \u00a9\u30ab\u30e9\u30fc\uff0fEVA\u88fd\u4f5c\u59d4\u54e1\u4f1a \u00a9\u30ab\u30e9\u30fc O Segundo Impacto \u00e9 um&hellip; Continue reading F\u00e3s de Evangelion comemoram o dia em que quase morremos","og_url":"https:\/\/animangeek.com\/de\/fas-de-evangelion-comemoram-o-dia-em-que-quase-morremos\/","og_site_name":"Animan Geek","article_published_time":"2024-09-12T16:45:50+00:00","og_image":[{"width":1920,"height":1080,"url":"https:\/\/animangeek.com\/wp-content\/uploads\/sites\/106\/2024\/09\/1726159551_Fas-de-Evangelion-comemoram-o-dia-em-que-quase-morremos.jpg","type":"image\/jpeg"}],"twitter_card":"summary_large_image","twitter_misc":{"Est. reading time":"3 Minuten"},"schema":{"@context":"https:\/\/schema.org","@graph":[{"@type":"WebPage","@id":"https:\/\/animangeek.com\/fas-de-evangelion-comemoram-o-dia-em-que-quase-morremos\/","url":"https:\/\/animangeek.com\/fas-de-evangelion-comemoram-o-dia-em-que-quase-morremos\/","name":"F\u00e3s de Evangelion comemoram o dia em que quase morremos - Animan Geek","isPartOf":{"@id":"https:\/\/animangeek.com\/#website"},"primaryImageOfPage":{"@id":"https:\/\/animangeek.com\/fas-de-evangelion-comemoram-o-dia-em-que-quase-morremos\/#primaryimage"},"image":{"@id":"https:\/\/animangeek.com\/fas-de-evangelion-comemoram-o-dia-em-que-quase-morremos\/#primaryimage"},"thumbnailUrl":"https:\/\/animangeek.com\/wp-content\/uploads\/sites\/106\/2024\/09\/1726159551_Fas-de-Evangelion-comemoram-o-dia-em-que-quase-morremos.jpg","datePublished":"2024-09-12T16:45:50+00:00","dateModified":"2024-09-12T16:45:50+00:00","author":{"@id":""},"breadcrumb":{"@id":"https:\/\/animangeek.com\/fas-de-evangelion-comemoram-o-dia-em-que-quase-morremos\/#breadcrumb"},"inLanguage":"de-DE","potentialAction":[{"@type":"ReadAction","target":["https:\/\/animangeek.com\/fas-de-evangelion-comemoram-o-dia-em-que-quase-morremos\/"]}]},{"@type":"ImageObject","inLanguage":"de-DE","@id":"https:\/\/animangeek.com\/fas-de-evangelion-comemoram-o-dia-em-que-quase-morremos\/#primaryimage","url":"https:\/\/animangeek.com\/wp-content\/uploads\/sites\/106\/2024\/09\/1726159551_Fas-de-Evangelion-comemoram-o-dia-em-que-quase-morremos.jpg","contentUrl":"https:\/\/animangeek.com\/wp-content\/uploads\/sites\/106\/2024\/09\/1726159551_Fas-de-Evangelion-comemoram-o-dia-em-que-quase-morremos.jpg","width":1920,"height":1080},{"@type":"BreadcrumbList","@id":"https:\/\/animangeek.com\/fas-de-evangelion-comemoram-o-dia-em-que-quase-morremos\/#breadcrumb","itemListElement":[{"@type":"ListItem","position":1,"name":"Home","item":"https:\/\/animangeek.com\/"},{"@type":"ListItem","position":2,"name":"F\u00e3s de Evangelion comemoram o dia em que quase morremos"}]},{"@type":"WebSite","@id":"https:\/\/animangeek.com\/#website","url":"https:\/\/animangeek.com\/","name":"Animan Geek","description":"","potentialAction":[{"@type":"SearchAction","target":{"@type":"EntryPoint","urlTemplate":"https:\/\/animangeek.com\/?s={search_term_string}"},"query-input":"required name=search_term_string"}],"inLanguage":"de-DE"}]}},"_links":{"self":[{"href":"https:\/\/animangeek.com\/de\/wp-json\/wp\/v2\/posts\/18639"}],"collection":[{"href":"https:\/\/animangeek.com\/de\/wp-json\/wp\/v2\/posts"}],"about":[{"href":"https:\/\/animangeek.com\/de\/wp-json\/wp\/v2\/types\/post"}],"replies":[{"embeddable":true,"href":"https:\/\/animangeek.com\/de\/wp-json\/wp\/v2\/comments?post=18639"}],"version-history":[{"count":0,"href":"https:\/\/animangeek.com\/de\/wp-json\/wp\/v2\/posts\/18639\/revisions"}],"wp:featuredmedia":[{"embeddable":true,"href":"https:\/\/animangeek.com\/de\/wp-json\/wp\/v2\/media\/18640"}],"wp:attachment":[{"href":"https:\/\/animangeek.com\/de\/wp-json\/wp\/v2\/media?parent=18639"}],"wp:term":[{"taxonomy":"category","embeddable":true,"href":"https:\/\/animangeek.com\/de\/wp-json\/wp\/v2\/categories?post=18639"},{"taxonomy":"post_tag","embeddable":true,"href":"https:\/\/animangeek.com\/de\/wp-json\/wp\/v2\/tags?post=18639"}],"curies":[{"name":"wp","href":"https:\/\/api.w.org\/{rel}","templated":true}]}}