{"id":18955,"date":"2024-09-19T12:06:31","date_gmt":"2024-09-19T15:06:31","guid":{"rendered":"https:\/\/animangeek.com\/eles-acreditam-que-jujutsu-kaisen-tera-uma-sequencia-de-manga\/"},"modified":"2024-09-19T12:06:31","modified_gmt":"2024-09-19T15:06:31","slug":"eles-acreditam-que-jujutsu-kaisen-tera-uma-sequencia-de-manga","status":"publish","type":"post","link":"https:\/\/animangeek.com\/de\/eles-acreditam-que-jujutsu-kaisen-tera-uma-sequencia-de-manga\/","title":{"rendered":"Sie glauben, dass Jujutsu Kaisen eine Manga-Fortsetzung haben wird"},"content":{"rendered":"<div class=\"mx-5 sm:mx-0 prose text-left mb-5\">\n<div>\n<p>J\u00fcngste Leaks haben die Erwartungen der Fans von \u201e<strong>Jujutsu Kaisen<\/strong>\u201c, was best\u00e4tigt, dass <strong>Das letzte Kapitel des Mangas, das am 29. September im Magazin \u201eWeekly Shonen Jump\u201c ver\u00f6ffentlicht werden soll, wird mehrere \u201efreudige Ank\u00fcndigungen\u201c enthalten.<\/strong> Diesen Berichten zufolge wird sich Autor Gege Akutami mit einer wundersch\u00f6nen Farbillustration und einer besonderen Ank\u00fcndigung, die als Geschenk f\u00fcr Fans des Werks beschrieben wurde, von der Serie verabschieden. <strong>Dar\u00fcber hinaus trug der Herausgeber der Serie zu den Spekulationen bei, indem er erkl\u00e4rte, dass \u201enoch mehr Jujutsu Kaisen kommen wird\u201c, was alle m\u00f6glichen Theorien \u00fcber die Zukunft des Franchise ausl\u00f6ste.<\/strong><\/p>\n<div class=\"wp-block-image\">\n<figure class=\"aligncenter size-full\"><img loading=\"lazy\" decoding=\"async\" width=\"1280\" height=\"2008\" src=\"https:\/\/animangeek.com\/wp-content\/uploads\/2024\/09\/Eles-acreditam-que-Jujutsu-Kaisen-tera-uma-sequencia-de-manga.jpg\" alt=\"Jujutsu Kaisen\" class=\"wp-image-336934\"  \/><figcaption class=\"wp-element-caption\">\u00a9GEGE AKUTAMI\/SHUEISHA<\/figcaption><\/figure>\n<\/div>\n<p><strong>Einer der am meisten diskutierten Punkte unter den Fans ist die M\u00f6glichkeit einer direkten Fortsetzung.<\/strong> Obwohl Gege Akutami mehrfach seine Absicht bekr\u00e4ftigt hat, den Manga so schnell wie m\u00f6glich zu beenden, haben diese neuen Aussagen die Debatte dar\u00fcber angeheizt, ob das Ende des Mangas wirklich endg\u00fcltig sein wird. <strong>Viele Anh\u00e4nger sind der Meinung, dass die Handlung in den letzten Kapiteln abrupt aufgel\u00f6st wurde, was bei den Lesern zu einiger Unzufriedenheit gef\u00fchrt hat. <\/strong>Die Ank\u00fcndigung des Herausgebers lie\u00df jedoch die M\u00f6glichkeit offen, dass Jujutsu Kaisen in irgendeiner Form fortgesetzt wird, sei es mit einem Spin-off, neuen abgeleiteten Geschichten oder sogar der Erweiterung seines Universums in anderen Formaten.<\/p>\n<p><strong>Trotzdem bleiben viele Fans eher konservativ, da sie sich daran erinnern, dass \u00e4hnliche F\u00e4lle in anderen Franchises, wie etwa \u201eMy Hero Academia\u201c, \u00fcberzogene Erwartungen geweckt haben.<\/strong> Damals wurde auch eine \u201egro\u00dfe Ank\u00fcndigung\u201c f\u00fcr das letzte Kapitel versprochen, die sich jedoch als eine Popularit\u00e4tsumfrage herausstellte und bei vielen Fans f\u00fcr Entt\u00e4uschung sorgte.<\/p>\n<p>Jujutsu Kaisen ist eine der erfolgreichsten Serien der letzten Jahre und hatte sowohl auf den Manga als auch auf die Anime-Adaption einen enormen Einfluss. <strong>Eine dritte Staffel des Anime, die den Sacrifice Game Arc adaptiert, ist derzeit in Produktion, es gibt jedoch keine aktuellen Neuigkeiten \u00fcber den Fortschritt oder m\u00f6gliche Ver\u00f6ffentlichungstermine. <\/strong>Dies hat viele zu der Spekulation veranlasst, dass die \u201efr\u00f6hlichen Ank\u00fcndigungen\u201c am Ende des Mangas mit dem Anime zusammenh\u00e4ngen k\u00f6nnten.<\/p>\n<p><strong>Obwohl eine direkte Fortsetzung angesichts von Gege Akutamis Fokus auf den Abschluss der Hauptgeschichte unwahrscheinlich erscheint, ist es klar, dass Shueisha und die Produzenten des Animes immer noch gro\u00dfes Potenzial in Jujutsu Kaisen sehen.<\/strong> Die Fans werden am 29. September zuschauen (oder es wird wahrscheinlich schon viel fr\u00fcher durchsickern) und nicht nur auf das Ende einer \u00c4ra hoffen, sondern auch auf den Beginn neuer Abenteuer in diesem Universum, das die Fantasie von Millionen befl\u00fcgelt hat.<\/p>\n<p>Quelle: <strong><a rel=\"nofollow noopener\" target=\"_blank\" href=\"https:\/\/x.com\/WSJ_manga\/status\/1836684420142465490\">WSJ Manga<\/a><\/strong><\/p>\n<\/div>\n<\/div>","protected":false},"excerpt":{"rendered":"<p>J\u00fcngste Leaks haben die Erwartungen der \u201eJujutsu Kaisen\u201c-Fans geweckt. Sie best\u00e4tigen, dass das letzte Kapitel des Mangas, das am 29. September im Weekly Shonen Jump Magazin erscheinen soll, mehrere \u201efreudige Ank\u00fcndigungen\u201c enthalten wird. Diesen Berichten zufolge wird sich Autor Gege Akutami mit einer atemberaubenden Farbillustration und einer besonderen Ank\u00fcndigung von der Serie verabschieden \u2026 <a class=\"more-link\" href=\"https:\/\/animangeek.com\/de\/eles-acreditam-que-jujutsu-kaisen-tera-uma-sequencia-de-manga\/\">Weiterlesen <span class=\"screen-reader-text\">Sie glauben, dass Jujutsu Kaisen eine Manga-Fortsetzung haben wird<\/span><\/a><\/p>","protected":false},"author":0,"featured_media":11408,"comment_status":"open","ping_status":"open","sticky":false,"template":"","format":"standard","meta":{"footnotes":""},"categories":[5],"tags":[789,1441,1449],"yoast_head":"<!-- This site is optimized with the Yoast SEO plugin v23.3 - https:\/\/yoast.com\/wordpress\/plugins\/seo\/ -->\n<title>Eles acreditam que Jujutsu Kaisen ter\u00e1 uma sequ\u00eancia de mang\u00e1 - Animan Geek<\/title>\n<meta name=\"robots\" content=\"index, follow, max-snippet:-1, max-image-preview:large, max-video-preview:-1\" \/>\n<link rel=\"canonical\" href=\"https:\/\/animangeek.com\/de\/eles-acreditam-que-jujutsu-kaisen-tera-uma-sequencia-de-manga\/\" \/>\n<meta property=\"og:locale\" content=\"de_DE\" \/>\n<meta property=\"og:type\" content=\"article\" \/>\n<meta property=\"og:title\" content=\"Eles acreditam que Jujutsu Kaisen ter\u00e1 uma sequ\u00eancia de mang\u00e1 - Animan Geek\" \/>\n<meta property=\"og:description\" content=\"Vazamentos recentes aumentaram as expectativas entre os f\u00e3s de \u201cJujutsu Kaisen&#8220;, confirmando que O cap\u00edtulo final do mang\u00e1, programado para ser publicado em 29 de setembro na revista Weekly Shonen Jump, incluir\u00e1 v\u00e1rios \u201can\u00fancios felizes\u201d. Segundo esses relatos, o autor Gege Akutami se despedir\u00e1 da s\u00e9rie com uma \u00f3tima ilustra\u00e7\u00e3o colorida e um an\u00fancio especial&hellip; Continue reading Eles acreditam que Jujutsu Kaisen ter\u00e1 uma sequ\u00eancia de mang\u00e1\" \/>\n<meta property=\"og:url\" content=\"https:\/\/animangeek.com\/de\/eles-acreditam-que-jujutsu-kaisen-tera-uma-sequencia-de-manga\/\" \/>\n<meta property=\"og:site_name\" content=\"Animan Geek\" \/>\n<meta property=\"article:published_time\" content=\"2024-09-19T15:06:31+00:00\" \/>\n<meta property=\"og:image\" content=\"https:\/\/animangeek.com\/wp-content\/uploads\/sites\/106\/2024\/05\/1715987802_Jujutsu-Kaisen-terminara-em-2024.jpg\" \/>\n\t<meta property=\"og:image:width\" content=\"1920\" \/>\n\t<meta property=\"og:image:height\" content=\"1080\" \/>\n\t<meta property=\"og:image:type\" content=\"image\/jpeg\" \/>\n<meta name=\"twitter:card\" content=\"summary_large_image\" \/>\n<meta name=\"twitter:label1\" content=\"Est. reading time\" \/>\n\t<meta name=\"twitter:data1\" content=\"2 Minuten\" \/>\n<script type=\"application\/ld+json\" class=\"yoast-schema-graph\">{\"@context\":\"https:\/\/schema.org\",\"@graph\":[{\"@type\":\"WebPage\",\"@id\":\"https:\/\/animangeek.com\/eles-acreditam-que-jujutsu-kaisen-tera-uma-sequencia-de-manga\/\",\"url\":\"https:\/\/animangeek.com\/eles-acreditam-que-jujutsu-kaisen-tera-uma-sequencia-de-manga\/\",\"name\":\"Eles acreditam que Jujutsu Kaisen ter\u00e1 uma sequ\u00eancia de mang\u00e1 - Animan Geek\",\"isPartOf\":{\"@id\":\"https:\/\/animangeek.com\/#website\"},\"primaryImageOfPage\":{\"@id\":\"https:\/\/animangeek.com\/eles-acreditam-que-jujutsu-kaisen-tera-uma-sequencia-de-manga\/#primaryimage\"},\"image\":{\"@id\":\"https:\/\/animangeek.com\/eles-acreditam-que-jujutsu-kaisen-tera-uma-sequencia-de-manga\/#primaryimage\"},\"thumbnailUrl\":\"https:\/\/animangeek.com\/wp-content\/uploads\/sites\/106\/2024\/05\/1715987802_Jujutsu-Kaisen-terminara-em-2024.jpg\",\"datePublished\":\"2024-09-19T15:06:31+00:00\",\"dateModified\":\"2024-09-19T15:06:31+00:00\",\"author\":{\"@id\":\"\"},\"breadcrumb\":{\"@id\":\"https:\/\/animangeek.com\/eles-acreditam-que-jujutsu-kaisen-tera-uma-sequencia-de-manga\/#breadcrumb\"},\"inLanguage\":\"de-DE\",\"potentialAction\":[{\"@type\":\"ReadAction\",\"target\":[\"https:\/\/animangeek.com\/eles-acreditam-que-jujutsu-kaisen-tera-uma-sequencia-de-manga\/\"]}]},{\"@type\":\"ImageObject\",\"inLanguage\":\"de-DE\",\"@id\":\"https:\/\/animangeek.com\/eles-acreditam-que-jujutsu-kaisen-tera-uma-sequencia-de-manga\/#primaryimage\",\"url\":\"https:\/\/animangeek.com\/wp-content\/uploads\/sites\/106\/2024\/05\/1715987802_Jujutsu-Kaisen-terminara-em-2024.jpg\",\"contentUrl\":\"https:\/\/animangeek.com\/wp-content\/uploads\/sites\/106\/2024\/05\/1715987802_Jujutsu-Kaisen-terminara-em-2024.jpg\",\"width\":1920,\"height\":1080},{\"@type\":\"BreadcrumbList\",\"@id\":\"https:\/\/animangeek.com\/eles-acreditam-que-jujutsu-kaisen-tera-uma-sequencia-de-manga\/#breadcrumb\",\"itemListElement\":[{\"@type\":\"ListItem\",\"position\":1,\"name\":\"Home\",\"item\":\"https:\/\/animangeek.com\/\"},{\"@type\":\"ListItem\",\"position\":2,\"name\":\"Eles acreditam que Jujutsu Kaisen ter\u00e1 uma sequ\u00eancia de mang\u00e1\"}]},{\"@type\":\"WebSite\",\"@id\":\"https:\/\/animangeek.com\/#website\",\"url\":\"https:\/\/animangeek.com\/\",\"name\":\"Animan Geek\",\"description\":\"\",\"potentialAction\":[{\"@type\":\"SearchAction\",\"target\":{\"@type\":\"EntryPoint\",\"urlTemplate\":\"https:\/\/animangeek.com\/?s={search_term_string}\"},\"query-input\":\"required name=search_term_string\"}],\"inLanguage\":\"de-DE\"}]}<\/script>\n<!-- \/ Yoast SEO plugin. -->","yoast_head_json":{"title":"Eles acreditam que Jujutsu Kaisen ter\u00e1 uma sequ\u00eancia de mang\u00e1 - Animan Geek","robots":{"index":"index","follow":"follow","max-snippet":"max-snippet:-1","max-image-preview":"max-image-preview:large","max-video-preview":"max-video-preview:-1"},"canonical":"https:\/\/animangeek.com\/de\/eles-acreditam-que-jujutsu-kaisen-tera-uma-sequencia-de-manga\/","og_locale":"de_DE","og_type":"article","og_title":"Eles acreditam que Jujutsu Kaisen ter\u00e1 uma sequ\u00eancia de mang\u00e1 - Animan Geek","og_description":"Vazamentos recentes aumentaram as expectativas entre os f\u00e3s de \u201cJujutsu Kaisen&#8220;, confirmando que O cap\u00edtulo final do mang\u00e1, programado para ser publicado em 29 de setembro na revista Weekly Shonen Jump, incluir\u00e1 v\u00e1rios \u201can\u00fancios felizes\u201d. Segundo esses relatos, o autor Gege Akutami se despedir\u00e1 da s\u00e9rie com uma \u00f3tima ilustra\u00e7\u00e3o colorida e um an\u00fancio especial&hellip; Continue reading Eles acreditam que Jujutsu Kaisen ter\u00e1 uma sequ\u00eancia de mang\u00e1","og_url":"https:\/\/animangeek.com\/de\/eles-acreditam-que-jujutsu-kaisen-tera-uma-sequencia-de-manga\/","og_site_name":"Animan Geek","article_published_time":"2024-09-19T15:06:31+00:00","og_image":[{"width":1920,"height":1080,"url":"https:\/\/animangeek.com\/wp-content\/uploads\/sites\/106\/2024\/05\/1715987802_Jujutsu-Kaisen-terminara-em-2024.jpg","type":"image\/jpeg"}],"twitter_card":"summary_large_image","twitter_misc":{"Est. reading time":"2 Minuten"},"schema":{"@context":"https:\/\/schema.org","@graph":[{"@type":"WebPage","@id":"https:\/\/animangeek.com\/eles-acreditam-que-jujutsu-kaisen-tera-uma-sequencia-de-manga\/","url":"https:\/\/animangeek.com\/eles-acreditam-que-jujutsu-kaisen-tera-uma-sequencia-de-manga\/","name":"Eles acreditam que Jujutsu Kaisen ter\u00e1 uma sequ\u00eancia de mang\u00e1 - Animan Geek","isPartOf":{"@id":"https:\/\/animangeek.com\/#website"},"primaryImageOfPage":{"@id":"https:\/\/animangeek.com\/eles-acreditam-que-jujutsu-kaisen-tera-uma-sequencia-de-manga\/#primaryimage"},"image":{"@id":"https:\/\/animangeek.com\/eles-acreditam-que-jujutsu-kaisen-tera-uma-sequencia-de-manga\/#primaryimage"},"thumbnailUrl":"https:\/\/animangeek.com\/wp-content\/uploads\/sites\/106\/2024\/05\/1715987802_Jujutsu-Kaisen-terminara-em-2024.jpg","datePublished":"2024-09-19T15:06:31+00:00","dateModified":"2024-09-19T15:06:31+00:00","author":{"@id":""},"breadcrumb":{"@id":"https:\/\/animangeek.com\/eles-acreditam-que-jujutsu-kaisen-tera-uma-sequencia-de-manga\/#breadcrumb"},"inLanguage":"de-DE","potentialAction":[{"@type":"ReadAction","target":["https:\/\/animangeek.com\/eles-acreditam-que-jujutsu-kaisen-tera-uma-sequencia-de-manga\/"]}]},{"@type":"ImageObject","inLanguage":"de-DE","@id":"https:\/\/animangeek.com\/eles-acreditam-que-jujutsu-kaisen-tera-uma-sequencia-de-manga\/#primaryimage","url":"https:\/\/animangeek.com\/wp-content\/uploads\/sites\/106\/2024\/05\/1715987802_Jujutsu-Kaisen-terminara-em-2024.jpg","contentUrl":"https:\/\/animangeek.com\/wp-content\/uploads\/sites\/106\/2024\/05\/1715987802_Jujutsu-Kaisen-terminara-em-2024.jpg","width":1920,"height":1080},{"@type":"BreadcrumbList","@id":"https:\/\/animangeek.com\/eles-acreditam-que-jujutsu-kaisen-tera-uma-sequencia-de-manga\/#breadcrumb","itemListElement":[{"@type":"ListItem","position":1,"name":"Home","item":"https:\/\/animangeek.com\/"},{"@type":"ListItem","position":2,"name":"Eles acreditam que Jujutsu Kaisen ter\u00e1 uma sequ\u00eancia de mang\u00e1"}]},{"@type":"WebSite","@id":"https:\/\/animangeek.com\/#website","url":"https:\/\/animangeek.com\/","name":"Animan Geek","description":"","potentialAction":[{"@type":"SearchAction","target":{"@type":"EntryPoint","urlTemplate":"https:\/\/animangeek.com\/?s={search_term_string}"},"query-input":"required name=search_term_string"}],"inLanguage":"de-DE"}]}},"_links":{"self":[{"href":"https:\/\/animangeek.com\/de\/wp-json\/wp\/v2\/posts\/18955"}],"collection":[{"href":"https:\/\/animangeek.com\/de\/wp-json\/wp\/v2\/posts"}],"about":[{"href":"https:\/\/animangeek.com\/de\/wp-json\/wp\/v2\/types\/post"}],"replies":[{"embeddable":true,"href":"https:\/\/animangeek.com\/de\/wp-json\/wp\/v2\/comments?post=18955"}],"version-history":[{"count":0,"href":"https:\/\/animangeek.com\/de\/wp-json\/wp\/v2\/posts\/18955\/revisions"}],"wp:featuredmedia":[{"embeddable":true,"href":"https:\/\/animangeek.com\/de\/wp-json\/wp\/v2\/media\/11408"}],"wp:attachment":[{"href":"https:\/\/animangeek.com\/de\/wp-json\/wp\/v2\/media?parent=18955"}],"wp:term":[{"taxonomy":"category","embeddable":true,"href":"https:\/\/animangeek.com\/de\/wp-json\/wp\/v2\/categories?post=18955"},{"taxonomy":"post_tag","embeddable":true,"href":"https:\/\/animangeek.com\/de\/wp-json\/wp\/v2\/tags?post=18955"}],"curies":[{"name":"wp","href":"https:\/\/api.w.org\/{rel}","templated":true}]}}