{"id":19034,"date":"2024-09-21T13:16:40","date_gmt":"2024-09-21T16:16:40","guid":{"rendered":"https:\/\/animangeek.com\/do-autor-de-nichijou-city-tera-um-anime\/"},"modified":"2024-09-21T13:16:40","modified_gmt":"2024-09-21T16:16:40","slug":"do-autor-de-nichijou-city-tera-um-anime","status":"publish","type":"post","link":"https:\/\/animangeek.com\/de\/do-autor-de-nichijou-city-tera-um-anime\/","title":{"rendered":"Vom Autor von Nichijou wird es zu CITY einen Anime geben"},"content":{"rendered":"<div class=\"mx-5 sm:mx-0 prose text-left mb-5\">\n<div>\n<p>W\u00e4hrend einer Sondersendung haben die Studios <strong>Kyoto Animation<\/strong> gab bekannt, dass der Manga geschrieben und illustriert von <strong>Keiichi Arawi<\/strong>\u201e<strong>STADT<\/strong>\u201c, wird eine Anime-Adaption haben, die <strong>Die Premiere findet 2025 in Japan statt.<\/strong> Dies ist ein weiteres Werk des Autors von \u201e<strong>Nichijou \u2013 Mein gew\u00f6hnliches Leben<\/strong>\u201c und ist die erste nicht-sequenzielle Produktion des Studios seit \u00fcber sechs Jahren.<\/p>\n<p><iframe loading=\"lazy\" title=\"\u300eCITY THE ANIMATION\u300f\u30c6\u30a3\u30b6\u30fcPV\" width=\"500\" height=\"281\" src=\"https:\/\/www.youtube.com\/embed\/4uOl1vpOjAg?feature=oembed\" frameborder=\"0\" allow=\"accelerometer; autoplay; clipboard-write; encrypted-media; gyroscope; picture-in-picture; web-share\" referrerpolicy=\"strict-origin-when-cross-origin\" allowfullscreen><\/iframe><\/p>\n<div class=\"wp-block-image\">\n<figure class=\"aligncenter size-full\"><img loading=\"lazy\" decoding=\"async\" width=\"1130\" height=\"1600\" src=\"https:\/\/animangeek.com\/wp-content\/uploads\/2024\/09\/Do-autor-de-Nichijou-CITY-tera-um-anime.jpg\" alt=\"\" class=\"wp-image-337023\"  \/><\/figure>\n<\/div>\n<p>Wiederum, <strong>Keiichi Arawi<\/strong> Der Manga wurde \u00fcber das Magazin ver\u00f6ffentlicht <strong>Morgen <\/strong>vom Verlag <strong>Kodansha<\/strong> im September 2017 und im Februar 2021 mit insgesamt dreizehn Sammelb\u00e4nden abgeschlossen. Der Autor schrieb auch weitere Werke wie \u201e<strong>Nichijou \u2013 Mein gew\u00f6hnliches Leben<\/strong>&quot; Und &quot;<strong>Helvetica Standard<\/strong>\u201c, die eine gemeinsame Anime-Adaption inspirierte, die ebenfalls von <strong>Kyoto Animation<\/strong> und im Jahr 2011 ver\u00f6ffentlicht.<\/p>\n<h3 class=\"wp-block-heading\"><strong>Stimmenbesetzung<\/strong><\/h3>\n<p><strong>Mikako Komatsu als Midori Nagumo<\/strong>Ein naives und unschuldiges M\u00e4dchen, das \u00fcberall f\u00fcr Unruhe sorgt. Ihr Traum f\u00fcr die Zukunft ist es, lustige Dinge zu tun.<\/p>\n<div class=\"wp-block-image\">\n<figure class=\"aligncenter size-full\"><img loading=\"lazy\" decoding=\"async\" width=\"2480\" height=\"1748\" src=\"https:\/\/animangeek.com\/wp-content\/uploads\/2024\/09\/1726935400_594_Do-autor-de-Nichijou-CITY-tera-um-anime.jpg\" alt=\"\" class=\"wp-image-337022\"  \/><\/figure>\n<\/div>\n<p><strong>Aki Toyosaki als Niikura<\/strong>Ein M\u00e4dchen, das unaufh\u00f6rlich um sich schl\u00e4gt und sich schlie\u00dflich in alles hineinversetzt. Sie sagt, sie sei ein ganz normales M\u00e4dchen und ihr Traum sei es, Fotografin zu werden.<\/p>\n<div class=\"wp-block-image\">\n<figure class=\"aligncenter size-full\"><img loading=\"lazy\" decoding=\"async\" width=\"2480\" height=\"1748\" src=\"https:\/\/animangeek.com\/wp-content\/uploads\/2024\/09\/1726935400_563_Do-autor-de-Nichijou-CITY-tera-um-anime.jpg\" alt=\"\" class=\"wp-image-337021\"  \/><\/figure>\n<\/div>\n<p><strong>Yui Ishikawa als Wako Izumi<\/strong>ein etwas mysteri\u00f6ses M\u00e4dchen, und es ist nicht klar, ob sie normal oder genderqueer ist.<\/p>\n<div class=\"wp-block-image\">\n<figure class=\"aligncenter size-full\"><img loading=\"lazy\" decoding=\"async\" width=\"2480\" height=\"1748\" src=\"https:\/\/animangeek.com\/wp-content\/uploads\/2024\/09\/1726935400_481_Do-autor-de-Nichijou-CITY-tera-um-anime.jpg\" alt=\"\" class=\"wp-image-337020\"  \/><\/figure>\n<\/div>\n<h3 class=\"wp-block-heading\"><strong>Darum geht&#039;s<\/strong><\/h3>\n<p><em>Diese surreale Serie vom Sch\u00f6pfer von Nichijou dreht sich um die mittellose Studentin Midori Nagumo, die in einer gew\u00f6hnlichen Stadt voller ungew\u00f6hnlicher Menschen lebt. Und w\u00e4hrend sie auf der Flucht ist, setzt das r\u00fccksichtslose M\u00e4dchen die Stadt in Bewegung.<\/em><\/p>\n<p><em>Midori steckt in einer schwierigen Lage. Sie hat Schulden, und ihr Vermieter will sie wegen ausstehender Miete k\u00fcndigen. Ihre beste Freundin weigert sich, ihr Geld zu leihen, seit sie ihre Tricks durchschaut hat. Vielleicht hilft ein bisschen Einsch\u00fcchterung. Oder ein bisschen Diebstahl? Beides ist nicht zukunftsf\u00e4hig. Vielleicht w\u00fcrde ein Job die Situation l\u00f6sen \u2026 Aber arbeiten bedeutet weniger Zeit f\u00fcr Abenteuer in der Gro\u00dfstadt \u2026<\/em><\/p>\n<p>Quelle: <strong><a rel=\"nofollow noopener\" target=\"_blank\" href=\"https:\/\/natalie.mu\/comic\/news\/592004\">Natalie in Comics<\/a><\/strong><\/p>\n<p>(c)\u3042\u3089\u3090\u3051\u3044\u3044\u3061\u30fb\u8b1b\u8ac7\u793e\uff0f CITY THE ANIMATION \u88fd\u4f5c\u59d4\u54e1\u4f1a<\/p>\n<\/div>\n<\/div>","protected":false},"excerpt":{"rendered":"<p>In einer Sondersendung gaben die Kyoto Animation Studios bekannt, dass der von Keiichi Arawi geschriebene und illustrierte Manga \u201eCITY\u201c als Anime adaptiert wird. Die Anime-Adaption soll 2025 in Japan Premiere feiern. Dies ist ein weiteres Werk des Autors von \u201eNichijou \u2013 My Ordinary Life\u201c und die erste nicht-sequenzielle Produktion des Studios in\u2026 <a class=\"more-link\" href=\"https:\/\/animangeek.com\/de\/do-autor-de-nichijou-city-tera-um-anime\/\">Weiterlesen <span class=\"screen-reader-text\">Vom Autor von Nichijou wird es zu CITY einen Anime geben<\/span><\/a><\/p>","protected":false},"author":0,"featured_media":19036,"comment_status":"open","ping_status":"open","sticky":false,"template":"","format":"standard","meta":{"footnotes":""},"categories":[3],"tags":[117,339,842,1097],"yoast_head":"<!-- This site is optimized with the Yoast SEO plugin v23.3 - https:\/\/yoast.com\/wordpress\/plugins\/seo\/ -->\n<title>Do autor de Nichijou, CITY ter\u00e1 um anime - Animan Geek<\/title>\n<meta name=\"robots\" content=\"index, follow, max-snippet:-1, max-image-preview:large, max-video-preview:-1\" \/>\n<link rel=\"canonical\" href=\"https:\/\/animangeek.com\/de\/do-autor-de-nichijou-city-tera-um-anime\/\" \/>\n<meta property=\"og:locale\" content=\"de_DE\" \/>\n<meta property=\"og:type\" content=\"article\" \/>\n<meta property=\"og:title\" content=\"Do autor de Nichijou, CITY ter\u00e1 um anime - Animan Geek\" \/>\n<meta property=\"og:description\" content=\"Durante uma transmiss\u00e3o especial, os est\u00fadios Anima\u00e7\u00e3o de Quioto anunciou que o mang\u00e1 escrito e ilustrado por Keiichi Arawi\u201cCIDADE\u201c, ter\u00e1 uma adapta\u00e7\u00e3o para anime que Ele estrear\u00e1 em 2025 no Jap\u00e3o. Esta \u00e9 mais uma das obras do autor de \u201cNichijou \u2013 Minha vida comum\u201c, e \u00e9 a primeira produ\u00e7\u00e3o n\u00e3o sequencial do est\u00fadio em&hellip; Continue reading Do autor de Nichijou, CITY ter\u00e1 um anime\" \/>\n<meta property=\"og:url\" content=\"https:\/\/animangeek.com\/de\/do-autor-de-nichijou-city-tera-um-anime\/\" \/>\n<meta property=\"og:site_name\" content=\"Animan Geek\" \/>\n<meta property=\"article:published_time\" content=\"2024-09-21T16:16:40+00:00\" \/>\n<meta property=\"og:image\" content=\"https:\/\/animangeek.com\/wp-content\/uploads\/sites\/106\/2024\/09\/1726935401_Do-autor-de-Nichijou-CITY-tera-um-anime.jpg\" \/>\n\t<meta property=\"og:image:width\" content=\"1920\" \/>\n\t<meta property=\"og:image:height\" content=\"1080\" \/>\n\t<meta property=\"og:image:type\" content=\"image\/jpeg\" \/>\n<meta name=\"twitter:card\" content=\"summary_large_image\" \/>\n<meta name=\"twitter:label1\" content=\"Est. reading time\" \/>\n\t<meta name=\"twitter:data1\" content=\"2 Minuten\" \/>\n<script type=\"application\/ld+json\" class=\"yoast-schema-graph\">{\"@context\":\"https:\/\/schema.org\",\"@graph\":[{\"@type\":\"WebPage\",\"@id\":\"https:\/\/animangeek.com\/do-autor-de-nichijou-city-tera-um-anime\/\",\"url\":\"https:\/\/animangeek.com\/do-autor-de-nichijou-city-tera-um-anime\/\",\"name\":\"Do autor de Nichijou, CITY ter\u00e1 um anime - Animan Geek\",\"isPartOf\":{\"@id\":\"https:\/\/animangeek.com\/#website\"},\"primaryImageOfPage\":{\"@id\":\"https:\/\/animangeek.com\/do-autor-de-nichijou-city-tera-um-anime\/#primaryimage\"},\"image\":{\"@id\":\"https:\/\/animangeek.com\/do-autor-de-nichijou-city-tera-um-anime\/#primaryimage\"},\"thumbnailUrl\":\"https:\/\/animangeek.com\/wp-content\/uploads\/sites\/106\/2024\/09\/1726935401_Do-autor-de-Nichijou-CITY-tera-um-anime.jpg\",\"datePublished\":\"2024-09-21T16:16:40+00:00\",\"dateModified\":\"2024-09-21T16:16:40+00:00\",\"author\":{\"@id\":\"\"},\"breadcrumb\":{\"@id\":\"https:\/\/animangeek.com\/do-autor-de-nichijou-city-tera-um-anime\/#breadcrumb\"},\"inLanguage\":\"de-DE\",\"potentialAction\":[{\"@type\":\"ReadAction\",\"target\":[\"https:\/\/animangeek.com\/do-autor-de-nichijou-city-tera-um-anime\/\"]}]},{\"@type\":\"ImageObject\",\"inLanguage\":\"de-DE\",\"@id\":\"https:\/\/animangeek.com\/do-autor-de-nichijou-city-tera-um-anime\/#primaryimage\",\"url\":\"https:\/\/animangeek.com\/wp-content\/uploads\/sites\/106\/2024\/09\/1726935401_Do-autor-de-Nichijou-CITY-tera-um-anime.jpg\",\"contentUrl\":\"https:\/\/animangeek.com\/wp-content\/uploads\/sites\/106\/2024\/09\/1726935401_Do-autor-de-Nichijou-CITY-tera-um-anime.jpg\",\"width\":1920,\"height\":1080},{\"@type\":\"BreadcrumbList\",\"@id\":\"https:\/\/animangeek.com\/do-autor-de-nichijou-city-tera-um-anime\/#breadcrumb\",\"itemListElement\":[{\"@type\":\"ListItem\",\"position\":1,\"name\":\"Home\",\"item\":\"https:\/\/animangeek.com\/\"},{\"@type\":\"ListItem\",\"position\":2,\"name\":\"Do autor de Nichijou, CITY ter\u00e1 um anime\"}]},{\"@type\":\"WebSite\",\"@id\":\"https:\/\/animangeek.com\/#website\",\"url\":\"https:\/\/animangeek.com\/\",\"name\":\"Animan Geek\",\"description\":\"\",\"potentialAction\":[{\"@type\":\"SearchAction\",\"target\":{\"@type\":\"EntryPoint\",\"urlTemplate\":\"https:\/\/animangeek.com\/?s={search_term_string}\"},\"query-input\":\"required name=search_term_string\"}],\"inLanguage\":\"de-DE\"}]}<\/script>\n<!-- \/ Yoast SEO plugin. -->","yoast_head_json":{"title":"Do autor de Nichijou, CITY ter\u00e1 um anime - Animan Geek","robots":{"index":"index","follow":"follow","max-snippet":"max-snippet:-1","max-image-preview":"max-image-preview:large","max-video-preview":"max-video-preview:-1"},"canonical":"https:\/\/animangeek.com\/de\/do-autor-de-nichijou-city-tera-um-anime\/","og_locale":"de_DE","og_type":"article","og_title":"Do autor de Nichijou, CITY ter\u00e1 um anime - Animan Geek","og_description":"Durante uma transmiss\u00e3o especial, os est\u00fadios Anima\u00e7\u00e3o de Quioto anunciou que o mang\u00e1 escrito e ilustrado por Keiichi Arawi\u201cCIDADE\u201c, ter\u00e1 uma adapta\u00e7\u00e3o para anime que Ele estrear\u00e1 em 2025 no Jap\u00e3o. Esta \u00e9 mais uma das obras do autor de \u201cNichijou \u2013 Minha vida comum\u201c, e \u00e9 a primeira produ\u00e7\u00e3o n\u00e3o sequencial do est\u00fadio em&hellip; Continue reading Do autor de Nichijou, CITY ter\u00e1 um anime","og_url":"https:\/\/animangeek.com\/de\/do-autor-de-nichijou-city-tera-um-anime\/","og_site_name":"Animan Geek","article_published_time":"2024-09-21T16:16:40+00:00","og_image":[{"width":1920,"height":1080,"url":"https:\/\/animangeek.com\/wp-content\/uploads\/sites\/106\/2024\/09\/1726935401_Do-autor-de-Nichijou-CITY-tera-um-anime.jpg","type":"image\/jpeg"}],"twitter_card":"summary_large_image","twitter_misc":{"Est. reading time":"2 Minuten"},"schema":{"@context":"https:\/\/schema.org","@graph":[{"@type":"WebPage","@id":"https:\/\/animangeek.com\/do-autor-de-nichijou-city-tera-um-anime\/","url":"https:\/\/animangeek.com\/do-autor-de-nichijou-city-tera-um-anime\/","name":"Do autor de Nichijou, CITY ter\u00e1 um anime - Animan Geek","isPartOf":{"@id":"https:\/\/animangeek.com\/#website"},"primaryImageOfPage":{"@id":"https:\/\/animangeek.com\/do-autor-de-nichijou-city-tera-um-anime\/#primaryimage"},"image":{"@id":"https:\/\/animangeek.com\/do-autor-de-nichijou-city-tera-um-anime\/#primaryimage"},"thumbnailUrl":"https:\/\/animangeek.com\/wp-content\/uploads\/sites\/106\/2024\/09\/1726935401_Do-autor-de-Nichijou-CITY-tera-um-anime.jpg","datePublished":"2024-09-21T16:16:40+00:00","dateModified":"2024-09-21T16:16:40+00:00","author":{"@id":""},"breadcrumb":{"@id":"https:\/\/animangeek.com\/do-autor-de-nichijou-city-tera-um-anime\/#breadcrumb"},"inLanguage":"de-DE","potentialAction":[{"@type":"ReadAction","target":["https:\/\/animangeek.com\/do-autor-de-nichijou-city-tera-um-anime\/"]}]},{"@type":"ImageObject","inLanguage":"de-DE","@id":"https:\/\/animangeek.com\/do-autor-de-nichijou-city-tera-um-anime\/#primaryimage","url":"https:\/\/animangeek.com\/wp-content\/uploads\/sites\/106\/2024\/09\/1726935401_Do-autor-de-Nichijou-CITY-tera-um-anime.jpg","contentUrl":"https:\/\/animangeek.com\/wp-content\/uploads\/sites\/106\/2024\/09\/1726935401_Do-autor-de-Nichijou-CITY-tera-um-anime.jpg","width":1920,"height":1080},{"@type":"BreadcrumbList","@id":"https:\/\/animangeek.com\/do-autor-de-nichijou-city-tera-um-anime\/#breadcrumb","itemListElement":[{"@type":"ListItem","position":1,"name":"Home","item":"https:\/\/animangeek.com\/"},{"@type":"ListItem","position":2,"name":"Do autor de Nichijou, CITY ter\u00e1 um anime"}]},{"@type":"WebSite","@id":"https:\/\/animangeek.com\/#website","url":"https:\/\/animangeek.com\/","name":"Animan Geek","description":"","potentialAction":[{"@type":"SearchAction","target":{"@type":"EntryPoint","urlTemplate":"https:\/\/animangeek.com\/?s={search_term_string}"},"query-input":"required name=search_term_string"}],"inLanguage":"de-DE"}]}},"_links":{"self":[{"href":"https:\/\/animangeek.com\/de\/wp-json\/wp\/v2\/posts\/19034"}],"collection":[{"href":"https:\/\/animangeek.com\/de\/wp-json\/wp\/v2\/posts"}],"about":[{"href":"https:\/\/animangeek.com\/de\/wp-json\/wp\/v2\/types\/post"}],"replies":[{"embeddable":true,"href":"https:\/\/animangeek.com\/de\/wp-json\/wp\/v2\/comments?post=19034"}],"version-history":[{"count":0,"href":"https:\/\/animangeek.com\/de\/wp-json\/wp\/v2\/posts\/19034\/revisions"}],"wp:featuredmedia":[{"embeddable":true,"href":"https:\/\/animangeek.com\/de\/wp-json\/wp\/v2\/media\/19036"}],"wp:attachment":[{"href":"https:\/\/animangeek.com\/de\/wp-json\/wp\/v2\/media?parent=19034"}],"wp:term":[{"taxonomy":"category","embeddable":true,"href":"https:\/\/animangeek.com\/de\/wp-json\/wp\/v2\/categories?post=19034"},{"taxonomy":"post_tag","embeddable":true,"href":"https:\/\/animangeek.com\/de\/wp-json\/wp\/v2\/tags?post=19034"}],"curies":[{"name":"wp","href":"https:\/\/api.w.org\/{rel}","templated":true}]}}