{"id":19114,"date":"2024-09-23T15:19:40","date_gmt":"2024-09-23T18:19:40","guid":{"rendered":"https:\/\/animangeek.com\/o-remake-de-spice-and-wolf-tera-uma-segunda-temporada\/"},"modified":"2024-09-23T15:19:40","modified_gmt":"2024-09-23T18:19:40","slug":"o-remake-de-spice-and-wolf-tera-uma-segunda-temporada","status":"publish","type":"post","link":"https:\/\/animangeek.com\/de\/o-remake-de-spice-and-wolf-tera-uma-segunda-temporada\/","title":{"rendered":"Das Spice and Wolf-Remake wird eine zweite Staffel haben"},"content":{"rendered":"<div class=\"mx-5 sm:mx-0 prose text-left mb-5\">\n<div>\n<p>Nach der Ausstrahlung der letzten Folge heute wurde bekannt gegeben, dass der Anime \u201e<strong>Spice and Wolf: Der Kaufmann trifft den weisen Wolf<\/strong>\u201ewird eine <strong>zweite Staffel<\/strong>. In der Erkl\u00e4rung wurde kein geplanter Ver\u00f6ffentlichungstermin genannt, aber man geht davon aus, dass dasselbe Produktionsteam bei Passione Studios bleibt.<\/p>\n<p>Es ist zu beachten, dass <strong>Dies ist eine Neuadaption (Remake)<\/strong> der Light Novels von <strong>Isuna Hasekura<\/strong> und illustriert von <strong>Juu Ayakura<\/strong>\u201e<strong>Spice and Wolf<\/strong> (<em>Ookami zu Koushinryou<\/em>)\u201c, wobei der Originalinhalt getreuer adaptiert wird.<\/p>\n<div class=\"wp-block-image\">\n<figure class=\"aligncenter size-full\"><img loading=\"lazy\" decoding=\"async\" width=\"1811\" height=\"2560\" src=\"https:\/\/animangeek.com\/wp-content\/uploads\/2024\/09\/O-remake-de-Spice-and-Wolf-tera-uma-segunda-temporada.jpg\" alt=\"\" class=\"wp-image-337102\"  \/><figcaption class=\"wp-element-caption\">(c)\u652f\u5009\u51cd\u78022022 \u30a4\u30e9\u30b9\u30c8\uff0f\u6587\u5009\u5341<\/figcaption><\/figure>\n<\/div>\n<p><strong>Isuna Hasekura<\/strong> Und <strong>Juu Ayakura<\/strong> Sie begannen im Februar 2006 mit der Ver\u00f6ffentlichung der Light Novels durch den Verlag <strong>Dengeki Bunko<\/strong> von <strong>Kadokawa<\/strong>Das Werk inspirierte eine Manga-Adaption von <strong>Keito Koume<\/strong> das zwischen September 2007 und Dezember 2017 ver\u00f6ffentlicht wurde.<\/p>\n<p>Das Franchise inspirierte auch eine zw\u00f6lfteilige Anime-Adaption, die von den Studios produziert wurde <strong>Vorstellen<\/strong>unter der Leitung von <strong>Takeo Takahashi<\/strong> und Skripte von <strong>Naruhisa Arakawa<\/strong>Premiere im Januar 2008. Eine zweite Staffel mit zw\u00f6lf Episoden wurde von den Studios produziert <strong>Basis des Gehirns<\/strong> Und <strong>Marvy Jack<\/strong>und im Juli 2009 ver\u00f6ffentlicht.<\/p>\n<h3 class=\"wp-block-heading\"><strong>Produktionsteam<\/strong><\/h3>\n<ul>\n<li><strong>Takeo Takahashi<\/strong> (<em>Ookami zu Koushinryou<\/em>, <em>Maoyuu Maou Yuusha<\/em>, <em>Zitronens\u00e4ure<\/em>) kehrt als Chefregisseur der Neuadaption zur\u00fcck.<\/li>\n<li><strong>Hijiri Sanpei<\/strong> (<em>Rokka no Yuusha<\/em>, <em>Maoyuu Maou Yuusha<\/em>, <em>Zitronens\u00e4ure<\/em>) ist f\u00fcr die Regie des Anime in den Studios verantwortlich <strong>Hingabe<\/strong>.<\/li>\n<li><strong>Kouji Haneda<\/strong> (<em>Saihate no Paladin, PERSONA5 the Animation, Orenchi no Furo Jijou, Yarichin\u2606Bitch-bu<\/em>) ist f\u00fcr das Charakterdesign und die Animationsregie verantwortlich.<\/li>\n<li><strong>Kevin Penkin<\/strong> (<em>Tate nein Yuusha nein Nariagari<\/em>, <em>Hergestellt im Abgrund<\/em>, <em>Turm Gottes<\/em>) ist f\u00fcr die Komposition des Soundtracks verantwortlich.<\/li>\n<\/ul>\n<p><iframe loading=\"lazy\" title=\"TV \u30a2\u30cb\u30e1\u300e\u72fc\u3068\u9999\u8f9b\u6599 Der Kaufmann trifft den weisen Wolf\" width=\"500\" height=\"281\" src=\"https:\/\/www.youtube.com\/embed\/IRL1jSmfIKU?feature=oembed\" frameborder=\"0\" allow=\"accelerometer; autoplay; clipboard-write; encrypted-media; gyroscope; picture-in-picture; web-share\" referrerpolicy=\"strict-origin-when-cross-origin\" allowfullscreen><\/iframe><\/p>\n<h3 class=\"wp-block-heading\"><strong>Inhaltsangabe zu \u201eSpice and Wolf\u201c<\/strong><\/h3>\n<p><em>Holo ist eine m\u00e4chtige Wolfsgottheit, die in der Kleinstadt Pasloe f\u00fcr ihren Segen der j\u00e4hrlichen Ernte gefeiert und verehrt wird. Doch im Laufe der Jahre, als die Dorfbewohner unabh\u00e4ngiger wurden, ist Holo, die sich selbst \u201eWeiser Wolf von Yoitsu\u201c nennt, zu einem blo\u00dfen M\u00e4rchen geworden. Als ein reisender Kaufmann namens Kraft Lawrence in Pasloe Halt macht, bietet Holo ihm ihre Gesch\u00e4ftspartnerschaft an, wenn er sie schlie\u00dflich zu sich nach Hause ins n\u00f6rdliche Yoitsu mitnimmt.<\/em><\/p>\n<p><em>Der kluge Kaufmann erkennt Holos unheimliche F\u00e4higkeit, den Charakter eines Menschen einzusch\u00e4tzen, und nimmt ihren Vorschlag an. Mit seinen ausgepr\u00e4gten Gesch\u00e4ftsf\u00e4higkeiten und seiner charismatischen Verhandlungsf\u00fchrung kommt Lawrence seinem Ziel, einen eigenen Laden zu er\u00f6ffnen, immer n\u00e4her. Doch als Lawrence mit Holo auf der Suche nach wirtschaftlichen M\u00f6glichkeiten durch die Gegend reist, merkt er, dass seine Ambitionen langsam unerwartete Folgen haben.<\/em><\/p>\n<p>Quelle: <strong><a rel=\"nofollow noopener\" target=\"_blank\" href=\"https:\/\/natalie.mu\/comic\/news\/592153\">Natalie in Comics<\/a><\/strong><\/p>\n<p>(c)\u652f\u5009\u51cd\u78022022 \u30a4\u30e9\u30b9\u30c8\uff0f\u6587\u5009\u5341<\/p>\n<\/div>\n<\/div>","protected":false},"excerpt":{"rendered":"<p>Nach der heutigen Ausstrahlung der letzten Folge wurde bekannt gegeben, dass der Anime \u201eSpice and Wolf: The Merchant Meets the Wise Wolf\u201c eine zweite Staffel erh\u00e4lt. Ein Ver\u00f6ffentlichungstermin wurde in der Mitteilung nicht genannt, aber es scheint, dass das gleiche Produktionsteam bei Passione Studios bleibt. Es handelt sich um eine Neuadaption (Remake) des\u2026 <a class=\"more-link\" href=\"https:\/\/animangeek.com\/de\/o-remake-de-spice-and-wolf-tera-uma-segunda-temporada\/\">Weiterlesen <span class=\"screen-reader-text\">Das Spice and Wolf-Remake wird eine zweite Staffel haben<\/span><\/a><\/p>","protected":false},"author":0,"featured_media":19116,"comment_status":"open","ping_status":"open","sticky":false,"template":"","format":"standard","meta":{"footnotes":""},"categories":[3],"tags":[510,793,1203],"yoast_head":"<!-- This site is optimized with the Yoast SEO plugin v23.3 - https:\/\/yoast.com\/wordpress\/plugins\/seo\/ -->\n<title>O remake de Spice and Wolf ter\u00e1 uma segunda temporada - Animan Geek<\/title>\n<meta name=\"robots\" content=\"index, follow, max-snippet:-1, max-image-preview:large, max-video-preview:-1\" \/>\n<link rel=\"canonical\" href=\"https:\/\/animangeek.com\/de\/o-remake-de-spice-and-wolf-tera-uma-segunda-temporada\/\" \/>\n<meta property=\"og:locale\" content=\"de_DE\" \/>\n<meta property=\"og:type\" content=\"article\" \/>\n<meta property=\"og:title\" content=\"O remake de Spice and Wolf ter\u00e1 uma segunda temporada - Animan Geek\" \/>\n<meta property=\"og:description\" content=\"Ap\u00f3s a exibi\u00e7\u00e3o de seu epis\u00f3dio final hoje, foi anunciado que o anime \u201cSpice e Wolf: O comerciante encontra o lobo s\u00e1bio&#8220;ter\u00e1 um segunda temporada. O comunicado n\u00e3o indicava data prevista de lan\u00e7amento, mas infere-se que a mesma equipe de produ\u00e7\u00e3o permanece no Passione Studios. Deve-se notar que Esta \u00e9 uma nova adapta\u00e7\u00e3o (remake) dos&hellip; Continue reading O remake de Spice and Wolf ter\u00e1 uma segunda temporada\" \/>\n<meta property=\"og:url\" content=\"https:\/\/animangeek.com\/de\/o-remake-de-spice-and-wolf-tera-uma-segunda-temporada\/\" \/>\n<meta property=\"og:site_name\" content=\"Animan Geek\" \/>\n<meta property=\"article:published_time\" content=\"2024-09-23T18:19:40+00:00\" \/>\n<meta property=\"og:image\" content=\"https:\/\/animangeek.com\/wp-content\/uploads\/sites\/106\/2024\/09\/1727115581_O-remake-de-Spice-and-Wolf-tera-uma-segunda-temporada.jpg\" \/>\n\t<meta property=\"og:image:width\" content=\"1920\" \/>\n\t<meta property=\"og:image:height\" content=\"1080\" \/>\n\t<meta property=\"og:image:type\" content=\"image\/jpeg\" \/>\n<meta name=\"twitter:card\" content=\"summary_large_image\" \/>\n<meta name=\"twitter:label1\" content=\"Est. reading time\" \/>\n\t<meta name=\"twitter:data1\" content=\"2 Minuten\" \/>\n<script type=\"application\/ld+json\" class=\"yoast-schema-graph\">{\"@context\":\"https:\/\/schema.org\",\"@graph\":[{\"@type\":\"WebPage\",\"@id\":\"https:\/\/animangeek.com\/o-remake-de-spice-and-wolf-tera-uma-segunda-temporada\/\",\"url\":\"https:\/\/animangeek.com\/o-remake-de-spice-and-wolf-tera-uma-segunda-temporada\/\",\"name\":\"O remake de Spice and Wolf ter\u00e1 uma segunda temporada - Animan Geek\",\"isPartOf\":{\"@id\":\"https:\/\/animangeek.com\/#website\"},\"primaryImageOfPage\":{\"@id\":\"https:\/\/animangeek.com\/o-remake-de-spice-and-wolf-tera-uma-segunda-temporada\/#primaryimage\"},\"image\":{\"@id\":\"https:\/\/animangeek.com\/o-remake-de-spice-and-wolf-tera-uma-segunda-temporada\/#primaryimage\"},\"thumbnailUrl\":\"https:\/\/animangeek.com\/wp-content\/uploads\/sites\/106\/2024\/09\/1727115581_O-remake-de-Spice-and-Wolf-tera-uma-segunda-temporada.jpg\",\"datePublished\":\"2024-09-23T18:19:40+00:00\",\"dateModified\":\"2024-09-23T18:19:40+00:00\",\"author\":{\"@id\":\"\"},\"breadcrumb\":{\"@id\":\"https:\/\/animangeek.com\/o-remake-de-spice-and-wolf-tera-uma-segunda-temporada\/#breadcrumb\"},\"inLanguage\":\"de-DE\",\"potentialAction\":[{\"@type\":\"ReadAction\",\"target\":[\"https:\/\/animangeek.com\/o-remake-de-spice-and-wolf-tera-uma-segunda-temporada\/\"]}]},{\"@type\":\"ImageObject\",\"inLanguage\":\"de-DE\",\"@id\":\"https:\/\/animangeek.com\/o-remake-de-spice-and-wolf-tera-uma-segunda-temporada\/#primaryimage\",\"url\":\"https:\/\/animangeek.com\/wp-content\/uploads\/sites\/106\/2024\/09\/1727115581_O-remake-de-Spice-and-Wolf-tera-uma-segunda-temporada.jpg\",\"contentUrl\":\"https:\/\/animangeek.com\/wp-content\/uploads\/sites\/106\/2024\/09\/1727115581_O-remake-de-Spice-and-Wolf-tera-uma-segunda-temporada.jpg\",\"width\":1920,\"height\":1080},{\"@type\":\"BreadcrumbList\",\"@id\":\"https:\/\/animangeek.com\/o-remake-de-spice-and-wolf-tera-uma-segunda-temporada\/#breadcrumb\",\"itemListElement\":[{\"@type\":\"ListItem\",\"position\":1,\"name\":\"Home\",\"item\":\"https:\/\/animangeek.com\/\"},{\"@type\":\"ListItem\",\"position\":2,\"name\":\"O remake de Spice and Wolf ter\u00e1 uma segunda temporada\"}]},{\"@type\":\"WebSite\",\"@id\":\"https:\/\/animangeek.com\/#website\",\"url\":\"https:\/\/animangeek.com\/\",\"name\":\"Animan Geek\",\"description\":\"\",\"potentialAction\":[{\"@type\":\"SearchAction\",\"target\":{\"@type\":\"EntryPoint\",\"urlTemplate\":\"https:\/\/animangeek.com\/?s={search_term_string}\"},\"query-input\":\"required name=search_term_string\"}],\"inLanguage\":\"de-DE\"}]}<\/script>\n<!-- \/ Yoast SEO plugin. -->","yoast_head_json":{"title":"O remake de Spice and Wolf ter\u00e1 uma segunda temporada - Animan Geek","robots":{"index":"index","follow":"follow","max-snippet":"max-snippet:-1","max-image-preview":"max-image-preview:large","max-video-preview":"max-video-preview:-1"},"canonical":"https:\/\/animangeek.com\/de\/o-remake-de-spice-and-wolf-tera-uma-segunda-temporada\/","og_locale":"de_DE","og_type":"article","og_title":"O remake de Spice and Wolf ter\u00e1 uma segunda temporada - Animan Geek","og_description":"Ap\u00f3s a exibi\u00e7\u00e3o de seu epis\u00f3dio final hoje, foi anunciado que o anime \u201cSpice e Wolf: O comerciante encontra o lobo s\u00e1bio&#8220;ter\u00e1 um segunda temporada. O comunicado n\u00e3o indicava data prevista de lan\u00e7amento, mas infere-se que a mesma equipe de produ\u00e7\u00e3o permanece no Passione Studios. Deve-se notar que Esta \u00e9 uma nova adapta\u00e7\u00e3o (remake) dos&hellip; Continue reading O remake de Spice and Wolf ter\u00e1 uma segunda temporada","og_url":"https:\/\/animangeek.com\/de\/o-remake-de-spice-and-wolf-tera-uma-segunda-temporada\/","og_site_name":"Animan Geek","article_published_time":"2024-09-23T18:19:40+00:00","og_image":[{"width":1920,"height":1080,"url":"https:\/\/animangeek.com\/wp-content\/uploads\/sites\/106\/2024\/09\/1727115581_O-remake-de-Spice-and-Wolf-tera-uma-segunda-temporada.jpg","type":"image\/jpeg"}],"twitter_card":"summary_large_image","twitter_misc":{"Est. reading time":"2 Minuten"},"schema":{"@context":"https:\/\/schema.org","@graph":[{"@type":"WebPage","@id":"https:\/\/animangeek.com\/o-remake-de-spice-and-wolf-tera-uma-segunda-temporada\/","url":"https:\/\/animangeek.com\/o-remake-de-spice-and-wolf-tera-uma-segunda-temporada\/","name":"O remake de Spice and Wolf ter\u00e1 uma segunda temporada - Animan Geek","isPartOf":{"@id":"https:\/\/animangeek.com\/#website"},"primaryImageOfPage":{"@id":"https:\/\/animangeek.com\/o-remake-de-spice-and-wolf-tera-uma-segunda-temporada\/#primaryimage"},"image":{"@id":"https:\/\/animangeek.com\/o-remake-de-spice-and-wolf-tera-uma-segunda-temporada\/#primaryimage"},"thumbnailUrl":"https:\/\/animangeek.com\/wp-content\/uploads\/sites\/106\/2024\/09\/1727115581_O-remake-de-Spice-and-Wolf-tera-uma-segunda-temporada.jpg","datePublished":"2024-09-23T18:19:40+00:00","dateModified":"2024-09-23T18:19:40+00:00","author":{"@id":""},"breadcrumb":{"@id":"https:\/\/animangeek.com\/o-remake-de-spice-and-wolf-tera-uma-segunda-temporada\/#breadcrumb"},"inLanguage":"de-DE","potentialAction":[{"@type":"ReadAction","target":["https:\/\/animangeek.com\/o-remake-de-spice-and-wolf-tera-uma-segunda-temporada\/"]}]},{"@type":"ImageObject","inLanguage":"de-DE","@id":"https:\/\/animangeek.com\/o-remake-de-spice-and-wolf-tera-uma-segunda-temporada\/#primaryimage","url":"https:\/\/animangeek.com\/wp-content\/uploads\/sites\/106\/2024\/09\/1727115581_O-remake-de-Spice-and-Wolf-tera-uma-segunda-temporada.jpg","contentUrl":"https:\/\/animangeek.com\/wp-content\/uploads\/sites\/106\/2024\/09\/1727115581_O-remake-de-Spice-and-Wolf-tera-uma-segunda-temporada.jpg","width":1920,"height":1080},{"@type":"BreadcrumbList","@id":"https:\/\/animangeek.com\/o-remake-de-spice-and-wolf-tera-uma-segunda-temporada\/#breadcrumb","itemListElement":[{"@type":"ListItem","position":1,"name":"Home","item":"https:\/\/animangeek.com\/"},{"@type":"ListItem","position":2,"name":"O remake de Spice and Wolf ter\u00e1 uma segunda temporada"}]},{"@type":"WebSite","@id":"https:\/\/animangeek.com\/#website","url":"https:\/\/animangeek.com\/","name":"Animan Geek","description":"","potentialAction":[{"@type":"SearchAction","target":{"@type":"EntryPoint","urlTemplate":"https:\/\/animangeek.com\/?s={search_term_string}"},"query-input":"required name=search_term_string"}],"inLanguage":"de-DE"}]}},"_links":{"self":[{"href":"https:\/\/animangeek.com\/de\/wp-json\/wp\/v2\/posts\/19114"}],"collection":[{"href":"https:\/\/animangeek.com\/de\/wp-json\/wp\/v2\/posts"}],"about":[{"href":"https:\/\/animangeek.com\/de\/wp-json\/wp\/v2\/types\/post"}],"replies":[{"embeddable":true,"href":"https:\/\/animangeek.com\/de\/wp-json\/wp\/v2\/comments?post=19114"}],"version-history":[{"count":0,"href":"https:\/\/animangeek.com\/de\/wp-json\/wp\/v2\/posts\/19114\/revisions"}],"wp:featuredmedia":[{"embeddable":true,"href":"https:\/\/animangeek.com\/de\/wp-json\/wp\/v2\/media\/19116"}],"wp:attachment":[{"href":"https:\/\/animangeek.com\/de\/wp-json\/wp\/v2\/media?parent=19114"}],"wp:term":[{"taxonomy":"category","embeddable":true,"href":"https:\/\/animangeek.com\/de\/wp-json\/wp\/v2\/categories?post=19114"},{"taxonomy":"post_tag","embeddable":true,"href":"https:\/\/animangeek.com\/de\/wp-json\/wp\/v2\/tags?post=19114"}],"curies":[{"name":"wp","href":"https:\/\/api.w.org\/{rel}","templated":true}]}}