{"id":19178,"date":"2024-09-25T12:05:42","date_gmt":"2024-09-25T15:05:42","guid":{"rendered":"https:\/\/animangeek.com\/oshi-no-ko-adia-seu-episodio-final\/"},"modified":"2024-09-25T12:05:42","modified_gmt":"2024-09-25T15:05:42","slug":"oshi-no-ko-adia-seu-episodio-final","status":"publish","type":"post","link":"https:\/\/animangeek.com\/de\/oshi-no-ko-adia-seu-episodio-final\/","title":{"rendered":"Oshi no Ko verschiebt seine letzte Folge"},"content":{"rendered":"<div class=\"mx-5 sm:mx-0 prose text-left mb-5\">\n<div>\n<p><strong>Die letzte Folge der zweiten Staffel des Anime \u201eOshi no Ko\u201c wird am 6. Oktober um 19:00 Uhr (japanische Zeit) ausgestrahlt.<\/strong> \u00fcber TOKYO MX und ABEMA (was einer Verz\u00f6gerung gegen\u00fcber dem urspr\u00fcnglich geplanten Termin, dem 2. Oktober, entspricht). Was die Fans auffiel, war, dass im Gegensatz zur \u00fcblichen Mittwochszeit um 23 Uhr <strong>Die letzte Folge wird zur \u201ePrime Time\u201c ausgestrahlt, der bevorzugten Sendezeit im japanischen Fernsehen.<\/strong>etwas \u00e4u\u00dferst Ungew\u00f6hnliches f\u00fcr eine Anime-Serie.<\/p>\n<div class=\"wp-block-image\">\n<figure class=\"aligncenter size-full\"><img loading=\"lazy\" decoding=\"async\" width=\"1500\" height=\"844\" src=\"https:\/\/animangeek.com\/wp-content\/uploads\/2024\/09\/Oshi-no-Ko-adia-seu-episodio-final.jpg\" alt=\"\" class=\"wp-image-337187\"  \/><\/figure>\n<\/div>\n<p>In Episode 23 mit dem Titel \u201eWiedervereinigung\u201c reisten die Charaktere nach Miyazaki, dem Ort, an dem Gorou und Sarina lebten und Aqua und Ruby geboren wurden. <strong>Im Verlauf der Episode werden die Mitglieder von B-Komachi sowie Aqua und Akane mit einer Reihe von Enth\u00fcllungen konfrontiert und in den letzten Augenblicken findet Ruby eine Leiche neben einem Schl\u00fcsselanh\u00e4nger, den sie Gorou gegeben hatte, was die Zuschauer vor der letzten Episode in Atem h\u00e4lt.<\/strong><\/p>\n<p>Episode 24 verspricht, diesen schockierenden Cliffhanger aufzul\u00f6sen. <strong>Die Folge wird nicht nur auf TOKYO MX und ABEMA ausgestrahlt, sondern auch auf 35 Fernsehsendern in ganz Japan.<\/strong>und wird ab dem 7. Oktober auf verschiedenen Streaming-Plattformen verf\u00fcgbar sein.<\/p>\n<p>Auch um die Fans auf den Ausgang der Saison vorzubereiten <strong>Eine Sondersendung findet am 30. September um 21 Uhr auf YouTube statt.<\/strong>mit dem Titel \u201eIchigo Production Kyuutoushitsu ~Private Arc~\u201c. Bei dieser Veranstaltung werden Yurie Igoma (Stimme von Ruby) und Rumi Ookubo (Stimme von Mem-Cho) die gr\u00f6\u00dften Momente der Staffel Revue passieren lassen und ihre Erwartungen an die letzte Folge teilen.<\/p>\n<figure class=\"wp-block-gallery aligncenter has-nested-images columns-1 is-cropped wp-block-gallery-1 is-layout-flex wp-block-gallery-is-layout-flex\">\n<figure class=\"wp-block-image size-full\"><img loading=\"lazy\" decoding=\"async\" width=\"1320\" height=\"743\" data-id=\"337188\" src=\"https:\/\/animangeek.com\/wp-content\/uploads\/2024\/09\/1727276742_375_Oshi-no-Ko-adia-seu-episodio-final.jpg\" alt=\"\" class=\"wp-image-337188\"  \/><\/figure>\n<figure class=\"wp-block-image size-full\"><img loading=\"lazy\" decoding=\"async\" width=\"1320\" height=\"743\" data-id=\"337189\" src=\"https:\/\/animangeek.com\/wp-content\/uploads\/2024\/09\/1727276742_115_Oshi-no-Ko-adia-seu-episodio-final.jpg\" alt=\"\" class=\"wp-image-337189\"  \/><\/figure>\n<figure class=\"wp-block-image size-full\"><img loading=\"lazy\" decoding=\"async\" width=\"1320\" height=\"743\" data-id=\"337190\" src=\"https:\/\/animangeek.com\/wp-content\/uploads\/2024\/09\/1727276742_811_Oshi-no-Ko-adia-seu-episodio-final.jpg\" alt=\"\" class=\"wp-image-337190\"  \/><\/figure><figcaption class=\"blocks-gallery-caption wp-element-caption\">(C)\u8d64\u5742\u30a2\u30ab\u00d7\u6a2a\u69cd\u30e1\u30f3\u30b4\uff0f\u96c6\u54e1\u4f1a<\/figcaption><\/figure>\n<p>\u201eOshi no Ko\u201c, basierend auf dem Manga von Aka Akasaka und mit Zeichnungen von Mengo Yokoyari, wurde im April 2020 erstmals als Fortsetzungsgeschichte im Magazin \u201eWeekly Young Jump\u201c von Shueisha ver\u00f6ffentlicht. <strong>Die Geschichte handelt von Gorou, einem Gyn\u00e4kologen, der nach einem tragischen Ereignis als Sohn seines Lieblingsidols Ai Hoshino wiedergeboren wird und beschlie\u00dft, in die komplizierte Welt der Unterhaltung einzusteigen.<\/strong> Die erste Staffel des Anime wurde im Fr\u00fchjahr 2023 (April-Juni) ausgestrahlt, die zweite Staffel l\u00e4uft seit Juli.<\/p>\n<p>Quelle: <strong><a rel=\"nofollow noopener\" target=\"_blank\" href=\"https:\/\/www.oricon.co.jp\/news\/2346580\/full\/\">Neuigkeiten von Oricon<\/a><\/strong><\/p>\n<\/div>\n<\/div>","protected":false},"excerpt":{"rendered":"<p>Die letzte Folge der zweiten Staffel des Anime \u201eOshi no Ko\u201c wird am 6. Oktober um 19 Uhr (japanischer Zeit) \u00fcber TOKYO MX und ABEMA ausgestrahlt (was eine Verz\u00f6gerung gegen\u00fcber dem urspr\u00fcnglich geplanten 2. Oktober darstellt). Was die Fans auffiel, ist, dass im Gegensatz zum\u2026 <a class=\"more-link\" href=\"https:\/\/animangeek.com\/de\/oshi-no-ko-adia-seu-episodio-final\/\">Weiterlesen <span class=\"screen-reader-text\">Oshi no Ko verschiebt seine letzte Folge<\/span><\/a><\/p>","protected":false},"author":0,"featured_media":19179,"comment_status":"open","ping_status":"open","sticky":false,"template":"","format":"standard","meta":{"footnotes":""},"categories":[3],"tags":[444,1192,1449],"yoast_head":"<!-- This site is optimized with the Yoast SEO plugin v23.3 - https:\/\/yoast.com\/wordpress\/plugins\/seo\/ -->\n<title>Oshi no Ko adia seu epis\u00f3dio final - Animan Geek<\/title>\n<meta name=\"robots\" content=\"index, follow, max-snippet:-1, max-image-preview:large, max-video-preview:-1\" \/>\n<link rel=\"canonical\" href=\"https:\/\/animangeek.com\/de\/oshi-no-ko-adia-seu-episodio-final\/\" \/>\n<meta property=\"og:locale\" content=\"de_DE\" \/>\n<meta property=\"og:type\" content=\"article\" \/>\n<meta property=\"og:title\" content=\"Oshi no Ko adia seu epis\u00f3dio final - Animan Geek\" \/>\n<meta property=\"og:description\" content=\"O epis\u00f3dio final da segunda temporada do anime \u201cOshi no Ko\u201d ir\u00e1 ao ar no dia 6 de outubro \u00e0s 19h (hor\u00e1rio do Jap\u00e3o). via TOKYO MX e ABEMA (o que corresponde a um atraso em rela\u00e7\u00e3o \u00e0 data originalmente programada, 2 de outubro). O que chamou a aten\u00e7\u00e3o dos torcedores \u00e9 que, diferentemente do&hellip; Continue reading Oshi no Ko adia seu epis\u00f3dio final\" \/>\n<meta property=\"og:url\" content=\"https:\/\/animangeek.com\/de\/oshi-no-ko-adia-seu-episodio-final\/\" \/>\n<meta property=\"og:site_name\" content=\"Animan Geek\" \/>\n<meta property=\"article:published_time\" content=\"2024-09-25T15:05:42+00:00\" \/>\n<meta property=\"og:image\" content=\"https:\/\/animangeek.com\/wp-content\/uploads\/sites\/106\/2024\/09\/1727276743_Oshi-no-Ko-adia-seu-episodio-final.jpg\" \/>\n\t<meta property=\"og:image:width\" content=\"1920\" \/>\n\t<meta property=\"og:image:height\" content=\"1080\" \/>\n\t<meta property=\"og:image:type\" content=\"image\/jpeg\" \/>\n<meta name=\"twitter:card\" content=\"summary_large_image\" \/>\n<meta name=\"twitter:label1\" content=\"Est. reading time\" \/>\n\t<meta name=\"twitter:data1\" content=\"2 Minuten\" \/>\n<script type=\"application\/ld+json\" class=\"yoast-schema-graph\">{\"@context\":\"https:\/\/schema.org\",\"@graph\":[{\"@type\":\"WebPage\",\"@id\":\"https:\/\/animangeek.com\/oshi-no-ko-adia-seu-episodio-final\/\",\"url\":\"https:\/\/animangeek.com\/oshi-no-ko-adia-seu-episodio-final\/\",\"name\":\"Oshi no Ko adia seu epis\u00f3dio final - Animan Geek\",\"isPartOf\":{\"@id\":\"https:\/\/animangeek.com\/#website\"},\"primaryImageOfPage\":{\"@id\":\"https:\/\/animangeek.com\/oshi-no-ko-adia-seu-episodio-final\/#primaryimage\"},\"image\":{\"@id\":\"https:\/\/animangeek.com\/oshi-no-ko-adia-seu-episodio-final\/#primaryimage\"},\"thumbnailUrl\":\"https:\/\/animangeek.com\/wp-content\/uploads\/sites\/106\/2024\/09\/1727276743_Oshi-no-Ko-adia-seu-episodio-final.jpg\",\"datePublished\":\"2024-09-25T15:05:42+00:00\",\"dateModified\":\"2024-09-25T15:05:42+00:00\",\"author\":{\"@id\":\"\"},\"breadcrumb\":{\"@id\":\"https:\/\/animangeek.com\/oshi-no-ko-adia-seu-episodio-final\/#breadcrumb\"},\"inLanguage\":\"de-DE\",\"potentialAction\":[{\"@type\":\"ReadAction\",\"target\":[\"https:\/\/animangeek.com\/oshi-no-ko-adia-seu-episodio-final\/\"]}]},{\"@type\":\"ImageObject\",\"inLanguage\":\"de-DE\",\"@id\":\"https:\/\/animangeek.com\/oshi-no-ko-adia-seu-episodio-final\/#primaryimage\",\"url\":\"https:\/\/animangeek.com\/wp-content\/uploads\/sites\/106\/2024\/09\/1727276743_Oshi-no-Ko-adia-seu-episodio-final.jpg\",\"contentUrl\":\"https:\/\/animangeek.com\/wp-content\/uploads\/sites\/106\/2024\/09\/1727276743_Oshi-no-Ko-adia-seu-episodio-final.jpg\",\"width\":1920,\"height\":1080},{\"@type\":\"BreadcrumbList\",\"@id\":\"https:\/\/animangeek.com\/oshi-no-ko-adia-seu-episodio-final\/#breadcrumb\",\"itemListElement\":[{\"@type\":\"ListItem\",\"position\":1,\"name\":\"Home\",\"item\":\"https:\/\/animangeek.com\/\"},{\"@type\":\"ListItem\",\"position\":2,\"name\":\"Oshi no Ko adia seu epis\u00f3dio final\"}]},{\"@type\":\"WebSite\",\"@id\":\"https:\/\/animangeek.com\/#website\",\"url\":\"https:\/\/animangeek.com\/\",\"name\":\"Animan Geek\",\"description\":\"\",\"potentialAction\":[{\"@type\":\"SearchAction\",\"target\":{\"@type\":\"EntryPoint\",\"urlTemplate\":\"https:\/\/animangeek.com\/?s={search_term_string}\"},\"query-input\":\"required name=search_term_string\"}],\"inLanguage\":\"de-DE\"}]}<\/script>\n<!-- \/ Yoast SEO plugin. -->","yoast_head_json":{"title":"Oshi no Ko adia seu epis\u00f3dio final - Animan Geek","robots":{"index":"index","follow":"follow","max-snippet":"max-snippet:-1","max-image-preview":"max-image-preview:large","max-video-preview":"max-video-preview:-1"},"canonical":"https:\/\/animangeek.com\/de\/oshi-no-ko-adia-seu-episodio-final\/","og_locale":"de_DE","og_type":"article","og_title":"Oshi no Ko adia seu epis\u00f3dio final - Animan Geek","og_description":"O epis\u00f3dio final da segunda temporada do anime \u201cOshi no Ko\u201d ir\u00e1 ao ar no dia 6 de outubro \u00e0s 19h (hor\u00e1rio do Jap\u00e3o). via TOKYO MX e ABEMA (o que corresponde a um atraso em rela\u00e7\u00e3o \u00e0 data originalmente programada, 2 de outubro). O que chamou a aten\u00e7\u00e3o dos torcedores \u00e9 que, diferentemente do&hellip; Continue reading Oshi no Ko adia seu epis\u00f3dio final","og_url":"https:\/\/animangeek.com\/de\/oshi-no-ko-adia-seu-episodio-final\/","og_site_name":"Animan Geek","article_published_time":"2024-09-25T15:05:42+00:00","og_image":[{"width":1920,"height":1080,"url":"https:\/\/animangeek.com\/wp-content\/uploads\/sites\/106\/2024\/09\/1727276743_Oshi-no-Ko-adia-seu-episodio-final.jpg","type":"image\/jpeg"}],"twitter_card":"summary_large_image","twitter_misc":{"Est. reading time":"2 Minuten"},"schema":{"@context":"https:\/\/schema.org","@graph":[{"@type":"WebPage","@id":"https:\/\/animangeek.com\/oshi-no-ko-adia-seu-episodio-final\/","url":"https:\/\/animangeek.com\/oshi-no-ko-adia-seu-episodio-final\/","name":"Oshi no Ko adia seu epis\u00f3dio final - Animan Geek","isPartOf":{"@id":"https:\/\/animangeek.com\/#website"},"primaryImageOfPage":{"@id":"https:\/\/animangeek.com\/oshi-no-ko-adia-seu-episodio-final\/#primaryimage"},"image":{"@id":"https:\/\/animangeek.com\/oshi-no-ko-adia-seu-episodio-final\/#primaryimage"},"thumbnailUrl":"https:\/\/animangeek.com\/wp-content\/uploads\/sites\/106\/2024\/09\/1727276743_Oshi-no-Ko-adia-seu-episodio-final.jpg","datePublished":"2024-09-25T15:05:42+00:00","dateModified":"2024-09-25T15:05:42+00:00","author":{"@id":""},"breadcrumb":{"@id":"https:\/\/animangeek.com\/oshi-no-ko-adia-seu-episodio-final\/#breadcrumb"},"inLanguage":"de-DE","potentialAction":[{"@type":"ReadAction","target":["https:\/\/animangeek.com\/oshi-no-ko-adia-seu-episodio-final\/"]}]},{"@type":"ImageObject","inLanguage":"de-DE","@id":"https:\/\/animangeek.com\/oshi-no-ko-adia-seu-episodio-final\/#primaryimage","url":"https:\/\/animangeek.com\/wp-content\/uploads\/sites\/106\/2024\/09\/1727276743_Oshi-no-Ko-adia-seu-episodio-final.jpg","contentUrl":"https:\/\/animangeek.com\/wp-content\/uploads\/sites\/106\/2024\/09\/1727276743_Oshi-no-Ko-adia-seu-episodio-final.jpg","width":1920,"height":1080},{"@type":"BreadcrumbList","@id":"https:\/\/animangeek.com\/oshi-no-ko-adia-seu-episodio-final\/#breadcrumb","itemListElement":[{"@type":"ListItem","position":1,"name":"Home","item":"https:\/\/animangeek.com\/"},{"@type":"ListItem","position":2,"name":"Oshi no Ko adia seu epis\u00f3dio final"}]},{"@type":"WebSite","@id":"https:\/\/animangeek.com\/#website","url":"https:\/\/animangeek.com\/","name":"Animan Geek","description":"","potentialAction":[{"@type":"SearchAction","target":{"@type":"EntryPoint","urlTemplate":"https:\/\/animangeek.com\/?s={search_term_string}"},"query-input":"required name=search_term_string"}],"inLanguage":"de-DE"}]}},"_links":{"self":[{"href":"https:\/\/animangeek.com\/de\/wp-json\/wp\/v2\/posts\/19178"}],"collection":[{"href":"https:\/\/animangeek.com\/de\/wp-json\/wp\/v2\/posts"}],"about":[{"href":"https:\/\/animangeek.com\/de\/wp-json\/wp\/v2\/types\/post"}],"replies":[{"embeddable":true,"href":"https:\/\/animangeek.com\/de\/wp-json\/wp\/v2\/comments?post=19178"}],"version-history":[{"count":0,"href":"https:\/\/animangeek.com\/de\/wp-json\/wp\/v2\/posts\/19178\/revisions"}],"wp:featuredmedia":[{"embeddable":true,"href":"https:\/\/animangeek.com\/de\/wp-json\/wp\/v2\/media\/19179"}],"wp:attachment":[{"href":"https:\/\/animangeek.com\/de\/wp-json\/wp\/v2\/media?parent=19178"}],"wp:term":[{"taxonomy":"category","embeddable":true,"href":"https:\/\/animangeek.com\/de\/wp-json\/wp\/v2\/categories?post=19178"},{"taxonomy":"post_tag","embeddable":true,"href":"https:\/\/animangeek.com\/de\/wp-json\/wp\/v2\/tags?post=19178"}],"curies":[{"name":"wp","href":"https:\/\/api.w.org\/{rel}","templated":true}]}}