{"id":19196,"date":"2024-09-25T15:05:50","date_gmt":"2024-09-25T18:05:50","guid":{"rendered":"https:\/\/animangeek.com\/fas-se-despedem-de-personagem-de-oshi-no-ko\/"},"modified":"2024-09-25T15:05:50","modified_gmt":"2024-09-25T18:05:50","slug":"fas-se-despedem-de-personagem-de-oshi-no-ko","status":"publish","type":"post","link":"https:\/\/animangeek.com\/de\/fas-se-despedem-de-personagem-de-oshi-no-ko\/","title":{"rendered":"Fans verabschieden sich von der Figur Oshi no Ko"},"content":{"rendered":"<div class=\"mx-5 sm:mx-0 prose text-left mb-5\">\n<div>\n<p class=\"has-text-align-center has-white-color has-vivid-red-background-color has-text-color has-background has-link-color wp-elements-4939df6ca1dd83422f8c39a36c74abe8\"><strong>Dieser Artikel enth\u00e4lt Spoiler zum Manga \u201eOshi no Ko\u201c. Der Leser sollte den Artikel nach eigenem Ermessen lesen.<\/strong><\/p>\n<p><strong>Kapitel 161 des Mangas \u201eOshi no Ko\u201c<\/strong>heute ver\u00f6ffentlicht, <strong>schockierte die Fans und wurde aufgrund seines intensiven und spannenden Endes schnell zu einem Trend in den sozialen Medien.<\/strong> Dieses Kapitel mit dem Titel \u201eZukunft\u201c enthielt schockierende Enth\u00fcllungen \u00fcber Hikaru Kamiki und die extremen Entscheidungen, die Aqua Hoshino zu treffen bereit ist, um ihre Schwester Ruby zu besch\u00fctzen.<\/p>\n<div class=\"wp-block-image\">\n<figure class=\"aligncenter size-full\"><img loading=\"lazy\" decoding=\"async\" width=\"1080\" height=\"1550\" src=\"https:\/\/animangeek.com\/wp-content\/uploads\/2024\/09\/Fas-se-despedem-de-personagem-de-Oshi-no-Ko.jpg\" alt=\"Oshi no Ko\" class=\"wp-image-337215\"  \/><\/figure>\n<\/div>\n<p><strong>Das Kapitel beginnt damit, dass das r\u00e4tselhafte Kr\u00e4henm\u00e4dchen \u00fcber Hikaru Kamiki spricht und enth\u00fcllt, dass Hikaru, nachdem er alle Menschen get\u00f6tet hatte, die Ai Hoshino h\u00e4tten \u00fcbertreffen k\u00f6nnen, in eine tiefe Besessenheit verfiel.<\/strong> Mit seinem unglaublichen Charisma gelang es Kamiki, seine Ideen zu verbreiten und andere dazu zu bewegen, f\u00fcr ihn zu arbeiten. Sein Stolz schwand, und er fand Befriedigung darin, anderen Menschen das Leben zu nehmen. Dies erkl\u00e4rte auch, warum er trotz seiner Beziehung zu Ruby Hoshino das Gef\u00fchl hatte, dass es Teil seiner Bestimmung sei, sie zu t\u00f6ten.<\/p>\n<p>Inmitten dieser angespannten Konfrontation konfrontiert Aqua Hoshino, bewaffnet mit einem Messer, Hikaru, der versucht, ihn mit Worten zu manipulieren. <strong>Kamiki erw\u00e4hnt, dass es von Vorteil sein k\u00f6nnte, ihn zu t\u00f6ten, da dies den Lebenswert von Ai Hoshino noch weiter steigern w\u00fcrde. <\/strong>Als Hikaru jedoch erkennt, dass Aqua sich von diesem Argument nicht t\u00e4uschen l\u00e4sst, \u00e4ndert er seine Herangehensweise und meint, dass Rubys Karriere als Idol vorbei w\u00e4re, wenn Aqua ihn t\u00f6ten w\u00fcrde. <strong>Die Medien w\u00fcrden nicht z\u00f6gern, Ruby als \u201eSchwester eines M\u00f6rders\u201c zu brandmarken und damit ihre W\u00fcrde und ihre Zukunft in der Unterhaltungsindustrie zu zerst\u00f6ren.<\/strong><\/p>\n<p>Trotz dieser Manipulationsversuche beweist Aqua, dass sie bereit ist, alles zu tun, um Ruby zu besch\u00fctzen, selbst wenn das bedeutet, ihre eigenen Tr\u00e4ume zu opfern. <strong>In einer intensiven inneren Offenbarung denkt Aqua \u00fcber alles nach, was sie zur\u00fccklassen w\u00fcrde: Chirurgin zu werden, Kana Arimas Gef\u00fchle zu erwidern, einen Tag am Strand mit ihrem Halbbruder Taiki Himekawa zu genie\u00dfen, Miyako Saitou \u201eMutter\u201c zu nennen, Akane Kurokawa f\u00fcr ihre Freundlichkeit zu danken und Rubys Erfolg im Tokyo Dome zu sehen. <\/strong>Trotz alledem beschlie\u00dft er, dass der Schutz der Zukunft seiner Schwester das Wichtigste ist.<\/p>\n<p><strong>Die Spannung erreicht ihren H\u00f6hepunkt, als Aqua eine drastische Entscheidung trifft: Er ersticht sich selbst mit dem Messer und schmiedet einen Plan, um die Medien glauben zu machen, dass Hikaru nach der Premiere des autobiografischen Films versucht habe, ihn zu t\u00f6ten, und dass beide w\u00e4hrend des Kampfes von der Klippe gest\u00fcrzt seien.<\/strong> Auf diese Weise w\u00fcrde Ruby nicht als \u201eSchwester eines M\u00f6rders\u201c stigmatisiert. Gerade als Aqua ihren Plan verk\u00fcndet, schnappt sie sich Hikaru und st\u00fcrzt sich mit ihm in die Leere.<\/p>\n<p><center><\/p>\n<blockquote class=\"twitter-tweet\">\n<p lang=\"en\" dir=\"ltr\">Oshi no Ko Kapitel 161 wurde ver\u00f6ffentlicht!<\/p>\n<p>lesen Sie hier- <a rel=\"nofollow noopener\" target=\"_blank\" href=\"https:\/\/t.co\/PtjwwDQrNa\">https:\/\/t.co\/PtjwwDQrNa<\/a> <a rel=\"nofollow noopener\" target=\"_blank\" href=\"https:\/\/t.co\/QN4JXpJBRt\">pic.twitter.com\/QN4JXpJBRt<\/a><\/p>\n<p>-d0nut2x (@d0nut2x) <a rel=\"nofollow noopener\" target=\"_blank\" href=\"https:\/\/twitter.com\/d0nut2x\/status\/1838959504693530970?ref_src=twsrc%5Etfw\">25. September 2024<\/a><\/p><\/blockquote>\n<p> <\/center><\/p>\n<p>Dieses Kapitel hat die Fans nerv\u00f6s gemacht und eine intensive Debatte dar\u00fcber ausgel\u00f6st, was als n\u00e4chstes passieren wird. <strong>Der Ausgang dieser Szene d\u00fcrfte f\u00fcr die Zukunft der Charaktere und diesen letzten Handlungsstrang der Geschichte von entscheidender Bedeutung sein. <\/strong>Fans von \u201eOshi no Ko\u201c k\u00f6nnen es kaum erwarten zu sehen, wie diese Situation im n\u00e4chsten Kapitel gel\u00f6st wird, das den letzten Abschnitt des Werks markiert.<\/p>\n<p>Quelle: <strong><a rel=\"nofollow noopener\" target=\"_blank\" href=\"https:\/\/mangaplus.shueisha.co.jp\/titles\/100191\">MANGA Plus<\/a><\/strong><\/p>\n<\/div>\n<p><script async src=\"\/\/platform.twitter.com\/widgets.js\" charset=\"utf-8\"><\/script>\n<\/div>","protected":false},"excerpt":{"rendered":"<p>Dieser Artikel enth\u00e4lt Spoiler zum Manga \u201eOshi no Ko\u201c. Leser sollten den Artikel sorgf\u00e4ltig lesen. Kapitel 161 des Mangas \u201eOshi no Ko\u201c, das heute ver\u00f6ffentlicht wurde, schockierte die Fans und wurde aufgrund seines spannenden Cliffhanger-Endes schnell zum Trendthema in den sozialen Medien. Dieses Kapitel mit dem Titel \u201eZukunft\u201c enthielt schockierende Enth\u00fcllungen \u00fcber Hikaru... <a class=\"more-link\" href=\"https:\/\/animangeek.com\/de\/fas-se-despedem-de-personagem-de-oshi-no-ko\/\">Weiterlesen <span class=\"screen-reader-text\">Fans verabschieden sich von der Figur Oshi no Ko<\/span><\/a><\/p>","protected":false},"author":0,"featured_media":19197,"comment_status":"open","ping_status":"open","sticky":false,"template":"","format":"standard","meta":{"footnotes":""},"categories":[5],"tags":[1192,1449],"yoast_head":"<!-- This site is optimized with the Yoast SEO plugin v23.3 - https:\/\/yoast.com\/wordpress\/plugins\/seo\/ -->\n<title>F\u00e3s se despedem de personagem de Oshi no Ko - Animan Geek<\/title>\n<meta name=\"robots\" content=\"index, follow, max-snippet:-1, max-image-preview:large, max-video-preview:-1\" \/>\n<link rel=\"canonical\" href=\"https:\/\/animangeek.com\/de\/fas-se-despedem-de-personagem-de-oshi-no-ko\/\" \/>\n<meta property=\"og:locale\" content=\"de_DE\" \/>\n<meta property=\"og:type\" content=\"article\" \/>\n<meta property=\"og:title\" content=\"F\u00e3s se despedem de personagem de Oshi no Ko - Animan Geek\" \/>\n<meta property=\"og:description\" content=\"Este artigo inclui spoilers do mang\u00e1 \u201cOshi no Ko\u201d. A discri\u00e7\u00e3o do leitor \u00e9 aconselhada. Cap\u00edtulo 161 do mang\u00e1 \u201cOshi no Ko\u201dpublicado hoje, deixou os f\u00e3s em estado de choque e rapidamente se tornou tend\u00eancia nas redes sociais devido ao seu final intenso e em suspense. Este cap\u00edtulo, intitulado \u201cFuturo\u201d, apresentou revela\u00e7\u00f5es chocantes sobre Hikaru&hellip; Continue reading F\u00e3s se despedem de personagem de Oshi no Ko\" \/>\n<meta property=\"og:url\" content=\"https:\/\/animangeek.com\/de\/fas-se-despedem-de-personagem-de-oshi-no-ko\/\" \/>\n<meta property=\"og:site_name\" content=\"Animan Geek\" \/>\n<meta property=\"article:published_time\" content=\"2024-09-25T18:05:50+00:00\" \/>\n<meta property=\"og:image\" content=\"https:\/\/animangeek.com\/wp-content\/uploads\/sites\/106\/2024\/09\/1727287551_Fas-se-despedem-de-personagem-de-Oshi-no-Ko.jpg\" \/>\n\t<meta property=\"og:image:width\" content=\"1920\" \/>\n\t<meta property=\"og:image:height\" content=\"1080\" \/>\n\t<meta property=\"og:image:type\" content=\"image\/jpeg\" \/>\n<meta name=\"twitter:card\" content=\"summary_large_image\" \/>\n<meta name=\"twitter:label1\" content=\"Est. reading time\" \/>\n\t<meta name=\"twitter:data1\" content=\"3 Minuten\" \/>\n<script type=\"application\/ld+json\" class=\"yoast-schema-graph\">{\"@context\":\"https:\/\/schema.org\",\"@graph\":[{\"@type\":\"WebPage\",\"@id\":\"https:\/\/animangeek.com\/fas-se-despedem-de-personagem-de-oshi-no-ko\/\",\"url\":\"https:\/\/animangeek.com\/fas-se-despedem-de-personagem-de-oshi-no-ko\/\",\"name\":\"F\u00e3s se despedem de personagem de Oshi no Ko - Animan Geek\",\"isPartOf\":{\"@id\":\"https:\/\/animangeek.com\/#website\"},\"primaryImageOfPage\":{\"@id\":\"https:\/\/animangeek.com\/fas-se-despedem-de-personagem-de-oshi-no-ko\/#primaryimage\"},\"image\":{\"@id\":\"https:\/\/animangeek.com\/fas-se-despedem-de-personagem-de-oshi-no-ko\/#primaryimage\"},\"thumbnailUrl\":\"https:\/\/animangeek.com\/wp-content\/uploads\/sites\/106\/2024\/09\/1727287551_Fas-se-despedem-de-personagem-de-Oshi-no-Ko.jpg\",\"datePublished\":\"2024-09-25T18:05:50+00:00\",\"dateModified\":\"2024-09-25T18:05:50+00:00\",\"author\":{\"@id\":\"\"},\"breadcrumb\":{\"@id\":\"https:\/\/animangeek.com\/fas-se-despedem-de-personagem-de-oshi-no-ko\/#breadcrumb\"},\"inLanguage\":\"de-DE\",\"potentialAction\":[{\"@type\":\"ReadAction\",\"target\":[\"https:\/\/animangeek.com\/fas-se-despedem-de-personagem-de-oshi-no-ko\/\"]}]},{\"@type\":\"ImageObject\",\"inLanguage\":\"de-DE\",\"@id\":\"https:\/\/animangeek.com\/fas-se-despedem-de-personagem-de-oshi-no-ko\/#primaryimage\",\"url\":\"https:\/\/animangeek.com\/wp-content\/uploads\/sites\/106\/2024\/09\/1727287551_Fas-se-despedem-de-personagem-de-Oshi-no-Ko.jpg\",\"contentUrl\":\"https:\/\/animangeek.com\/wp-content\/uploads\/sites\/106\/2024\/09\/1727287551_Fas-se-despedem-de-personagem-de-Oshi-no-Ko.jpg\",\"width\":1920,\"height\":1080},{\"@type\":\"BreadcrumbList\",\"@id\":\"https:\/\/animangeek.com\/fas-se-despedem-de-personagem-de-oshi-no-ko\/#breadcrumb\",\"itemListElement\":[{\"@type\":\"ListItem\",\"position\":1,\"name\":\"Home\",\"item\":\"https:\/\/animangeek.com\/\"},{\"@type\":\"ListItem\",\"position\":2,\"name\":\"F\u00e3s se despedem de personagem de Oshi no Ko\"}]},{\"@type\":\"WebSite\",\"@id\":\"https:\/\/animangeek.com\/#website\",\"url\":\"https:\/\/animangeek.com\/\",\"name\":\"Animan Geek\",\"description\":\"\",\"potentialAction\":[{\"@type\":\"SearchAction\",\"target\":{\"@type\":\"EntryPoint\",\"urlTemplate\":\"https:\/\/animangeek.com\/?s={search_term_string}\"},\"query-input\":\"required name=search_term_string\"}],\"inLanguage\":\"de-DE\"}]}<\/script>\n<!-- \/ Yoast SEO plugin. -->","yoast_head_json":{"title":"F\u00e3s se despedem de personagem de Oshi no Ko - Animan Geek","robots":{"index":"index","follow":"follow","max-snippet":"max-snippet:-1","max-image-preview":"max-image-preview:large","max-video-preview":"max-video-preview:-1"},"canonical":"https:\/\/animangeek.com\/de\/fas-se-despedem-de-personagem-de-oshi-no-ko\/","og_locale":"de_DE","og_type":"article","og_title":"F\u00e3s se despedem de personagem de Oshi no Ko - Animan Geek","og_description":"Este artigo inclui spoilers do mang\u00e1 \u201cOshi no Ko\u201d. A discri\u00e7\u00e3o do leitor \u00e9 aconselhada. Cap\u00edtulo 161 do mang\u00e1 \u201cOshi no Ko\u201dpublicado hoje, deixou os f\u00e3s em estado de choque e rapidamente se tornou tend\u00eancia nas redes sociais devido ao seu final intenso e em suspense. Este cap\u00edtulo, intitulado \u201cFuturo\u201d, apresentou revela\u00e7\u00f5es chocantes sobre Hikaru&hellip; Continue reading F\u00e3s se despedem de personagem de Oshi no Ko","og_url":"https:\/\/animangeek.com\/de\/fas-se-despedem-de-personagem-de-oshi-no-ko\/","og_site_name":"Animan Geek","article_published_time":"2024-09-25T18:05:50+00:00","og_image":[{"width":1920,"height":1080,"url":"https:\/\/animangeek.com\/wp-content\/uploads\/sites\/106\/2024\/09\/1727287551_Fas-se-despedem-de-personagem-de-Oshi-no-Ko.jpg","type":"image\/jpeg"}],"twitter_card":"summary_large_image","twitter_misc":{"Est. reading time":"3 Minuten"},"schema":{"@context":"https:\/\/schema.org","@graph":[{"@type":"WebPage","@id":"https:\/\/animangeek.com\/fas-se-despedem-de-personagem-de-oshi-no-ko\/","url":"https:\/\/animangeek.com\/fas-se-despedem-de-personagem-de-oshi-no-ko\/","name":"F\u00e3s se despedem de personagem de Oshi no Ko - Animan Geek","isPartOf":{"@id":"https:\/\/animangeek.com\/#website"},"primaryImageOfPage":{"@id":"https:\/\/animangeek.com\/fas-se-despedem-de-personagem-de-oshi-no-ko\/#primaryimage"},"image":{"@id":"https:\/\/animangeek.com\/fas-se-despedem-de-personagem-de-oshi-no-ko\/#primaryimage"},"thumbnailUrl":"https:\/\/animangeek.com\/wp-content\/uploads\/sites\/106\/2024\/09\/1727287551_Fas-se-despedem-de-personagem-de-Oshi-no-Ko.jpg","datePublished":"2024-09-25T18:05:50+00:00","dateModified":"2024-09-25T18:05:50+00:00","author":{"@id":""},"breadcrumb":{"@id":"https:\/\/animangeek.com\/fas-se-despedem-de-personagem-de-oshi-no-ko\/#breadcrumb"},"inLanguage":"de-DE","potentialAction":[{"@type":"ReadAction","target":["https:\/\/animangeek.com\/fas-se-despedem-de-personagem-de-oshi-no-ko\/"]}]},{"@type":"ImageObject","inLanguage":"de-DE","@id":"https:\/\/animangeek.com\/fas-se-despedem-de-personagem-de-oshi-no-ko\/#primaryimage","url":"https:\/\/animangeek.com\/wp-content\/uploads\/sites\/106\/2024\/09\/1727287551_Fas-se-despedem-de-personagem-de-Oshi-no-Ko.jpg","contentUrl":"https:\/\/animangeek.com\/wp-content\/uploads\/sites\/106\/2024\/09\/1727287551_Fas-se-despedem-de-personagem-de-Oshi-no-Ko.jpg","width":1920,"height":1080},{"@type":"BreadcrumbList","@id":"https:\/\/animangeek.com\/fas-se-despedem-de-personagem-de-oshi-no-ko\/#breadcrumb","itemListElement":[{"@type":"ListItem","position":1,"name":"Home","item":"https:\/\/animangeek.com\/"},{"@type":"ListItem","position":2,"name":"F\u00e3s se despedem de personagem de Oshi no Ko"}]},{"@type":"WebSite","@id":"https:\/\/animangeek.com\/#website","url":"https:\/\/animangeek.com\/","name":"Animan Geek","description":"","potentialAction":[{"@type":"SearchAction","target":{"@type":"EntryPoint","urlTemplate":"https:\/\/animangeek.com\/?s={search_term_string}"},"query-input":"required name=search_term_string"}],"inLanguage":"de-DE"}]}},"_links":{"self":[{"href":"https:\/\/animangeek.com\/de\/wp-json\/wp\/v2\/posts\/19196"}],"collection":[{"href":"https:\/\/animangeek.com\/de\/wp-json\/wp\/v2\/posts"}],"about":[{"href":"https:\/\/animangeek.com\/de\/wp-json\/wp\/v2\/types\/post"}],"replies":[{"embeddable":true,"href":"https:\/\/animangeek.com\/de\/wp-json\/wp\/v2\/comments?post=19196"}],"version-history":[{"count":0,"href":"https:\/\/animangeek.com\/de\/wp-json\/wp\/v2\/posts\/19196\/revisions"}],"wp:featuredmedia":[{"embeddable":true,"href":"https:\/\/animangeek.com\/de\/wp-json\/wp\/v2\/media\/19197"}],"wp:attachment":[{"href":"https:\/\/animangeek.com\/de\/wp-json\/wp\/v2\/media?parent=19196"}],"wp:term":[{"taxonomy":"category","embeddable":true,"href":"https:\/\/animangeek.com\/de\/wp-json\/wp\/v2\/categories?post=19196"},{"taxonomy":"post_tag","embeddable":true,"href":"https:\/\/animangeek.com\/de\/wp-json\/wp\/v2\/tags?post=19196"}],"curies":[{"name":"wp","href":"https:\/\/api.w.org\/{rel}","templated":true}]}}