{"id":19242,"date":"2024-09-26T12:51:42","date_gmt":"2024-09-26T15:51:42","guid":{"rendered":"https:\/\/animangeek.com\/rezero-emilia-comemora-com-um-otaku-latino\/"},"modified":"2024-09-26T12:51:42","modified_gmt":"2024-09-26T15:51:42","slug":"rezero-emilia-comemora-com-um-otaku-latino","status":"publish","type":"post","link":"https:\/\/animangeek.com\/de\/rezero-emilia-comemora-com-um-otaku-latino\/","title":{"rendered":"Re:ZERO: Emilia feiert mit einem lateinamerikanischen Otaku"},"content":{"rendered":"<div class=\"mx-5 sm:mx-0 prose text-left mb-5\">\n<div>\n<p>K\u00fcrzlich wurde ein Facebook-Beitrag zum Trend in den sozialen Medien. <strong>mit einer thematischen Geburtstagsfeier zum beliebten Anime \u201eRe:ZERO \u2013 Starting Life in Another World\u201c<\/strong>. Der Benutzer Armando Tolentino teilte Bilder seiner Party am 2. Dezember 2023, auf denen er umgeben von Produkten und Dekorationen zu sehen ist, die sich auf Em\u00edlia konzentrieren, eine der beliebtesten Figuren der Serie. <strong>Die Fotos l\u00f6sten zahlreiche Kommentare aus, die meisten davon positiv, einige jedoch auch mit einem Hauch von \u00dcberraschung und Humor.<\/strong>spiegelt den Einfluss der Anime-Community auf die zeitgen\u00f6ssische Kultur wider.<\/p>\n<div class=\"wp-block-image\">\n<figure class=\"aligncenter size-full\"><img loading=\"lazy\" decoding=\"async\" width=\"1440\" height=\"1804\" src=\"https:\/\/animangeek.com\/wp-content\/uploads\/2024\/09\/ReZERO-Emilia-comemora-com-um-otaku-latino.jpg\" alt=\"\" class=\"wp-image-337244\"  \/><figcaption class=\"wp-element-caption\">\u00a9Facebook<\/figcaption><\/figure>\n<\/div>\n<p><strong>Auf den Bildern sieht man Armando, wie er in Begleitung seiner Familie seinen 22. Geburtstag feiert und stolz einen mit Em\u00edlias Bild verzierten Kuchen sowie Aufkleber, Poster und andere Produkte im Zusammenhang mit \u201eRe:ZERO\u201c pr\u00e4sentiert.<\/strong> Der Beitrag erregte schnell die Aufmerksamkeit Tausender Benutzer und einige Kommentare gingen viral, weil sie den Kontrast zwischen Bewunderung und sarkastischer Kritik einfingen.<\/p>\n<ul>\n<li>\u00ab<em>Das Gesicht des Vaters, als er fragt, was er mit seinem Sohn falsch gemacht hat, sagt alles, das Kind ist 22 Jahre alt \u2026<\/em>\u00bb.<\/li>\n<li>\u00ab<em>Das ist echt s\u00fc\u00df<\/em>\u00bb.<\/li>\n<li>\u00ab<em>Wenigstens ist er gl\u00fccklich<\/em>\u00bb.<\/li>\n<li>\u00ab<em>Ich hoffe, dass ich eines Tages so feiern kann<\/em>\u00bb.<\/li>\n<li>\u00ab<em>Die Familie, die ihn unterst\u00fctzt, macht ihn automatisch zu einem gewinnenden Chad<\/em>\u00bb.<\/li>\n<\/ul>\n<p><strong>Die Popularit\u00e4t der Ver\u00f6ffentlichung f\u00e4llt mit der R\u00fcckkehr von \u201eRe:ZERO\u201c mit seiner dritten Staffel im Oktober 2024 zusammen, eine Neuigkeit, die die Fans sehr begeisterte. <\/strong>Das Franchise, das als Light Novel von Tappei Nagatsuki begann, hat seit seiner Anime-Adaption im Jahr 2016 dank seiner intensiven Handlung, komplexen Charaktere und der faszinierenden Beziehung zwischen Subaru Natsuki und Emilia Millionen von Fans gewonnen.<\/p>\n<p>Auch Social-Media-Nutzer nutzten die Gelegenheit, um Witze \u00fcber die Beziehung der Serienfiguren untereinander zu machen und kommentierten in humorvollem Ton:<\/p>\n<ul>\n<li>\u00ab<em>Was die Speisekarte nicht wei\u00df, ist, dass Emilia den Subaru offiziell f\u00fcr sich selbst haben m\u00f6chte.<\/em>\u00bb.<\/li>\n<li>\u00ab<em>Wie respektlos, meine Freundin dorthin zu bringen<\/em>\u00bb.<\/li>\n<li>\u00ab<em>Ich habe gerade einen gl\u00fccklichen Kerl gesehen, der seinen Geburtstag mit seiner Familie unter dem Motto seiner Lieblingsfigur feierte. Er hei\u00dft eigentlich Chad und ich hoffe, er hatte einen sch\u00f6nen Tag.<\/em>\u00bb.<\/li>\n<li>\u00ab<em>Unterst\u00fctzende Familie, ein echter Chad<\/em>\u00bb.<\/li>\n<li>\u00ab<em>Die Wahrheit ist, ich war eifers\u00fcchtig, weil ich das offen zeigen konnte.<\/em>\u00bb.<\/li>\n<\/ul>\n<p>Quelle: <strong><a rel=\"nofollow noopener\" target=\"_blank\" href=\"https:\/\/www.facebook.com\/groups\/845509213208079\/posts\/1162040058221658\/\">Facebook<\/a><\/strong><\/p>\n<\/div>\n<\/div>","protected":false},"excerpt":{"rendered":"<p>Ein Facebook-Beitrag, der k\u00fcrzlich in den sozialen Medien f\u00fcr Schlagzeilen sorgte und eine Geburtstagsfeier rund um den beliebten Anime \u201eRe:ZERO \u2013 Starting Life in Another World\u201c zeigte, wurde k\u00fcrzlich zum Trendthema. Der Nutzer Armando Tolentino teilte Bilder von seiner Party am 2. Dezember 2023, auf denen er umgeben von Merchandise und Dekorationen rund um Em\u00edlia, eine der\u2026, zu sehen ist. <a class=\"more-link\" href=\"https:\/\/animangeek.com\/de\/rezero-emilia-comemora-com-um-otaku-latino\/\">Weiterlesen <span class=\"screen-reader-text\">Re:ZERO: Emilia feiert mit einem lateinamerikanischen Otaku<\/span><\/a><\/p>","protected":false},"author":0,"featured_media":19243,"comment_status":"open","ping_status":"open","sticky":false,"template":"","format":"standard","meta":{"footnotes":""},"categories":[5],"tags":[100,1308,1312],"yoast_head":"<!-- This site is optimized with the Yoast SEO plugin v23.3 - https:\/\/yoast.com\/wordpress\/plugins\/seo\/ -->\n<title>Re:ZERO: Emilia comemora com um otaku latino - Animan Geek<\/title>\n<meta name=\"robots\" content=\"index, follow, max-snippet:-1, max-image-preview:large, max-video-preview:-1\" \/>\n<link rel=\"canonical\" href=\"https:\/\/animangeek.com\/de\/rezero-emilia-comemora-com-um-otaku-latino\/\" \/>\n<meta property=\"og:locale\" content=\"de_DE\" \/>\n<meta property=\"og:type\" content=\"article\" \/>\n<meta property=\"og:title\" content=\"Re:ZERO: Emilia comemora com um otaku latino - Animan Geek\" \/>\n<meta property=\"og:description\" content=\"Recentemente, uma postagem no Facebook virou tend\u00eancia nas redes sociais, mostrando uma comemora\u00e7\u00e3o de anivers\u00e1rio tem\u00e1tica do popular anime \u201cRe:ZERO \u2013 Starting Life in Another World\u201d. O usu\u00e1rio Armando Tolentino compartilhou imagens de sua festa no dia 2 de dezembro de 2023, onde \u00e9 visto rodeado de produtos e decora\u00e7\u00f5es focadas em Em\u00edlia, uma das&hellip; Continue reading Re:ZERO: Emilia comemora com um otaku latino\" \/>\n<meta property=\"og:url\" content=\"https:\/\/animangeek.com\/de\/rezero-emilia-comemora-com-um-otaku-latino\/\" \/>\n<meta property=\"og:site_name\" content=\"Animan Geek\" \/>\n<meta property=\"article:published_time\" content=\"2024-09-26T15:51:42+00:00\" \/>\n<meta property=\"og:image\" content=\"https:\/\/animangeek.com\/wp-content\/uploads\/sites\/106\/2024\/09\/1727365902_ReZERO-Emilia-comemora-com-um-otaku-latino.jpg\" \/>\n\t<meta property=\"og:image:width\" content=\"1920\" \/>\n\t<meta property=\"og:image:height\" content=\"1080\" \/>\n\t<meta property=\"og:image:type\" content=\"image\/jpeg\" \/>\n<meta name=\"twitter:card\" content=\"summary_large_image\" \/>\n<meta name=\"twitter:label1\" content=\"Est. reading time\" \/>\n\t<meta name=\"twitter:data1\" content=\"2 Minuten\" \/>\n<script type=\"application\/ld+json\" class=\"yoast-schema-graph\">{\"@context\":\"https:\/\/schema.org\",\"@graph\":[{\"@type\":\"WebPage\",\"@id\":\"https:\/\/animangeek.com\/rezero-emilia-comemora-com-um-otaku-latino\/\",\"url\":\"https:\/\/animangeek.com\/rezero-emilia-comemora-com-um-otaku-latino\/\",\"name\":\"Re:ZERO: Emilia comemora com um otaku latino - Animan Geek\",\"isPartOf\":{\"@id\":\"https:\/\/animangeek.com\/#website\"},\"primaryImageOfPage\":{\"@id\":\"https:\/\/animangeek.com\/rezero-emilia-comemora-com-um-otaku-latino\/#primaryimage\"},\"image\":{\"@id\":\"https:\/\/animangeek.com\/rezero-emilia-comemora-com-um-otaku-latino\/#primaryimage\"},\"thumbnailUrl\":\"https:\/\/animangeek.com\/wp-content\/uploads\/sites\/106\/2024\/09\/1727365902_ReZERO-Emilia-comemora-com-um-otaku-latino.jpg\",\"datePublished\":\"2024-09-26T15:51:42+00:00\",\"dateModified\":\"2024-09-26T15:51:42+00:00\",\"author\":{\"@id\":\"\"},\"breadcrumb\":{\"@id\":\"https:\/\/animangeek.com\/rezero-emilia-comemora-com-um-otaku-latino\/#breadcrumb\"},\"inLanguage\":\"de-DE\",\"potentialAction\":[{\"@type\":\"ReadAction\",\"target\":[\"https:\/\/animangeek.com\/rezero-emilia-comemora-com-um-otaku-latino\/\"]}]},{\"@type\":\"ImageObject\",\"inLanguage\":\"de-DE\",\"@id\":\"https:\/\/animangeek.com\/rezero-emilia-comemora-com-um-otaku-latino\/#primaryimage\",\"url\":\"https:\/\/animangeek.com\/wp-content\/uploads\/sites\/106\/2024\/09\/1727365902_ReZERO-Emilia-comemora-com-um-otaku-latino.jpg\",\"contentUrl\":\"https:\/\/animangeek.com\/wp-content\/uploads\/sites\/106\/2024\/09\/1727365902_ReZERO-Emilia-comemora-com-um-otaku-latino.jpg\",\"width\":1920,\"height\":1080},{\"@type\":\"BreadcrumbList\",\"@id\":\"https:\/\/animangeek.com\/rezero-emilia-comemora-com-um-otaku-latino\/#breadcrumb\",\"itemListElement\":[{\"@type\":\"ListItem\",\"position\":1,\"name\":\"Home\",\"item\":\"https:\/\/animangeek.com\/\"},{\"@type\":\"ListItem\",\"position\":2,\"name\":\"Re:ZERO: Emilia comemora com um otaku latino\"}]},{\"@type\":\"WebSite\",\"@id\":\"https:\/\/animangeek.com\/#website\",\"url\":\"https:\/\/animangeek.com\/\",\"name\":\"Animan Geek\",\"description\":\"\",\"potentialAction\":[{\"@type\":\"SearchAction\",\"target\":{\"@type\":\"EntryPoint\",\"urlTemplate\":\"https:\/\/animangeek.com\/?s={search_term_string}\"},\"query-input\":\"required name=search_term_string\"}],\"inLanguage\":\"de-DE\"}]}<\/script>\n<!-- \/ Yoast SEO plugin. -->","yoast_head_json":{"title":"Re:ZERO: Emilia comemora com um otaku latino - Animan Geek","robots":{"index":"index","follow":"follow","max-snippet":"max-snippet:-1","max-image-preview":"max-image-preview:large","max-video-preview":"max-video-preview:-1"},"canonical":"https:\/\/animangeek.com\/de\/rezero-emilia-comemora-com-um-otaku-latino\/","og_locale":"de_DE","og_type":"article","og_title":"Re:ZERO: Emilia comemora com um otaku latino - Animan Geek","og_description":"Recentemente, uma postagem no Facebook virou tend\u00eancia nas redes sociais, mostrando uma comemora\u00e7\u00e3o de anivers\u00e1rio tem\u00e1tica do popular anime \u201cRe:ZERO \u2013 Starting Life in Another World\u201d. O usu\u00e1rio Armando Tolentino compartilhou imagens de sua festa no dia 2 de dezembro de 2023, onde \u00e9 visto rodeado de produtos e decora\u00e7\u00f5es focadas em Em\u00edlia, uma das&hellip; Continue reading Re:ZERO: Emilia comemora com um otaku latino","og_url":"https:\/\/animangeek.com\/de\/rezero-emilia-comemora-com-um-otaku-latino\/","og_site_name":"Animan Geek","article_published_time":"2024-09-26T15:51:42+00:00","og_image":[{"width":1920,"height":1080,"url":"https:\/\/animangeek.com\/wp-content\/uploads\/sites\/106\/2024\/09\/1727365902_ReZERO-Emilia-comemora-com-um-otaku-latino.jpg","type":"image\/jpeg"}],"twitter_card":"summary_large_image","twitter_misc":{"Est. reading time":"2 Minuten"},"schema":{"@context":"https:\/\/schema.org","@graph":[{"@type":"WebPage","@id":"https:\/\/animangeek.com\/rezero-emilia-comemora-com-um-otaku-latino\/","url":"https:\/\/animangeek.com\/rezero-emilia-comemora-com-um-otaku-latino\/","name":"Re:ZERO: Emilia comemora com um otaku latino - Animan Geek","isPartOf":{"@id":"https:\/\/animangeek.com\/#website"},"primaryImageOfPage":{"@id":"https:\/\/animangeek.com\/rezero-emilia-comemora-com-um-otaku-latino\/#primaryimage"},"image":{"@id":"https:\/\/animangeek.com\/rezero-emilia-comemora-com-um-otaku-latino\/#primaryimage"},"thumbnailUrl":"https:\/\/animangeek.com\/wp-content\/uploads\/sites\/106\/2024\/09\/1727365902_ReZERO-Emilia-comemora-com-um-otaku-latino.jpg","datePublished":"2024-09-26T15:51:42+00:00","dateModified":"2024-09-26T15:51:42+00:00","author":{"@id":""},"breadcrumb":{"@id":"https:\/\/animangeek.com\/rezero-emilia-comemora-com-um-otaku-latino\/#breadcrumb"},"inLanguage":"de-DE","potentialAction":[{"@type":"ReadAction","target":["https:\/\/animangeek.com\/rezero-emilia-comemora-com-um-otaku-latino\/"]}]},{"@type":"ImageObject","inLanguage":"de-DE","@id":"https:\/\/animangeek.com\/rezero-emilia-comemora-com-um-otaku-latino\/#primaryimage","url":"https:\/\/animangeek.com\/wp-content\/uploads\/sites\/106\/2024\/09\/1727365902_ReZERO-Emilia-comemora-com-um-otaku-latino.jpg","contentUrl":"https:\/\/animangeek.com\/wp-content\/uploads\/sites\/106\/2024\/09\/1727365902_ReZERO-Emilia-comemora-com-um-otaku-latino.jpg","width":1920,"height":1080},{"@type":"BreadcrumbList","@id":"https:\/\/animangeek.com\/rezero-emilia-comemora-com-um-otaku-latino\/#breadcrumb","itemListElement":[{"@type":"ListItem","position":1,"name":"Home","item":"https:\/\/animangeek.com\/"},{"@type":"ListItem","position":2,"name":"Re:ZERO: Emilia comemora com um otaku latino"}]},{"@type":"WebSite","@id":"https:\/\/animangeek.com\/#website","url":"https:\/\/animangeek.com\/","name":"Animan Geek","description":"","potentialAction":[{"@type":"SearchAction","target":{"@type":"EntryPoint","urlTemplate":"https:\/\/animangeek.com\/?s={search_term_string}"},"query-input":"required name=search_term_string"}],"inLanguage":"de-DE"}]}},"_links":{"self":[{"href":"https:\/\/animangeek.com\/de\/wp-json\/wp\/v2\/posts\/19242"}],"collection":[{"href":"https:\/\/animangeek.com\/de\/wp-json\/wp\/v2\/posts"}],"about":[{"href":"https:\/\/animangeek.com\/de\/wp-json\/wp\/v2\/types\/post"}],"replies":[{"embeddable":true,"href":"https:\/\/animangeek.com\/de\/wp-json\/wp\/v2\/comments?post=19242"}],"version-history":[{"count":0,"href":"https:\/\/animangeek.com\/de\/wp-json\/wp\/v2\/posts\/19242\/revisions"}],"wp:featuredmedia":[{"embeddable":true,"href":"https:\/\/animangeek.com\/de\/wp-json\/wp\/v2\/media\/19243"}],"wp:attachment":[{"href":"https:\/\/animangeek.com\/de\/wp-json\/wp\/v2\/media?parent=19242"}],"wp:term":[{"taxonomy":"category","embeddable":true,"href":"https:\/\/animangeek.com\/de\/wp-json\/wp\/v2\/categories?post=19242"},{"taxonomy":"post_tag","embeddable":true,"href":"https:\/\/animangeek.com\/de\/wp-json\/wp\/v2\/tags?post=19242"}],"curies":[{"name":"wp","href":"https:\/\/api.w.org\/{rel}","templated":true}]}}