{"id":2496,"date":"2023-08-09T11:15:40","date_gmt":"2023-08-09T14:15:40","guid":{"rendered":"https:\/\/animangeek.com\/?p=2496"},"modified":"2023-08-09T11:15:40","modified_gmt":"2023-08-09T14:15:40","slug":"manga-oshi-no-ko-anuncia-pausa","status":"publish","type":"post","link":"https:\/\/animangeek.com\/de\/manga-oshi-no-ko-anuncia-pausa\/","title":{"rendered":"Oshi no Ko Manga k\u00fcndigt Pause an"},"content":{"rendered":"<div class=\"mx-5 sm:mx-0 prose text-left mb-5\">Ohne Zweifel, Fans des Mangas <strong>Oshi no Ko <\/strong>warten darauf, wie sich diese Geschichte nach den j\u00fcngsten Ereignissen weiterentwickelt, bei denen jemand aus Ais Vergangenheit auftauchte, da er eine Schl\u00fcsselfigur in Ais Karriere sein k\u00f6nnte. <strong>Hoshino Ruby<\/strong>, ist einfach zur\u00fcckgekommen, um sein jahrelanges Verschwinden zu erkl\u00e4ren. Wie dem auch sei, es scheint, dass wir noch etwas warten m\u00fcssen, um zu erfahren, wie diese Geschichte weitergeht.<\/p>\n<div>\n<h3 class=\"wp-block-heading has-text-align-center\">Oshi no Ko k\u00fcndigt eine 4-w\u00f6chige Pause und ein kurzes Spin-off an<\/h3>\n<figure class=\"wp-block-image size-large\"><noscript><img loading=\"lazy\" decoding=\"async\" width=\"1200\" height=\"675\" src=\"https:\/\/animangeek.com\/wp-content\/uploads\/2023\/08\/Manga-Oshi-no-Ko-anuncia-pausa.jpg\" alt=\"Oshi-No-Ko-Idol\" class=\"wp-image-333631\" title=\"Oshi No Ko Manga k\u00fcndigt Break 2 an\"\/><\/noscript><img loading=\"lazy\" decoding=\"async\" class=\"lazyload wp-image-333631\" title=\"Oshi No Ko Manga k\u00fcndigt Break 2 an\" src=\"https:\/\/animangeek.com\/wp-content\/uploads\/2023\/08\/Manga-Oshi-no-Ko-anuncia-pausa.jpg\" alt=\"Oshi-No-Ko-Idol\" width=\"1200\" height=\"675\" data-=\"\" \/><\/figure>\n<p>Gestern hat der Autor von<strong> Oshi no ko<\/strong>, <strong>Aka Akasaka <\/strong>angek\u00fcndigt, dass der Manga eine Pause von etwa einem Monat einlegen und ab dem 14. September wieder erscheinen wird. Es wurde keine Erkl\u00e4rung f\u00fcr die Gr\u00fcnde gegeben, die zu dieser Entscheidung gef\u00fchrt haben. In der Zwischenzeit werden jedoch 4 weitere Kapitel der Serie ver\u00f6ffentlicht, die den Titel tragen werden <strong>Oshi no Ko: Zwischenspiel <\/strong>und die f\u00fcr die Erstellung verantwortliche Person wird der K\u00fcnstler von Oshi no Ko sein, <strong>Mengo Yokotari, p<\/strong>Es scheint, als w\u00fcrde diese Geschichte den Standpunkt des K\u00fcnstlers aufgreifen und in eine Geschichte \u00fcber die Idol-Industrie \u00fcbersetzen.<\/p>\n<p>Diese vier zus\u00e4tzlichen Kapitel werden voraussichtlich aus der Perspektive des Manga-K\u00fcnstlers erz\u00e4hlt. Er wird \u00fcber seinen Arbeitsablauf, die Herausforderungen in der Branche und m\u00f6glicherweise sogar \u00fcber die aktuelle japanische Industrie sprechen. Wie zu erwarten, wird er die Arbeit japanischer Idols und ihren Kampf ums \u00dcberleben in einer hart umk\u00e4mpften Branche diskutieren. All das erfahren wir jedoch erst, wenn das erste der vier Kapitel offiziell ver\u00f6ffentlicht wird.<\/p>\n<figure class=\"wp-block-image size-large\"><noscript><img loading=\"lazy\" decoding=\"async\" width=\"1200\" height=\"675\" src=\"https:\/\/animangeek.com\/wp-content\/uploads\/2023\/08\/1691128596_562_Crunchyroll-lanca-novos-videoclipes-para-YOASOBI-Aimer-MAN-WITH-A.jpg\" alt=\"A hist\u00f3ria continua! Oshi No Ko anunciou sua segunda temporada\" class=\"wp-image-337903\" title=\"Oshi No Ko Manga k\u00fcndigt Pause 3 an\"\/><\/noscript><img loading=\"lazy\" decoding=\"async\" class=\"lazyload wp-image-337903\" title=\"Oshi No Ko Manga k\u00fcndigt Pause 3 an\" src=\"https:\/\/animangeek.com\/wp-content\/uploads\/2023\/08\/1691128596_562_Crunchyroll-lanca-novos-videoclipes-para-YOASOBI-Aimer-MAN-WITH-A.jpg\" alt=\"A hist\u00f3ria continua! Oshi No Ko anunciou sua segunda temporada\" width=\"1200\" height=\"675\" data-=\"\" \/><\/figure>\n<p>Es ist zu beachten, dass bei der Ver\u00f6ffentlichung der vier zus\u00e4tzlichen Kapitel <strong>Oshi no Ko: Zwischenspiel <\/strong>die urspr\u00fcngliche Ver\u00f6ffentlichung der Geschichte wird wieder aufgenommen, also m\u00fcssen wir einige Zeit warten, um zu sehen, wie sich diese faszinierende Geschichte entwickelt, die bei vielen Menschen mehr Zweifel hinterlassen hat als zu Beginn. Bleiben Sie also dran f\u00fcr die Informationen, die uns in den kommenden Tagen enth\u00fcllt werden, und verzweifeln Sie nicht, bis der Manga die Ver\u00f6ffentlichung der Originalgeschichte wieder aufnimmt.<\/p>\n<figure class=\"wp-block-image size-full\"><noscript><img loading=\"lazy\" decoding=\"async\" width=\"1200\" height=\"1695\" src=\"https:\/\/animangeek.com\/wp-content\/uploads\/2023\/08\/1691550535_592_Manga-Oshi-no-Ko-anuncia-pausa.jpg\" alt=\"Visual de Oshi No Ko Temporada 2\" class=\"wp-image-337896\" title=\"Oshi No Ko Manga k\u00fcndigt Break 4 an\"\/><\/noscript><img loading=\"lazy\" decoding=\"async\" class=\"lazyload wp-image-337896\" title=\"Oshi No Ko Manga k\u00fcndigt Break 4 an\" src=\"https:\/\/animangeek.com\/wp-content\/uploads\/2023\/08\/1691550535_592_Manga-Oshi-no-Ko-anuncia-pausa.jpg\" alt=\"Visual de Oshi No Ko Temporada 2\" width=\"1200\" height=\"1695\" data-=\"\" \/><\/figure>\n<p>F\u00fcr diejenigen, die diese Serie nicht kannten, <strong>Oshi no Ko<\/strong> erz\u00e4hlt uns eine Geschichte \u00fcber die Unterhaltungsindustrie in Japan, eine der kompliziertesten Welten, in der Prominente versuchen, eine \u00fcbertriebene Version ihrer selbst zu zeigen und ihre wahren Gedanken zu verbergen, um zu \u00fcberleben und in einer Welt aufzufallen, in der L\u00fcgen an der Tagesordnung sind.<\/p>\n<p>Einer der Stars dieser Branche, <strong>Oh Hoshino <\/strong>der Idol-Gruppe <strong>B-Komachi<\/strong> Es gelang ihm, die Welt zu fesseln, doch pl\u00f6tzlich k\u00fcndigte er aus gesundheitlichen Gr\u00fcnden eine Pause von seinen Aktivit\u00e4ten an.<\/p>\n<p>Die Geschichte versetzt uns in die Lage von <strong>Gorou Amemiya<\/strong>Als gro\u00dfer Fan von Ai und Gyn\u00e4kologe an einem l\u00e4ndlichen Krankenhaus wollte er das Idol schon immer einmal treffen. Sein Wunsch geht jedoch in Erf\u00fcllung, als sie in seinem Krankenhaus auftaucht und \u00fcberrascht feststellt, dass sie mit Zwillingen schwanger ist. Diese Begegnung wird das Leben beider Beteiligten und ihre Beziehung ver\u00e4ndern. Obwohl es sich um einen Idol-Anime handelt, pr\u00e4sentiert er uns zweifellos ein selten diskutiertes Thema: die Realit\u00e4t einer der beliebtesten Branchen Japans und wie Menschen in dieser Welt um Bekanntheit und Erfolg k\u00e4mpfen. Es geht um viele Dinge.<\/p>\n<p><a href=\"https:\/\/ichigoproduction.com\/\" target=\"_blank\" rel=\"nofollow noopener\">\u00a9<\/a><a href=\"https:\/\/ichigoproduction.com\/\" target=\"_blank\" rel=\"nofollow noopener\">\u8d64\u5742\u30a2\u30ab\u00d7\u6a2a\u69cd\u30e1\u30f3\u30b4\uff0f\u96c6\u82f1\u793e\u30fb\u3010\u63a8\u3057\u306e\u5b50\u3011\u88fd\u4f5c\u59d4\u54e1\u4f1a<\/a><\/p>\n<\/div>\n<p>&nbsp;<\/p><\/div>","protected":false},"excerpt":{"rendered":"<p>Zweifellos warten die Fans des Mangas \u201eOshi no Ko\u201c darauf, zu sehen, wie sich die Geschichte nach den j\u00fcngsten Ereignissen weiterentwickelt, bei denen jemand aus Ais Vergangenheit auftauchte, da es sich um eine Schl\u00fcsselfigur in Hoshino Rubis Karriere handeln k\u00f6nnte, die lediglich zur\u00fcckgekehrt ist, um sein jahrelanges Verschwinden zu erkl\u00e4ren, was auch immer der Grund ist \u2026 <a class=\"more-link\" href=\"https:\/\/animangeek.com\/de\/manga-oshi-no-ko-anuncia-pausa\/\">Weiterlesen <span class=\"screen-reader-text\">Oshi no Ko Manga k\u00fcndigt Pause an<\/span><\/a><\/p>","protected":false},"author":0,"featured_media":2497,"comment_status":"open","ping_status":"open","sticky":false,"template":"","format":"standard","meta":{"footnotes":""},"categories":[8],"tags":[],"yoast_head":"<!-- This site is optimized with the Yoast SEO plugin v23.3 - https:\/\/yoast.com\/wordpress\/plugins\/seo\/ -->\n<title>Mang\u00e1 Oshi no Ko anuncia pausa - Animan Geek<\/title>\n<meta name=\"robots\" content=\"index, follow, max-snippet:-1, max-image-preview:large, max-video-preview:-1\" \/>\n<link rel=\"canonical\" href=\"https:\/\/animangeek.com\/de\/manga-oshi-no-ko-anuncia-pausa\/\" \/>\n<meta property=\"og:locale\" content=\"de_DE\" \/>\n<meta property=\"og:type\" content=\"article\" \/>\n<meta property=\"og:title\" content=\"Mang\u00e1 Oshi no Ko anuncia pausa - Animan Geek\" \/>\n<meta property=\"og:description\" content=\"Sem d\u00favida os f\u00e3s do mang\u00e1 de Oshi no Ko est\u00e3o esperando para ver como essa hist\u00f3ria progride ap\u00f3s os \u00faltimos eventos em que algu\u00e9m do passado de Ai apareceu, j\u00e1 que ele pode ser um personagem-chave na carreira de Hoshino Rubi, simplesmente voltou para explicar seu desaparecimento por tantos anos, seja qual for o&hellip; Continue reading Mang\u00e1 Oshi no Ko anuncia pausa\" \/>\n<meta property=\"og:url\" content=\"https:\/\/animangeek.com\/de\/manga-oshi-no-ko-anuncia-pausa\/\" \/>\n<meta property=\"og:site_name\" content=\"Animan Geek\" \/>\n<meta property=\"article:published_time\" content=\"2023-08-09T14:15:40+00:00\" \/>\n<meta property=\"og:image\" content=\"https:\/\/animangeek.com\/wp-content\/uploads\/sites\/106\/2023\/08\/1691550535_Manga-Oshi-no-Ko-anuncia-pausa.jpg\" \/>\n\t<meta property=\"og:image:width\" content=\"1280\" \/>\n\t<meta property=\"og:image:height\" content=\"720\" \/>\n\t<meta property=\"og:image:type\" content=\"image\/jpeg\" \/>\n<meta name=\"twitter:card\" content=\"summary_large_image\" \/>\n<meta name=\"twitter:label1\" content=\"Est. reading time\" \/>\n\t<meta name=\"twitter:data1\" content=\"3 Minuten\" \/>\n<script type=\"application\/ld+json\" class=\"yoast-schema-graph\">{\"@context\":\"https:\/\/schema.org\",\"@graph\":[{\"@type\":\"WebPage\",\"@id\":\"https:\/\/animangeek.com\/manga-oshi-no-ko-anuncia-pausa\/\",\"url\":\"https:\/\/animangeek.com\/manga-oshi-no-ko-anuncia-pausa\/\",\"name\":\"Mang\u00e1 Oshi no Ko anuncia pausa - Animan Geek\",\"isPartOf\":{\"@id\":\"https:\/\/animangeek.com\/#website\"},\"primaryImageOfPage\":{\"@id\":\"https:\/\/animangeek.com\/manga-oshi-no-ko-anuncia-pausa\/#primaryimage\"},\"image\":{\"@id\":\"https:\/\/animangeek.com\/manga-oshi-no-ko-anuncia-pausa\/#primaryimage\"},\"thumbnailUrl\":\"https:\/\/animangeek.com\/wp-content\/uploads\/sites\/106\/2023\/08\/1691550535_Manga-Oshi-no-Ko-anuncia-pausa.jpg\",\"datePublished\":\"2023-08-09T14:15:40+00:00\",\"dateModified\":\"2023-08-09T14:15:40+00:00\",\"author\":{\"@id\":\"\"},\"breadcrumb\":{\"@id\":\"https:\/\/animangeek.com\/manga-oshi-no-ko-anuncia-pausa\/#breadcrumb\"},\"inLanguage\":\"de-DE\",\"potentialAction\":[{\"@type\":\"ReadAction\",\"target\":[\"https:\/\/animangeek.com\/manga-oshi-no-ko-anuncia-pausa\/\"]}]},{\"@type\":\"ImageObject\",\"inLanguage\":\"de-DE\",\"@id\":\"https:\/\/animangeek.com\/manga-oshi-no-ko-anuncia-pausa\/#primaryimage\",\"url\":\"https:\/\/animangeek.com\/wp-content\/uploads\/sites\/106\/2023\/08\/1691550535_Manga-Oshi-no-Ko-anuncia-pausa.jpg\",\"contentUrl\":\"https:\/\/animangeek.com\/wp-content\/uploads\/sites\/106\/2023\/08\/1691550535_Manga-Oshi-no-Ko-anuncia-pausa.jpg\",\"width\":1280,\"height\":720},{\"@type\":\"BreadcrumbList\",\"@id\":\"https:\/\/animangeek.com\/manga-oshi-no-ko-anuncia-pausa\/#breadcrumb\",\"itemListElement\":[{\"@type\":\"ListItem\",\"position\":1,\"name\":\"Home\",\"item\":\"https:\/\/animangeek.com\/\"},{\"@type\":\"ListItem\",\"position\":2,\"name\":\"Mang\u00e1 Oshi no Ko anuncia pausa\"}]},{\"@type\":\"WebSite\",\"@id\":\"https:\/\/animangeek.com\/#website\",\"url\":\"https:\/\/animangeek.com\/\",\"name\":\"Animan Geek\",\"description\":\"\",\"potentialAction\":[{\"@type\":\"SearchAction\",\"target\":{\"@type\":\"EntryPoint\",\"urlTemplate\":\"https:\/\/animangeek.com\/?s={search_term_string}\"},\"query-input\":\"required name=search_term_string\"}],\"inLanguage\":\"de-DE\"}]}<\/script>\n<!-- \/ Yoast SEO plugin. -->","yoast_head_json":{"title":"Mang\u00e1 Oshi no Ko anuncia pausa - Animan Geek","robots":{"index":"index","follow":"follow","max-snippet":"max-snippet:-1","max-image-preview":"max-image-preview:large","max-video-preview":"max-video-preview:-1"},"canonical":"https:\/\/animangeek.com\/de\/manga-oshi-no-ko-anuncia-pausa\/","og_locale":"de_DE","og_type":"article","og_title":"Mang\u00e1 Oshi no Ko anuncia pausa - Animan Geek","og_description":"Sem d\u00favida os f\u00e3s do mang\u00e1 de Oshi no Ko est\u00e3o esperando para ver como essa hist\u00f3ria progride ap\u00f3s os \u00faltimos eventos em que algu\u00e9m do passado de Ai apareceu, j\u00e1 que ele pode ser um personagem-chave na carreira de Hoshino Rubi, simplesmente voltou para explicar seu desaparecimento por tantos anos, seja qual for o&hellip; Continue reading Mang\u00e1 Oshi no Ko anuncia pausa","og_url":"https:\/\/animangeek.com\/de\/manga-oshi-no-ko-anuncia-pausa\/","og_site_name":"Animan Geek","article_published_time":"2023-08-09T14:15:40+00:00","og_image":[{"width":1280,"height":720,"url":"https:\/\/animangeek.com\/wp-content\/uploads\/sites\/106\/2023\/08\/1691550535_Manga-Oshi-no-Ko-anuncia-pausa.jpg","type":"image\/jpeg"}],"twitter_card":"summary_large_image","twitter_misc":{"Est. reading time":"3 Minuten"},"schema":{"@context":"https:\/\/schema.org","@graph":[{"@type":"WebPage","@id":"https:\/\/animangeek.com\/manga-oshi-no-ko-anuncia-pausa\/","url":"https:\/\/animangeek.com\/manga-oshi-no-ko-anuncia-pausa\/","name":"Mang\u00e1 Oshi no Ko anuncia pausa - Animan Geek","isPartOf":{"@id":"https:\/\/animangeek.com\/#website"},"primaryImageOfPage":{"@id":"https:\/\/animangeek.com\/manga-oshi-no-ko-anuncia-pausa\/#primaryimage"},"image":{"@id":"https:\/\/animangeek.com\/manga-oshi-no-ko-anuncia-pausa\/#primaryimage"},"thumbnailUrl":"https:\/\/animangeek.com\/wp-content\/uploads\/sites\/106\/2023\/08\/1691550535_Manga-Oshi-no-Ko-anuncia-pausa.jpg","datePublished":"2023-08-09T14:15:40+00:00","dateModified":"2023-08-09T14:15:40+00:00","author":{"@id":""},"breadcrumb":{"@id":"https:\/\/animangeek.com\/manga-oshi-no-ko-anuncia-pausa\/#breadcrumb"},"inLanguage":"de-DE","potentialAction":[{"@type":"ReadAction","target":["https:\/\/animangeek.com\/manga-oshi-no-ko-anuncia-pausa\/"]}]},{"@type":"ImageObject","inLanguage":"de-DE","@id":"https:\/\/animangeek.com\/manga-oshi-no-ko-anuncia-pausa\/#primaryimage","url":"https:\/\/animangeek.com\/wp-content\/uploads\/sites\/106\/2023\/08\/1691550535_Manga-Oshi-no-Ko-anuncia-pausa.jpg","contentUrl":"https:\/\/animangeek.com\/wp-content\/uploads\/sites\/106\/2023\/08\/1691550535_Manga-Oshi-no-Ko-anuncia-pausa.jpg","width":1280,"height":720},{"@type":"BreadcrumbList","@id":"https:\/\/animangeek.com\/manga-oshi-no-ko-anuncia-pausa\/#breadcrumb","itemListElement":[{"@type":"ListItem","position":1,"name":"Home","item":"https:\/\/animangeek.com\/"},{"@type":"ListItem","position":2,"name":"Mang\u00e1 Oshi no Ko anuncia pausa"}]},{"@type":"WebSite","@id":"https:\/\/animangeek.com\/#website","url":"https:\/\/animangeek.com\/","name":"Animan Geek","description":"","potentialAction":[{"@type":"SearchAction","target":{"@type":"EntryPoint","urlTemplate":"https:\/\/animangeek.com\/?s={search_term_string}"},"query-input":"required name=search_term_string"}],"inLanguage":"de-DE"}]}},"_links":{"self":[{"href":"https:\/\/animangeek.com\/de\/wp-json\/wp\/v2\/posts\/2496"}],"collection":[{"href":"https:\/\/animangeek.com\/de\/wp-json\/wp\/v2\/posts"}],"about":[{"href":"https:\/\/animangeek.com\/de\/wp-json\/wp\/v2\/types\/post"}],"replies":[{"embeddable":true,"href":"https:\/\/animangeek.com\/de\/wp-json\/wp\/v2\/comments?post=2496"}],"version-history":[{"count":0,"href":"https:\/\/animangeek.com\/de\/wp-json\/wp\/v2\/posts\/2496\/revisions"}],"wp:featuredmedia":[{"embeddable":true,"href":"https:\/\/animangeek.com\/de\/wp-json\/wp\/v2\/media\/2497"}],"wp:attachment":[{"href":"https:\/\/animangeek.com\/de\/wp-json\/wp\/v2\/media?parent=2496"}],"wp:term":[{"taxonomy":"category","embeddable":true,"href":"https:\/\/animangeek.com\/de\/wp-json\/wp\/v2\/categories?post=2496"},{"taxonomy":"post_tag","embeddable":true,"href":"https:\/\/animangeek.com\/de\/wp-json\/wp\/v2\/tags?post=2496"}],"curies":[{"name":"wp","href":"https:\/\/api.w.org\/{rel}","templated":true}]}}