{"id":2664,"date":"2023-08-10T06:40:26","date_gmt":"2023-08-10T09:40:26","guid":{"rendered":"https:\/\/animangeek.com\/?p=2664"},"modified":"2023-08-10T06:40:26","modified_gmt":"2023-08-10T09:40:26","slug":"studio-de-attack-on-titan-vai-animar-pokemon-minisserie-paldean-winds","status":"publish","type":"post","link":"https:\/\/animangeek.com\/de\/studio-de-attack-on-titan-vai-animar-pokemon-minisserie-paldean-winds\/","title":{"rendered":"Attack on Titan Studio animiert Pok\u00e9mon: Paldean Winds Miniserie"},"content":{"rendered":"<div class=\"mx-5 sm:mx-0 prose text-left mb-5\"><img decoding=\"async\" src=\"http:\/\/animangeek.com\/wp-content\/uploads\/sites\/106\/2023\/08\/Attack-on-Titan-Studio-para-Animar-Pokemon-Minisserie-Paldean-Winds.jpg\" \/><\/p>\n<div>\n<p>Berechtigt <em>Pok\u00e9mon<\/em><em>: Paldean Winds<\/em>WIT Studio wird die neuesten <em>Pok\u00e9mon<\/em> Miniserie.<!-- No repeatable ad for zone: character count repeatable. --><!-- Repeatable debug data: {\"injection\":\"none\",\"adPosition\":0,\"startingPoint\":1,\"skipEvery\":null,\"nbrPlacementFilledEachSkip\":0,\"nbrPlacementsScanned\":0,\"ruleCount\":10,\"degradationStartingPoint\":2,\"actualCount\":103} --><!-- Zone: below first paragraph. --><\/p>\n<p><!-- No winning ad found for zone: mid intro! --><\/p>\n<p>Das Studio hinter den vorherigen Staffeln von <em>Angriff auf Titan<\/em>, <em>Klassifizierung der K\u00f6nige,<\/em> Und <em>Vinland Saga<\/em> wurde als Mitarbeiter der neuen Miniserie best\u00e4tigt \u00fcber <a href=\"https:\/\/twitter.com\/Pokemon\/status\/1688988522575704064\" target=\"_blank\" rel=\"nofollow noopener\">X (fr\u00fcher Twitter)<\/a>.<\/p>\n<p>Das Projekt wird von Regisseur Ryouhei Takeshita geleitet (<em>Jujutsu Kaisen<\/em>), Drehbuchautoren Teruko Utsumi (<em>kakegurui<\/em>) und Keisuke Satou, Farbdesignerin Ayaka Nakamura (<em>Pok\u00e9mon: Hisuian Snow<\/em>) und Art Director Yuuki Funagakure (<em>Mondaiji<\/em>).<\/p>\n<p>3D-Regisseur Shigenori Hirozumi (<em>Angriff auf Titan<\/em>), Yuuki Kawashita (<em>Vinland Saga<\/em>), der produktive Tonregisseur Masafumi Mima und die Redakteurin Aya Hida (<em>Angriff auf Titan<\/em>) und Musiker Kevin Penkin bilden ebenfalls das Team.<\/p>\n<p><!-- Repeatable debug data: {\"injection\":\"before\",\"adPosition\":0,\"startingPoint\":1,\"skipEvery\":null,\"nbrPlacementFilledEachSkip\":0,\"nbrPlacementsScanned\":1,\"ruleCount\":10,\"degradationStartingPoint\":2,\"actualCount\":613} --><!-- Zone: character count repeatable. --><!-- Repeatable debug data: {\"injection\":\"after\",\"adPosition\":1,\"startingPoint\":1,\"skipEvery\":null,\"nbrPlacementFilledEachSkip\":1,\"nbrPlacementsScanned\":1,\"ruleCount\":10,\"degradationStartingPoint\":2,\"actualCount\":0} --><\/p>\n<p><!-- No repeatable ad for zone: character count repeatable. --><!-- Repeatable debug data: {\"injection\":\"none\",\"adPosition\":1,\"startingPoint\":1,\"skipEvery\":null,\"nbrPlacementFilledEachSkip\":1,\"nbrPlacementsScanned\":2,\"ruleCount\":1000,\"degradationStartingPoint\":2,\"actualCount\":57} --><\/p>\n<p><!-- No repeatable ad for zone: character count repeatable. --><!-- Repeatable debug data: {\"injection\":\"none\",\"adPosition\":1,\"startingPoint\":1,\"skipEvery\":null,\"nbrPlacementFilledEachSkip\":1,\"nbrPlacementsScanned\":2,\"ruleCount\":1000,\"degradationStartingPoint\":2,\"actualCount\":58} --><\/p>\n<p><!-- No repeatable ad for zone: character count repeatable. --><!-- Repeatable debug data: {\"injection\":\"none\",\"adPosition\":1,\"startingPoint\":1,\"skipEvery\":null,\"nbrPlacementFilledEachSkip\":1,\"nbrPlacementsScanned\":2,\"ruleCount\":1000,\"degradationStartingPoint\":2,\"actualCount\":298} --><\/p>\n<p>WIT Studios <em>Pok\u00e9mon<\/em><em>: Paldean Winds<\/em> dreht sich um eine neue Gruppe von Trainern und die Starter-Pok\u00e9mon: Quaxly, Meowscarada und Fuecoco, die alle in Generation IX eingef\u00fchrt wurden. <em>Pok\u00e9mon Scarlet und Violet<\/em>.<\/p>\n<p>Die urspr\u00fcngliche Fl\u00fcssigkeitsanimation ist erfolgreich <em>Pok\u00e9mon: Hisuian Snow<\/em>, das ebenfalls von WIT animiert wurde. \u201eDiese originelle Geschichte schildert das jugendliche Drama mehrerer Akademie-Sch\u00fcler, die sich w\u00e4hrend ihrer Schulzeit entwickeln, wachsen und lernen\u201c, verriet CEO Takato Utsunomiya in <em>Pok\u00e9mon-Geschenke.<\/em><\/p>\n<p>Der Trailer setzt die Themen Reise und Selbstfindung fort, die h\u00e4ufig in <em>Pok\u00e9mon<\/em> Spiele und Anime.<\/p>\n<p><!-- No repeatable ad for zone: character count repeatable. --><!-- Repeatable debug data: {\"injection\":\"none\",\"adPosition\":1,\"startingPoint\":1,\"skipEvery\":null,\"nbrPlacementFilledEachSkip\":1,\"nbrPlacementsScanned\":2,\"ruleCount\":1000,\"degradationStartingPoint\":2,\"actualCount\":961} --><\/p>\n<p>\u201e\u201aEin Schatz ganz f\u00fcr mich\u2018? Was ist das?\u201c \u201eEtwas, das ich nicht loslassen werde.\u201c \u201eEtwas, das sich nicht \u00e4ndert.\u201c \u201eEtwas, das ich nie erwartet h\u00e4tte\u201c, deutet auf die Perspektiven von Ohara, Aliquis und Hohma hin, die die neue Adaption zum Leben erwecken werden. \u201eJetzt \u2026 Tief durchatmen \u2026 Und hinaus in die Welt.\u201c<!-- No repeatable ad for zone: character count repeatable. --><!-- Repeatable debug data: {\"injection\":\"none\",\"adPosition\":2,\"startingPoint\":1,\"skipEvery\":null,\"nbrPlacementFilledEachSkip\":2,\"nbrPlacementsScanned\":3,\"ruleCount\":1000,\"degradationStartingPoint\":2,\"actualCount\":111} --><!-- No winning ad found for zone: native in content! --><\/p>\n<p><!-- Repeatable debug data: {\"injection\":\"before\",\"adPosition\":1,\"startingPoint\":1,\"skipEvery\":null,\"nbrPlacementFilledEachSkip\":1,\"nbrPlacementsScanned\":2,\"ruleCount\":1000,\"degradationStartingPoint\":2,\"actualCount\":1338} --><!-- Zone: character count repeatable. --><!-- Repeatable debug data: {\"injection\":\"after\",\"adPosition\":2,\"startingPoint\":1,\"skipEvery\":null,\"nbrPlacementFilledEachSkip\":2,\"nbrPlacementsScanned\":2,\"ruleCount\":1000,\"degradationStartingPoint\":2,\"actualCount\":0} --><\/p>\n<h2 id=\"pok-eacute-mon-paldean-winds-will-premiere-on-youtube-in-september\">Pok\u00e9mon: Paldean Winds feiert im September auf YouTube Premiere<\/h2>\n<p><em>Angriff auf Titan<\/em> stellt eine der bemerkenswertesten Akquisitionen von WIT dar, aber das renommierte Studio war beteiligt an <em>Pok\u00e9mon<\/em> seit Jahren. 2018 <em>Pok\u00e9mon \u2013 Der Film: Die Macht in uns<\/em> wurde in Zusammenarbeit mit OLM Studios erstellt, bevor <em>Pok\u00e9mon: Hisuian Snow<\/em> Und <em>Paldean Winds<\/em> in aufeinanderfolgenden Jahren.<\/p>\n<p>Die Fans zeigten sich begeistert \u00fcber die fortgesetzte Partnerschaft von WIT mit dem Kult-Franchise und lobten insbesondere die atemberaubenden Charakterdesigns und Umgebungen. Mit malerischen Adaptionen von <em>Klassifizierung der K\u00f6nige<\/em> Und <em>Die Braut des alten Magiers<\/em> Im Portfolio von WIT erwarten die Fans Tiefe von einem der <em>Pok\u00e9mon <\/em>gr\u00f6\u00dften Regionen.<\/p>\n<p><!-- No repeatable ad for zone: character count repeatable. --><!-- Repeatable debug data: {\"injection\":\"none\",\"adPosition\":2,\"startingPoint\":1,\"skipEvery\":null,\"nbrPlacementFilledEachSkip\":2,\"nbrPlacementsScanned\":3,\"ruleCount\":1000,\"degradationStartingPoint\":2,\"actualCount\":759} --><\/p>\n<p><em>Pok\u00e9mon: Paldean Winds<\/em> wird vier Episoden umfassen und am 6. September 2023 zum Streamen \u00fcber YouTube verf\u00fcgbar sein.<\/p>\n<p><!-- No repeatable ad for zone: character count repeatable. --><!-- Repeatable debug data: {\"injection\":\"none\",\"adPosition\":2,\"startingPoint\":1,\"skipEvery\":null,\"nbrPlacementFilledEachSkip\":2,\"nbrPlacementsScanned\":3,\"ruleCount\":1000,\"degradationStartingPoint\":2,\"actualCount\":873} --><\/p>\n<p>Quelle: <a href=\"https:\/\/twitter.com\/Pokemon\/status\/1688988522575704064\" target=\"_blank\" rel=\"nofollow noopener\">X<\/a><\/p>\n<p><!-- No repeatable ad for zone: character count repeatable. --><!-- Repeatable debug data: {\"injection\":\"none\",\"adPosition\":2,\"startingPoint\":1,\"skipEvery\":null,\"nbrPlacementFilledEachSkip\":2,\"nbrPlacementsScanned\":3,\"ruleCount\":1000,\"degradationStartingPoint\":2,\"actualCount\":882} --><\/p>\n<p><!-- No repeatable ad for zone: character count repeatable. --><!-- Repeatable debug data: {\"injection\":\"none\",\"adPosition\":2,\"startingPoint\":1,\"skipEvery\":null,\"nbrPlacementFilledEachSkip\":2,\"nbrPlacementsScanned\":3,\"ruleCount\":1000,\"degradationStartingPoint\":2,\"actualCount\":883} --><\/p>\n<\/div>\n<p><script async src=\"\/\/platform.twitter.com\/widgets.js\" charset=\"utf-8\"><\/script><\/div>","protected":false},"excerpt":{"rendered":"<p>WIT Studio wird die neueste Pok\u00e9mon-Miniserie mit dem Titel \u201ePok\u00e9mon: Paldean Winds\u201c produzieren. Das Studio hinter den vorherigen Staffeln von \u201eAttack on Titan\u201c, \u201eRanking of Kings\u201c und \u201eVinland Saga\u201c wurde via X (ehemals Twitter) als Kooperationspartner best\u00e4tigt. Regisseur des Projekts sind Ryouhei Takeshita (Jujutsu Kaisen), die Autoren Teruko\u2026 <a class=\"more-link\" href=\"https:\/\/animangeek.com\/de\/studio-de-attack-on-titan-vai-animar-pokemon-minisserie-paldean-winds\/\">Weiterlesen <span class=\"screen-reader-text\">Attack on Titan Studio animiert Pok\u00e9mon: Paldean Winds Miniserie<\/span><\/a><\/p>","protected":false},"author":0,"featured_media":2663,"comment_status":"open","ping_status":"open","sticky":false,"template":"","format":"standard","meta":{"footnotes":""},"categories":[4],"tags":[],"yoast_head":"<!-- This site is optimized with the Yoast SEO plugin v23.3 - https:\/\/yoast.com\/wordpress\/plugins\/seo\/ -->\n<title>Studio de Attack on Titan vai animar Pok\u00e9mon: Miniss\u00e9rie Paldean Winds - Animan Geek<\/title>\n<meta name=\"robots\" content=\"index, follow, max-snippet:-1, max-image-preview:large, max-video-preview:-1\" \/>\n<link rel=\"canonical\" href=\"https:\/\/animangeek.com\/de\/studio-de-attack-on-titan-vai-animar-pokemon-minisserie-paldean-winds\/\" \/>\n<meta property=\"og:locale\" content=\"de_DE\" \/>\n<meta property=\"og:type\" content=\"article\" \/>\n<meta property=\"og:title\" content=\"Studio de Attack on Titan vai animar Pok\u00e9mon: Miniss\u00e9rie Paldean Winds - Animan Geek\" \/>\n<meta property=\"og:description\" content=\"Intitulado Pok\u00e9mon: Ventos Paldeanoso WIT Studio estar\u00e1 lidando com as \u00faltimas Pok\u00e9mon miniss\u00e9rie. O est\u00fadio por tr\u00e1s das temporadas anteriores de Ataque ao tit\u00e3, Classifica\u00e7\u00e3o dos Reis, e Vinland Saga foi confirmado como colaborador da nova miniss\u00e9rie via X (antigo Twitter). O projeto ter\u00e1 a equipe do diretor Ryouhei Takeshita (Jujutsu Kaisen), os roteiristas Teruko&hellip; Continue reading Studio de Attack on Titan vai animar Pok\u00e9mon: Miniss\u00e9rie Paldean Winds\" \/>\n<meta property=\"og:url\" content=\"https:\/\/animangeek.com\/de\/studio-de-attack-on-titan-vai-animar-pokemon-minisserie-paldean-winds\/\" \/>\n<meta property=\"og:site_name\" content=\"Animan Geek\" \/>\n<meta property=\"article:published_time\" content=\"2023-08-10T09:40:26+00:00\" \/>\n<meta property=\"og:image\" content=\"https:\/\/animangeek.com\/wp-content\/uploads\/sites\/106\/2023\/08\/Attack-on-Titan-Studio-para-Animar-Pokemon-Minisserie-Paldean-Winds.jpg\" \/>\n\t<meta property=\"og:image:width\" content=\"1920\" \/>\n\t<meta property=\"og:image:height\" content=\"960\" \/>\n\t<meta property=\"og:image:type\" content=\"image\/jpeg\" \/>\n<meta name=\"twitter:card\" content=\"summary_large_image\" \/>\n<meta name=\"twitter:label1\" content=\"Est. reading time\" \/>\n\t<meta name=\"twitter:data1\" content=\"2 Minuten\" \/>\n<script type=\"application\/ld+json\" class=\"yoast-schema-graph\">{\"@context\":\"https:\/\/schema.org\",\"@graph\":[{\"@type\":\"WebPage\",\"@id\":\"https:\/\/animangeek.com\/studio-de-attack-on-titan-vai-animar-pokemon-minisserie-paldean-winds\/\",\"url\":\"https:\/\/animangeek.com\/studio-de-attack-on-titan-vai-animar-pokemon-minisserie-paldean-winds\/\",\"name\":\"Studio de Attack on Titan vai animar Pok\u00e9mon: Miniss\u00e9rie Paldean Winds - Animan Geek\",\"isPartOf\":{\"@id\":\"https:\/\/animangeek.com\/#website\"},\"primaryImageOfPage\":{\"@id\":\"https:\/\/animangeek.com\/studio-de-attack-on-titan-vai-animar-pokemon-minisserie-paldean-winds\/#primaryimage\"},\"image\":{\"@id\":\"https:\/\/animangeek.com\/studio-de-attack-on-titan-vai-animar-pokemon-minisserie-paldean-winds\/#primaryimage\"},\"thumbnailUrl\":\"https:\/\/animangeek.com\/wp-content\/uploads\/sites\/106\/2023\/08\/Attack-on-Titan-Studio-para-Animar-Pokemon-Minisserie-Paldean-Winds.jpg\",\"datePublished\":\"2023-08-10T09:40:26+00:00\",\"dateModified\":\"2023-08-10T09:40:26+00:00\",\"author\":{\"@id\":\"\"},\"breadcrumb\":{\"@id\":\"https:\/\/animangeek.com\/studio-de-attack-on-titan-vai-animar-pokemon-minisserie-paldean-winds\/#breadcrumb\"},\"inLanguage\":\"de-DE\",\"potentialAction\":[{\"@type\":\"ReadAction\",\"target\":[\"https:\/\/animangeek.com\/studio-de-attack-on-titan-vai-animar-pokemon-minisserie-paldean-winds\/\"]}]},{\"@type\":\"ImageObject\",\"inLanguage\":\"de-DE\",\"@id\":\"https:\/\/animangeek.com\/studio-de-attack-on-titan-vai-animar-pokemon-minisserie-paldean-winds\/#primaryimage\",\"url\":\"https:\/\/animangeek.com\/wp-content\/uploads\/sites\/106\/2023\/08\/Attack-on-Titan-Studio-para-Animar-Pokemon-Minisserie-Paldean-Winds.jpg\",\"contentUrl\":\"https:\/\/animangeek.com\/wp-content\/uploads\/sites\/106\/2023\/08\/Attack-on-Titan-Studio-para-Animar-Pokemon-Minisserie-Paldean-Winds.jpg\",\"width\":1920,\"height\":960},{\"@type\":\"BreadcrumbList\",\"@id\":\"https:\/\/animangeek.com\/studio-de-attack-on-titan-vai-animar-pokemon-minisserie-paldean-winds\/#breadcrumb\",\"itemListElement\":[{\"@type\":\"ListItem\",\"position\":1,\"name\":\"Home\",\"item\":\"https:\/\/animangeek.com\/\"},{\"@type\":\"ListItem\",\"position\":2,\"name\":\"Studio de Attack on Titan vai animar Pok\u00e9mon: Miniss\u00e9rie Paldean Winds\"}]},{\"@type\":\"WebSite\",\"@id\":\"https:\/\/animangeek.com\/#website\",\"url\":\"https:\/\/animangeek.com\/\",\"name\":\"Animan Geek\",\"description\":\"\",\"potentialAction\":[{\"@type\":\"SearchAction\",\"target\":{\"@type\":\"EntryPoint\",\"urlTemplate\":\"https:\/\/animangeek.com\/?s={search_term_string}\"},\"query-input\":\"required name=search_term_string\"}],\"inLanguage\":\"de-DE\"}]}<\/script>\n<!-- \/ Yoast SEO plugin. -->","yoast_head_json":{"title":"Studio de Attack on Titan vai animar Pok\u00e9mon: Miniss\u00e9rie Paldean Winds - Animan Geek","robots":{"index":"index","follow":"follow","max-snippet":"max-snippet:-1","max-image-preview":"max-image-preview:large","max-video-preview":"max-video-preview:-1"},"canonical":"https:\/\/animangeek.com\/de\/studio-de-attack-on-titan-vai-animar-pokemon-minisserie-paldean-winds\/","og_locale":"de_DE","og_type":"article","og_title":"Studio de Attack on Titan vai animar Pok\u00e9mon: Miniss\u00e9rie Paldean Winds - Animan Geek","og_description":"Intitulado Pok\u00e9mon: Ventos Paldeanoso WIT Studio estar\u00e1 lidando com as \u00faltimas Pok\u00e9mon miniss\u00e9rie. O est\u00fadio por tr\u00e1s das temporadas anteriores de Ataque ao tit\u00e3, Classifica\u00e7\u00e3o dos Reis, e Vinland Saga foi confirmado como colaborador da nova miniss\u00e9rie via X (antigo Twitter). O projeto ter\u00e1 a equipe do diretor Ryouhei Takeshita (Jujutsu Kaisen), os roteiristas Teruko&hellip; Continue reading Studio de Attack on Titan vai animar Pok\u00e9mon: Miniss\u00e9rie Paldean Winds","og_url":"https:\/\/animangeek.com\/de\/studio-de-attack-on-titan-vai-animar-pokemon-minisserie-paldean-winds\/","og_site_name":"Animan Geek","article_published_time":"2023-08-10T09:40:26+00:00","og_image":[{"width":1920,"height":960,"url":"https:\/\/animangeek.com\/wp-content\/uploads\/sites\/106\/2023\/08\/Attack-on-Titan-Studio-para-Animar-Pokemon-Minisserie-Paldean-Winds.jpg","type":"image\/jpeg"}],"twitter_card":"summary_large_image","twitter_misc":{"Est. reading time":"2 Minuten"},"schema":{"@context":"https:\/\/schema.org","@graph":[{"@type":"WebPage","@id":"https:\/\/animangeek.com\/studio-de-attack-on-titan-vai-animar-pokemon-minisserie-paldean-winds\/","url":"https:\/\/animangeek.com\/studio-de-attack-on-titan-vai-animar-pokemon-minisserie-paldean-winds\/","name":"Studio de Attack on Titan vai animar Pok\u00e9mon: Miniss\u00e9rie Paldean Winds - Animan Geek","isPartOf":{"@id":"https:\/\/animangeek.com\/#website"},"primaryImageOfPage":{"@id":"https:\/\/animangeek.com\/studio-de-attack-on-titan-vai-animar-pokemon-minisserie-paldean-winds\/#primaryimage"},"image":{"@id":"https:\/\/animangeek.com\/studio-de-attack-on-titan-vai-animar-pokemon-minisserie-paldean-winds\/#primaryimage"},"thumbnailUrl":"https:\/\/animangeek.com\/wp-content\/uploads\/sites\/106\/2023\/08\/Attack-on-Titan-Studio-para-Animar-Pokemon-Minisserie-Paldean-Winds.jpg","datePublished":"2023-08-10T09:40:26+00:00","dateModified":"2023-08-10T09:40:26+00:00","author":{"@id":""},"breadcrumb":{"@id":"https:\/\/animangeek.com\/studio-de-attack-on-titan-vai-animar-pokemon-minisserie-paldean-winds\/#breadcrumb"},"inLanguage":"de-DE","potentialAction":[{"@type":"ReadAction","target":["https:\/\/animangeek.com\/studio-de-attack-on-titan-vai-animar-pokemon-minisserie-paldean-winds\/"]}]},{"@type":"ImageObject","inLanguage":"de-DE","@id":"https:\/\/animangeek.com\/studio-de-attack-on-titan-vai-animar-pokemon-minisserie-paldean-winds\/#primaryimage","url":"https:\/\/animangeek.com\/wp-content\/uploads\/sites\/106\/2023\/08\/Attack-on-Titan-Studio-para-Animar-Pokemon-Minisserie-Paldean-Winds.jpg","contentUrl":"https:\/\/animangeek.com\/wp-content\/uploads\/sites\/106\/2023\/08\/Attack-on-Titan-Studio-para-Animar-Pokemon-Minisserie-Paldean-Winds.jpg","width":1920,"height":960},{"@type":"BreadcrumbList","@id":"https:\/\/animangeek.com\/studio-de-attack-on-titan-vai-animar-pokemon-minisserie-paldean-winds\/#breadcrumb","itemListElement":[{"@type":"ListItem","position":1,"name":"Home","item":"https:\/\/animangeek.com\/"},{"@type":"ListItem","position":2,"name":"Studio de Attack on Titan vai animar Pok\u00e9mon: Miniss\u00e9rie Paldean Winds"}]},{"@type":"WebSite","@id":"https:\/\/animangeek.com\/#website","url":"https:\/\/animangeek.com\/","name":"Animan Geek","description":"","potentialAction":[{"@type":"SearchAction","target":{"@type":"EntryPoint","urlTemplate":"https:\/\/animangeek.com\/?s={search_term_string}"},"query-input":"required name=search_term_string"}],"inLanguage":"de-DE"}]}},"_links":{"self":[{"href":"https:\/\/animangeek.com\/de\/wp-json\/wp\/v2\/posts\/2664"}],"collection":[{"href":"https:\/\/animangeek.com\/de\/wp-json\/wp\/v2\/posts"}],"about":[{"href":"https:\/\/animangeek.com\/de\/wp-json\/wp\/v2\/types\/post"}],"replies":[{"embeddable":true,"href":"https:\/\/animangeek.com\/de\/wp-json\/wp\/v2\/comments?post=2664"}],"version-history":[{"count":0,"href":"https:\/\/animangeek.com\/de\/wp-json\/wp\/v2\/posts\/2664\/revisions"}],"wp:featuredmedia":[{"embeddable":true,"href":"https:\/\/animangeek.com\/de\/wp-json\/wp\/v2\/media\/2663"}],"wp:attachment":[{"href":"https:\/\/animangeek.com\/de\/wp-json\/wp\/v2\/media?parent=2664"}],"wp:term":[{"taxonomy":"category","embeddable":true,"href":"https:\/\/animangeek.com\/de\/wp-json\/wp\/v2\/categories?post=2664"},{"taxonomy":"post_tag","embeddable":true,"href":"https:\/\/animangeek.com\/de\/wp-json\/wp\/v2\/tags?post=2664"}],"curies":[{"name":"wp","href":"https:\/\/api.w.org\/{rel}","templated":true}]}}