{"id":26748,"date":"2026-03-19T15:12:00","date_gmt":"2026-03-19T15:12:00","guid":{"rendered":"https:\/\/animangeek.com\/34101ccd-003d-44c3-8a41-0d2216056fb2\/"},"modified":"2026-03-19T15:12:45","modified_gmt":"2026-03-19T15:12:45","slug":"34101ccd-003d-44c3-8a41-0d2216056fb2","status":"publish","type":"post","link":"https:\/\/animangeek.com\/de\/34101ccd-003d-44c3-8a41-0d2216056fb2\/","title":{"rendered":"Leiter von Almac\u00e9n: F\u00fchrung, Organisation und Wachstumschancen"},"content":{"rendered":"<div class=\"mx-5 sm:mx-0 prose text-left mb-5\">\n<\/p>\n<div style=\"background: #ffffff; border-radius: 12px; box-shadow: 0 10px 30px rgba(0, 0, 0, 0.1); width: 100%; max-width: 340px; padding: 25px; transition: transform 0.3s ease-in-out; overflow: visible; display: flex; flex-direction: column; position: relative; border: 1px solid #28a745; margin-top: 70px; margin-bottom: 50px; margin-left: auto; margin-right: auto;\">\n<div style=\"position: absolute; top: -35px; right: 15px; color: #28a745; padding: 5px 10px; border-radius: 6px; font-size: 14px; font-weight: bold; display: flex; align-items: center; z-index: 10;\">F\u00fcr Sie empfohlen<\/div>\n<div data-namespace-header=\"\" style=\"\">\n<h3 data-namespace-title=\"\" style=\"color: #333; font-size: 20px; font-weight: bold; text-align: left; margin-right: 50px; min-height: 50px; margin-top: 0px;\">Lagerleiter<\/h3>\n<\/p><\/div>\n<p data-namespace-prompt=\"\" style=\"font-size: 16px; color: #666; margin-bottom: 20px; line-height: 1.5; flex-grow: 1; text-align: left; margin-top: 0px;\">Effizientes Bestandsmanagement, Teamf\u00fchrung und echte Aufstiegschancen. Berufserfahrung und hervorragende Organisationsf\u00e4higkeiten sind erforderlich.<\/p>\n<p>    <a data-namespace-url=\"\" href=\"https:\/\/animangeek.com\/de\/redirect\/?https:\/\/www.multitrabajos.com\/empleos\/jefe-de-almacen-quito-almacenes-la-ganga-region-sierra-1118134283.html?utm_campaign=google_jobs_apply&#038;utm_source=google_jobs_apply&#038;utm_medium=organic\" style=\"width: 100%; display: inline-block; color: white; text-decoration: none; border-radius: 6px; font-size: 16px; font-weight: bold; text-align: center; transition: transform 0.3s ease, background 0.3s ease; margin-top: auto;\" data-namespace-id=\"5c0d2565-3ba9-4280-a382-ad2a691e2285\"><br \/>\n        <button style=\"width: 100%; height: 55px; background: #e9e9ed; border: 1px solid black; color: black;\">Bewerben Sie sich f\u00fcr eine Stelle<\/button><br \/>\n    <\/a><br \/>\n    <small style=\"margin-top: 10px; color: #777; font-size: 12px; text-align: center; display: block;\">Sie werden auf eine andere Website weitergeleitet.<\/small>\n<\/div>\n<h2>\u00bfEn qu\u00e9 consiste el cargo?<\/h2>\n<p>Die Hauptaufgabe des Almac\u00e9n-Chefs besteht darin, die ordnungsgem\u00e4\u00dfe Bestandsverwaltung zu koordinieren, zu \u00fcberwachen und zu gew\u00e4hrleisten.<\/p>\n<p>Zu den gr\u00f6\u00dften Herausforderungen z\u00e4hlen die Planung der Warenannahme, -lagerung und -ausgabe sowie die F\u00fchrung eines engagierten Teams.<\/p>\n<p>Dar\u00fcber hinaus muss \u00fcberwacht werden, dass die Verfahren und Protokolle eingehalten werden, um eine sichere und effiziente Lagerhaltung zu gew\u00e4hrleisten.<\/p>\n<p>Zielerreichung und Liebe zum Detail sind f\u00fcr herausragende Leistungen in dieser Rolle unerl\u00e4sslich.<\/p>\n<p>Diese Aufgabe erfordert proaktive Personen mit Erfahrung in der Logistik und einer ausgepr\u00e4gten Ergebnisorientierung.<\/p>\n<h2>Vorteile der Position<\/h2>\n<p>Es hebt die Entwicklung von Managementf\u00e4higkeiten und die M\u00f6glichkeit hervor, sich beruflich innerhalb eines anerkannten Unternehmens weiterzuentwickeln.<\/p>\n<p>Das Umfeld f\u00f6rdert kontinuierliches Lernen und pers\u00f6nliche Weiterentwicklung f\u00fcr diejenigen, die Engagement und F\u00fchrungsqualit\u00e4ten beweisen.<\/p>\n<p>Arbeitsplatzstabilit\u00e4t ist neben einer wettbewerbsf\u00e4higen Verg\u00fctung ein wichtiges Merkmal des Sektors.<\/p>\n<p>Die Anerkennung guter Leistungen f\u00f6rdert Engagement und Eigeninitiative.<\/p>\n<p>Dar\u00fcber hinaus bereichert der st\u00e4ndige Austausch mit verschiedenen Abteilungen das Wissen und die Kontaktnetzwerke.<\/p>\n<h2>Zu ber\u00fccksichtigende Aspekte<\/h2>\n<p>Das Verantwortungsniveau ist hoch und kann es erfordern, Entscheidungen unter Druck zu treffen.<\/p>\n<p>Die Verwaltung von Personal und Ressourcen kann eine st\u00e4ndige Herausforderung darstellen, insbesondere in Zeiten hoher Nachfrage.<\/p>\n<p>Bei Zwischenf\u00e4llen wird mit Flexibilit\u00e4t im Zeitplan gerechnet, da die Bestandsaufnahme auf den \u00fcblichen Werkstattzeiten basiert.<\/p>\n<p>Der Arbeitsablauf kann intensiv sein und erfordert st\u00e4ndige, detaillierte Aufmerksamkeit, um administrative Fehler zu vermeiden.<\/p>\n<p>Arbeiten im Stehen und Gehen w\u00e4hrend eines Teils des Tages k\u00f6nnen k\u00f6rperlich anstrengend sein.<\/p>\n<h2>Endg\u00fcltiges Urteil<\/h2>\n<p>Die Position des Lagerleiters ist ideal f\u00fcr organisierte Fachkr\u00e4fte mit Erfahrung in der Logistik, die eine neue berufliche Herausforderung suchen.<\/p>\n<p>Es bietet klare Vorteile f\u00fcr Lernen und pers\u00f6nliches Wachstum, bringt aber auch ein hohes Ma\u00df an Verantwortung und t\u00e4glichen Anforderungen mit sich.<\/p>\n<p>Es ist eine attraktive Gelegenheit f\u00fcr diejenigen, die gerne Teams leiten und Prozesse im Bereich der Logistik optimieren.<\/p>\n<p>Wenn Sie \u00fcber Planungsf\u00e4higkeiten und Teamkoordination verf\u00fcgen und sich beruflich weiterentwickeln m\u00f6chten, k\u00f6nnte diese Stelle genau das Richtige f\u00fcr Sie sein.<\/p>\n<p>Kurz gesagt, stellt dies ein Gleichgewicht zwischen Rechten und Belohnungen f\u00fcr das richtige Profil dar.<\/p>\n<div style=\"background: #ffffff; border-radius: 12px; box-shadow: 0 10px 30px rgba(0, 0, 0, 0.1); width: 100%; max-width: 340px; padding: 25px; transition: transform 0.3s ease-in-out; overflow: visible; display: flex; flex-direction: column; position: relative; border: 1px solid #28a745; margin-top: 70px; margin-bottom: 50px; margin-left: auto; margin-right: auto;\">\n<div style=\"position: absolute; top: -35px; right: 15px; color: #28a745; padding: 5px 10px; border-radius: 6px; font-size: 14px; font-weight: bold; display: flex; align-items: center; z-index: 10;\">F\u00fcr Sie empfohlen<\/div>\n<div data-namespace-header=\"\" style=\"\">\n<h3 data-namespace-title=\"\" style=\"color: #333; font-size: 20px; font-weight: bold; text-align: left; margin-right: 50px; min-height: 50px; margin-top: 0px;\">Lagerleiter<\/h3>\n<\/p><\/div>\n<p data-namespace-prompt=\"\" style=\"font-size: 16px; color: #666; margin-bottom: 20px; line-height: 1.5; flex-grow: 1; text-align: left; margin-top: 0px;\">Effizientes Bestandsmanagement, Teamf\u00fchrung und echte Aufstiegschancen. Berufserfahrung und hervorragende Organisationsf\u00e4higkeiten sind erforderlich.<\/p>\n<p>    <a data-namespace-url=\"\" href=\"https:\/\/animangeek.com\/de\/redirect\/?https:\/\/www.multitrabajos.com\/empleos\/jefe-de-almacen-quito-almacenes-la-ganga-region-sierra-1118134283.html?utm_campaign=google_jobs_apply&#038;utm_source=google_jobs_apply&#038;utm_medium=organic\" style=\"width: 100%; display: inline-block; color: white; text-decoration: none; border-radius: 6px; font-size: 16px; font-weight: bold; text-align: center; transition: transform 0.3s ease, background 0.3s ease; margin-top: auto;\" data-namespace-id=\"5c0d2565-3ba9-4280-a382-ad2a691e2285\"><br \/>\n        <button style=\"width: 100%; height: 55px; background: #e9e9ed; border: 1px solid black; color: black;\">Bewerben Sie sich f\u00fcr eine Stelle<\/button><br \/>\n    <\/a><br \/>\n    <small style=\"margin-top: 10px; color: #777; font-size: 12px; text-align: center; display: block;\">Sie werden auf eine andere Website weitergeleitet.<\/small>\n<\/div>\n<\/div>","protected":false},"excerpt":{"rendered":"<p>Finden Sie heraus, ob die Position des Jefe de Almac\u00e9n (Gesch\u00e4ftsf\u00fchrer) zu Ihnen passt. Wir analysieren Anforderungen, Vorteile, Herausforderungen und Entwicklungsm\u00f6glichkeiten. Sind Sie bereit, die Verantwortung zu \u00fcbernehmen?<\/p>","protected":false},"author":3,"featured_media":0,"comment_status":"open","ping_status":"open","sticky":false,"template":"","format":"standard","meta":{"footnotes":""},"categories":[1770],"tags":[],"yoast_head":"<!-- This site is optimized with the Yoast SEO plugin v23.3 - https:\/\/yoast.com\/wordpress\/plugins\/seo\/ -->\n<title>Jefe de Almac\u00e9n: Liderazgo, organizaci\u00f3n y oportunidad de crecimiento - Animan Geek<\/title>\n<meta name=\"robots\" content=\"index, follow, max-snippet:-1, max-image-preview:large, max-video-preview:-1\" \/>\n<link rel=\"canonical\" href=\"https:\/\/animangeek.com\/de\/34101ccd-003d-44c3-8a41-0d2216056fb2\/\" \/>\n<meta property=\"og:locale\" content=\"de_DE\" \/>\n<meta property=\"og:type\" content=\"article\" \/>\n<meta property=\"og:title\" content=\"Jefe de Almac\u00e9n: Liderazgo, organizaci\u00f3n y oportunidad de crecimiento - Animan Geek\" \/>\n<meta property=\"og:description\" content=\"Descubre si el puesto de Jefe de Almac\u00e9n es para ti. Analizamos requisitos, ventajas, desaf\u00edos y oportunidades de crecimiento. \u00bfListo para asumir el reto?\" \/>\n<meta property=\"og:url\" content=\"https:\/\/animangeek.com\/de\/34101ccd-003d-44c3-8a41-0d2216056fb2\/\" \/>\n<meta property=\"og:site_name\" content=\"Animan Geek\" \/>\n<meta property=\"article:published_time\" content=\"2026-03-19T15:12:00+00:00\" \/>\n<meta property=\"article:modified_time\" content=\"2026-03-19T15:12:45+00:00\" \/>\n<meta name=\"author\" content=\"Bruno Gianni\" \/>\n<meta name=\"twitter:card\" content=\"summary_large_image\" \/>\n<meta name=\"twitter:label1\" content=\"Written by\" \/>\n\t<meta name=\"twitter:data1\" content=\"Bruno Gianni\" \/>\n\t<meta name=\"twitter:label2\" content=\"Est. reading time\" \/>\n\t<meta name=\"twitter:data2\" content=\"2 Minuten\" \/>\n<script type=\"application\/ld+json\" class=\"yoast-schema-graph\">{\"@context\":\"https:\/\/schema.org\",\"@graph\":[{\"@type\":\"WebPage\",\"@id\":\"https:\/\/animangeek.com\/34101ccd-003d-44c3-8a41-0d2216056fb2\/\",\"url\":\"https:\/\/animangeek.com\/34101ccd-003d-44c3-8a41-0d2216056fb2\/\",\"name\":\"Jefe de Almac\u00e9n: Liderazgo, organizaci\u00f3n y oportunidad de crecimiento - Animan Geek\",\"isPartOf\":{\"@id\":\"https:\/\/animangeek.com\/#website\"},\"datePublished\":\"2026-03-19T15:12:00+00:00\",\"dateModified\":\"2026-03-19T15:12:45+00:00\",\"author\":{\"@id\":\"https:\/\/animangeek.com\/#\/schema\/person\/d52888235fd6563bd07d97185d6a61e4\"},\"breadcrumb\":{\"@id\":\"https:\/\/animangeek.com\/34101ccd-003d-44c3-8a41-0d2216056fb2\/#breadcrumb\"},\"inLanguage\":\"de-DE\",\"potentialAction\":[{\"@type\":\"ReadAction\",\"target\":[\"https:\/\/animangeek.com\/34101ccd-003d-44c3-8a41-0d2216056fb2\/\"]}]},{\"@type\":\"BreadcrumbList\",\"@id\":\"https:\/\/animangeek.com\/34101ccd-003d-44c3-8a41-0d2216056fb2\/#breadcrumb\",\"itemListElement\":[{\"@type\":\"ListItem\",\"position\":1,\"name\":\"Home\",\"item\":\"https:\/\/animangeek.com\/\"},{\"@type\":\"ListItem\",\"position\":2,\"name\":\"Jefe de Almac\u00e9n: Liderazgo, organizaci\u00f3n y oportunidad de crecimiento\"}]},{\"@type\":\"WebSite\",\"@id\":\"https:\/\/animangeek.com\/#website\",\"url\":\"https:\/\/animangeek.com\/\",\"name\":\"Animan Geek\",\"description\":\"\",\"potentialAction\":[{\"@type\":\"SearchAction\",\"target\":{\"@type\":\"EntryPoint\",\"urlTemplate\":\"https:\/\/animangeek.com\/?s={search_term_string}\"},\"query-input\":\"required name=search_term_string\"}],\"inLanguage\":\"de-DE\"},{\"@type\":\"Person\",\"@id\":\"https:\/\/animangeek.com\/#\/schema\/person\/d52888235fd6563bd07d97185d6a61e4\",\"name\":\"Bruno Gianni\",\"image\":{\"@type\":\"ImageObject\",\"inLanguage\":\"de-DE\",\"@id\":\"https:\/\/animangeek.com\/#\/schema\/person\/image\/\",\"url\":\"https:\/\/secure.gravatar.com\/avatar\/0f5d42d7bf77874643c1478932860e3f?s=96&d=mm&r=g\",\"contentUrl\":\"https:\/\/secure.gravatar.com\/avatar\/0f5d42d7bf77874643c1478932860e3f?s=96&d=mm&r=g\",\"caption\":\"Bruno Gianni\"},\"description\":\"Bruno writes the way he lives, with curiosity, care, and respect for people. He likes to observe, listen, and try to understand what is happening on the other side before putting any words on the page.For him, writing is not about impressing, but about getting closer. It is about turning thoughts into something simple, clear, and real. Every text is an ongoing conversation, created with care and honesty, with the sincere intention of touching someone, somewhere along the way.\",\"url\":\"https:\/\/animangeek.com\/de\/author\/bcgianni\/\"}]}<\/script>\n<!-- \/ Yoast SEO plugin. -->","yoast_head_json":{"title":"Jefe de Almac\u00e9n: Liderazgo, organizaci\u00f3n y oportunidad de crecimiento - Animan Geek","robots":{"index":"index","follow":"follow","max-snippet":"max-snippet:-1","max-image-preview":"max-image-preview:large","max-video-preview":"max-video-preview:-1"},"canonical":"https:\/\/animangeek.com\/de\/34101ccd-003d-44c3-8a41-0d2216056fb2\/","og_locale":"de_DE","og_type":"article","og_title":"Jefe de Almac\u00e9n: Liderazgo, organizaci\u00f3n y oportunidad de crecimiento - Animan Geek","og_description":"Descubre si el puesto de Jefe de Almac\u00e9n es para ti. Analizamos requisitos, ventajas, desaf\u00edos y oportunidades de crecimiento. \u00bfListo para asumir el reto?","og_url":"https:\/\/animangeek.com\/de\/34101ccd-003d-44c3-8a41-0d2216056fb2\/","og_site_name":"Animan Geek","article_published_time":"2026-03-19T15:12:00+00:00","article_modified_time":"2026-03-19T15:12:45+00:00","author":"Bruno Gianni","twitter_card":"summary_large_image","twitter_misc":{"Written by":"Bruno Gianni","Est. reading time":"2 Minuten"},"schema":{"@context":"https:\/\/schema.org","@graph":[{"@type":"WebPage","@id":"https:\/\/animangeek.com\/34101ccd-003d-44c3-8a41-0d2216056fb2\/","url":"https:\/\/animangeek.com\/34101ccd-003d-44c3-8a41-0d2216056fb2\/","name":"Jefe de Almac\u00e9n: Liderazgo, organizaci\u00f3n y oportunidad de crecimiento - Animan Geek","isPartOf":{"@id":"https:\/\/animangeek.com\/#website"},"datePublished":"2026-03-19T15:12:00+00:00","dateModified":"2026-03-19T15:12:45+00:00","author":{"@id":"https:\/\/animangeek.com\/#\/schema\/person\/d52888235fd6563bd07d97185d6a61e4"},"breadcrumb":{"@id":"https:\/\/animangeek.com\/34101ccd-003d-44c3-8a41-0d2216056fb2\/#breadcrumb"},"inLanguage":"de-DE","potentialAction":[{"@type":"ReadAction","target":["https:\/\/animangeek.com\/34101ccd-003d-44c3-8a41-0d2216056fb2\/"]}]},{"@type":"BreadcrumbList","@id":"https:\/\/animangeek.com\/34101ccd-003d-44c3-8a41-0d2216056fb2\/#breadcrumb","itemListElement":[{"@type":"ListItem","position":1,"name":"Home","item":"https:\/\/animangeek.com\/"},{"@type":"ListItem","position":2,"name":"Jefe de Almac\u00e9n: Liderazgo, organizaci\u00f3n y oportunidad de crecimiento"}]},{"@type":"WebSite","@id":"https:\/\/animangeek.com\/#website","url":"https:\/\/animangeek.com\/","name":"Animan Geek","description":"","potentialAction":[{"@type":"SearchAction","target":{"@type":"EntryPoint","urlTemplate":"https:\/\/animangeek.com\/?s={search_term_string}"},"query-input":"required name=search_term_string"}],"inLanguage":"de-DE"},{"@type":"Person","@id":"https:\/\/animangeek.com\/#\/schema\/person\/d52888235fd6563bd07d97185d6a61e4","name":"Bruno Gianni","image":{"@type":"ImageObject","inLanguage":"de-DE","@id":"https:\/\/animangeek.com\/#\/schema\/person\/image\/","url":"https:\/\/secure.gravatar.com\/avatar\/0f5d42d7bf77874643c1478932860e3f?s=96&d=mm&r=g","contentUrl":"https:\/\/secure.gravatar.com\/avatar\/0f5d42d7bf77874643c1478932860e3f?s=96&d=mm&r=g","caption":"Bruno Gianni"},"description":"Bruno writes the way he lives, with curiosity, care, and respect for people. He likes to observe, listen, and try to understand what is happening on the other side before putting any words on the page.For him, writing is not about impressing, but about getting closer. It is about turning thoughts into something simple, clear, and real. Every text is an ongoing conversation, created with care and honesty, with the sincere intention of touching someone, somewhere along the way.","url":"https:\/\/animangeek.com\/de\/author\/bcgianni\/"}]}},"_links":{"self":[{"href":"https:\/\/animangeek.com\/de\/wp-json\/wp\/v2\/posts\/26748"}],"collection":[{"href":"https:\/\/animangeek.com\/de\/wp-json\/wp\/v2\/posts"}],"about":[{"href":"https:\/\/animangeek.com\/de\/wp-json\/wp\/v2\/types\/post"}],"author":[{"embeddable":true,"href":"https:\/\/animangeek.com\/de\/wp-json\/wp\/v2\/users\/3"}],"replies":[{"embeddable":true,"href":"https:\/\/animangeek.com\/de\/wp-json\/wp\/v2\/comments?post=26748"}],"version-history":[{"count":1,"href":"https:\/\/animangeek.com\/de\/wp-json\/wp\/v2\/posts\/26748\/revisions"}],"predecessor-version":[{"id":26761,"href":"https:\/\/animangeek.com\/de\/wp-json\/wp\/v2\/posts\/26748\/revisions\/26761"}],"wp:attachment":[{"href":"https:\/\/animangeek.com\/de\/wp-json\/wp\/v2\/media?parent=26748"}],"wp:term":[{"taxonomy":"category","embeddable":true,"href":"https:\/\/animangeek.com\/de\/wp-json\/wp\/v2\/categories?post=26748"},{"taxonomy":"post_tag","embeddable":true,"href":"https:\/\/animangeek.com\/de\/wp-json\/wp\/v2\/tags?post=26748"}],"curies":[{"name":"wp","href":"https:\/\/api.w.org\/{rel}","templated":true}]}}