{"id":2836,"date":"2023-08-11T12:18:23","date_gmt":"2023-08-11T15:18:23","guid":{"rendered":"https:\/\/animangeek.com\/?p=2836"},"modified":"2023-08-11T12:18:23","modified_gmt":"2023-08-11T15:18:23","slug":"mushoku-tensei-sara-queria-se-desculpar-pela-impotencia-de-rudeus","status":"publish","type":"post","link":"https:\/\/animangeek.com\/de\/mushoku-tensei-sara-queria-se-desculpar-pela-impotencia-de-rudeus\/","title":{"rendered":"Mushoku Tensei: Sara wollte sich f\u00fcr Rudeus&#039; Hilflosigkeit entschuldigen"},"content":{"rendered":"<div class=\"mx-5 sm:mx-0 prose text-left mb-5\">Der weibliche Charakter <strong>Sara<\/strong> aus dem Anime \u00ab<strong>Mushoku Tensei: Isekai Ittara Honki Dasu<\/strong>\u00bb (<strong>Mushoku Tensei: Arbeitslose Reinkarnation<\/strong>) war Gegenstand unz\u00e4hliger Debatten und Memes, obwohl es nur in wenigen Episoden der zweiten Staffel auftauchte.<\/p>\n<p>Jedoch, <strong>Sara <\/strong>Er wird in der Serie nicht mehr auftauchen und weckt bei vielen Sehnsucht und Neugier. Warum also nicht ein paar Fakten \u00fcber diese r\u00e4tselhafte Figur erkunden?<\/p>\n<div>\n<h2 class=\"wp-block-heading has-text-align-center\">Die tragische Vergangenheit von Sara, dem M\u00e4dchen, das \u00fcber Rudeus&#039; Impotenz erz\u00fcrnt war<\/h2>\n<figure class=\"wp-block-image size-full\"><noscript><img loading=\"lazy\" decoding=\"async\" width=\"1280\" height=\"720\" src=\"http:\/\/animangeek.com\/wp-content\/uploads\/sites\/106\/2023\/08\/Sara-queria-se-desculpar-pela-impotencia-de-Rudeus.jpg\" alt=\"Mushoku Tensei: Reencarna\u00e7\u00e3o sem emprego\" class=\"wp-image-346419\" title=\"Mushoku Tensei: Sara wollte sich f\u00fcr Rudeus\u2018 Hilflosigkeit entschuldigen 2\"\/><\/noscript><img loading=\"lazy\" decoding=\"async\" class=\"lazyload wp-image-346419\" title=\"Mushoku Tensei: Sara wollte sich f\u00fcr Rudeus\u2018 Hilflosigkeit entschuldigen 2\" src=\"http:\/\/animangeek.com\/wp-content\/uploads\/sites\/106\/2023\/08\/Sara-queria-se-desculpar-pela-impotencia-de-Rudeus.jpg\" alt=\"Mushoku Tensei: Reencarna\u00e7\u00e3o sem emprego\" width=\"1280\" height=\"720\" data-=\"\" \/><\/figure>\n<p><strong>Saras tragische Vergangenheit in<\/strong>\u00ab<strong>Mushoku Tensei: Isekai Ittara Honki Dasu<\/strong>\u00ab: Eine Trag\u00f6die traf das Leben von <strong>Sara <\/strong>Als er erst 10 Jahre alt war, wurde sein Dorf von Monstern angegriffen und die mangelnde Hilfe der Adligen f\u00fchrte zum Tod seiner Eltern.<\/p>\n<p>Dieses schmerzliche Ereignis s\u00e4te einen Samen des Hasses in <strong>Sara<\/strong> gegen\u00fcber den Adligen, die er als selbsts\u00fcchtige Feiglinge ansah. Aber was brachte diese komplexe Pers\u00f6nlichkeit dazu, Rudeus zu begegnen, und wie ver\u00e4nderte sich ihre Beziehung?<\/p>\n<p><strong>Ihre Beziehung zu Rudeus: vom Hass zur Liebe<\/strong>: Zun\u00e4chst <strong>Sara <\/strong>gehasst <strong>unh\u00f6flich <\/strong>wegen seiner \u00c4hnlichkeit mit <strong>Pilemon, <\/strong>der j\u00fcngere Bruder von <strong>Paul <\/strong>und der Adlige, der f\u00fcr sein Dorf verantwortlich ist.<\/p>\n<p>Doch mit der Zeit entwickelte sich ihre Beziehung und <strong>rudeus <\/strong>wurde ihr Liebhaber.<\/p>\n<div class=\"wp-block-image\">\n<figure class=\"aligncenter size-full\"><noscript><img loading=\"lazy\" decoding=\"async\" width=\"1920\" height=\"1080\" src=\"https:\/\/animangeek.com\/wp-content\/uploads\/2023\/08\/1691724906_350_Sara-queria-se-desculpar-pela-impotencia-de-Rudeus.jpg\" alt=\"Mushoku-Tensei-Pv\" class=\"wp-image-344710\" title=\"Mushoku Tensei: Sara wollte sich f\u00fcr Rudeus&#039; Hilflosigkeit entschuldigen 3\"\/><\/noscript><img loading=\"lazy\" decoding=\"async\" class=\"lazyload wp-image-344710\" title=\"Mushoku Tensei: Sara wollte sich f\u00fcr Rudeus&#039; Hilflosigkeit entschuldigen 3\" src=\"https:\/\/animangeek.com\/wp-content\/uploads\/2023\/08\/1691724906_350_Sara-queria-se-desculpar-pela-impotencia-de-Rudeus.jpg\" alt=\"Mushoku-Tensei-Pv\" width=\"1920\" height=\"1080\" data-=\"\" \/><\/figure>\n<\/div>\n<p><strong>Sara <\/strong>Ich wollte mich sogar bei ihm entschuldigen, nachdem ich von seinem Impotenzproblem erfahren hatte. <strong>rudeus <\/strong>durch ihre Freundin <strong>Elise<\/strong>.<\/p>\n<p>Doch die Trennung kam, bevor er es konnte, und st\u00fcrzte seine Geschichte in noch tiefere Traurigkeit.<\/p>\n<p><strong>F\u00e4higkeiten und Pers\u00f6nlichkeit<\/strong>: Zus\u00e4tzlich zu seinem inneren Konflikt und seiner Beziehung zu <strong>rudeus<\/strong>, <strong>Sara <\/strong>Sie ist auch als hervorragende Bogensch\u00fctzin bekannt, eine F\u00e4higkeit, die sie von ihrem Vater geerbt hat.<\/p>\n<p>Obwohl sie stark und entschlossen ist, besitzt sie auch eine gewisse Sanftheit, die sich in ihrem Beharren darauf zeigt, selbst kleine Gef\u00e4lligkeiten zu erwidern.<\/p>\n<h3 class=\"wp-block-heading has-text-align-center\"><strong>Unterschiede zwischen dem Roman und dem Anime<\/strong> von Sara in Mushoku Tensei<\/h3>\n<div class=\"wp-block-image\">\n<figure class=\"aligncenter size-full\"><noscript><img loading=\"lazy\" decoding=\"async\" width=\"1280\" height=\"720\" src=\"https:\/\/animangeek.com\/wp-content\/uploads\/2023\/08\/1691724906_533_Sara-queria-se-desculpar-pela-impotencia-de-Rudeus.jpg\" alt=\"Mushoku Tensei-Sara\" class=\"wp-image-344759\" title=\"Mushoku Tensei: Sara wollte sich f\u00fcr Rudeus&#039; Hilflosigkeit entschuldigen 4\"\/><\/noscript><img loading=\"lazy\" decoding=\"async\" class=\"lazyload wp-image-344759\" title=\"Mushoku Tensei: Sara wollte sich f\u00fcr Rudeus&#039; Hilflosigkeit entschuldigen 4\" src=\"https:\/\/animangeek.com\/wp-content\/uploads\/2023\/08\/1691724906_533_Sara-queria-se-desculpar-pela-impotencia-de-Rudeus.jpg\" alt=\"Mushoku Tensei-Sara\" width=\"1280\" height=\"720\" data-=\"\" \/><\/figure>\n<\/div>\n<p>Es ist faszinierend festzustellen, dass im urspr\u00fcnglichen Webroman von \u201e<strong>Mushoku Tensei: Isekai Ittara Honki Dasu<\/strong>\u00ab, <strong>Sara <\/strong>spielte keine herausragende Rolle.<\/p>\n<p>Sie wurde nur als \u201eM\u00e4dchen, das aussah wie <strong>eris<\/strong>\u201eWomit <strong>rudeus<\/strong>\u00a0hatte eine Aff\u00e4re. Dieser eigent\u00fcmliche Charakter wurde erweitert und bereichert, als der Webroman in die Romanversion adaptiert wurde, wodurch sie zu einer komplexeren und fesselnderen Figur wurde.<\/p>\n<p><strong>\u00c4hnlichkeiten mit Eris<\/strong>: <strong>Sara <\/strong>weist viele \u00c4hnlichkeiten mit <strong>Eris, <\/strong>eine weitere Schl\u00fcsselfigur in \u00ab<strong>Mushoku Tensei: Isekai Ittara Honki Dasu<\/strong>\u00ab. Beide M\u00e4dchen sind erfahrene K\u00e4mpferinnen, haben eine Tsundere-Pers\u00f6nlichkeit und obwohl sie sich anfangs \u201ehassten\u201c, <strong>rudeus und<\/strong>Schlie\u00dflich verliebten sie sich in ihn.<\/p>\n<div class=\"wp-block-image\">\n<figure class=\"aligncenter size-full\"><noscript><img loading=\"lazy\" decoding=\"async\" width=\"1200\" height=\"675\" src=\"https:\/\/animangeek.com\/wp-content\/uploads\/2023\/08\/1691724906_916_Sara-queria-se-desculpar-pela-impotencia-de-Rudeus.jpg\" alt=\"Mushoku Tensei 18\" class=\"wp-image-346322\" title=\"Mushoku Tensei: Sara wollte sich f\u00fcr Rudeus&#039; Hilflosigkeit entschuldigen 5\"\/><\/noscript><img loading=\"lazy\" decoding=\"async\" class=\"lazyload wp-image-346322\" title=\"Mushoku Tensei: Sara wollte sich f\u00fcr Rudeus&#039; Hilflosigkeit entschuldigen 5\" src=\"https:\/\/animangeek.com\/wp-content\/uploads\/2023\/08\/1691724906_916_Sara-queria-se-desculpar-pela-impotencia-de-Rudeus.jpg\" alt=\"Mushoku Tensei 18\" width=\"1200\" height=\"675\" data-=\"\" \/><\/figure>\n<\/div>\n<p>Die Geschichte von <strong>Sara <\/strong>In &quot;<strong>Mushoku Tensei: Isekai Ittara Honki Dasu<\/strong>\u00bb Es mag kurz sein, aber es steckt voller Nuancen und Emotionen, die bei vielen Fans Anklang finden werden.<\/p>\n<p>Von ihrer tragischen Vergangenheit bis zu ihrer sich entwickelnden Beziehung mit <strong>Rudeus <\/strong>und ihre einzigartigen F\u00e4higkeiten, <strong>Sara<\/strong> ist eine Figur, die einen bleibenden Eindruck hinterl\u00e4sst.<\/p>\n<p>Wenn es Ihnen Spa\u00df gemacht hat, diese Fakten \u00fcber <strong>Sara <\/strong>von &quot;<strong>Mushoku Tensei: Isekai Ittara Honki Dasu, <\/strong>Folgen Sie uns f\u00fcr ausf\u00fchrlichere Rezensionen und Informationen zu Ihren Lieblings-Anime-Charakteren und -Serien.<\/p>\n<p>\u00a9\u7406\u4e0d\u5c3d\u306a\u5b6b\u306e\u624b\/MF\u30d6\u30c3\u30af\u30b9\/\u300c\u7121\u8077\u8ee2\u751f\u300d\u88fd\u4f5c\u59d4\u54e1\u4f1a<\/p>\n<\/div>\n<p>&nbsp;<\/p><\/div>","protected":false},"excerpt":{"rendered":"<p>Die weibliche Figur Sara aus dem Anime \u201eMushoku Tensei: Isekai Ittara Honki Dasu\u201c (Mushoku Tensei: Jobless Reincarnation) hat unz\u00e4hlige Debatten und Memes ausgel\u00f6st, obwohl sie nur in wenigen Episoden der zweiten Staffel auftauchte. Sara wird jedoch nicht mehr in der Serie erscheinen, was bei vielen Nostalgie und Neugier weckt. Warum also nicht ein paar Fakten erkunden \u2026 <a class=\"more-link\" href=\"https:\/\/animangeek.com\/de\/mushoku-tensei-sara-queria-se-desculpar-pela-impotencia-de-rudeus\/\">Weiterlesen <span class=\"screen-reader-text\">Mushoku Tensei: Sara wollte sich f\u00fcr Rudeus&#039; Hilflosigkeit entschuldigen<\/span><\/a><\/p>","protected":false},"author":0,"featured_media":2837,"comment_status":"open","ping_status":"open","sticky":false,"template":"","format":"standard","meta":{"footnotes":""},"categories":[5],"tags":[],"yoast_head":"<!-- This site is optimized with the Yoast SEO plugin v23.3 - https:\/\/yoast.com\/wordpress\/plugins\/seo\/ -->\n<title>Mushoku Tensei: Sara queria se desculpar pela impot\u00eancia de Rudeus - Animan Geek<\/title>\n<meta name=\"description\" content=\"El personaje femenino Sara del anime &quot;Mushoku Tensei: Isekai Ittara Honki Dasu&quot; (Mushoku Tensei: Jobless Reincarnation)\u00a0ha protagonizado infinidad de debates\" \/>\n<meta name=\"robots\" content=\"index, follow, max-snippet:-1, max-image-preview:large, max-video-preview:-1\" \/>\n<link rel=\"canonical\" href=\"https:\/\/animangeek.com\/de\/mushoku-tensei-sara-queria-se-desculpar-pela-impotencia-de-rudeus\/\" \/>\n<meta property=\"og:locale\" content=\"de_DE\" \/>\n<meta property=\"og:type\" content=\"article\" \/>\n<meta property=\"og:title\" content=\"Mushoku Tensei: Sara queria se desculpar pela impot\u00eancia de Rudeus - Animan Geek\" \/>\n<meta property=\"og:description\" content=\"El personaje femenino Sara del anime &quot;Mushoku Tensei: Isekai Ittara Honki Dasu&quot; (Mushoku Tensei: Jobless Reincarnation)\u00a0ha protagonizado infinidad de debates\" \/>\n<meta property=\"og:url\" content=\"https:\/\/animangeek.com\/de\/mushoku-tensei-sara-queria-se-desculpar-pela-impotencia-de-rudeus\/\" \/>\n<meta property=\"og:site_name\" content=\"Animan Geek\" \/>\n<meta property=\"article:published_time\" content=\"2023-08-11T15:18:23+00:00\" \/>\n<meta property=\"og:image\" content=\"https:\/\/animangeek.com\/wp-content\/uploads\/sites\/106\/2023\/08\/Sara-queria-se-desculpar-pela-impotencia-de-Rudeus.jpg\" \/>\n\t<meta property=\"og:image:width\" content=\"1280\" \/>\n\t<meta property=\"og:image:height\" content=\"720\" \/>\n\t<meta property=\"og:image:type\" content=\"image\/jpeg\" \/>\n<meta name=\"twitter:card\" content=\"summary_large_image\" \/>\n<meta name=\"twitter:label1\" content=\"Est. reading time\" \/>\n\t<meta name=\"twitter:data1\" content=\"3 Minuten\" \/>\n<script type=\"application\/ld+json\" class=\"yoast-schema-graph\">{\"@context\":\"https:\/\/schema.org\",\"@graph\":[{\"@type\":\"WebPage\",\"@id\":\"https:\/\/animangeek.com\/mushoku-tensei-sara-queria-se-desculpar-pela-impotencia-de-rudeus\/\",\"url\":\"https:\/\/animangeek.com\/mushoku-tensei-sara-queria-se-desculpar-pela-impotencia-de-rudeus\/\",\"name\":\"Mushoku Tensei: Sara queria se desculpar pela impot\u00eancia de Rudeus - Animan Geek\",\"isPartOf\":{\"@id\":\"https:\/\/animangeek.com\/#website\"},\"primaryImageOfPage\":{\"@id\":\"https:\/\/animangeek.com\/mushoku-tensei-sara-queria-se-desculpar-pela-impotencia-de-rudeus\/#primaryimage\"},\"image\":{\"@id\":\"https:\/\/animangeek.com\/mushoku-tensei-sara-queria-se-desculpar-pela-impotencia-de-rudeus\/#primaryimage\"},\"thumbnailUrl\":\"https:\/\/animangeek.com\/wp-content\/uploads\/sites\/106\/2023\/08\/Sara-queria-se-desculpar-pela-impotencia-de-Rudeus.jpg\",\"datePublished\":\"2023-08-11T15:18:23+00:00\",\"dateModified\":\"2023-08-11T15:18:23+00:00\",\"author\":{\"@id\":\"\"},\"description\":\"El personaje femenino Sara del anime &quot;Mushoku Tensei: Isekai Ittara Honki Dasu&quot; (Mushoku Tensei: Jobless Reincarnation)\u00a0ha protagonizado infinidad de debates\",\"breadcrumb\":{\"@id\":\"https:\/\/animangeek.com\/mushoku-tensei-sara-queria-se-desculpar-pela-impotencia-de-rudeus\/#breadcrumb\"},\"inLanguage\":\"de-DE\",\"potentialAction\":[{\"@type\":\"ReadAction\",\"target\":[\"https:\/\/animangeek.com\/mushoku-tensei-sara-queria-se-desculpar-pela-impotencia-de-rudeus\/\"]}]},{\"@type\":\"ImageObject\",\"inLanguage\":\"de-DE\",\"@id\":\"https:\/\/animangeek.com\/mushoku-tensei-sara-queria-se-desculpar-pela-impotencia-de-rudeus\/#primaryimage\",\"url\":\"https:\/\/animangeek.com\/wp-content\/uploads\/sites\/106\/2023\/08\/Sara-queria-se-desculpar-pela-impotencia-de-Rudeus.jpg\",\"contentUrl\":\"https:\/\/animangeek.com\/wp-content\/uploads\/sites\/106\/2023\/08\/Sara-queria-se-desculpar-pela-impotencia-de-Rudeus.jpg\",\"width\":1280,\"height\":720},{\"@type\":\"BreadcrumbList\",\"@id\":\"https:\/\/animangeek.com\/mushoku-tensei-sara-queria-se-desculpar-pela-impotencia-de-rudeus\/#breadcrumb\",\"itemListElement\":[{\"@type\":\"ListItem\",\"position\":1,\"name\":\"Home\",\"item\":\"https:\/\/animangeek.com\/\"},{\"@type\":\"ListItem\",\"position\":2,\"name\":\"Mushoku Tensei: Sara queria se desculpar pela impot\u00eancia de Rudeus\"}]},{\"@type\":\"WebSite\",\"@id\":\"https:\/\/animangeek.com\/#website\",\"url\":\"https:\/\/animangeek.com\/\",\"name\":\"Animan Geek\",\"description\":\"\",\"potentialAction\":[{\"@type\":\"SearchAction\",\"target\":{\"@type\":\"EntryPoint\",\"urlTemplate\":\"https:\/\/animangeek.com\/?s={search_term_string}\"},\"query-input\":\"required name=search_term_string\"}],\"inLanguage\":\"de-DE\"}]}<\/script>\n<!-- \/ Yoast SEO plugin. -->","yoast_head_json":{"title":"Mushoku Tensei: Sara queria se desculpar pela impot\u00eancia de Rudeus - Animan Geek","description":"El personaje femenino Sara del anime &quot;Mushoku Tensei: Isekai Ittara Honki Dasu&quot; (Mushoku Tensei: Jobless Reincarnation)\u00a0ha protagonizado infinidad de debates","robots":{"index":"index","follow":"follow","max-snippet":"max-snippet:-1","max-image-preview":"max-image-preview:large","max-video-preview":"max-video-preview:-1"},"canonical":"https:\/\/animangeek.com\/de\/mushoku-tensei-sara-queria-se-desculpar-pela-impotencia-de-rudeus\/","og_locale":"de_DE","og_type":"article","og_title":"Mushoku Tensei: Sara queria se desculpar pela impot\u00eancia de Rudeus - Animan Geek","og_description":"El personaje femenino Sara del anime &quot;Mushoku Tensei: Isekai Ittara Honki Dasu&quot; (Mushoku Tensei: Jobless Reincarnation)\u00a0ha protagonizado infinidad de debates","og_url":"https:\/\/animangeek.com\/de\/mushoku-tensei-sara-queria-se-desculpar-pela-impotencia-de-rudeus\/","og_site_name":"Animan Geek","article_published_time":"2023-08-11T15:18:23+00:00","og_image":[{"width":1280,"height":720,"url":"https:\/\/animangeek.com\/wp-content\/uploads\/sites\/106\/2023\/08\/Sara-queria-se-desculpar-pela-impotencia-de-Rudeus.jpg","type":"image\/jpeg"}],"twitter_card":"summary_large_image","twitter_misc":{"Est. reading time":"3 Minuten"},"schema":{"@context":"https:\/\/schema.org","@graph":[{"@type":"WebPage","@id":"https:\/\/animangeek.com\/mushoku-tensei-sara-queria-se-desculpar-pela-impotencia-de-rudeus\/","url":"https:\/\/animangeek.com\/mushoku-tensei-sara-queria-se-desculpar-pela-impotencia-de-rudeus\/","name":"Mushoku Tensei: Sara queria se desculpar pela impot\u00eancia de Rudeus - Animan Geek","isPartOf":{"@id":"https:\/\/animangeek.com\/#website"},"primaryImageOfPage":{"@id":"https:\/\/animangeek.com\/mushoku-tensei-sara-queria-se-desculpar-pela-impotencia-de-rudeus\/#primaryimage"},"image":{"@id":"https:\/\/animangeek.com\/mushoku-tensei-sara-queria-se-desculpar-pela-impotencia-de-rudeus\/#primaryimage"},"thumbnailUrl":"https:\/\/animangeek.com\/wp-content\/uploads\/sites\/106\/2023\/08\/Sara-queria-se-desculpar-pela-impotencia-de-Rudeus.jpg","datePublished":"2023-08-11T15:18:23+00:00","dateModified":"2023-08-11T15:18:23+00:00","author":{"@id":""},"description":"El personaje femenino Sara del anime &quot;Mushoku Tensei: Isekai Ittara Honki Dasu&quot; (Mushoku Tensei: Jobless Reincarnation)\u00a0ha protagonizado infinidad de debates","breadcrumb":{"@id":"https:\/\/animangeek.com\/mushoku-tensei-sara-queria-se-desculpar-pela-impotencia-de-rudeus\/#breadcrumb"},"inLanguage":"de-DE","potentialAction":[{"@type":"ReadAction","target":["https:\/\/animangeek.com\/mushoku-tensei-sara-queria-se-desculpar-pela-impotencia-de-rudeus\/"]}]},{"@type":"ImageObject","inLanguage":"de-DE","@id":"https:\/\/animangeek.com\/mushoku-tensei-sara-queria-se-desculpar-pela-impotencia-de-rudeus\/#primaryimage","url":"https:\/\/animangeek.com\/wp-content\/uploads\/sites\/106\/2023\/08\/Sara-queria-se-desculpar-pela-impotencia-de-Rudeus.jpg","contentUrl":"https:\/\/animangeek.com\/wp-content\/uploads\/sites\/106\/2023\/08\/Sara-queria-se-desculpar-pela-impotencia-de-Rudeus.jpg","width":1280,"height":720},{"@type":"BreadcrumbList","@id":"https:\/\/animangeek.com\/mushoku-tensei-sara-queria-se-desculpar-pela-impotencia-de-rudeus\/#breadcrumb","itemListElement":[{"@type":"ListItem","position":1,"name":"Home","item":"https:\/\/animangeek.com\/"},{"@type":"ListItem","position":2,"name":"Mushoku Tensei: Sara queria se desculpar pela impot\u00eancia de Rudeus"}]},{"@type":"WebSite","@id":"https:\/\/animangeek.com\/#website","url":"https:\/\/animangeek.com\/","name":"Animan Geek","description":"","potentialAction":[{"@type":"SearchAction","target":{"@type":"EntryPoint","urlTemplate":"https:\/\/animangeek.com\/?s={search_term_string}"},"query-input":"required name=search_term_string"}],"inLanguage":"de-DE"}]}},"_links":{"self":[{"href":"https:\/\/animangeek.com\/de\/wp-json\/wp\/v2\/posts\/2836"}],"collection":[{"href":"https:\/\/animangeek.com\/de\/wp-json\/wp\/v2\/posts"}],"about":[{"href":"https:\/\/animangeek.com\/de\/wp-json\/wp\/v2\/types\/post"}],"replies":[{"embeddable":true,"href":"https:\/\/animangeek.com\/de\/wp-json\/wp\/v2\/comments?post=2836"}],"version-history":[{"count":0,"href":"https:\/\/animangeek.com\/de\/wp-json\/wp\/v2\/posts\/2836\/revisions"}],"wp:featuredmedia":[{"embeddable":true,"href":"https:\/\/animangeek.com\/de\/wp-json\/wp\/v2\/media\/2837"}],"wp:attachment":[{"href":"https:\/\/animangeek.com\/de\/wp-json\/wp\/v2\/media?parent=2836"}],"wp:term":[{"taxonomy":"category","embeddable":true,"href":"https:\/\/animangeek.com\/de\/wp-json\/wp\/v2\/categories?post=2836"},{"taxonomy":"post_tag","embeddable":true,"href":"https:\/\/animangeek.com\/de\/wp-json\/wp\/v2\/tags?post=2836"}],"curies":[{"name":"wp","href":"https:\/\/api.w.org\/{rel}","templated":true}]}}