{"id":12278,"date":"2024-05-27T13:51:54","date_gmt":"2024-05-27T16:51:54","guid":{"rendered":"https:\/\/animangeek.com\/oshi-no-ko-prepara-sua-segunda-temporada-com-previa\/"},"modified":"2024-05-27T13:51:54","modified_gmt":"2024-05-27T16:51:54","slug":"oshi-no-ko-prepara-sua-segunda-temporada-com-previa","status":"publish","type":"post","link":"https:\/\/animangeek.com\/en\/oshi-no-ko-prepara-sua-segunda-temporada-com-previa\/","title":{"rendered":"Oshi no Ko prepares its second season with a preview"},"content":{"rendered":"<div class=\"mx-5 sm:mx-0 prose text-left mb-5\"><\/p>\n<div>\n<p>On the official website of the anime adaptation of the manga written by <strong>Also known as Akasaka<\/strong> and illustrated by <strong>Mengo Yokoyari<\/strong>\u201c<strong>Oshi no Ko<\/strong>\u201c, a new promotional video for the second season of the project was revealed. The video confirms that this sequel<strong> It will be released on July 3rd in Japan.<\/strong>and shows a fragment of the opening theme titled \u201c<strong>Fatal<\/strong>\u201d and interpreted by <strong>GEM<\/strong>.<\/p>\n<p><iframe loading=\"lazy\" title=\"T:\" width=\"500\" height=\"281\" src=\"https:\/\/www.youtube.com\/embed\/GKvBR7tR-Kk?feature=oembed\" frameborder=\"0\" allow=\"accelerometer; autoplay; clipboard-write; encrypted-media; gyroscope; picture-in-picture; web-share\" referrerpolicy=\"strict-origin-when-cross-origin\" allowfullscreen><\/iframe><\/p>\n<p>New voice cast members were also announced, including:<\/p>\n<ul>\n<li><strong>Ayane Sakura<\/strong> as Abiki Samejima, creator of the manga \u201cTokyo Blade\u201d that inspires the theatrical adaptation of the next arc.<\/li>\n<li><strong>Daisuke Ono<\/strong> as GOA, the screenwriter of the stage adaptation of \u201cTokyo Blade\u201d.<\/li>\n<\/ul>\n<div class=\"wp-block-image\">\n<figure class=\"aligncenter size-full\"><img loading=\"lazy\" decoding=\"async\" width=\"1920\" height=\"1080\" src=\"https:\/\/animangeek.com\/wp-content\/uploads\/2024\/05\/Oshi-no-Ko-prepara-sua-segunda-temporada-com-previa.jpg\" alt=\"\" class=\"wp-image-330317\"  \/><\/figure>\n<\/div>\n<p>The first season premiered during the season in Japan and had a total of eleven episodes, while the platform <strong>HIDDEN <\/strong>is responsible for its distribution in the West. In turn, Akasaka and Yokoyari began publishing the manga in the magazine <strong>Young Weekly <\/strong>Editor&#039;s Jump <strong>Shueisha<\/strong> in April 2020. <strong>Also known as Akasaka<\/strong> (Kaguya-sama: Love is War) writes while <strong>Mengo Yokoyari<\/strong> (Kuzu no Honkai) the illustration.<\/p>\n<h3 class=\"wp-block-heading\"><strong>Cast of voices<\/strong><\/h3>\n<ul>\n<li><strong>Takeo Ootsuka<\/strong> like Aquamarine Hoshino. <\/li>\n<li><strong>Yurie Igoma<\/strong> like Ruby Hoshino. <\/li>\n<li><strong>Megumi Han<\/strong> like Kana Arima. <\/li>\n<li><strong>Manaka Iwami<\/strong> as Akane Kurokawa. <\/li>\n<li><strong>Rie Takahashi<\/strong> like Ai Hoshino. <\/li>\n<li><strong>Rumi Ookubo<\/strong> like MEM-cho.<\/li>\n<\/ul>\n<h3 class=\"wp-block-heading\"><strong>Production team<\/strong><\/h3>\n<ul>\n<li><strong>Daisuke Hiramaki<\/strong> (<em>Watashi ni Tenshi ga Maiorita!, Asteroid Koisuru, Selection Project<\/em>) is responsible for project management in studies <strong>Doga Kobo<\/strong> with the help of <strong>Saori Tachibana<\/strong> (<em>Kawaii dake ja Nai Shikimori-san, Senpai ga Uzai Kouhai no Hanashi<\/em>).<\/li>\n<li><strong>Jin Tanaka<\/strong> (<em>Tokyo Ghoul, Maou Gakuin no Futekigousha, Yesterday wo Utatte<\/em>) is responsible for writing and supervising the scripts.<\/li>\n<li><strong>Kanna Hirayama<\/strong> (<em>Kanojo, Okarishimasu, Selection Project<\/em>) is responsible for character design and animation direction.<\/li>\n<\/ul>\n<div class=\"wp-block-image\">\n<figure class=\"aligncenter size-full\"><img loading=\"lazy\" decoding=\"async\" width=\"1280\" height=\"1810\" src=\"http:\/\/animangeek.com\/wp-content\/uploads\/sites\/106\/2024\/05\/1716828714_598_Oshi-no-Ko-prepara-sua-segunda-temporada-com-previa.jpg\" alt=\"\" class=\"wp-image-330316\"  \/><\/figure>\n<\/div>\n<h3 class=\"wp-block-heading\"><strong>Synopsis of Oshi no Ko<\/strong><\/h3>\n<p><em>16-year-old Ai Hoshino is a beautiful and talented idol who is adored by her fans. She is the epitome of purity, but not all that glitters is gold\u2026 Gorou Honda is a rural gynecologist and a huge fan of Ai. So when the pregnant idol shows up at his hospital, he is perplexed. Gorou promises him a safe delivery, but little does he know that an encounter with a mysterious figure will result in his untimely death, or so he thought.<\/em> <em>Opening his eyes, Gorou finds himself in the lap of his beloved idol and discovers that he has been reborn as Aquamarine Hoshino, Ai&#039;s newborn son! With his world turned upside down, Gorou soon discovers that the entertainment world is full of thorns, and that talent does not always lead to success. Will he be able to protect his beloved idol&#039;s smile?<\/em><\/p>\n<p>Source: <strong><a rel=\"nofollow noopener\" target=\"_blank\" href=\"https:\/\/natalie.mu\/comic\/news\/574975\">Natalie in comics<\/a><\/strong><\/p>\n<p>\u00a9Aka Akasaka x Mengo Yokoyari\/Shueisha\/[Oshinoko]Production Committee<\/p>\n<\/div>\n<p><\/div>","protected":false},"excerpt":{"rendered":"<p>The official website for the anime adaptation of the manga, &quot;Oshi no Ko,&quot; written by Akasaka and illustrated by Mengo Yokoyari, has revealed a new promotional video for the project&#039;s second season. The video confirms that this sequel will premiere on July 3rd in Japan and features a snippet of the opening theme titled... <a class=\"more-link\" href=\"https:\/\/animangeek.com\/en\/oshi-no-ko-prepara-sua-segunda-temporada-com-previa\/\">Continue reading <span class=\"screen-reader-text\">Oshi no Ko prepares its second season with a preview<\/span><\/a><\/p>","protected":false},"author":0,"featured_media":12280,"comment_status":"open","ping_status":"open","sticky":false,"template":"","format":"standard","meta":{"footnotes":""},"categories":[3],"tags":[444,1192,1449],"yoast_head":"<!-- This site is optimized with the Yoast SEO plugin v23.3 - https:\/\/yoast.com\/wordpress\/plugins\/seo\/ -->\n<title>Oshi no Ko prepara sua segunda temporada com pr\u00e9via - Animan Geek<\/title>\n<meta name=\"robots\" content=\"index, follow, max-snippet:-1, max-image-preview:large, max-video-preview:-1\" \/>\n<link rel=\"canonical\" href=\"https:\/\/animangeek.com\/en\/oshi-no-ko-prepara-sua-segunda-temporada-com-previa\/\" \/>\n<meta property=\"og:locale\" content=\"en_US\" \/>\n<meta property=\"og:type\" content=\"article\" \/>\n<meta property=\"og:title\" content=\"Oshi no Ko prepara sua segunda temporada com pr\u00e9via - Animan Geek\" \/>\n<meta property=\"og:description\" content=\"No site oficial da adapta\u00e7\u00e3o para anime do mang\u00e1 escrito por Tamb\u00e9m conhecido como Akasaka e ilustrado por Mengo Yokoyari\u201cOshi no Ko\u201c, foi revelado um novo v\u00eddeo promocional da segunda temporada do projeto. O v\u00eddeo confirma que esta sequ\u00eancia Ser\u00e1 lan\u00e7ado em 3 de julho no Jap\u00e3oe mostra um fragmento do tema de abertura intitulado&hellip; Continue reading Oshi no Ko prepara sua segunda temporada com pr\u00e9via\" \/>\n<meta property=\"og:url\" content=\"https:\/\/animangeek.com\/en\/oshi-no-ko-prepara-sua-segunda-temporada-com-previa\/\" \/>\n<meta property=\"og:site_name\" content=\"Animan Geek\" \/>\n<meta property=\"article:published_time\" content=\"2024-05-27T16:51:54+00:00\" \/>\n<meta property=\"og:image\" content=\"https:\/\/animangeek.com\/wp-content\/uploads\/sites\/106\/2024\/05\/1716828715_Oshi-no-Ko-prepara-sua-segunda-temporada-com-previa.jpg\" \/>\n\t<meta property=\"og:image:width\" content=\"1920\" \/>\n\t<meta property=\"og:image:height\" content=\"1080\" \/>\n\t<meta property=\"og:image:type\" content=\"image\/jpeg\" \/>\n<meta name=\"twitter:card\" content=\"summary_large_image\" \/>\n<meta name=\"twitter:label1\" content=\"Est. reading time\" \/>\n\t<meta name=\"twitter:data1\" content=\"2 minutes\" \/>\n<script type=\"application\/ld+json\" class=\"yoast-schema-graph\">{\"@context\":\"https:\/\/schema.org\",\"@graph\":[{\"@type\":\"WebPage\",\"@id\":\"https:\/\/animangeek.com\/oshi-no-ko-prepara-sua-segunda-temporada-com-previa\/\",\"url\":\"https:\/\/animangeek.com\/oshi-no-ko-prepara-sua-segunda-temporada-com-previa\/\",\"name\":\"Oshi no Ko prepara sua segunda temporada com pr\u00e9via - Animan Geek\",\"isPartOf\":{\"@id\":\"https:\/\/animangeek.com\/#website\"},\"primaryImageOfPage\":{\"@id\":\"https:\/\/animangeek.com\/oshi-no-ko-prepara-sua-segunda-temporada-com-previa\/#primaryimage\"},\"image\":{\"@id\":\"https:\/\/animangeek.com\/oshi-no-ko-prepara-sua-segunda-temporada-com-previa\/#primaryimage\"},\"thumbnailUrl\":\"https:\/\/animangeek.com\/wp-content\/uploads\/sites\/106\/2024\/05\/1716828715_Oshi-no-Ko-prepara-sua-segunda-temporada-com-previa.jpg\",\"datePublished\":\"2024-05-27T16:51:54+00:00\",\"dateModified\":\"2024-05-27T16:51:54+00:00\",\"author\":{\"@id\":\"\"},\"breadcrumb\":{\"@id\":\"https:\/\/animangeek.com\/oshi-no-ko-prepara-sua-segunda-temporada-com-previa\/#breadcrumb\"},\"inLanguage\":\"en-US\",\"potentialAction\":[{\"@type\":\"ReadAction\",\"target\":[\"https:\/\/animangeek.com\/oshi-no-ko-prepara-sua-segunda-temporada-com-previa\/\"]}]},{\"@type\":\"ImageObject\",\"inLanguage\":\"en-US\",\"@id\":\"https:\/\/animangeek.com\/oshi-no-ko-prepara-sua-segunda-temporada-com-previa\/#primaryimage\",\"url\":\"https:\/\/animangeek.com\/wp-content\/uploads\/sites\/106\/2024\/05\/1716828715_Oshi-no-Ko-prepara-sua-segunda-temporada-com-previa.jpg\",\"contentUrl\":\"https:\/\/animangeek.com\/wp-content\/uploads\/sites\/106\/2024\/05\/1716828715_Oshi-no-Ko-prepara-sua-segunda-temporada-com-previa.jpg\",\"width\":1920,\"height\":1080},{\"@type\":\"BreadcrumbList\",\"@id\":\"https:\/\/animangeek.com\/oshi-no-ko-prepara-sua-segunda-temporada-com-previa\/#breadcrumb\",\"itemListElement\":[{\"@type\":\"ListItem\",\"position\":1,\"name\":\"Home\",\"item\":\"https:\/\/animangeek.com\/\"},{\"@type\":\"ListItem\",\"position\":2,\"name\":\"Oshi no Ko prepara sua segunda temporada com pr\u00e9via\"}]},{\"@type\":\"WebSite\",\"@id\":\"https:\/\/animangeek.com\/#website\",\"url\":\"https:\/\/animangeek.com\/\",\"name\":\"Animan Geek\",\"description\":\"\",\"potentialAction\":[{\"@type\":\"SearchAction\",\"target\":{\"@type\":\"EntryPoint\",\"urlTemplate\":\"https:\/\/animangeek.com\/?s={search_term_string}\"},\"query-input\":\"required name=search_term_string\"}],\"inLanguage\":\"en-US\"}]}<\/script>\n<!-- \/ Yoast SEO plugin. -->","yoast_head_json":{"title":"Oshi no Ko prepara sua segunda temporada com pr\u00e9via - Animan Geek","robots":{"index":"index","follow":"follow","max-snippet":"max-snippet:-1","max-image-preview":"max-image-preview:large","max-video-preview":"max-video-preview:-1"},"canonical":"https:\/\/animangeek.com\/en\/oshi-no-ko-prepara-sua-segunda-temporada-com-previa\/","og_locale":"en_US","og_type":"article","og_title":"Oshi no Ko prepara sua segunda temporada com pr\u00e9via - Animan Geek","og_description":"No site oficial da adapta\u00e7\u00e3o para anime do mang\u00e1 escrito por Tamb\u00e9m conhecido como Akasaka e ilustrado por Mengo Yokoyari\u201cOshi no Ko\u201c, foi revelado um novo v\u00eddeo promocional da segunda temporada do projeto. O v\u00eddeo confirma que esta sequ\u00eancia Ser\u00e1 lan\u00e7ado em 3 de julho no Jap\u00e3oe mostra um fragmento do tema de abertura intitulado&hellip; Continue reading Oshi no Ko prepara sua segunda temporada com pr\u00e9via","og_url":"https:\/\/animangeek.com\/en\/oshi-no-ko-prepara-sua-segunda-temporada-com-previa\/","og_site_name":"Animan Geek","article_published_time":"2024-05-27T16:51:54+00:00","og_image":[{"width":1920,"height":1080,"url":"https:\/\/animangeek.com\/wp-content\/uploads\/sites\/106\/2024\/05\/1716828715_Oshi-no-Ko-prepara-sua-segunda-temporada-com-previa.jpg","type":"image\/jpeg"}],"twitter_card":"summary_large_image","twitter_misc":{"Est. reading time":"2 minutes"},"schema":{"@context":"https:\/\/schema.org","@graph":[{"@type":"WebPage","@id":"https:\/\/animangeek.com\/oshi-no-ko-prepara-sua-segunda-temporada-com-previa\/","url":"https:\/\/animangeek.com\/oshi-no-ko-prepara-sua-segunda-temporada-com-previa\/","name":"Oshi no Ko prepara sua segunda temporada com pr\u00e9via - Animan Geek","isPartOf":{"@id":"https:\/\/animangeek.com\/#website"},"primaryImageOfPage":{"@id":"https:\/\/animangeek.com\/oshi-no-ko-prepara-sua-segunda-temporada-com-previa\/#primaryimage"},"image":{"@id":"https:\/\/animangeek.com\/oshi-no-ko-prepara-sua-segunda-temporada-com-previa\/#primaryimage"},"thumbnailUrl":"https:\/\/animangeek.com\/wp-content\/uploads\/sites\/106\/2024\/05\/1716828715_Oshi-no-Ko-prepara-sua-segunda-temporada-com-previa.jpg","datePublished":"2024-05-27T16:51:54+00:00","dateModified":"2024-05-27T16:51:54+00:00","author":{"@id":""},"breadcrumb":{"@id":"https:\/\/animangeek.com\/oshi-no-ko-prepara-sua-segunda-temporada-com-previa\/#breadcrumb"},"inLanguage":"en-US","potentialAction":[{"@type":"ReadAction","target":["https:\/\/animangeek.com\/oshi-no-ko-prepara-sua-segunda-temporada-com-previa\/"]}]},{"@type":"ImageObject","inLanguage":"en-US","@id":"https:\/\/animangeek.com\/oshi-no-ko-prepara-sua-segunda-temporada-com-previa\/#primaryimage","url":"https:\/\/animangeek.com\/wp-content\/uploads\/sites\/106\/2024\/05\/1716828715_Oshi-no-Ko-prepara-sua-segunda-temporada-com-previa.jpg","contentUrl":"https:\/\/animangeek.com\/wp-content\/uploads\/sites\/106\/2024\/05\/1716828715_Oshi-no-Ko-prepara-sua-segunda-temporada-com-previa.jpg","width":1920,"height":1080},{"@type":"BreadcrumbList","@id":"https:\/\/animangeek.com\/oshi-no-ko-prepara-sua-segunda-temporada-com-previa\/#breadcrumb","itemListElement":[{"@type":"ListItem","position":1,"name":"Home","item":"https:\/\/animangeek.com\/"},{"@type":"ListItem","position":2,"name":"Oshi no Ko prepara sua segunda temporada com pr\u00e9via"}]},{"@type":"WebSite","@id":"https:\/\/animangeek.com\/#website","url":"https:\/\/animangeek.com\/","name":"Animan Geek","description":"","potentialAction":[{"@type":"SearchAction","target":{"@type":"EntryPoint","urlTemplate":"https:\/\/animangeek.com\/?s={search_term_string}"},"query-input":"required name=search_term_string"}],"inLanguage":"en-US"}]}},"_links":{"self":[{"href":"https:\/\/animangeek.com\/en\/wp-json\/wp\/v2\/posts\/12278"}],"collection":[{"href":"https:\/\/animangeek.com\/en\/wp-json\/wp\/v2\/posts"}],"about":[{"href":"https:\/\/animangeek.com\/en\/wp-json\/wp\/v2\/types\/post"}],"replies":[{"embeddable":true,"href":"https:\/\/animangeek.com\/en\/wp-json\/wp\/v2\/comments?post=12278"}],"version-history":[{"count":0,"href":"https:\/\/animangeek.com\/en\/wp-json\/wp\/v2\/posts\/12278\/revisions"}],"wp:featuredmedia":[{"embeddable":true,"href":"https:\/\/animangeek.com\/en\/wp-json\/wp\/v2\/media\/12280"}],"wp:attachment":[{"href":"https:\/\/animangeek.com\/en\/wp-json\/wp\/v2\/media?parent=12278"}],"wp:term":[{"taxonomy":"category","embeddable":true,"href":"https:\/\/animangeek.com\/en\/wp-json\/wp\/v2\/categories?post=12278"},{"taxonomy":"post_tag","embeddable":true,"href":"https:\/\/animangeek.com\/en\/wp-json\/wp\/v2\/tags?post=12278"}],"curies":[{"name":"wp","href":"https:\/\/api.w.org\/{rel}","templated":true}]}}