{"id":12367,"date":"2024-05-28T14:15:39","date_gmt":"2024-05-28T17:15:39","guid":{"rendered":"https:\/\/animangeek.com\/o-anime-nier-automata-retornara-em-julho\/"},"modified":"2024-05-28T14:15:39","modified_gmt":"2024-05-28T17:15:39","slug":"o-anime-nier-automata-retornara-em-julho","status":"publish","type":"post","link":"https:\/\/animangeek.com\/en\/o-anime-nier-automata-retornara-em-julho\/","title":{"rendered":"NieR: Automata anime will return in July"},"content":{"rendered":"<div class=\"mx-5 sm:mx-0 prose text-left mb-5\"><\/p>\n<div>\n<p>On the official website of the anime adaptation of the video game \u201c<strong>NieR: Automata<\/strong>\u201c, titled as \u201c<strong>NieR: Automata Ver1.1a<\/strong>\u201c, a new promotional video for the second part of the project was revealed. The video confirms this <strong>The premiere is scheduled for next July in Japan.<\/strong>and shows a fragment of the opening theme titled \u201c<strong>Black box<\/strong>\u201d and interpreted by <strong>Lisa<\/strong>.<\/p>\n<p><iframe loading=\"lazy\" title=\"\u30a2\u30cb\u30e1\u300eNieR:Automata Ver1.1a\u300fPromotion File 011\" width=\"500\" height=\"281\" src=\"https:\/\/www.youtube.com\/embed\/441v-JXm0CE?feature=oembed\" frameborder=\"0\" allow=\"accelerometer; autoplay; clipboard-write; encrypted-media; gyroscope; picture-in-picture; web-share\" referrerpolicy=\"strict-origin-when-cross-origin\" allowfullscreen><\/iframe><\/p>\n<p>The first part premiered during the season of <strong>Winter-2023 (January-March)<\/strong> and had a total of twelve episodes, <strong>facing a large number of delays due to production problems<\/strong>. It should be noted that in an interview between the series&#039; animation director <strong>Ryoji Matsuyama<\/strong> and the creator of the video game <strong>Yoko Tarot<\/strong>It was explained that this project will not be a faithful adaptation of the game, but rather a completely original story starring the iconic characters from this franchise.<\/p>\n<h3 class=\"wp-block-heading\"><strong>Production team<\/strong><\/h3>\n<ul>\n<li><strong>Ryouji Masuyama<\/strong> (<em>Blend S, Darling in the FranXX, Inou-Battle wa Nichijou-kei no Naka de<\/em>) is in charge of directing the anime at the studios <strong>Images A-1<\/strong>.<\/li>\n<li><strong>Yoko Tarot<\/strong> (<em>Yoshinoya Kyoudai, SINoALICE, Kimi Shi ni Tamou Koto Nakare<\/em>) is responsible for writing and supervising the scripts, alongside <strong>Ryouji Masuyama<\/strong>.<\/li>\n<li><strong>Jun Nakai<\/strong> (<em>Re: CREATORS, Gate: Jieitai Kanochi nite, Kaku Tatakaeri, Gin no Saji<\/em>) is responsible for character design and animation direction.<\/li>\n<li><strong>NUN<\/strong> (<em>Shangri-La Frontier, Summer Time Rendering, Aharen-san wa Hakarenai<\/em>) is responsible for composing the soundtrack.<\/li>\n<\/ul>\n<div class=\"wp-block-image\">\n<figure class=\"aligncenter size-full\"><img loading=\"lazy\" decoding=\"async\" width=\"1350\" height=\"1909\" src=\"https:\/\/animangeek.com\/wp-content\/uploads\/2024\/05\/O-anime-NieR-Automata-retornara-em-julho.jpg\" alt=\"\" class=\"wp-image-330376\"  \/><\/figure>\n<\/div>\n<h3 class=\"wp-block-heading\" id=\"sinopsis-de-nier-automata\"><strong>NieR: Automata Synopsis<\/strong><\/h3>\n<p><em>In a post-apocalyptic world overrun by alien-created \u201cmechanical lifeforms,\u201d humanity prepares for its final battle. Forced to retreat to the Moon for safety, humans place their hopes in a group of artificial androids known as YoRHa soldiers. Led by the multi-purpose YoRHa battle droid 2-gou B-gata \u201c2B,\u201d the group will fight to take control of Earth from its invaders.<\/em><\/p>\n<p><em>As the war against the machines intensifies, YoRHa slowly begins to see the first fragments of the truth underlying the brutal conflict. Faced with this harsh reality, the unwavering warrior 2B begins to question her own existence and the extent to which she must sacrifice herself for the good of humanity.<\/em><\/p>\n<p>Source: <strong><a rel=\"nofollow noopener\" target=\"_blank\" href=\"https:\/\/natalie.mu\/comic\/news\/575298\">Natalie in comics<\/a><\/strong><\/p>\n<p>(c)SQUARE ENIX\/Humanity Conference<\/p>\n<\/div>\n<p><\/div>","protected":false},"excerpt":{"rendered":"<p>The official website for the anime adaptation of the video game &quot;NieR: Automata,&quot; titled &quot;NieR: Automata Ver1.1a,&quot; revealed a new promotional video for the second part of the project. The video confirms that the premiere is scheduled for next July in Japan and features a fragment of the opening theme song, titled &quot;Black Box,&quot; performed by Lisa. The\u2026 <a class=\"more-link\" href=\"https:\/\/animangeek.com\/en\/o-anime-nier-automata-retornara-em-julho\/\">Continue reading <span class=\"screen-reader-text\">NieR: Automata anime will return in July<\/span><\/a><\/p>","protected":false},"author":0,"featured_media":12369,"comment_status":"open","ping_status":"open","sticky":false,"template":"","format":"standard","meta":{"footnotes":""},"categories":[3],"tags":[744,1100],"yoast_head":"<!-- This site is optimized with the Yoast SEO plugin v23.3 - https:\/\/yoast.com\/wordpress\/plugins\/seo\/ -->\n<title>O anime NieR: Automata retornar\u00e1 em julho - Animan Geek<\/title>\n<meta name=\"robots\" content=\"index, follow, max-snippet:-1, max-image-preview:large, max-video-preview:-1\" \/>\n<link rel=\"canonical\" href=\"https:\/\/animangeek.com\/en\/o-anime-nier-automata-retornara-em-julho\/\" \/>\n<meta property=\"og:locale\" content=\"en_US\" \/>\n<meta property=\"og:type\" content=\"article\" \/>\n<meta property=\"og:title\" content=\"O anime NieR: Automata retornar\u00e1 em julho - Animan Geek\" \/>\n<meta property=\"og:description\" content=\"No site oficial da adapta\u00e7\u00e3o para anime do videogame \u201cNieR: Aut\u00f4matos\u201c, intitulado como \u201cNieR: Aut\u00f4matos Ver1.1a\u201c, foi revelado um novo v\u00eddeo promocional da segunda parte do projeto. O v\u00eddeo confirma isso A estreia est\u00e1 marcada para julho pr\u00f3ximo no Jap\u00e3oe mostra um fragmento do tema de abertura intitulado \u201cCaixa preta\u201d e interpretado por Lisa. A&hellip; Continue reading O anime NieR: Automata retornar\u00e1 em julho\" \/>\n<meta property=\"og:url\" content=\"https:\/\/animangeek.com\/en\/o-anime-nier-automata-retornara-em-julho\/\" \/>\n<meta property=\"og:site_name\" content=\"Animan Geek\" \/>\n<meta property=\"article:published_time\" content=\"2024-05-28T17:15:39+00:00\" \/>\n<meta property=\"og:image\" content=\"https:\/\/animangeek.com\/wp-content\/uploads\/sites\/106\/2024\/05\/1716916540_O-anime-NieR-Automata-retornara-em-julho.jpg\" \/>\n\t<meta property=\"og:image:width\" content=\"1920\" \/>\n\t<meta property=\"og:image:height\" content=\"1080\" \/>\n\t<meta property=\"og:image:type\" content=\"image\/jpeg\" \/>\n<meta name=\"twitter:card\" content=\"summary_large_image\" \/>\n<meta name=\"twitter:label1\" content=\"Est. reading time\" \/>\n\t<meta name=\"twitter:data1\" content=\"2 minutes\" \/>\n<script type=\"application\/ld+json\" class=\"yoast-schema-graph\">{\"@context\":\"https:\/\/schema.org\",\"@graph\":[{\"@type\":\"WebPage\",\"@id\":\"https:\/\/animangeek.com\/o-anime-nier-automata-retornara-em-julho\/\",\"url\":\"https:\/\/animangeek.com\/o-anime-nier-automata-retornara-em-julho\/\",\"name\":\"O anime NieR: Automata retornar\u00e1 em julho - Animan Geek\",\"isPartOf\":{\"@id\":\"https:\/\/animangeek.com\/#website\"},\"primaryImageOfPage\":{\"@id\":\"https:\/\/animangeek.com\/o-anime-nier-automata-retornara-em-julho\/#primaryimage\"},\"image\":{\"@id\":\"https:\/\/animangeek.com\/o-anime-nier-automata-retornara-em-julho\/#primaryimage\"},\"thumbnailUrl\":\"https:\/\/animangeek.com\/wp-content\/uploads\/sites\/106\/2024\/05\/1716916540_O-anime-NieR-Automata-retornara-em-julho.jpg\",\"datePublished\":\"2024-05-28T17:15:39+00:00\",\"dateModified\":\"2024-05-28T17:15:39+00:00\",\"author\":{\"@id\":\"\"},\"breadcrumb\":{\"@id\":\"https:\/\/animangeek.com\/o-anime-nier-automata-retornara-em-julho\/#breadcrumb\"},\"inLanguage\":\"en-US\",\"potentialAction\":[{\"@type\":\"ReadAction\",\"target\":[\"https:\/\/animangeek.com\/o-anime-nier-automata-retornara-em-julho\/\"]}]},{\"@type\":\"ImageObject\",\"inLanguage\":\"en-US\",\"@id\":\"https:\/\/animangeek.com\/o-anime-nier-automata-retornara-em-julho\/#primaryimage\",\"url\":\"https:\/\/animangeek.com\/wp-content\/uploads\/sites\/106\/2024\/05\/1716916540_O-anime-NieR-Automata-retornara-em-julho.jpg\",\"contentUrl\":\"https:\/\/animangeek.com\/wp-content\/uploads\/sites\/106\/2024\/05\/1716916540_O-anime-NieR-Automata-retornara-em-julho.jpg\",\"width\":1920,\"height\":1080},{\"@type\":\"BreadcrumbList\",\"@id\":\"https:\/\/animangeek.com\/o-anime-nier-automata-retornara-em-julho\/#breadcrumb\",\"itemListElement\":[{\"@type\":\"ListItem\",\"position\":1,\"name\":\"Home\",\"item\":\"https:\/\/animangeek.com\/\"},{\"@type\":\"ListItem\",\"position\":2,\"name\":\"O anime NieR: Automata retornar\u00e1 em julho\"}]},{\"@type\":\"WebSite\",\"@id\":\"https:\/\/animangeek.com\/#website\",\"url\":\"https:\/\/animangeek.com\/\",\"name\":\"Animan Geek\",\"description\":\"\",\"potentialAction\":[{\"@type\":\"SearchAction\",\"target\":{\"@type\":\"EntryPoint\",\"urlTemplate\":\"https:\/\/animangeek.com\/?s={search_term_string}\"},\"query-input\":\"required name=search_term_string\"}],\"inLanguage\":\"en-US\"}]}<\/script>\n<!-- \/ Yoast SEO plugin. -->","yoast_head_json":{"title":"O anime NieR: Automata retornar\u00e1 em julho - Animan Geek","robots":{"index":"index","follow":"follow","max-snippet":"max-snippet:-1","max-image-preview":"max-image-preview:large","max-video-preview":"max-video-preview:-1"},"canonical":"https:\/\/animangeek.com\/en\/o-anime-nier-automata-retornara-em-julho\/","og_locale":"en_US","og_type":"article","og_title":"O anime NieR: Automata retornar\u00e1 em julho - Animan Geek","og_description":"No site oficial da adapta\u00e7\u00e3o para anime do videogame \u201cNieR: Aut\u00f4matos\u201c, intitulado como \u201cNieR: Aut\u00f4matos Ver1.1a\u201c, foi revelado um novo v\u00eddeo promocional da segunda parte do projeto. O v\u00eddeo confirma isso A estreia est\u00e1 marcada para julho pr\u00f3ximo no Jap\u00e3oe mostra um fragmento do tema de abertura intitulado \u201cCaixa preta\u201d e interpretado por Lisa. A&hellip; Continue reading O anime NieR: Automata retornar\u00e1 em julho","og_url":"https:\/\/animangeek.com\/en\/o-anime-nier-automata-retornara-em-julho\/","og_site_name":"Animan Geek","article_published_time":"2024-05-28T17:15:39+00:00","og_image":[{"width":1920,"height":1080,"url":"https:\/\/animangeek.com\/wp-content\/uploads\/sites\/106\/2024\/05\/1716916540_O-anime-NieR-Automata-retornara-em-julho.jpg","type":"image\/jpeg"}],"twitter_card":"summary_large_image","twitter_misc":{"Est. reading time":"2 minutes"},"schema":{"@context":"https:\/\/schema.org","@graph":[{"@type":"WebPage","@id":"https:\/\/animangeek.com\/o-anime-nier-automata-retornara-em-julho\/","url":"https:\/\/animangeek.com\/o-anime-nier-automata-retornara-em-julho\/","name":"O anime NieR: Automata retornar\u00e1 em julho - Animan Geek","isPartOf":{"@id":"https:\/\/animangeek.com\/#website"},"primaryImageOfPage":{"@id":"https:\/\/animangeek.com\/o-anime-nier-automata-retornara-em-julho\/#primaryimage"},"image":{"@id":"https:\/\/animangeek.com\/o-anime-nier-automata-retornara-em-julho\/#primaryimage"},"thumbnailUrl":"https:\/\/animangeek.com\/wp-content\/uploads\/sites\/106\/2024\/05\/1716916540_O-anime-NieR-Automata-retornara-em-julho.jpg","datePublished":"2024-05-28T17:15:39+00:00","dateModified":"2024-05-28T17:15:39+00:00","author":{"@id":""},"breadcrumb":{"@id":"https:\/\/animangeek.com\/o-anime-nier-automata-retornara-em-julho\/#breadcrumb"},"inLanguage":"en-US","potentialAction":[{"@type":"ReadAction","target":["https:\/\/animangeek.com\/o-anime-nier-automata-retornara-em-julho\/"]}]},{"@type":"ImageObject","inLanguage":"en-US","@id":"https:\/\/animangeek.com\/o-anime-nier-automata-retornara-em-julho\/#primaryimage","url":"https:\/\/animangeek.com\/wp-content\/uploads\/sites\/106\/2024\/05\/1716916540_O-anime-NieR-Automata-retornara-em-julho.jpg","contentUrl":"https:\/\/animangeek.com\/wp-content\/uploads\/sites\/106\/2024\/05\/1716916540_O-anime-NieR-Automata-retornara-em-julho.jpg","width":1920,"height":1080},{"@type":"BreadcrumbList","@id":"https:\/\/animangeek.com\/o-anime-nier-automata-retornara-em-julho\/#breadcrumb","itemListElement":[{"@type":"ListItem","position":1,"name":"Home","item":"https:\/\/animangeek.com\/"},{"@type":"ListItem","position":2,"name":"O anime NieR: Automata retornar\u00e1 em julho"}]},{"@type":"WebSite","@id":"https:\/\/animangeek.com\/#website","url":"https:\/\/animangeek.com\/","name":"Animan Geek","description":"","potentialAction":[{"@type":"SearchAction","target":{"@type":"EntryPoint","urlTemplate":"https:\/\/animangeek.com\/?s={search_term_string}"},"query-input":"required name=search_term_string"}],"inLanguage":"en-US"}]}},"_links":{"self":[{"href":"https:\/\/animangeek.com\/en\/wp-json\/wp\/v2\/posts\/12367"}],"collection":[{"href":"https:\/\/animangeek.com\/en\/wp-json\/wp\/v2\/posts"}],"about":[{"href":"https:\/\/animangeek.com\/en\/wp-json\/wp\/v2\/types\/post"}],"replies":[{"embeddable":true,"href":"https:\/\/animangeek.com\/en\/wp-json\/wp\/v2\/comments?post=12367"}],"version-history":[{"count":0,"href":"https:\/\/animangeek.com\/en\/wp-json\/wp\/v2\/posts\/12367\/revisions"}],"wp:featuredmedia":[{"embeddable":true,"href":"https:\/\/animangeek.com\/en\/wp-json\/wp\/v2\/media\/12369"}],"wp:attachment":[{"href":"https:\/\/animangeek.com\/en\/wp-json\/wp\/v2\/media?parent=12367"}],"wp:term":[{"taxonomy":"category","embeddable":true,"href":"https:\/\/animangeek.com\/en\/wp-json\/wp\/v2\/categories?post=12367"},{"taxonomy":"post_tag","embeddable":true,"href":"https:\/\/animangeek.com\/en\/wp-json\/wp\/v2\/tags?post=12367"}],"curies":[{"name":"wp","href":"https:\/\/api.w.org\/{rel}","templated":true}]}}