{"id":13116,"date":"2024-06-11T12:21:41","date_gmt":"2024-06-11T15:21:41","guid":{"rendered":"https:\/\/animangeek.com\/as-desamparadas-de-megami-no-cafe-terrace-estao-de-volta\/"},"modified":"2024-06-11T12:21:41","modified_gmt":"2024-06-11T15:21:41","slug":"as-desamparadas-de-megami-no-cafe-terrace-estao-de-volta","status":"publish","type":"post","link":"https:\/\/animangeek.com\/en\/as-desamparadas-de-megami-no-cafe-terrace-estao-de-volta\/","title":{"rendered":"Megami&#039;s waifs at Caf\u00e9 Terrace are back"},"content":{"rendered":"<div class=\"mx-5 sm:mx-0 prose text-left mb-5\"><\/p>\n<div>\n<p>On the official website of the anime adaptation of the manga written and illustrated by <strong>Kouji Seo<\/strong>\u201c<strong>Megami at Caf\u00e9 Terrace<\/strong> (<em>The Terrace Caf\u00e9 and its Goddesses<\/em>)\u201d, a new promotional video for the project\u2019s second season has been revealed. The video confirms that the premiere is still scheduled for July 4th in Japan, and lists a fragment of the musical themes, which include:<\/p>\n<ul>\n<li><strong>Hikari Kodama<\/strong> will perform the opening theme titled \u201cCharge!\u201d, while VTuber <strong>Aglio, olio e peperoncino (\u30a2\u30fc\u30ea\u30aa\u30fb\u30aa\u30fc\u30ea\u30aa\u30fb\u30a8\u30fb\u30da\u30da\u30ed\u30f3\u30c1\u30fc\u30ce)<\/strong> will perform the ending theme titled \u201cNacchatta!\u201d<\/li>\n<\/ul>\n<p><iframe loading=\"lazy\" title=\"TV\u30a2\u30cb\u30e1\u300c\u5973\u795e\u306e\u30ab\u30d5\u30a7\u30c6\u30e9\u30b9\u300d\u7b2c2\u671f\u7b2c2\u5f3ePV | 7\/4(\u6728)\u653e\u9001\u958b\u59cb\" width=\"500\" height=\"281\" src=\"https:\/\/www.youtube.com\/embed\/7uEB63V5CB8?feature=oembed\" frameborder=\"0\" allow=\"accelerometer; autoplay; clipboard-write; encrypted-media; gyroscope; picture-in-picture; web-share\" referrerpolicy=\"strict-origin-when-cross-origin\" allowfullscreen><\/iframe><\/p>\n<p>Kouji Seo began publishing the manga in the magazine <strong>Weekly Shonen Magazine<\/strong> from the publisher <strong>Kodansha<\/strong> in February 2021. Kouji Seo is also the author of other popular works that have inspired anime adaptations, including \u201c<strong>Fuuka<\/strong>\u201c,\u201c<strong>Kimi no Iru Machi<\/strong> (A city where you live)\u201d and \u201c<strong>Suzuki<\/strong>\u201c, to name a few.<\/p>\n<h3 class=\"wp-block-heading\"><strong>voice cast<\/strong><\/h3>\n<ul>\n<li><strong>Masaaki Mizunaka<\/strong> like Hayato Kusakabe.<\/li>\n<li><strong>Azumi Waki<\/strong> like Shiragiku Ono.<\/li>\n<li><strong>Aya Yamane<\/strong> like Riho Tsukishima.<\/li>\n<li><strong>Sayumi Suzuhiro<\/strong> as Ami Tsuruga<strong>.<\/strong><\/li>\n<li><strong>Asami Seto<\/strong> like Akane Hooji.<\/li>\n<li><strong>Ruriko Aoki<\/strong> as Oka Mazukawa.<\/li>\n<li><strong>Rie Takahashi<\/strong> like Mao Takasaki.<\/li>\n<li><strong>Ayana Taketatsu<\/strong> as Ririka Chiyoda.<\/li>\n<li><strong>Queen Ueda<\/strong> like Moemi Souya.<\/li>\n<li><strong>Kana Hanazawa<\/strong> as Hekiru Yoshino.<\/li>\n<li><strong>Yuu Serizawa<\/strong> like Valentina Azuma.<\/li>\n<\/ul>\n<h3 class=\"wp-block-heading\"><strong>Production team<\/strong><\/h3>\n<ul>\n<li><strong>Satoshi Kuwahara<\/strong> (<em>5-toubun no Hanayome, Isekai Maou to Shoukan Shoujo no Dorei Majutsu, Kanojo mo Kanojo<\/em>) is in charge of directing the anime at the studios <strong>Tezuka Productions<\/strong>.<\/li>\n<li><strong>Keiichirou Oochi<\/strong> (<em>5-toubun no Hanayome, Yahari Ore no Seishun Love Comedy wa Machigatteiru, Kanojo mo Kanojo<\/em>) is responsible for writing and supervising the scripts.<\/li>\n<li><strong>Masatsune Noguchi<\/strong> (<em>My Domestic Hero, Hakushon Daimaou 2020<\/em>) is responsible for character design and animation direction.<\/li>\n<li><strong>Miki Sakurai<\/strong> (<em>5-toubun no Hanayome, Kanojo mo Kanojo, Adachi to Shimamura<\/em>) is responsible for composing the soundtrack.<\/li>\n<\/ul>\n<div class=\"wp-block-image\">\n<figure class=\"aligncenter size-full\"><img loading=\"lazy\" decoding=\"async\" width=\"1920\" height=\"1080\" src=\"https:\/\/animangeek.com\/wp-content\/uploads\/2024\/06\/As-desamparadas-de-Megami-no-Cafe-Terrace-estao-de-volta.jpg\" alt=\"\" class=\"wp-image-331178\"  \/><\/figure>\n<\/div>\n<h3 class=\"wp-block-heading\"><strong>Synopsis of Megami at Caf\u00e9 Terrace<\/strong><\/h3>\n<p><em>After the death of his grandmother Sachiko, Hayato Kasukabe returns from Tokyo and inherits her caf\u00e9\u2014Family Caf\u00e9 Terrace. His goal is to demolish the cafeteria and turn it into a parking lot, but he discovers that his grandmother took in five young girls before she died. The girls\u2014Ouka Makuzawa, Akane Hououji, Riho Tsukishima, Shiragiku Ono, and Ami Tsuruga\u2014evidently shared a deep bond with Sachiko, and naturally refuse to leave the place they call home.<\/em><\/p>\n<p><em>They convince Hayato to change his mind, albeit reluctantly. Through this encounter, Hayato ends up reminiscing about his past with his grandmother, as well as his love for coffee. Determined to continue his grandmother&#039;s legacy, Hayato recruits the girls to act as &quot;gods&quot; to ensure the preservation of this precious abode.<\/em><\/p>\n<p>Source: <strong><a rel=\"nofollow noopener\" target=\"_blank\" href=\"https:\/\/natalie.mu\/comic\/news\/577271\">Natalie in comics<\/a><\/strong><\/p>\n<p>\u00a9\u702c\u5c3e\u516c\u6cbb\u30fb\u8b1b\u8ac7\u793e\uff0f\u300c\u5973\u795e\u306e\u30ab\u30d5\u30a7\u30c6\u30e9\u30b9\u300d\u88fd\u4f5c\u59d4\u54e1\u4f1a\u30fbMBS<\/p>\n<\/div>\n<p><\/div>","protected":false},"excerpt":{"rendered":"<p>The official website for the anime adaptation of Kouji Seo&#039;s manga, &quot;Megami no Caf\u00e9 Terrace (The Caf\u00e9 Terrace and Its Goddesses),&quot; has revealed a new promotional video for the project&#039;s second season. The video confirms that the premiere is still scheduled for July 4th in Japan and lists a\u2026 <a class=\"more-link\" href=\"https:\/\/animangeek.com\/en\/as-desamparadas-de-megami-no-cafe-terrace-estao-de-volta\/\">Continue reading <span class=\"screen-reader-text\">Megami&#039;s waifs at Caf\u00e9 Terrace are back<\/span><\/a><\/p>","protected":false},"author":0,"featured_media":13118,"comment_status":"open","ping_status":"open","sticky":false,"template":"","format":"standard","meta":{"footnotes":""},"categories":[3],"tags":[842,976,1553,1555],"yoast_head":"<!-- This site is optimized with the Yoast SEO plugin v23.3 - https:\/\/yoast.com\/wordpress\/plugins\/seo\/ -->\n<title>As desamparadas de Megami no Caf\u00e9 Terrace est\u00e3o de volta - Animan Geek<\/title>\n<meta name=\"robots\" content=\"index, follow, max-snippet:-1, max-image-preview:large, max-video-preview:-1\" \/>\n<link rel=\"canonical\" href=\"https:\/\/animangeek.com\/en\/as-desamparadas-de-megami-no-cafe-terrace-estao-de-volta\/\" \/>\n<meta property=\"og:locale\" content=\"en_US\" \/>\n<meta property=\"og:type\" content=\"article\" \/>\n<meta property=\"og:title\" content=\"As desamparadas de Megami no Caf\u00e9 Terrace est\u00e3o de volta - Animan Geek\" \/>\n<meta property=\"og:description\" content=\"No site oficial da adapta\u00e7\u00e3o para anime do mang\u00e1 escrito e ilustrado por Kouji Seo\u201cMegami no Caf\u00e9 Terra\u00e7o (O Caf\u00e9 Terrace e suas Deusas)\u201d, foi revelado um novo v\u00eddeo promocional da segunda temporada do projeto. O v\u00eddeo confirma que a estreia continua marcada para o pr\u00f3ximo dia 4 de julho no Jap\u00e3o, e lista um&hellip; Continue reading As desamparadas de Megami no Caf\u00e9 Terrace est\u00e3o de volta\" \/>\n<meta property=\"og:url\" content=\"https:\/\/animangeek.com\/en\/as-desamparadas-de-megami-no-cafe-terrace-estao-de-volta\/\" \/>\n<meta property=\"og:site_name\" content=\"Animan Geek\" \/>\n<meta property=\"article:published_time\" content=\"2024-06-11T15:21:41+00:00\" \/>\n<meta property=\"og:image\" content=\"https:\/\/animangeek.com\/wp-content\/uploads\/sites\/106\/2024\/06\/1718119302_As-desamparadas-de-Megami-no-Cafe-Terrace-estao-de-volta.jpg\" \/>\n\t<meta property=\"og:image:width\" content=\"1920\" \/>\n\t<meta property=\"og:image:height\" content=\"1080\" \/>\n\t<meta property=\"og:image:type\" content=\"image\/jpeg\" \/>\n<meta name=\"twitter:card\" content=\"summary_large_image\" \/>\n<meta name=\"twitter:label1\" content=\"Est. reading time\" \/>\n\t<meta name=\"twitter:data1\" content=\"2 minutes\" \/>\n<script type=\"application\/ld+json\" class=\"yoast-schema-graph\">{\"@context\":\"https:\/\/schema.org\",\"@graph\":[{\"@type\":\"WebPage\",\"@id\":\"https:\/\/animangeek.com\/as-desamparadas-de-megami-no-cafe-terrace-estao-de-volta\/\",\"url\":\"https:\/\/animangeek.com\/as-desamparadas-de-megami-no-cafe-terrace-estao-de-volta\/\",\"name\":\"As desamparadas de Megami no Caf\u00e9 Terrace est\u00e3o de volta - Animan Geek\",\"isPartOf\":{\"@id\":\"https:\/\/animangeek.com\/#website\"},\"primaryImageOfPage\":{\"@id\":\"https:\/\/animangeek.com\/as-desamparadas-de-megami-no-cafe-terrace-estao-de-volta\/#primaryimage\"},\"image\":{\"@id\":\"https:\/\/animangeek.com\/as-desamparadas-de-megami-no-cafe-terrace-estao-de-volta\/#primaryimage\"},\"thumbnailUrl\":\"https:\/\/animangeek.com\/wp-content\/uploads\/sites\/106\/2024\/06\/1718119302_As-desamparadas-de-Megami-no-Cafe-Terrace-estao-de-volta.jpg\",\"datePublished\":\"2024-06-11T15:21:41+00:00\",\"dateModified\":\"2024-06-11T15:21:41+00:00\",\"author\":{\"@id\":\"\"},\"breadcrumb\":{\"@id\":\"https:\/\/animangeek.com\/as-desamparadas-de-megami-no-cafe-terrace-estao-de-volta\/#breadcrumb\"},\"inLanguage\":\"en-US\",\"potentialAction\":[{\"@type\":\"ReadAction\",\"target\":[\"https:\/\/animangeek.com\/as-desamparadas-de-megami-no-cafe-terrace-estao-de-volta\/\"]}]},{\"@type\":\"ImageObject\",\"inLanguage\":\"en-US\",\"@id\":\"https:\/\/animangeek.com\/as-desamparadas-de-megami-no-cafe-terrace-estao-de-volta\/#primaryimage\",\"url\":\"https:\/\/animangeek.com\/wp-content\/uploads\/sites\/106\/2024\/06\/1718119302_As-desamparadas-de-Megami-no-Cafe-Terrace-estao-de-volta.jpg\",\"contentUrl\":\"https:\/\/animangeek.com\/wp-content\/uploads\/sites\/106\/2024\/06\/1718119302_As-desamparadas-de-Megami-no-Cafe-Terrace-estao-de-volta.jpg\",\"width\":1920,\"height\":1080},{\"@type\":\"BreadcrumbList\",\"@id\":\"https:\/\/animangeek.com\/as-desamparadas-de-megami-no-cafe-terrace-estao-de-volta\/#breadcrumb\",\"itemListElement\":[{\"@type\":\"ListItem\",\"position\":1,\"name\":\"Home\",\"item\":\"https:\/\/animangeek.com\/\"},{\"@type\":\"ListItem\",\"position\":2,\"name\":\"As desamparadas de Megami no Caf\u00e9 Terrace est\u00e3o de volta\"}]},{\"@type\":\"WebSite\",\"@id\":\"https:\/\/animangeek.com\/#website\",\"url\":\"https:\/\/animangeek.com\/\",\"name\":\"Animan Geek\",\"description\":\"\",\"potentialAction\":[{\"@type\":\"SearchAction\",\"target\":{\"@type\":\"EntryPoint\",\"urlTemplate\":\"https:\/\/animangeek.com\/?s={search_term_string}\"},\"query-input\":\"required name=search_term_string\"}],\"inLanguage\":\"en-US\"}]}<\/script>\n<!-- \/ Yoast SEO plugin. -->","yoast_head_json":{"title":"As desamparadas de Megami no Caf\u00e9 Terrace est\u00e3o de volta - Animan Geek","robots":{"index":"index","follow":"follow","max-snippet":"max-snippet:-1","max-image-preview":"max-image-preview:large","max-video-preview":"max-video-preview:-1"},"canonical":"https:\/\/animangeek.com\/en\/as-desamparadas-de-megami-no-cafe-terrace-estao-de-volta\/","og_locale":"en_US","og_type":"article","og_title":"As desamparadas de Megami no Caf\u00e9 Terrace est\u00e3o de volta - Animan Geek","og_description":"No site oficial da adapta\u00e7\u00e3o para anime do mang\u00e1 escrito e ilustrado por Kouji Seo\u201cMegami no Caf\u00e9 Terra\u00e7o (O Caf\u00e9 Terrace e suas Deusas)\u201d, foi revelado um novo v\u00eddeo promocional da segunda temporada do projeto. O v\u00eddeo confirma que a estreia continua marcada para o pr\u00f3ximo dia 4 de julho no Jap\u00e3o, e lista um&hellip; Continue reading As desamparadas de Megami no Caf\u00e9 Terrace est\u00e3o de volta","og_url":"https:\/\/animangeek.com\/en\/as-desamparadas-de-megami-no-cafe-terrace-estao-de-volta\/","og_site_name":"Animan Geek","article_published_time":"2024-06-11T15:21:41+00:00","og_image":[{"width":1920,"height":1080,"url":"https:\/\/animangeek.com\/wp-content\/uploads\/sites\/106\/2024\/06\/1718119302_As-desamparadas-de-Megami-no-Cafe-Terrace-estao-de-volta.jpg","type":"image\/jpeg"}],"twitter_card":"summary_large_image","twitter_misc":{"Est. reading time":"2 minutes"},"schema":{"@context":"https:\/\/schema.org","@graph":[{"@type":"WebPage","@id":"https:\/\/animangeek.com\/as-desamparadas-de-megami-no-cafe-terrace-estao-de-volta\/","url":"https:\/\/animangeek.com\/as-desamparadas-de-megami-no-cafe-terrace-estao-de-volta\/","name":"As desamparadas de Megami no Caf\u00e9 Terrace est\u00e3o de volta - Animan Geek","isPartOf":{"@id":"https:\/\/animangeek.com\/#website"},"primaryImageOfPage":{"@id":"https:\/\/animangeek.com\/as-desamparadas-de-megami-no-cafe-terrace-estao-de-volta\/#primaryimage"},"image":{"@id":"https:\/\/animangeek.com\/as-desamparadas-de-megami-no-cafe-terrace-estao-de-volta\/#primaryimage"},"thumbnailUrl":"https:\/\/animangeek.com\/wp-content\/uploads\/sites\/106\/2024\/06\/1718119302_As-desamparadas-de-Megami-no-Cafe-Terrace-estao-de-volta.jpg","datePublished":"2024-06-11T15:21:41+00:00","dateModified":"2024-06-11T15:21:41+00:00","author":{"@id":""},"breadcrumb":{"@id":"https:\/\/animangeek.com\/as-desamparadas-de-megami-no-cafe-terrace-estao-de-volta\/#breadcrumb"},"inLanguage":"en-US","potentialAction":[{"@type":"ReadAction","target":["https:\/\/animangeek.com\/as-desamparadas-de-megami-no-cafe-terrace-estao-de-volta\/"]}]},{"@type":"ImageObject","inLanguage":"en-US","@id":"https:\/\/animangeek.com\/as-desamparadas-de-megami-no-cafe-terrace-estao-de-volta\/#primaryimage","url":"https:\/\/animangeek.com\/wp-content\/uploads\/sites\/106\/2024\/06\/1718119302_As-desamparadas-de-Megami-no-Cafe-Terrace-estao-de-volta.jpg","contentUrl":"https:\/\/animangeek.com\/wp-content\/uploads\/sites\/106\/2024\/06\/1718119302_As-desamparadas-de-Megami-no-Cafe-Terrace-estao-de-volta.jpg","width":1920,"height":1080},{"@type":"BreadcrumbList","@id":"https:\/\/animangeek.com\/as-desamparadas-de-megami-no-cafe-terrace-estao-de-volta\/#breadcrumb","itemListElement":[{"@type":"ListItem","position":1,"name":"Home","item":"https:\/\/animangeek.com\/"},{"@type":"ListItem","position":2,"name":"As desamparadas de Megami no Caf\u00e9 Terrace est\u00e3o de volta"}]},{"@type":"WebSite","@id":"https:\/\/animangeek.com\/#website","url":"https:\/\/animangeek.com\/","name":"Animan Geek","description":"","potentialAction":[{"@type":"SearchAction","target":{"@type":"EntryPoint","urlTemplate":"https:\/\/animangeek.com\/?s={search_term_string}"},"query-input":"required name=search_term_string"}],"inLanguage":"en-US"}]}},"_links":{"self":[{"href":"https:\/\/animangeek.com\/en\/wp-json\/wp\/v2\/posts\/13116"}],"collection":[{"href":"https:\/\/animangeek.com\/en\/wp-json\/wp\/v2\/posts"}],"about":[{"href":"https:\/\/animangeek.com\/en\/wp-json\/wp\/v2\/types\/post"}],"replies":[{"embeddable":true,"href":"https:\/\/animangeek.com\/en\/wp-json\/wp\/v2\/comments?post=13116"}],"version-history":[{"count":0,"href":"https:\/\/animangeek.com\/en\/wp-json\/wp\/v2\/posts\/13116\/revisions"}],"wp:featuredmedia":[{"embeddable":true,"href":"https:\/\/animangeek.com\/en\/wp-json\/wp\/v2\/media\/13118"}],"wp:attachment":[{"href":"https:\/\/animangeek.com\/en\/wp-json\/wp\/v2\/media?parent=13116"}],"wp:term":[{"taxonomy":"category","embeddable":true,"href":"https:\/\/animangeek.com\/en\/wp-json\/wp\/v2\/categories?post=13116"},{"taxonomy":"post_tag","embeddable":true,"href":"https:\/\/animangeek.com\/en\/wp-json\/wp\/v2\/tags?post=13116"}],"curies":[{"name":"wp","href":"https:\/\/api.w.org\/{rel}","templated":true}]}}