{"id":13172,"date":"2024-06-13T13:27:35","date_gmt":"2024-06-13T16:27:35","guid":{"rendered":"https:\/\/animangeek.com\/trem-para-o-fim-do-mundo-e-suspenso-por-problemas\/"},"modified":"2024-06-13T13:27:35","modified_gmt":"2024-06-13T16:27:35","slug":"trem-para-o-fim-do-mundo-e-suspenso-por-problemas","status":"publish","type":"post","link":"https:\/\/animangeek.com\/en\/trem-para-o-fim-do-mundo-e-suspenso-por-problemas\/","title":{"rendered":"Train to the End of the World Suspended Due to Problems"},"content":{"rendered":"<div class=\"mx-5 sm:mx-0 prose text-left mb-5\"><\/p>\n<div>\n<p>On the official website of the original anime by the director of \u201c<strong>Girls and Panzer<\/strong>\u201d and \u201c<strong>Shirobako<\/strong>\u201c,\u201c<strong>Train until the end of the world<\/strong> (<em>Shuumatsu trains Doko and Iku?<\/em>)\u201d, it was reported that the final episode will be delayed by a week due to production issues. <strong>Consequently, episode 12, which was scheduled to air on June 17, will now air until June 24.<\/strong><\/p>\n<p><strong>It is worth remembering that director Tsutomu Mizushima reported since the beginning of the broadcast, in April 2024, that the production had already been experiencing problems since then.<\/strong> According to the report, when the broadcast began they had not even produced the fourth episode, which already predicted future crises.<\/p>\n<div class=\"wp-block-image\">\n<figure class=\"aligncenter size-full\"><img loading=\"lazy\" decoding=\"async\" width=\"1879\" height=\"2560\" src=\"https:\/\/animangeek.com\/wp-content\/uploads\/2024\/06\/Trem-para-o-Fim-do-Mundo-e-suspenso-por-problemas.jpg\" alt=\"Treine at\u00e9 o fim do mundo\" class=\"wp-image-331340\"  \/><\/figure>\n<\/div>\n<p><strong>This project was announced in commemoration of the anniversary of \u201cRailway Day (\u9244\u9053\u306e\u65e5)\u201d, which commemorates the date in 1872 when Shimbashi was connected to Yokohama by rail. <\/strong>The Railway Festival aims to raise awareness of railway safety, but more broadly it functions as an event where adults and children can learn more about trains and the railway network.<\/p>\n<h3 class=\"wp-block-heading\"><strong>Production team<\/strong><\/h3>\n<ul>\n<li><strong>Tsutomu Mizushima<\/strong> (<em>Shirobako<\/em>, <em>Works of witchcraft<\/em>, <em>Girls and Panzer<\/em>) is in charge of directing the anime at the studios <strong>EMT squared<\/strong>.<\/li>\n<li><strong>Michiko Yokote<\/strong> (<em>naruto<\/em>, <em>Bleach<\/em>, <em>Cowboy Bebop<\/em>) is responsible for writing and supervising the scripts.<\/li>\n<li><strong>Asako Nishida<\/strong> (<em>Houseki no Kuni<\/em>, <em>Love to live!<\/em>, <em>Denpa Onna for Seishun Otoko<\/em>) is responsible for character design and animation direction.<\/li>\n<li><strong>Miho Tsujibayashi<\/strong> (<em>Isekai Shokudou<\/em>, <em>Machikado Mazoku<\/em>) is responsible for composing the soundtrack.<\/li>\n<\/ul>\n<p><iframe loading=\"lazy\" title=\"\u30aa\u30ea\u30b8\u30ca\u30ebTV\u30a2\u30cb\u30e1\u30fc\u30b7\u30e7\u30f3\u300e\u7d42\u672b\u30c8\u30ec\u30a4\u30f3\u3069\u3053\u3078\u3044\u304f\uff1f\u300fPV\u7b2c\uff13\u5f3e\u30102024\u5e744\u67081\u65e5\u653e\u9001\u958b\u59cb\uff01\u3011\" width=\"500\" height=\"281\" src=\"https:\/\/www.youtube.com\/embed\/WP1HMeFxJoM?feature=oembed\" frameborder=\"0\" allow=\"accelerometer; autoplay; clipboard-write; encrypted-media; gyroscope; picture-in-picture; web-share\" referrerpolicy=\"strict-origin-when-cross-origin\" allowfullscreen><\/iframe><\/p>\n<h3 class=\"wp-block-heading\"><strong>Synopsis of Train to the End of the World<\/strong><\/h3>\n<p><em>A certain town on the outskirts. This was no ordinary country town. The residents were experiencing a strange phenomenon. But even so, Shizuru Chikura felt a strong desire. He wanted to see his missing friends again. Shizuru and his friends venture into the outside world, taking an abandoned and stopped train, not knowing if they will make it back alive. What awaits them at the last stop of this moving doomsday train?<\/em><\/p>\n<p>Source: <strong><a rel=\"nofollow noopener\" target=\"_blank\" href=\"https:\/\/x.com\/shumatsu_train\/status\/1801177817998356980\">Official Twitter Account<\/a><\/strong><\/p>\n<p>\u00a9\u5e73\u5742\u8aad\uff0f\u5c0f\u5b66\u9928\uff0f\u300c\u5909\u4eba\u306e\u30b5\u30e9\u30c0\u30dc\u30a6\u30eb\u300d\u88fd\u4f5c\u59d4\u54e1\u4f1a<\/p>\n<\/div>\n<p><\/div>","protected":false},"excerpt":{"rendered":"<p>On the official website for the original anime by the director of \u201cGirls and Panzer\u201d and \u201cShirobako,\u201d \u201cTrain to the End of the World (Shuumatsu Trains Doko and Iku?),\u201d it was reported that the final episode will be delayed by a week due to production issues. Consequently, episode 12, which was scheduled to air on June 17, will now air\u2026 <a class=\"more-link\" href=\"https:\/\/animangeek.com\/en\/trem-para-o-fim-do-mundo-e-suspenso-por-problemas\/\">Continue reading <span class=\"screen-reader-text\">Train to the End of the World Suspended Due to Problems<\/span><\/a><\/p>","protected":false},"author":0,"featured_media":13174,"comment_status":"open","ping_status":"open","sticky":false,"template":"","format":"standard","meta":{"footnotes":""},"categories":[3],"tags":[489,1452,1631],"yoast_head":"<!-- This site is optimized with the Yoast SEO plugin v23.3 - https:\/\/yoast.com\/wordpress\/plugins\/seo\/ -->\n<title>Trem para o Fim do Mundo \u00e9 suspenso por problemas - Animan Geek<\/title>\n<meta name=\"robots\" content=\"index, follow, max-snippet:-1, max-image-preview:large, max-video-preview:-1\" \/>\n<link rel=\"canonical\" href=\"https:\/\/animangeek.com\/en\/trem-para-o-fim-do-mundo-e-suspenso-por-problemas\/\" \/>\n<meta property=\"og:locale\" content=\"en_US\" \/>\n<meta property=\"og:type\" content=\"article\" \/>\n<meta property=\"og:title\" content=\"Trem para o Fim do Mundo \u00e9 suspenso por problemas - Animan Geek\" \/>\n<meta property=\"og:description\" content=\"No site oficial do anime original do diretor de \u201cMeninas e Panzer&#8221; e &#8220;Shirobako\u201c,\u201cTreine at\u00e9 o fim do mundo (Shuumatsu treina Doko e Iku?)\u201d, foi relatado que o epis\u00f3dio final ser\u00e1 adiado por uma semana devido a problemas de produ\u00e7\u00e3o. Consequentemente, o epis\u00f3dio 12, que seria transmitido no dia 17 de junho, agora ser\u00e1 transmitido&hellip; Continue reading Trem para o Fim do Mundo \u00e9 suspenso por problemas\" \/>\n<meta property=\"og:url\" content=\"https:\/\/animangeek.com\/en\/trem-para-o-fim-do-mundo-e-suspenso-por-problemas\/\" \/>\n<meta property=\"og:site_name\" content=\"Animan Geek\" \/>\n<meta property=\"article:published_time\" content=\"2024-06-13T16:27:35+00:00\" \/>\n<meta property=\"og:image\" content=\"https:\/\/animangeek.com\/wp-content\/uploads\/sites\/106\/2024\/06\/1718296056_Trem-para-o-Fim-do-Mundo-e-suspenso-por-problemas.jpg\" \/>\n\t<meta property=\"og:image:width\" content=\"1920\" \/>\n\t<meta property=\"og:image:height\" content=\"1080\" \/>\n\t<meta property=\"og:image:type\" content=\"image\/jpeg\" \/>\n<meta name=\"twitter:card\" content=\"summary_large_image\" \/>\n<meta name=\"twitter:label1\" content=\"Est. reading time\" \/>\n\t<meta name=\"twitter:data1\" content=\"2 minutes\" \/>\n<script type=\"application\/ld+json\" class=\"yoast-schema-graph\">{\"@context\":\"https:\/\/schema.org\",\"@graph\":[{\"@type\":\"WebPage\",\"@id\":\"https:\/\/animangeek.com\/trem-para-o-fim-do-mundo-e-suspenso-por-problemas\/\",\"url\":\"https:\/\/animangeek.com\/trem-para-o-fim-do-mundo-e-suspenso-por-problemas\/\",\"name\":\"Trem para o Fim do Mundo \u00e9 suspenso por problemas - Animan Geek\",\"isPartOf\":{\"@id\":\"https:\/\/animangeek.com\/#website\"},\"primaryImageOfPage\":{\"@id\":\"https:\/\/animangeek.com\/trem-para-o-fim-do-mundo-e-suspenso-por-problemas\/#primaryimage\"},\"image\":{\"@id\":\"https:\/\/animangeek.com\/trem-para-o-fim-do-mundo-e-suspenso-por-problemas\/#primaryimage\"},\"thumbnailUrl\":\"https:\/\/animangeek.com\/wp-content\/uploads\/sites\/106\/2024\/06\/1718296056_Trem-para-o-Fim-do-Mundo-e-suspenso-por-problemas.jpg\",\"datePublished\":\"2024-06-13T16:27:35+00:00\",\"dateModified\":\"2024-06-13T16:27:35+00:00\",\"author\":{\"@id\":\"\"},\"breadcrumb\":{\"@id\":\"https:\/\/animangeek.com\/trem-para-o-fim-do-mundo-e-suspenso-por-problemas\/#breadcrumb\"},\"inLanguage\":\"en-US\",\"potentialAction\":[{\"@type\":\"ReadAction\",\"target\":[\"https:\/\/animangeek.com\/trem-para-o-fim-do-mundo-e-suspenso-por-problemas\/\"]}]},{\"@type\":\"ImageObject\",\"inLanguage\":\"en-US\",\"@id\":\"https:\/\/animangeek.com\/trem-para-o-fim-do-mundo-e-suspenso-por-problemas\/#primaryimage\",\"url\":\"https:\/\/animangeek.com\/wp-content\/uploads\/sites\/106\/2024\/06\/1718296056_Trem-para-o-Fim-do-Mundo-e-suspenso-por-problemas.jpg\",\"contentUrl\":\"https:\/\/animangeek.com\/wp-content\/uploads\/sites\/106\/2024\/06\/1718296056_Trem-para-o-Fim-do-Mundo-e-suspenso-por-problemas.jpg\",\"width\":1920,\"height\":1080},{\"@type\":\"BreadcrumbList\",\"@id\":\"https:\/\/animangeek.com\/trem-para-o-fim-do-mundo-e-suspenso-por-problemas\/#breadcrumb\",\"itemListElement\":[{\"@type\":\"ListItem\",\"position\":1,\"name\":\"Home\",\"item\":\"https:\/\/animangeek.com\/\"},{\"@type\":\"ListItem\",\"position\":2,\"name\":\"Trem para o Fim do Mundo \u00e9 suspenso por problemas\"}]},{\"@type\":\"WebSite\",\"@id\":\"https:\/\/animangeek.com\/#website\",\"url\":\"https:\/\/animangeek.com\/\",\"name\":\"Animan Geek\",\"description\":\"\",\"potentialAction\":[{\"@type\":\"SearchAction\",\"target\":{\"@type\":\"EntryPoint\",\"urlTemplate\":\"https:\/\/animangeek.com\/?s={search_term_string}\"},\"query-input\":\"required name=search_term_string\"}],\"inLanguage\":\"en-US\"}]}<\/script>\n<!-- \/ Yoast SEO plugin. -->","yoast_head_json":{"title":"Trem para o Fim do Mundo \u00e9 suspenso por problemas - Animan Geek","robots":{"index":"index","follow":"follow","max-snippet":"max-snippet:-1","max-image-preview":"max-image-preview:large","max-video-preview":"max-video-preview:-1"},"canonical":"https:\/\/animangeek.com\/en\/trem-para-o-fim-do-mundo-e-suspenso-por-problemas\/","og_locale":"en_US","og_type":"article","og_title":"Trem para o Fim do Mundo \u00e9 suspenso por problemas - Animan Geek","og_description":"No site oficial do anime original do diretor de \u201cMeninas e Panzer&#8221; e &#8220;Shirobako\u201c,\u201cTreine at\u00e9 o fim do mundo (Shuumatsu treina Doko e Iku?)\u201d, foi relatado que o epis\u00f3dio final ser\u00e1 adiado por uma semana devido a problemas de produ\u00e7\u00e3o. Consequentemente, o epis\u00f3dio 12, que seria transmitido no dia 17 de junho, agora ser\u00e1 transmitido&hellip; Continue reading Trem para o Fim do Mundo \u00e9 suspenso por problemas","og_url":"https:\/\/animangeek.com\/en\/trem-para-o-fim-do-mundo-e-suspenso-por-problemas\/","og_site_name":"Animan Geek","article_published_time":"2024-06-13T16:27:35+00:00","og_image":[{"width":1920,"height":1080,"url":"https:\/\/animangeek.com\/wp-content\/uploads\/sites\/106\/2024\/06\/1718296056_Trem-para-o-Fim-do-Mundo-e-suspenso-por-problemas.jpg","type":"image\/jpeg"}],"twitter_card":"summary_large_image","twitter_misc":{"Est. reading time":"2 minutes"},"schema":{"@context":"https:\/\/schema.org","@graph":[{"@type":"WebPage","@id":"https:\/\/animangeek.com\/trem-para-o-fim-do-mundo-e-suspenso-por-problemas\/","url":"https:\/\/animangeek.com\/trem-para-o-fim-do-mundo-e-suspenso-por-problemas\/","name":"Trem para o Fim do Mundo \u00e9 suspenso por problemas - Animan Geek","isPartOf":{"@id":"https:\/\/animangeek.com\/#website"},"primaryImageOfPage":{"@id":"https:\/\/animangeek.com\/trem-para-o-fim-do-mundo-e-suspenso-por-problemas\/#primaryimage"},"image":{"@id":"https:\/\/animangeek.com\/trem-para-o-fim-do-mundo-e-suspenso-por-problemas\/#primaryimage"},"thumbnailUrl":"https:\/\/animangeek.com\/wp-content\/uploads\/sites\/106\/2024\/06\/1718296056_Trem-para-o-Fim-do-Mundo-e-suspenso-por-problemas.jpg","datePublished":"2024-06-13T16:27:35+00:00","dateModified":"2024-06-13T16:27:35+00:00","author":{"@id":""},"breadcrumb":{"@id":"https:\/\/animangeek.com\/trem-para-o-fim-do-mundo-e-suspenso-por-problemas\/#breadcrumb"},"inLanguage":"en-US","potentialAction":[{"@type":"ReadAction","target":["https:\/\/animangeek.com\/trem-para-o-fim-do-mundo-e-suspenso-por-problemas\/"]}]},{"@type":"ImageObject","inLanguage":"en-US","@id":"https:\/\/animangeek.com\/trem-para-o-fim-do-mundo-e-suspenso-por-problemas\/#primaryimage","url":"https:\/\/animangeek.com\/wp-content\/uploads\/sites\/106\/2024\/06\/1718296056_Trem-para-o-Fim-do-Mundo-e-suspenso-por-problemas.jpg","contentUrl":"https:\/\/animangeek.com\/wp-content\/uploads\/sites\/106\/2024\/06\/1718296056_Trem-para-o-Fim-do-Mundo-e-suspenso-por-problemas.jpg","width":1920,"height":1080},{"@type":"BreadcrumbList","@id":"https:\/\/animangeek.com\/trem-para-o-fim-do-mundo-e-suspenso-por-problemas\/#breadcrumb","itemListElement":[{"@type":"ListItem","position":1,"name":"Home","item":"https:\/\/animangeek.com\/"},{"@type":"ListItem","position":2,"name":"Trem para o Fim do Mundo \u00e9 suspenso por problemas"}]},{"@type":"WebSite","@id":"https:\/\/animangeek.com\/#website","url":"https:\/\/animangeek.com\/","name":"Animan Geek","description":"","potentialAction":[{"@type":"SearchAction","target":{"@type":"EntryPoint","urlTemplate":"https:\/\/animangeek.com\/?s={search_term_string}"},"query-input":"required name=search_term_string"}],"inLanguage":"en-US"}]}},"_links":{"self":[{"href":"https:\/\/animangeek.com\/en\/wp-json\/wp\/v2\/posts\/13172"}],"collection":[{"href":"https:\/\/animangeek.com\/en\/wp-json\/wp\/v2\/posts"}],"about":[{"href":"https:\/\/animangeek.com\/en\/wp-json\/wp\/v2\/types\/post"}],"replies":[{"embeddable":true,"href":"https:\/\/animangeek.com\/en\/wp-json\/wp\/v2\/comments?post=13172"}],"version-history":[{"count":0,"href":"https:\/\/animangeek.com\/en\/wp-json\/wp\/v2\/posts\/13172\/revisions"}],"wp:featuredmedia":[{"embeddable":true,"href":"https:\/\/animangeek.com\/en\/wp-json\/wp\/v2\/media\/13174"}],"wp:attachment":[{"href":"https:\/\/animangeek.com\/en\/wp-json\/wp\/v2\/media?parent=13172"}],"wp:term":[{"taxonomy":"category","embeddable":true,"href":"https:\/\/animangeek.com\/en\/wp-json\/wp\/v2\/categories?post=13172"},{"taxonomy":"post_tag","embeddable":true,"href":"https:\/\/animangeek.com\/en\/wp-json\/wp\/v2\/tags?post=13172"}],"curies":[{"name":"wp","href":"https:\/\/api.w.org\/{rel}","templated":true}]}}